{"id":987509102,"date":"2025-06-17T13:09:45","date_gmt":"2025-06-17T13:09:45","guid":{"rendered":"https:\/\/gregorydamy.niceavocats.fr\/violences-sexuelles-et-immunite-de-la-defense\/"},"modified":"2025-06-17T13:16:52","modified_gmt":"2025-06-17T13:16:52","slug":"violenza-sessuale-e-immunita-di-difesa","status":"publish","type":"post","link":"https:\/\/gregorydamy.niceavocats.fr\/it\/violenza-sessuale-e-immunita-di-difesa\/","title":{"rendered":"Violenza sessuale e immunit\u00e0 di difesa"},"content":{"rendered":"<p>Il 13 maggio 2025, il Tribunale giudiziario di Parigi ha condannato un noto attore a 18 mesi di reclusione con sospensione della pena per <strong>molteplici aggressioni sessuali commesse con sorpresa<\/strong>.<\/p>\n<p>Il Tribunale si \u00e8 basato sull\u2019articolo 222-22 del Codice penale francese, che al primo comma dispone:<\/p>\n<p>\u201cCostituisce aggressione sessuale qualsiasi atto sessuale commesso con violenza, costrizione, minaccia o sorpresa o, nei casi previsti dalla legge, commesso su un minore da parte di un adulto\u2026\u201d<\/p>\n<p>All\u2019attore era stato contestato di aver toccato pi\u00f9 volte i glutei, il seno e i genitali di due donne, sopra i loro vestiti, nel 2021.<\/p>\n<p><strong>Il riconoscimento della parola delle vittime di reati sessuali<\/strong><\/p>\n<p>In assenza di prove materiali dirette, il Tribunale ha ritenuto sufficiente un insieme di indizi concordanti, tra cui:<\/p>\n<ul>\n<li>dichiarazioni <strong>coerenti e costanti<\/strong> delle vittime,<\/li>\n<li>testimonianze di parenti o amici contattati subito dopo i fatti,<\/li>\n<li>una <strong>perizia medica<\/strong> che attestava un&#8217;<strong>inabilit\u00e0 temporanea al lavoro<\/strong> compatibile con uno stato di stress post-traumatico.<\/li>\n<\/ul>\n<p>Inoltre, la linea difensiva dell\u2019imputato \u00e8 stata <strong>indebolita dalle sue stesse contraddizioni<\/strong>.<\/p>\n<p>Questa valutazione della prova, centrata sulla parola della vittima, rappresenta un\u2019evoluzione significativa.<\/p>\n<p><strong>Una pena individualizzata ma criticata<\/strong><\/p>\n<p>La pena inflitta \u2014 18 mesi con la condizionale \u2014 pu\u00f2 sembrare mite rispetto al massimo previsto dall\u2019articolo 222-27 del Codice penale, che prevede fino a <strong>cinque anni di reclusione<\/strong> e <strong>75.000 euro di multa<\/strong>.<\/p>\n<p>Nel rispetto del principio di <strong>individualizzazione della pena<\/strong>, i giudici hanno tenuto conto di elementi favorevoli all\u2019imputato, come l\u2019<strong>assenza di precedenti penali<\/strong>, l\u2019<strong>et\u00e0 avanzata<\/strong> e il suo <strong>stato di salute<\/strong>.<\/p>\n<p>Il Tribunale ha inoltre disposto la <strong>privazione del diritto di eleggibilit\u00e0<\/strong> come pena accessoria.<\/p>\n<p><strong>La libert\u00e0 d\u2019espressione dell\u2019avvocato minacciata dalla vittimizzazione secondaria<\/strong><\/p>\n<p>La <strong>vittimizzazione secondaria<\/strong> indica il danno subito dalle vittime di violenza sessuale a causa del trattamento riservato loro dal sistema giudiziario.<\/p>\n<p>Nel caso in questione, il tribunale ha condannato l\u2019attore a versare <strong>1.000 euro a ciascuna querelante<\/strong>, per tale danno, in seguito a <strong>dichiarazioni ritenute offensive<\/strong> pronunciate dal suo avvocato durante l\u2019udienza.<\/p>\n<p>Una tale decisione \u00e8 discutibile. L\u2019articolo 41, comma 4, della legge del 29 luglio 1881, garantisce all\u2019avvocato l\u2019immunit\u00e0 per quanto detto in aula:<\/p>\n<p>\u201cNon daranno luogo ad alcuna azione per diffamazione, ingiuria o oltraggio n\u00e9 il resoconto fedele fatto in buona fede dei dibattimenti giudiziari, n\u00e9 i discorsi pronunciati o gli scritti prodotti davanti ai tribunali.\u201d<\/p>\n<p>Pertanto, sanzionare il <strong>cliente<\/strong> per le dichiarazioni <strong>del suo avvocato<\/strong>, parte della strategia difensiva, solleva una questione seria in merito ai <strong>diritti della difesa<\/strong>.<\/p>\n<p>Se \u00e8 necessario sanzionare eventuali abusi della libert\u00e0 d\u2019espressione dell\u2019avvocato, ci\u00f2 dovrebbe avvenire tramite <strong>una procedura disciplinare<\/strong> o <strong>una responsabilit\u00e0 civile personale<\/strong>, <strong>non<\/strong> tramite una <strong>sanzione pecuniaria al cliente<\/strong>.<\/p>\n<p><strong>Un caso che riflette tensioni sistemiche<\/strong><\/p>\n<p>Questo procedimento evidenzia le <strong>tensioni persistenti tra la protezione delle vittime<\/strong> e il <strong>rispetto dei diritti fondamentali della difesa<\/strong>, in un contesto fortemente mediatico.<\/p>\n<p>L\u2019equilibrio del sistema giudiziario si rivela fragile quando si tratta di violenze sessuali molto esposte, dove la parola delle vittime e i diritti degli imputati entrano in rotta di collisione.<\/p>\n<p>Poich\u00e9 l\u2019imputato ha <strong>presentato appello<\/strong>, la causa non \u00e8 ancora definitiva<\/p>\n<p><img decoding=\"async\" class=\"alignnone size-medium wp-image-987509096\" src=\"https:\/\/gregorydamy.niceavocats.fr\/wp-content\/uploads\/2025\/06\/image001-209x300.jpg\" alt=\"\" width=\"209\" height=\"300\" \/><\/p>\n<p>&nbsp;<\/p>\n","protected":false},"excerpt":{"rendered":"<p>Il 13 maggio 2025, la Corte d&#8217;Assise di Parigi ha condannato G\u00e9rard DEPARDIEU, un famoso attore, a 18 mesi di reclusione con la condizionale per molteplici aggressioni sessuali commesse con sorpresa.<\/p>\n","protected":false},"author":1,"featured_media":0,"comment_status":"closed","ping_status":"open","sticky":false,"template":"","format":"standard","meta":{"_et_pb_use_builder":"","_et_pb_old_content":"","_et_gb_content_width":"","footnotes":""},"categories":[],"tags":[],"class_list":["post-987509102","post","type-post","status-publish","format-standard","hentry"],"yoast_head":"<!-- This site is optimized with the Yoast SEO plugin v26.8 - https:\/\/yoast.com\/product\/yoast-seo-wordpress\/ -->\n<title>Violenza sessuale e immunit\u00e0 di difesa - Soci\u00e9t\u00e9 d&#039;avocats Damy<\/title>\n<meta name=\"description\" content=\"Riconoscimento delle parole delle vittime di reati sessuali in assenza di prove materiali dirette. Violenza sessuale\" \/>\n<meta name=\"robots\" content=\"index, follow, max-snippet:-1, max-image-preview:large, max-video-preview:-1\" \/>\n<link rel=\"canonical\" href=\"https:\/\/gregorydamy.niceavocats.fr\/it\/violenza-sessuale-e-immunita-di-difesa\/\" \/>\n<meta property=\"og:locale\" content=\"it_IT\" \/>\n<meta property=\"og:type\" content=\"article\" \/>\n<meta property=\"og:title\" content=\"Violenza sessuale e immunit\u00e0 di difesa - Soci\u00e9t\u00e9 d&#039;avocats Damy\" \/>\n<meta property=\"og:description\" content=\"Riconoscimento delle parole delle vittime di reati sessuali in assenza di prove materiali dirette. Violenza sessuale\" \/>\n<meta property=\"og:url\" content=\"https:\/\/gregorydamy.niceavocats.fr\/it\/violenza-sessuale-e-immunita-di-difesa\/\" \/>\n<meta property=\"og:site_name\" content=\"Soci\u00e9t\u00e9 d&#039;avocats Damy\" \/>\n<meta property=\"article:publisher\" content=\"https:\/\/www.facebook.com\/niceavocats.fr\/\" \/>\n<meta property=\"article:published_time\" content=\"2025-06-17T13:09:45+00:00\" \/>\n<meta property=\"article:modified_time\" content=\"2025-06-17T13:16:52+00:00\" \/>\n<meta property=\"og:image\" content=\"https:\/\/gregorydamy.niceavocats.fr\/wp-content\/uploads\/2025\/06\/image001.jpg\" \/>\n\t<meta property=\"og:image:width\" content=\"747\" \/>\n\t<meta property=\"og:image:height\" content=\"1070\" \/>\n\t<meta property=\"og:image:type\" content=\"image\/jpeg\" \/>\n<meta name=\"author\" content=\"admin\" \/>\n<meta name=\"twitter:card\" content=\"summary_large_image\" \/>\n<meta name=\"twitter:label1\" content=\"Scritto da\" \/>\n\t<meta name=\"twitter:data1\" content=\"admin\" \/>\n\t<meta name=\"twitter:label2\" content=\"Tempo di lettura stimato\" \/>\n\t<meta name=\"twitter:data2\" content=\"3 minuti\" \/>\n<script type=\"application\/ld+json\" class=\"yoast-schema-graph\">{\"@context\":\"https:\/\/schema.org\",\"@graph\":[{\"@type\":\"Article\",\"@id\":\"https:\/\/gregorydamy.niceavocats.fr\/it\/violenza-sessuale-e-immunita-di-difesa\/#article\",\"isPartOf\":{\"@id\":\"https:\/\/gregorydamy.niceavocats.fr\/it\/violenza-sessuale-e-immunita-di-difesa\/\"},\"author\":{\"name\":\"admin\",\"@id\":\"https:\/\/gregorydamy.niceavocats.fr\/it\/#\/schema\/person\/64c9f9acb07431f6b55f72278b4a5d57\"},\"headline\":\"Violenza sessuale e immunit\u00e0 di difesa\",\"datePublished\":\"2025-06-17T13:09:45+00:00\",\"dateModified\":\"2025-06-17T13:16:52+00:00\",\"mainEntityOfPage\":{\"@id\":\"https:\/\/gregorydamy.niceavocats.fr\/it\/violenza-sessuale-e-immunita-di-difesa\/\"},\"wordCount\":515,\"publisher\":{\"@id\":\"https:\/\/gregorydamy.niceavocats.fr\/it\/#organization\"},\"image\":{\"@id\":\"https:\/\/gregorydamy.niceavocats.fr\/it\/violenza-sessuale-e-immunita-di-difesa\/#primaryimage\"},\"thumbnailUrl\":\"https:\/\/gregorydamy.niceavocats.fr\/wp-content\/uploads\/2025\/06\/image001-209x300.jpg\",\"inLanguage\":\"it-IT\"},{\"@type\":\"WebPage\",\"@id\":\"https:\/\/gregorydamy.niceavocats.fr\/it\/violenza-sessuale-e-immunita-di-difesa\/\",\"url\":\"https:\/\/gregorydamy.niceavocats.fr\/it\/violenza-sessuale-e-immunita-di-difesa\/\",\"name\":\"Violenza sessuale e immunit\u00e0 di difesa - Soci\u00e9t\u00e9 d&#039;avocats Damy\",\"isPartOf\":{\"@id\":\"https:\/\/gregorydamy.niceavocats.fr\/it\/#website\"},\"primaryImageOfPage\":{\"@id\":\"https:\/\/gregorydamy.niceavocats.fr\/it\/violenza-sessuale-e-immunita-di-difesa\/#primaryimage\"},\"image\":{\"@id\":\"https:\/\/gregorydamy.niceavocats.fr\/it\/violenza-sessuale-e-immunita-di-difesa\/#primaryimage\"},\"thumbnailUrl\":\"https:\/\/gregorydamy.niceavocats.fr\/wp-content\/uploads\/2025\/06\/image001-209x300.jpg\",\"datePublished\":\"2025-06-17T13:09:45+00:00\",\"dateModified\":\"2025-06-17T13:16:52+00:00\",\"description\":\"Riconoscimento delle parole delle vittime di reati sessuali in assenza di prove materiali dirette. Violenza sessuale\",\"breadcrumb\":{\"@id\":\"https:\/\/gregorydamy.niceavocats.fr\/it\/violenza-sessuale-e-immunita-di-difesa\/#breadcrumb\"},\"inLanguage\":\"it-IT\",\"potentialAction\":[{\"@type\":\"ReadAction\",\"target\":[\"https:\/\/gregorydamy.niceavocats.fr\/it\/violenza-sessuale-e-immunita-di-difesa\/\"]}]},{\"@type\":\"ImageObject\",\"inLanguage\":\"it-IT\",\"@id\":\"https:\/\/gregorydamy.niceavocats.fr\/it\/violenza-sessuale-e-immunita-di-difesa\/#primaryimage\",\"url\":\"https:\/\/gregorydamy.niceavocats.fr\/wp-content\/uploads\/2025\/06\/image001-209x300.jpg\",\"contentUrl\":\"https:\/\/gregorydamy.niceavocats.fr\/wp-content\/uploads\/2025\/06\/image001-209x300.jpg\"},{\"@type\":\"BreadcrumbList\",\"@id\":\"https:\/\/gregorydamy.niceavocats.fr\/it\/violenza-sessuale-e-immunita-di-difesa\/#breadcrumb\",\"itemListElement\":[{\"@type\":\"ListItem\",\"position\":1,\"name\":\"Accueil\",\"item\":\"https:\/\/gregorydamy.niceavocats.fr\/it\/\"},{\"@type\":\"ListItem\",\"position\":2,\"name\":\"Violenza sessuale e immunit\u00e0 di difesa\"}]},{\"@type\":\"WebSite\",\"@id\":\"https:\/\/gregorydamy.niceavocats.fr\/it\/#website\",\"url\":\"https:\/\/gregorydamy.niceavocats.fr\/it\/\",\"name\":\"Soci\u00e9t\u00e9 d&#039;avocats Damy\",\"description\":\"Justice - Confiance - Efficacit\u00e9\",\"publisher\":{\"@id\":\"https:\/\/gregorydamy.niceavocats.fr\/it\/#organization\"},\"potentialAction\":[{\"@type\":\"SearchAction\",\"target\":{\"@type\":\"EntryPoint\",\"urlTemplate\":\"https:\/\/gregorydamy.niceavocats.fr\/it\/?s={search_term_string}\"},\"query-input\":{\"@type\":\"PropertyValueSpecification\",\"valueRequired\":true,\"valueName\":\"search_term_string\"}}],\"inLanguage\":\"it-IT\"},{\"@type\":\"Organization\",\"@id\":\"https:\/\/gregorydamy.niceavocats.fr\/it\/#organization\",\"name\":\"Soci\u00e9t\u00e9 d'Avocats DAMY\",\"alternateName\":\"Gr\u00e9gory DAMY\",\"url\":\"https:\/\/gregorydamy.niceavocats.fr\/it\/\",\"logo\":{\"@type\":\"ImageObject\",\"inLanguage\":\"it-IT\",\"@id\":\"https:\/\/gregorydamy.niceavocats.fr\/it\/#\/schema\/logo\/image\/\",\"url\":\"https:\/\/gregorydamy.niceavocats.fr\/wp-content\/uploads\/2023\/04\/damylogo-1.png\",\"contentUrl\":\"https:\/\/gregorydamy.niceavocats.fr\/wp-content\/uploads\/2023\/04\/damylogo-1.png\",\"width\":1890,\"height\":1417,\"caption\":\"Soci\u00e9t\u00e9 d'Avocats DAMY\"},\"image\":{\"@id\":\"https:\/\/gregorydamy.niceavocats.fr\/it\/#\/schema\/logo\/image\/\"},\"sameAs\":[\"https:\/\/www.facebook.com\/niceavocats.fr\/\"]},{\"@type\":\"Person\",\"@id\":\"https:\/\/gregorydamy.niceavocats.fr\/it\/#\/schema\/person\/64c9f9acb07431f6b55f72278b4a5d57\",\"name\":\"admin\",\"sameAs\":[\"https:\/\/gregorydamy.niceavocats.fr\"],\"url\":\"https:\/\/gregorydamy.niceavocats.fr\/it\/author\/admin_34\/\"}]}<\/script>\n<!-- \/ Yoast SEO plugin. -->","yoast_head_json":{"title":"Violenza sessuale e immunit\u00e0 di difesa - Soci\u00e9t\u00e9 d&#039;avocats Damy","description":"Riconoscimento delle parole delle vittime di reati sessuali in assenza di prove materiali dirette. Violenza sessuale","robots":{"index":"index","follow":"follow","max-snippet":"max-snippet:-1","max-image-preview":"max-image-preview:large","max-video-preview":"max-video-preview:-1"},"canonical":"https:\/\/gregorydamy.niceavocats.fr\/it\/violenza-sessuale-e-immunita-di-difesa\/","og_locale":"it_IT","og_type":"article","og_title":"Violenza sessuale e immunit\u00e0 di difesa - Soci\u00e9t\u00e9 d&#039;avocats Damy","og_description":"Riconoscimento delle parole delle vittime di reati sessuali in assenza di prove materiali dirette. Violenza sessuale","og_url":"https:\/\/gregorydamy.niceavocats.fr\/it\/violenza-sessuale-e-immunita-di-difesa\/","og_site_name":"Soci\u00e9t\u00e9 d&#039;avocats Damy","article_publisher":"https:\/\/www.facebook.com\/niceavocats.fr\/","article_published_time":"2025-06-17T13:09:45+00:00","article_modified_time":"2025-06-17T13:16:52+00:00","og_image":[{"width":747,"height":1070,"url":"https:\/\/gregorydamy.niceavocats.fr\/wp-content\/uploads\/2025\/06\/image001.jpg","type":"image\/jpeg"}],"author":"admin","twitter_card":"summary_large_image","twitter_misc":{"Scritto da":"admin","Tempo di lettura stimato":"3 minuti"},"schema":{"@context":"https:\/\/schema.org","@graph":[{"@type":"Article","@id":"https:\/\/gregorydamy.niceavocats.fr\/it\/violenza-sessuale-e-immunita-di-difesa\/#article","isPartOf":{"@id":"https:\/\/gregorydamy.niceavocats.fr\/it\/violenza-sessuale-e-immunita-di-difesa\/"},"author":{"name":"admin","@id":"https:\/\/gregorydamy.niceavocats.fr\/it\/#\/schema\/person\/64c9f9acb07431f6b55f72278b4a5d57"},"headline":"Violenza sessuale e immunit\u00e0 di difesa","datePublished":"2025-06-17T13:09:45+00:00","dateModified":"2025-06-17T13:16:52+00:00","mainEntityOfPage":{"@id":"https:\/\/gregorydamy.niceavocats.fr\/it\/violenza-sessuale-e-immunita-di-difesa\/"},"wordCount":515,"publisher":{"@id":"https:\/\/gregorydamy.niceavocats.fr\/it\/#organization"},"image":{"@id":"https:\/\/gregorydamy.niceavocats.fr\/it\/violenza-sessuale-e-immunita-di-difesa\/#primaryimage"},"thumbnailUrl":"https:\/\/gregorydamy.niceavocats.fr\/wp-content\/uploads\/2025\/06\/image001-209x300.jpg","inLanguage":"it-IT"},{"@type":"WebPage","@id":"https:\/\/gregorydamy.niceavocats.fr\/it\/violenza-sessuale-e-immunita-di-difesa\/","url":"https:\/\/gregorydamy.niceavocats.fr\/it\/violenza-sessuale-e-immunita-di-difesa\/","name":"Violenza sessuale e immunit\u00e0 di difesa - Soci\u00e9t\u00e9 d&#039;avocats Damy","isPartOf":{"@id":"https:\/\/gregorydamy.niceavocats.fr\/it\/#website"},"primaryImageOfPage":{"@id":"https:\/\/gregorydamy.niceavocats.fr\/it\/violenza-sessuale-e-immunita-di-difesa\/#primaryimage"},"image":{"@id":"https:\/\/gregorydamy.niceavocats.fr\/it\/violenza-sessuale-e-immunita-di-difesa\/#primaryimage"},"thumbnailUrl":"https:\/\/gregorydamy.niceavocats.fr\/wp-content\/uploads\/2025\/06\/image001-209x300.jpg","datePublished":"2025-06-17T13:09:45+00:00","dateModified":"2025-06-17T13:16:52+00:00","description":"Riconoscimento delle parole delle vittime di reati sessuali in assenza di prove materiali dirette. Violenza sessuale","breadcrumb":{"@id":"https:\/\/gregorydamy.niceavocats.fr\/it\/violenza-sessuale-e-immunita-di-difesa\/#breadcrumb"},"inLanguage":"it-IT","potentialAction":[{"@type":"ReadAction","target":["https:\/\/gregorydamy.niceavocats.fr\/it\/violenza-sessuale-e-immunita-di-difesa\/"]}]},{"@type":"ImageObject","inLanguage":"it-IT","@id":"https:\/\/gregorydamy.niceavocats.fr\/it\/violenza-sessuale-e-immunita-di-difesa\/#primaryimage","url":"https:\/\/gregorydamy.niceavocats.fr\/wp-content\/uploads\/2025\/06\/image001-209x300.jpg","contentUrl":"https:\/\/gregorydamy.niceavocats.fr\/wp-content\/uploads\/2025\/06\/image001-209x300.jpg"},{"@type":"BreadcrumbList","@id":"https:\/\/gregorydamy.niceavocats.fr\/it\/violenza-sessuale-e-immunita-di-difesa\/#breadcrumb","itemListElement":[{"@type":"ListItem","position":1,"name":"Accueil","item":"https:\/\/gregorydamy.niceavocats.fr\/it\/"},{"@type":"ListItem","position":2,"name":"Violenza sessuale e immunit\u00e0 di difesa"}]},{"@type":"WebSite","@id":"https:\/\/gregorydamy.niceavocats.fr\/it\/#website","url":"https:\/\/gregorydamy.niceavocats.fr\/it\/","name":"Soci\u00e9t\u00e9 d&#039;avocats Damy","description":"Justice - Confiance - Efficacit\u00e9","publisher":{"@id":"https:\/\/gregorydamy.niceavocats.fr\/it\/#organization"},"potentialAction":[{"@type":"SearchAction","target":{"@type":"EntryPoint","urlTemplate":"https:\/\/gregorydamy.niceavocats.fr\/it\/?s={search_term_string}"},"query-input":{"@type":"PropertyValueSpecification","valueRequired":true,"valueName":"search_term_string"}}],"inLanguage":"it-IT"},{"@type":"Organization","@id":"https:\/\/gregorydamy.niceavocats.fr\/it\/#organization","name":"Soci\u00e9t\u00e9 d'Avocats DAMY","alternateName":"Gr\u00e9gory DAMY","url":"https:\/\/gregorydamy.niceavocats.fr\/it\/","logo":{"@type":"ImageObject","inLanguage":"it-IT","@id":"https:\/\/gregorydamy.niceavocats.fr\/it\/#\/schema\/logo\/image\/","url":"https:\/\/gregorydamy.niceavocats.fr\/wp-content\/uploads\/2023\/04\/damylogo-1.png","contentUrl":"https:\/\/gregorydamy.niceavocats.fr\/wp-content\/uploads\/2023\/04\/damylogo-1.png","width":1890,"height":1417,"caption":"Soci\u00e9t\u00e9 d'Avocats DAMY"},"image":{"@id":"https:\/\/gregorydamy.niceavocats.fr\/it\/#\/schema\/logo\/image\/"},"sameAs":["https:\/\/www.facebook.com\/niceavocats.fr\/"]},{"@type":"Person","@id":"https:\/\/gregorydamy.niceavocats.fr\/it\/#\/schema\/person\/64c9f9acb07431f6b55f72278b4a5d57","name":"admin","sameAs":["https:\/\/gregorydamy.niceavocats.fr"],"url":"https:\/\/gregorydamy.niceavocats.fr\/it\/author\/admin_34\/"}]}},"_links":{"self":[{"href":"https:\/\/gregorydamy.niceavocats.fr\/it\/wp-json\/wp\/v2\/posts\/987509102","targetHints":{"allow":["GET"]}}],"collection":[{"href":"https:\/\/gregorydamy.niceavocats.fr\/it\/wp-json\/wp\/v2\/posts"}],"about":[{"href":"https:\/\/gregorydamy.niceavocats.fr\/it\/wp-json\/wp\/v2\/types\/post"}],"author":[{"embeddable":true,"href":"https:\/\/gregorydamy.niceavocats.fr\/it\/wp-json\/wp\/v2\/users\/1"}],"replies":[{"embeddable":true,"href":"https:\/\/gregorydamy.niceavocats.fr\/it\/wp-json\/wp\/v2\/comments?post=987509102"}],"version-history":[{"count":0,"href":"https:\/\/gregorydamy.niceavocats.fr\/it\/wp-json\/wp\/v2\/posts\/987509102\/revisions"}],"wp:attachment":[{"href":"https:\/\/gregorydamy.niceavocats.fr\/it\/wp-json\/wp\/v2\/media?parent=987509102"}],"wp:term":[{"taxonomy":"category","embeddable":true,"href":"https:\/\/gregorydamy.niceavocats.fr\/it\/wp-json\/wp\/v2\/categories?post=987509102"},{"taxonomy":"post_tag","embeddable":true,"href":"https:\/\/gregorydamy.niceavocats.fr\/it\/wp-json\/wp\/v2\/tags?post=987509102"}],"curies":[{"name":"wp","href":"https:\/\/api.w.org\/{rel}","templated":true}]}}