{"id":987509078,"date":"2025-06-04T10:12:50","date_gmt":"2025-06-04T10:12:50","guid":{"rendered":"https:\/\/gregorydamy.niceavocats.fr\/surveillance-algorithmique-maitre-florent-de-franceschi-cabinet-damy-sur-bfm-a-propos-de-la-decision-de-la-cnil\/"},"modified":"2025-06-04T10:26:11","modified_gmt":"2025-06-04T10:26:11","slug":"surveillance-algorithmique-maitre-florent-de-franceschi","status":"publish","type":"post","link":"https:\/\/gregorydamy.niceavocats.fr\/it\/surveillance-algorithmique-maitre-florent-de-franceschi\/","title":{"rendered":"Sorveglianza algoritmica: l\u2019Avvocato Florent de Franceschi (Studio Legale DAMY) interviene su BFM a proposito della decisione della CNIL"},"content":{"rendered":"<p><strong>Sorveglianza algoritmica: l\u2019Avvocato Florent de Franceschi (Studio Legale DAMY) interviene su BFM a proposito della decisione della CNIL<\/strong><\/p>\n<p>Il <strong>2 giugno 2025<\/strong>, l\u2019<strong>Avvocato Florent de Franceschi<\/strong>, membro dello <strong>Studio Legale DAMY<\/strong>, \u00e8 intervenuto in diretta su <strong>BFM C\u00f4te d\u2019Azur<\/strong> per commentare la decisione adottata dalla <strong>Commission nationale de l\u2019informatique et des libert\u00e9s (CNIL)<\/strong> in merito ai dispositivi di <strong>videosorveglianza algoritmica<\/strong> installati davanti agli istituti scolastici della citt\u00e0 di Nizza.<\/p>\n<p>La CNIL ha infatti ordinato la <strong>disattivazione di 77 telecamere cosiddette \u201caumentate\u201d<\/strong>, ritenendo che tali dispositivi violino il quadro normativo francese ed europeo in materia di <strong>protezione dei dati personali<\/strong>, in particolare perch\u00e9 effettuano un\u2019<strong>analisi comportamentale automatizzata in tempo reale<\/strong>.<\/p>\n<p>Durante l\u2019intervento, l\u2019Avv. de Franceschi ha ricordato che:<\/p>\n<ul>\n<li>Qualsiasi sistema di analisi comportamentale algoritmica in tempo reale costituisce un <strong>trattamento di dati personali<\/strong>, soggetto alle disposizioni del <strong>Regolamento Generale sulla Protezione dei Dati (GDPR \u2013 Regolamento UE 2016\/679)<\/strong>;<\/li>\n<li>Tale trattamento deve basarsi su una <strong>base giuridica esplicita<\/strong>, in conformit\u00e0 agli <strong>articoli 5 e 6 del GDPR<\/strong>;<\/li>\n<li><strong>Nessuna normativa vigente<\/strong> autorizza attualmente un comune a implementare tali dispositivi nello spazio pubblico;<\/li>\n<li>Questo tipo di sistema \u00e8 inoltre contrario ai principi della <strong>Legge francese del 6 gennaio 1978 sulla protezione dei dati<\/strong>, in particolare all\u2019<strong>articolo 1<\/strong>, e al <strong>diritto alla vita privata garantito dall\u2019articolo 9 del Codice Civile francese<\/strong>, riconosciuto come avente <strong>valore costituzionale<\/strong>.<\/li>\n<\/ul>\n<p>La giurisprudenza costante del <strong>Consiglio di Stato francese<\/strong> (in particolare la <strong>decisione n. 451423 del 22 dicembre 2022<\/strong> sui droni) conferma che qualsiasi trattamento algoritmico delle immagini nello spazio pubblico deve essere <strong>previsto dalla legge<\/strong>, <strong>necessario per uno scopo legittimo<\/strong>, e <strong>proporzionato<\/strong>.<\/p>\n<p>Lo <strong>Studio Legale DAMY<\/strong> sottolinea che le esigenze di sicurezza non devono mai portare a sospendere le libert\u00e0 fondamentali al di fuori di un chiaro quadro giuridico. Sebbene un dibattito parlamentare sulla regolamentazione di tali tecnologie sia legittimo, <strong>la sorveglianza predittiva automatizzata del comportamento umano negli spazi pubblici non pu\u00f2 precedere la legge<\/strong>.<\/p>\n<p>Questo caso evidenzia la necessit\u00e0 di un <strong>dibattito giuridico strutturato<\/strong> sull\u2019uso dell\u2019intelligenza artificiale applicata alla sicurezza pubblica, soprattutto quando riguarda <strong>zone sensibili come le aree circostanti gli istituti scolastici<\/strong>.<\/p>\n<p><strong>Guarda l\u2019intervento completo dell\u2019Avv. Florent de Franceschi su BFM C\u00f4te d\u2019Azur:<\/strong><br \/>\n<a href=\"https:\/\/www.bfmtv.com\/cote-d-azur\/replay-emissions\/bonjour-cote-d-azur\/nice-la-videosurveillance-algorithmique-interdite-pres-des-ecoles-quel-recours-pour-le-maire-christian-estrosi_VN-202506020191.html\">Guarda il video<\/a><\/p>\n<p><img decoding=\"async\" class=\"alignnone size-medium wp-image-987509072\" src=\"https:\/\/gregorydamy.niceavocats.fr\/wp-content\/uploads\/2025\/06\/250604-image-telesurveillance-300x150.jpg\" alt=\"\" width=\"300\" height=\"150\" srcset=\"https:\/\/gregorydamy.niceavocats.fr\/wp-content\/uploads\/2025\/06\/250604-image-telesurveillance-300x150.jpg 300w, https:\/\/gregorydamy.niceavocats.fr\/wp-content\/uploads\/2025\/06\/250604-image-telesurveillance.jpg 454w\" sizes=\"(max-width: 300px) 100vw, 300px\" \/><\/p>\n","protected":false},"excerpt":{"rendered":"<p>Sorveglianza algoritmica: l\u2019Avvocato Florent de Franceschi (Studio Legale DAMY) interviene su BFM a proposito della decisione della CNIL Il 2 giugno 2025, l\u2019Avvocato Florent de Franceschi, membro dello Studio Legale DAMY, \u00e8 intervenuto in diretta su BFM C\u00f4te d\u2019Azur per commentare la decisione adottata dalla Commission nationale de l\u2019informatique et des libert\u00e9s (CNIL) in merito [&hellip;]<\/p>\n","protected":false},"author":1,"featured_media":987509074,"comment_status":"closed","ping_status":"open","sticky":false,"template":"","format":"standard","meta":{"_et_pb_use_builder":"","_et_pb_old_content":"","_et_gb_content_width":"","footnotes":""},"categories":[],"tags":[],"class_list":["post-987509078","post","type-post","status-publish","format-standard","has-post-thumbnail","hentry"],"yoast_head":"<!-- This site is optimized with the Yoast SEO plugin v26.8 - https:\/\/yoast.com\/product\/yoast-seo-wordpress\/ -->\n<title>Sorveglianza algoritmica: l\u2019Avvocato Florent de Franceschi (Studio Legale DAMY) interviene su BFM a proposito della decisione della CNIL - Soci\u00e9t\u00e9 d&#039;avocats Damy<\/title>\n<meta name=\"description\" content=\"La CNIL ha infatti ordinato la disattivazione di 77 telecamere cosiddette \u201caumentate\u201d, ritenendo che tali dispositivi violino\" \/>\n<meta name=\"robots\" content=\"index, follow, max-snippet:-1, max-image-preview:large, max-video-preview:-1\" \/>\n<link rel=\"canonical\" href=\"https:\/\/gregorydamy.niceavocats.fr\/it\/surveillance-algorithmique-maitre-florent-de-franceschi\/\" \/>\n<meta property=\"og:locale\" content=\"it_IT\" \/>\n<meta property=\"og:type\" content=\"article\" \/>\n<meta property=\"og:title\" content=\"Sorveglianza algoritmica: l\u2019Avvocato Florent de Franceschi (Studio Legale DAMY) interviene su BFM a proposito della decisione della CNIL - Soci\u00e9t\u00e9 d&#039;avocats Damy\" \/>\n<meta property=\"og:description\" content=\"La CNIL ha infatti ordinato la disattivazione di 77 telecamere cosiddette \u201caumentate\u201d, ritenendo che tali dispositivi violino\" \/>\n<meta property=\"og:url\" content=\"https:\/\/gregorydamy.niceavocats.fr\/it\/surveillance-algorithmique-maitre-florent-de-franceschi\/\" \/>\n<meta property=\"og:site_name\" content=\"Soci\u00e9t\u00e9 d&#039;avocats Damy\" \/>\n<meta property=\"article:publisher\" content=\"https:\/\/www.facebook.com\/niceavocats.fr\/\" \/>\n<meta property=\"article:published_time\" content=\"2025-06-04T10:12:50+00:00\" \/>\n<meta property=\"article:modified_time\" content=\"2025-06-04T10:26:11+00:00\" \/>\n<meta property=\"og:image\" content=\"https:\/\/gregorydamy.niceavocats.fr\/wp-content\/uploads\/2025\/06\/250604-image-telesurveillance.jpg\" \/>\n\t<meta property=\"og:image:width\" content=\"454\" \/>\n\t<meta property=\"og:image:height\" content=\"227\" \/>\n\t<meta property=\"og:image:type\" content=\"image\/jpeg\" \/>\n<meta name=\"author\" content=\"admin\" \/>\n<meta name=\"twitter:card\" content=\"summary_large_image\" \/>\n<meta name=\"twitter:label1\" content=\"Scritto da\" \/>\n\t<meta name=\"twitter:data1\" content=\"admin\" \/>\n\t<meta name=\"twitter:label2\" content=\"Tempo di lettura stimato\" \/>\n\t<meta name=\"twitter:data2\" content=\"3 minuti\" \/>\n<script type=\"application\/ld+json\" class=\"yoast-schema-graph\">{\"@context\":\"https:\/\/schema.org\",\"@graph\":[{\"@type\":\"Article\",\"@id\":\"https:\/\/gregorydamy.niceavocats.fr\/it\/surveillance-algorithmique-maitre-florent-de-franceschi\/#article\",\"isPartOf\":{\"@id\":\"https:\/\/gregorydamy.niceavocats.fr\/it\/surveillance-algorithmique-maitre-florent-de-franceschi\/\"},\"author\":{\"name\":\"admin\",\"@id\":\"https:\/\/gregorydamy.niceavocats.fr\/it\/#\/schema\/person\/64c9f9acb07431f6b55f72278b4a5d57\"},\"headline\":\"Sorveglianza algoritmica: l\u2019Avvocato Florent de Franceschi (Studio Legale DAMY) interviene su BFM a proposito della decisione della CNIL\",\"datePublished\":\"2025-06-04T10:12:50+00:00\",\"dateModified\":\"2025-06-04T10:26:11+00:00\",\"mainEntityOfPage\":{\"@id\":\"https:\/\/gregorydamy.niceavocats.fr\/it\/surveillance-algorithmique-maitre-florent-de-franceschi\/\"},\"wordCount\":379,\"publisher\":{\"@id\":\"https:\/\/gregorydamy.niceavocats.fr\/it\/#organization\"},\"image\":{\"@id\":\"https:\/\/gregorydamy.niceavocats.fr\/it\/surveillance-algorithmique-maitre-florent-de-franceschi\/#primaryimage\"},\"thumbnailUrl\":\"https:\/\/gregorydamy.niceavocats.fr\/wp-content\/uploads\/2025\/06\/250604-image-telesurveillance.jpg\",\"inLanguage\":\"it-IT\"},{\"@type\":\"WebPage\",\"@id\":\"https:\/\/gregorydamy.niceavocats.fr\/it\/surveillance-algorithmique-maitre-florent-de-franceschi\/\",\"url\":\"https:\/\/gregorydamy.niceavocats.fr\/it\/surveillance-algorithmique-maitre-florent-de-franceschi\/\",\"name\":\"Sorveglianza algoritmica: l\u2019Avvocato Florent de Franceschi (Studio Legale DAMY) interviene su BFM a proposito della decisione della CNIL - Soci\u00e9t\u00e9 d&#039;avocats Damy\",\"isPartOf\":{\"@id\":\"https:\/\/gregorydamy.niceavocats.fr\/it\/#website\"},\"primaryImageOfPage\":{\"@id\":\"https:\/\/gregorydamy.niceavocats.fr\/it\/surveillance-algorithmique-maitre-florent-de-franceschi\/#primaryimage\"},\"image\":{\"@id\":\"https:\/\/gregorydamy.niceavocats.fr\/it\/surveillance-algorithmique-maitre-florent-de-franceschi\/#primaryimage\"},\"thumbnailUrl\":\"https:\/\/gregorydamy.niceavocats.fr\/wp-content\/uploads\/2025\/06\/250604-image-telesurveillance.jpg\",\"datePublished\":\"2025-06-04T10:12:50+00:00\",\"dateModified\":\"2025-06-04T10:26:11+00:00\",\"description\":\"La CNIL ha infatti ordinato la disattivazione di 77 telecamere cosiddette \u201caumentate\u201d, ritenendo che tali dispositivi violino\",\"breadcrumb\":{\"@id\":\"https:\/\/gregorydamy.niceavocats.fr\/it\/surveillance-algorithmique-maitre-florent-de-franceschi\/#breadcrumb\"},\"inLanguage\":\"it-IT\",\"potentialAction\":[{\"@type\":\"ReadAction\",\"target\":[\"https:\/\/gregorydamy.niceavocats.fr\/it\/surveillance-algorithmique-maitre-florent-de-franceschi\/\"]}]},{\"@type\":\"ImageObject\",\"inLanguage\":\"it-IT\",\"@id\":\"https:\/\/gregorydamy.niceavocats.fr\/it\/surveillance-algorithmique-maitre-florent-de-franceschi\/#primaryimage\",\"url\":\"https:\/\/gregorydamy.niceavocats.fr\/wp-content\/uploads\/2025\/06\/250604-image-telesurveillance.jpg\",\"contentUrl\":\"https:\/\/gregorydamy.niceavocats.fr\/wp-content\/uploads\/2025\/06\/250604-image-telesurveillance.jpg\",\"width\":454,\"height\":227},{\"@type\":\"BreadcrumbList\",\"@id\":\"https:\/\/gregorydamy.niceavocats.fr\/it\/surveillance-algorithmique-maitre-florent-de-franceschi\/#breadcrumb\",\"itemListElement\":[{\"@type\":\"ListItem\",\"position\":1,\"name\":\"Accueil\",\"item\":\"https:\/\/gregorydamy.niceavocats.fr\/it\/\"},{\"@type\":\"ListItem\",\"position\":2,\"name\":\"Sorveglianza algoritmica: l\u2019Avvocato Florent de Franceschi (Studio Legale DAMY) interviene su BFM a proposito della decisione della CNIL\"}]},{\"@type\":\"WebSite\",\"@id\":\"https:\/\/gregorydamy.niceavocats.fr\/it\/#website\",\"url\":\"https:\/\/gregorydamy.niceavocats.fr\/it\/\",\"name\":\"Soci\u00e9t\u00e9 d&#039;avocats Damy\",\"description\":\"Justice - Confiance - Efficacit\u00e9\",\"publisher\":{\"@id\":\"https:\/\/gregorydamy.niceavocats.fr\/it\/#organization\"},\"potentialAction\":[{\"@type\":\"SearchAction\",\"target\":{\"@type\":\"EntryPoint\",\"urlTemplate\":\"https:\/\/gregorydamy.niceavocats.fr\/it\/?s={search_term_string}\"},\"query-input\":{\"@type\":\"PropertyValueSpecification\",\"valueRequired\":true,\"valueName\":\"search_term_string\"}}],\"inLanguage\":\"it-IT\"},{\"@type\":\"Organization\",\"@id\":\"https:\/\/gregorydamy.niceavocats.fr\/it\/#organization\",\"name\":\"Soci\u00e9t\u00e9 d'Avocats DAMY\",\"alternateName\":\"Gr\u00e9gory DAMY\",\"url\":\"https:\/\/gregorydamy.niceavocats.fr\/it\/\",\"logo\":{\"@type\":\"ImageObject\",\"inLanguage\":\"it-IT\",\"@id\":\"https:\/\/gregorydamy.niceavocats.fr\/it\/#\/schema\/logo\/image\/\",\"url\":\"https:\/\/gregorydamy.niceavocats.fr\/wp-content\/uploads\/2023\/04\/damylogo-1.png\",\"contentUrl\":\"https:\/\/gregorydamy.niceavocats.fr\/wp-content\/uploads\/2023\/04\/damylogo-1.png\",\"width\":1890,\"height\":1417,\"caption\":\"Soci\u00e9t\u00e9 d'Avocats DAMY\"},\"image\":{\"@id\":\"https:\/\/gregorydamy.niceavocats.fr\/it\/#\/schema\/logo\/image\/\"},\"sameAs\":[\"https:\/\/www.facebook.com\/niceavocats.fr\/\"]},{\"@type\":\"Person\",\"@id\":\"https:\/\/gregorydamy.niceavocats.fr\/it\/#\/schema\/person\/64c9f9acb07431f6b55f72278b4a5d57\",\"name\":\"admin\",\"sameAs\":[\"https:\/\/gregorydamy.niceavocats.fr\"],\"url\":\"https:\/\/gregorydamy.niceavocats.fr\/it\/author\/admin_34\/\"}]}<\/script>\n<!-- \/ Yoast SEO plugin. -->","yoast_head_json":{"title":"Sorveglianza algoritmica: l\u2019Avvocato Florent de Franceschi (Studio Legale DAMY) interviene su BFM a proposito della decisione della CNIL - Soci\u00e9t\u00e9 d&#039;avocats Damy","description":"La CNIL ha infatti ordinato la disattivazione di 77 telecamere cosiddette \u201caumentate\u201d, ritenendo che tali dispositivi violino","robots":{"index":"index","follow":"follow","max-snippet":"max-snippet:-1","max-image-preview":"max-image-preview:large","max-video-preview":"max-video-preview:-1"},"canonical":"https:\/\/gregorydamy.niceavocats.fr\/it\/surveillance-algorithmique-maitre-florent-de-franceschi\/","og_locale":"it_IT","og_type":"article","og_title":"Sorveglianza algoritmica: l\u2019Avvocato Florent de Franceschi (Studio Legale DAMY) interviene su BFM a proposito della decisione della CNIL - Soci\u00e9t\u00e9 d&#039;avocats Damy","og_description":"La CNIL ha infatti ordinato la disattivazione di 77 telecamere cosiddette \u201caumentate\u201d, ritenendo che tali dispositivi violino","og_url":"https:\/\/gregorydamy.niceavocats.fr\/it\/surveillance-algorithmique-maitre-florent-de-franceschi\/","og_site_name":"Soci\u00e9t\u00e9 d&#039;avocats Damy","article_publisher":"https:\/\/www.facebook.com\/niceavocats.fr\/","article_published_time":"2025-06-04T10:12:50+00:00","article_modified_time":"2025-06-04T10:26:11+00:00","og_image":[{"width":454,"height":227,"url":"https:\/\/gregorydamy.niceavocats.fr\/wp-content\/uploads\/2025\/06\/250604-image-telesurveillance.jpg","type":"image\/jpeg"}],"author":"admin","twitter_card":"summary_large_image","twitter_misc":{"Scritto da":"admin","Tempo di lettura stimato":"3 minuti"},"schema":{"@context":"https:\/\/schema.org","@graph":[{"@type":"Article","@id":"https:\/\/gregorydamy.niceavocats.fr\/it\/surveillance-algorithmique-maitre-florent-de-franceschi\/#article","isPartOf":{"@id":"https:\/\/gregorydamy.niceavocats.fr\/it\/surveillance-algorithmique-maitre-florent-de-franceschi\/"},"author":{"name":"admin","@id":"https:\/\/gregorydamy.niceavocats.fr\/it\/#\/schema\/person\/64c9f9acb07431f6b55f72278b4a5d57"},"headline":"Sorveglianza algoritmica: l\u2019Avvocato Florent de Franceschi (Studio Legale DAMY) interviene su BFM a proposito della decisione della CNIL","datePublished":"2025-06-04T10:12:50+00:00","dateModified":"2025-06-04T10:26:11+00:00","mainEntityOfPage":{"@id":"https:\/\/gregorydamy.niceavocats.fr\/it\/surveillance-algorithmique-maitre-florent-de-franceschi\/"},"wordCount":379,"publisher":{"@id":"https:\/\/gregorydamy.niceavocats.fr\/it\/#organization"},"image":{"@id":"https:\/\/gregorydamy.niceavocats.fr\/it\/surveillance-algorithmique-maitre-florent-de-franceschi\/#primaryimage"},"thumbnailUrl":"https:\/\/gregorydamy.niceavocats.fr\/wp-content\/uploads\/2025\/06\/250604-image-telesurveillance.jpg","inLanguage":"it-IT"},{"@type":"WebPage","@id":"https:\/\/gregorydamy.niceavocats.fr\/it\/surveillance-algorithmique-maitre-florent-de-franceschi\/","url":"https:\/\/gregorydamy.niceavocats.fr\/it\/surveillance-algorithmique-maitre-florent-de-franceschi\/","name":"Sorveglianza algoritmica: l\u2019Avvocato Florent de Franceschi (Studio Legale DAMY) interviene su BFM a proposito della decisione della CNIL - Soci\u00e9t\u00e9 d&#039;avocats Damy","isPartOf":{"@id":"https:\/\/gregorydamy.niceavocats.fr\/it\/#website"},"primaryImageOfPage":{"@id":"https:\/\/gregorydamy.niceavocats.fr\/it\/surveillance-algorithmique-maitre-florent-de-franceschi\/#primaryimage"},"image":{"@id":"https:\/\/gregorydamy.niceavocats.fr\/it\/surveillance-algorithmique-maitre-florent-de-franceschi\/#primaryimage"},"thumbnailUrl":"https:\/\/gregorydamy.niceavocats.fr\/wp-content\/uploads\/2025\/06\/250604-image-telesurveillance.jpg","datePublished":"2025-06-04T10:12:50+00:00","dateModified":"2025-06-04T10:26:11+00:00","description":"La CNIL ha infatti ordinato la disattivazione di 77 telecamere cosiddette \u201caumentate\u201d, ritenendo che tali dispositivi violino","breadcrumb":{"@id":"https:\/\/gregorydamy.niceavocats.fr\/it\/surveillance-algorithmique-maitre-florent-de-franceschi\/#breadcrumb"},"inLanguage":"it-IT","potentialAction":[{"@type":"ReadAction","target":["https:\/\/gregorydamy.niceavocats.fr\/it\/surveillance-algorithmique-maitre-florent-de-franceschi\/"]}]},{"@type":"ImageObject","inLanguage":"it-IT","@id":"https:\/\/gregorydamy.niceavocats.fr\/it\/surveillance-algorithmique-maitre-florent-de-franceschi\/#primaryimage","url":"https:\/\/gregorydamy.niceavocats.fr\/wp-content\/uploads\/2025\/06\/250604-image-telesurveillance.jpg","contentUrl":"https:\/\/gregorydamy.niceavocats.fr\/wp-content\/uploads\/2025\/06\/250604-image-telesurveillance.jpg","width":454,"height":227},{"@type":"BreadcrumbList","@id":"https:\/\/gregorydamy.niceavocats.fr\/it\/surveillance-algorithmique-maitre-florent-de-franceschi\/#breadcrumb","itemListElement":[{"@type":"ListItem","position":1,"name":"Accueil","item":"https:\/\/gregorydamy.niceavocats.fr\/it\/"},{"@type":"ListItem","position":2,"name":"Sorveglianza algoritmica: l\u2019Avvocato Florent de Franceschi (Studio Legale DAMY) interviene su BFM a proposito della decisione della CNIL"}]},{"@type":"WebSite","@id":"https:\/\/gregorydamy.niceavocats.fr\/it\/#website","url":"https:\/\/gregorydamy.niceavocats.fr\/it\/","name":"Soci\u00e9t\u00e9 d&#039;avocats Damy","description":"Justice - Confiance - Efficacit\u00e9","publisher":{"@id":"https:\/\/gregorydamy.niceavocats.fr\/it\/#organization"},"potentialAction":[{"@type":"SearchAction","target":{"@type":"EntryPoint","urlTemplate":"https:\/\/gregorydamy.niceavocats.fr\/it\/?s={search_term_string}"},"query-input":{"@type":"PropertyValueSpecification","valueRequired":true,"valueName":"search_term_string"}}],"inLanguage":"it-IT"},{"@type":"Organization","@id":"https:\/\/gregorydamy.niceavocats.fr\/it\/#organization","name":"Soci\u00e9t\u00e9 d'Avocats DAMY","alternateName":"Gr\u00e9gory DAMY","url":"https:\/\/gregorydamy.niceavocats.fr\/it\/","logo":{"@type":"ImageObject","inLanguage":"it-IT","@id":"https:\/\/gregorydamy.niceavocats.fr\/it\/#\/schema\/logo\/image\/","url":"https:\/\/gregorydamy.niceavocats.fr\/wp-content\/uploads\/2023\/04\/damylogo-1.png","contentUrl":"https:\/\/gregorydamy.niceavocats.fr\/wp-content\/uploads\/2023\/04\/damylogo-1.png","width":1890,"height":1417,"caption":"Soci\u00e9t\u00e9 d'Avocats DAMY"},"image":{"@id":"https:\/\/gregorydamy.niceavocats.fr\/it\/#\/schema\/logo\/image\/"},"sameAs":["https:\/\/www.facebook.com\/niceavocats.fr\/"]},{"@type":"Person","@id":"https:\/\/gregorydamy.niceavocats.fr\/it\/#\/schema\/person\/64c9f9acb07431f6b55f72278b4a5d57","name":"admin","sameAs":["https:\/\/gregorydamy.niceavocats.fr"],"url":"https:\/\/gregorydamy.niceavocats.fr\/it\/author\/admin_34\/"}]}},"_links":{"self":[{"href":"https:\/\/gregorydamy.niceavocats.fr\/it\/wp-json\/wp\/v2\/posts\/987509078","targetHints":{"allow":["GET"]}}],"collection":[{"href":"https:\/\/gregorydamy.niceavocats.fr\/it\/wp-json\/wp\/v2\/posts"}],"about":[{"href":"https:\/\/gregorydamy.niceavocats.fr\/it\/wp-json\/wp\/v2\/types\/post"}],"author":[{"embeddable":true,"href":"https:\/\/gregorydamy.niceavocats.fr\/it\/wp-json\/wp\/v2\/users\/1"}],"replies":[{"embeddable":true,"href":"https:\/\/gregorydamy.niceavocats.fr\/it\/wp-json\/wp\/v2\/comments?post=987509078"}],"version-history":[{"count":0,"href":"https:\/\/gregorydamy.niceavocats.fr\/it\/wp-json\/wp\/v2\/posts\/987509078\/revisions"}],"wp:featuredmedia":[{"embeddable":true,"href":"https:\/\/gregorydamy.niceavocats.fr\/it\/wp-json\/wp\/v2\/media\/987509074"}],"wp:attachment":[{"href":"https:\/\/gregorydamy.niceavocats.fr\/it\/wp-json\/wp\/v2\/media?parent=987509078"}],"wp:term":[{"taxonomy":"category","embeddable":true,"href":"https:\/\/gregorydamy.niceavocats.fr\/it\/wp-json\/wp\/v2\/categories?post=987509078"},{"taxonomy":"post_tag","embeddable":true,"href":"https:\/\/gregorydamy.niceavocats.fr\/it\/wp-json\/wp\/v2\/tags?post=987509078"}],"curies":[{"name":"wp","href":"https:\/\/api.w.org\/{rel}","templated":true}]}}