{"id":987508884,"date":"2024-11-19T11:05:17","date_gmt":"2024-11-19T11:05:17","guid":{"rendered":"https:\/\/gregorydamy.niceavocats.fr\/?p=987508884"},"modified":"2024-11-19T11:15:43","modified_gmt":"2024-11-19T11:15:43","slug":"unevoluzione-significativa-in-materia-di-responsabilita-medica","status":"publish","type":"post","link":"https:\/\/gregorydamy.niceavocats.fr\/it\/unevoluzione-significativa-in-materia-di-responsabilita-medica\/","title":{"rendered":"un\u2019evoluzione significativa in materia di responsabilit\u00e0 medica."},"content":{"rendered":"<p>[et_pb_section fb_built=&#8221;1&#8243; admin_label=&#8221;section&#8221; _builder_version=&#8221;4.16&#8243; global_colors_info=&#8221;{}&#8221;][et_pb_row admin_label=&#8221;row&#8221; _builder_version=&#8221;4.16&#8243; background_size=&#8221;initial&#8221; background_position=&#8221;top_left&#8221; background_repeat=&#8221;repeat&#8221; global_colors_info=&#8221;{}&#8221;][et_pb_column type=&#8221;4_4&#8243; _builder_version=&#8221;4.16&#8243; custom_padding=&#8221;|||&#8221; global_colors_info=&#8221;{}&#8221; custom_padding__hover=&#8221;|||&#8221;][et_pb_image src=&#8221;https:\/\/gregorydamy.niceavocats.fr\/wp-content\/uploads\/2023\/08\/doctor-563428_1280-2.jpg&#8221; alt=&#8221;Avocat Nice Accident&#8221; title_text=&#8221;doctor-563428_1280-2&#8243; align=&#8221;center&#8221; _builder_version=&#8221;4.24.2&#8243; _module_preset=&#8221;default&#8221; hover_enabled=&#8221;0&#8243; global_colors_info=&#8221;{}&#8221; sticky_enabled=&#8221;0&#8243;][\/et_pb_image][et_pb_text _builder_version=&#8221;4.24.2&#8243; _module_preset=&#8221;default&#8221; hover_enabled=&#8221;0&#8243; global_colors_info=&#8221;{}&#8221; sticky_enabled=&#8221;0&#8243;]<\/p>\n<p style=\"text-align: justify;\"><strong>AVVOCATO A NIZZA<\/strong><\/p>\n<h1 style=\"text-align: justify;\"><strong><br \/>Un\u2019evoluzione significativa in materia di responsabilit\u00e0 medica.<br \/><\/strong><\/h1>\n<p style=\"text-align: justify;\">Il 16 ottobre 2024, con la sentenza n. 22-23.433, la Prima Camera Civile della Corte di Cassazione ha emesso una decisione significativa in merito ai diritti delle vittime di danni corporali.<\/p>\n<p style=\"text-align: justify;\">\n<p style=\"text-align: justify;\">Nel caso di specie, la signora E si \u00e8 sottoposta a un intervento all&#8217;anca. Durante l\u2019operazione, una vite metallica si \u00e8 rotta.<\/p>\n<p style=\"text-align: justify;\">\n<p style=\"text-align: justify;\">Di conseguenza, la signora E ha provato dolori intensi, che sono durati per pi\u00f9 di due anni.<\/p>\n<p style=\"text-align: justify;\">Per questo motivo, ha deciso di citare in giudizio il chirurgo che l\u2019aveva operata due anni prima, chiedendone la responsabilit\u00e0.<\/p>\n<p style=\"text-align: justify;\">\n<p style=\"text-align: justify;\">Un accertamento tecnico ha rivelato che la rottura della vite metallica poteva essere causata da:<\/p>\n<ul style=\"text-align: justify;\">\n<li>Una predisposizione anatomica della paziente, oppure;<\/li>\n<li>Un errore del medico che non avrebbe rispettato il protocollo medico raccomandato dalla Societ\u00e0 Francese di Artroscopia (SFA).<\/li>\n<\/ul>\n<p style=\"text-align: justify;\">\n<p style=\"text-align: justify;\">Infatti, il referto operatorio non riportava che il chirurgo aveva iniziato l&#8217;operazione introducendo aria, seguita da soluzione fisiologica.<\/p>\n<p style=\"text-align: justify;\">\n<p style=\"text-align: justify;\">In sua difesa, il medico ha sostenuto che eseguiva sistematicamente questo passaggio iniziale, anche se non era stato documentato nel referto.<\/p>\n<p style=\"text-align: justify;\">\n<p style=\"text-align: justify;\">La Corte d\u2019Appello, considerando tale omissione solo come un\u2019ipotesi di errore, ha concesso il beneficio del dubbio al medico e ha respinto le richieste della signora E.<\/p>\n<p style=\"text-align: justify;\">\n<p style=\"text-align: justify;\">Tuttavia, la Corte di Cassazione ha annullato tale decisione, ritenendo che l&#8217;assenza di una documentazione completa della procedura medica nel referto operatorio creasse una presunzione di colpa contro il medico.<\/p>\n<p style=\"text-align: justify;\">\n<p style=\"text-align: justify;\">Di conseguenza, spettava al medico dimostrare di aver rispettato scrupolosamente il protocollo medico.<\/p>\n<p style=\"text-align: justify;\">\n<p style=\"text-align: justify;\">Questa decisione rappresenta un\u2019evoluzione significativa in materia di responsabilit\u00e0 medica.<\/p>\n<p style=\"text-align: justify;\">\n<p style=\"text-align: justify;\">Di principio, l\u2019articolo L1142-1 del Codice della Salute Pubblica francese prevede che la responsabilit\u00e0 del medico possa essere accertata solo in caso di errore comprovato, con l\u2019onere della prova a carico della vittima.<\/p>\n<p>[\/et_pb_text][\/et_pb_column][\/et_pb_row][\/et_pb_section]<\/p>\n","protected":false},"excerpt":{"rendered":"<p>AVVOCATO A NIZZA Un\u2019evoluzione significativa in materia di responsabilit\u00e0 medica. Il 16 ottobre 2024, con la sentenza n. 22-23.433, la Prima Camera Civile della Corte di Cassazione ha emesso una decisione significativa in merito ai diritti delle vittime di danni corporali. Nel caso di specie, la signora E si \u00e8 sottoposta a un intervento all&#8217;anca. [&hellip;]<\/p>\n","protected":false},"author":1,"featured_media":0,"comment_status":"closed","ping_status":"open","sticky":false,"template":"","format":"standard","meta":{"_et_pb_use_builder":"on","_et_pb_old_content":"","_et_gb_content_width":"","footnotes":""},"categories":[],"tags":[],"class_list":["post-987508884","post","type-post","status-publish","format-standard","hentry"],"yoast_head":"<!-- This site is optimized with the Yoast SEO plugin v26.8 - https:\/\/yoast.com\/product\/yoast-seo-wordpress\/ -->\n<title>un\u2019evoluzione significativa in materia di responsabilit\u00e0 medica. - Soci\u00e9t\u00e9 d&#039;avocats Damy<\/title>\n<meta name=\"description\" content=\"Il 16 ottobre 2024, con la sentenza n. 22-23.433, la Prima Camera Civile della Corte di Cassazione ha emesso una decisione significativa in merito ai diritti delle vittime di danni corporali.\" \/>\n<meta name=\"robots\" content=\"index, follow, max-snippet:-1, max-image-preview:large, max-video-preview:-1\" \/>\n<link rel=\"canonical\" href=\"https:\/\/gregorydamy.niceavocats.fr\/it\/unevoluzione-significativa-in-materia-di-responsabilita-medica\/\" \/>\n<meta property=\"og:locale\" content=\"it_IT\" \/>\n<meta property=\"og:type\" content=\"article\" \/>\n<meta property=\"og:title\" content=\"un\u2019evoluzione significativa in materia di responsabilit\u00e0 medica. - Soci\u00e9t\u00e9 d&#039;avocats Damy\" \/>\n<meta property=\"og:description\" content=\"Il 16 ottobre 2024, con la sentenza n. 22-23.433, la Prima Camera Civile della Corte di Cassazione ha emesso una decisione significativa in merito ai diritti delle vittime di danni corporali.\" \/>\n<meta property=\"og:url\" content=\"https:\/\/gregorydamy.niceavocats.fr\/it\/unevoluzione-significativa-in-materia-di-responsabilita-medica\/\" \/>\n<meta property=\"og:site_name\" content=\"Soci\u00e9t\u00e9 d&#039;avocats Damy\" \/>\n<meta property=\"article:publisher\" content=\"https:\/\/www.facebook.com\/niceavocats.fr\/\" \/>\n<meta property=\"article:published_time\" content=\"2024-11-19T11:05:17+00:00\" \/>\n<meta property=\"article:modified_time\" content=\"2024-11-19T11:15:43+00:00\" \/>\n<meta name=\"author\" content=\"admin\" \/>\n<meta name=\"twitter:card\" content=\"summary_large_image\" \/>\n<meta name=\"twitter:label1\" content=\"Scritto da\" \/>\n\t<meta name=\"twitter:data1\" content=\"admin\" \/>\n\t<meta name=\"twitter:label2\" content=\"Tempo di lettura stimato\" \/>\n\t<meta name=\"twitter:data2\" content=\"3 minuti\" \/>\n<script type=\"application\/ld+json\" class=\"yoast-schema-graph\">{\"@context\":\"https:\/\/schema.org\",\"@graph\":[{\"@type\":\"Article\",\"@id\":\"https:\/\/gregorydamy.niceavocats.fr\/it\/unevoluzione-significativa-in-materia-di-responsabilita-medica\/#article\",\"isPartOf\":{\"@id\":\"https:\/\/gregorydamy.niceavocats.fr\/it\/unevoluzione-significativa-in-materia-di-responsabilita-medica\/\"},\"author\":{\"name\":\"admin\",\"@id\":\"https:\/\/gregorydamy.niceavocats.fr\/it\/#\/schema\/person\/64c9f9acb07431f6b55f72278b4a5d57\"},\"headline\":\"un\u2019evoluzione significativa in materia di responsabilit\u00e0 medica.\",\"datePublished\":\"2024-11-19T11:05:17+00:00\",\"dateModified\":\"2024-11-19T11:15:43+00:00\",\"mainEntityOfPage\":{\"@id\":\"https:\/\/gregorydamy.niceavocats.fr\/it\/unevoluzione-significativa-in-materia-di-responsabilita-medica\/\"},\"wordCount\":420,\"publisher\":{\"@id\":\"https:\/\/gregorydamy.niceavocats.fr\/it\/#organization\"},\"inLanguage\":\"it-IT\"},{\"@type\":\"WebPage\",\"@id\":\"https:\/\/gregorydamy.niceavocats.fr\/it\/unevoluzione-significativa-in-materia-di-responsabilita-medica\/\",\"url\":\"https:\/\/gregorydamy.niceavocats.fr\/it\/unevoluzione-significativa-in-materia-di-responsabilita-medica\/\",\"name\":\"un\u2019evoluzione significativa in materia di responsabilit\u00e0 medica. - Soci\u00e9t\u00e9 d&#039;avocats Damy\",\"isPartOf\":{\"@id\":\"https:\/\/gregorydamy.niceavocats.fr\/it\/#website\"},\"datePublished\":\"2024-11-19T11:05:17+00:00\",\"dateModified\":\"2024-11-19T11:15:43+00:00\",\"description\":\"Il 16 ottobre 2024, con la sentenza n. 22-23.433, la Prima Camera Civile della Corte di Cassazione ha emesso una decisione significativa in merito ai diritti delle vittime di danni corporali.\",\"breadcrumb\":{\"@id\":\"https:\/\/gregorydamy.niceavocats.fr\/it\/unevoluzione-significativa-in-materia-di-responsabilita-medica\/#breadcrumb\"},\"inLanguage\":\"it-IT\",\"potentialAction\":[{\"@type\":\"ReadAction\",\"target\":[\"https:\/\/gregorydamy.niceavocats.fr\/it\/unevoluzione-significativa-in-materia-di-responsabilita-medica\/\"]}]},{\"@type\":\"BreadcrumbList\",\"@id\":\"https:\/\/gregorydamy.niceavocats.fr\/it\/unevoluzione-significativa-in-materia-di-responsabilita-medica\/#breadcrumb\",\"itemListElement\":[{\"@type\":\"ListItem\",\"position\":1,\"name\":\"Accueil\",\"item\":\"https:\/\/gregorydamy.niceavocats.fr\/it\/\"},{\"@type\":\"ListItem\",\"position\":2,\"name\":\"un\u2019evoluzione significativa in materia di responsabilit\u00e0 medica.\"}]},{\"@type\":\"WebSite\",\"@id\":\"https:\/\/gregorydamy.niceavocats.fr\/it\/#website\",\"url\":\"https:\/\/gregorydamy.niceavocats.fr\/it\/\",\"name\":\"Soci\u00e9t\u00e9 d&#039;avocats Damy\",\"description\":\"Justice - Confiance - Efficacit\u00e9\",\"publisher\":{\"@id\":\"https:\/\/gregorydamy.niceavocats.fr\/it\/#organization\"},\"potentialAction\":[{\"@type\":\"SearchAction\",\"target\":{\"@type\":\"EntryPoint\",\"urlTemplate\":\"https:\/\/gregorydamy.niceavocats.fr\/it\/?s={search_term_string}\"},\"query-input\":{\"@type\":\"PropertyValueSpecification\",\"valueRequired\":true,\"valueName\":\"search_term_string\"}}],\"inLanguage\":\"it-IT\"},{\"@type\":\"Organization\",\"@id\":\"https:\/\/gregorydamy.niceavocats.fr\/it\/#organization\",\"name\":\"Soci\u00e9t\u00e9 d'Avocats DAMY\",\"alternateName\":\"Gr\u00e9gory DAMY\",\"url\":\"https:\/\/gregorydamy.niceavocats.fr\/it\/\",\"logo\":{\"@type\":\"ImageObject\",\"inLanguage\":\"it-IT\",\"@id\":\"https:\/\/gregorydamy.niceavocats.fr\/it\/#\/schema\/logo\/image\/\",\"url\":\"https:\/\/gregorydamy.niceavocats.fr\/wp-content\/uploads\/2023\/04\/damylogo-1.png\",\"contentUrl\":\"https:\/\/gregorydamy.niceavocats.fr\/wp-content\/uploads\/2023\/04\/damylogo-1.png\",\"width\":1890,\"height\":1417,\"caption\":\"Soci\u00e9t\u00e9 d'Avocats DAMY\"},\"image\":{\"@id\":\"https:\/\/gregorydamy.niceavocats.fr\/it\/#\/schema\/logo\/image\/\"},\"sameAs\":[\"https:\/\/www.facebook.com\/niceavocats.fr\/\"]},{\"@type\":\"Person\",\"@id\":\"https:\/\/gregorydamy.niceavocats.fr\/it\/#\/schema\/person\/64c9f9acb07431f6b55f72278b4a5d57\",\"name\":\"admin\",\"sameAs\":[\"https:\/\/gregorydamy.niceavocats.fr\"],\"url\":\"https:\/\/gregorydamy.niceavocats.fr\/it\/author\/admin_34\/\"}]}<\/script>\n<!-- \/ Yoast SEO plugin. -->","yoast_head_json":{"title":"un\u2019evoluzione significativa in materia di responsabilit\u00e0 medica. - Soci\u00e9t\u00e9 d&#039;avocats Damy","description":"Il 16 ottobre 2024, con la sentenza n. 22-23.433, la Prima Camera Civile della Corte di Cassazione ha emesso una decisione significativa in merito ai diritti delle vittime di danni corporali.","robots":{"index":"index","follow":"follow","max-snippet":"max-snippet:-1","max-image-preview":"max-image-preview:large","max-video-preview":"max-video-preview:-1"},"canonical":"https:\/\/gregorydamy.niceavocats.fr\/it\/unevoluzione-significativa-in-materia-di-responsabilita-medica\/","og_locale":"it_IT","og_type":"article","og_title":"un\u2019evoluzione significativa in materia di responsabilit\u00e0 medica. - Soci\u00e9t\u00e9 d&#039;avocats Damy","og_description":"Il 16 ottobre 2024, con la sentenza n. 22-23.433, la Prima Camera Civile della Corte di Cassazione ha emesso una decisione significativa in merito ai diritti delle vittime di danni corporali.","og_url":"https:\/\/gregorydamy.niceavocats.fr\/it\/unevoluzione-significativa-in-materia-di-responsabilita-medica\/","og_site_name":"Soci\u00e9t\u00e9 d&#039;avocats Damy","article_publisher":"https:\/\/www.facebook.com\/niceavocats.fr\/","article_published_time":"2024-11-19T11:05:17+00:00","article_modified_time":"2024-11-19T11:15:43+00:00","author":"admin","twitter_card":"summary_large_image","twitter_misc":{"Scritto da":"admin","Tempo di lettura stimato":"3 minuti"},"schema":{"@context":"https:\/\/schema.org","@graph":[{"@type":"Article","@id":"https:\/\/gregorydamy.niceavocats.fr\/it\/unevoluzione-significativa-in-materia-di-responsabilita-medica\/#article","isPartOf":{"@id":"https:\/\/gregorydamy.niceavocats.fr\/it\/unevoluzione-significativa-in-materia-di-responsabilita-medica\/"},"author":{"name":"admin","@id":"https:\/\/gregorydamy.niceavocats.fr\/it\/#\/schema\/person\/64c9f9acb07431f6b55f72278b4a5d57"},"headline":"un\u2019evoluzione significativa in materia di responsabilit\u00e0 medica.","datePublished":"2024-11-19T11:05:17+00:00","dateModified":"2024-11-19T11:15:43+00:00","mainEntityOfPage":{"@id":"https:\/\/gregorydamy.niceavocats.fr\/it\/unevoluzione-significativa-in-materia-di-responsabilita-medica\/"},"wordCount":420,"publisher":{"@id":"https:\/\/gregorydamy.niceavocats.fr\/it\/#organization"},"inLanguage":"it-IT"},{"@type":"WebPage","@id":"https:\/\/gregorydamy.niceavocats.fr\/it\/unevoluzione-significativa-in-materia-di-responsabilita-medica\/","url":"https:\/\/gregorydamy.niceavocats.fr\/it\/unevoluzione-significativa-in-materia-di-responsabilita-medica\/","name":"un\u2019evoluzione significativa in materia di responsabilit\u00e0 medica. - Soci\u00e9t\u00e9 d&#039;avocats Damy","isPartOf":{"@id":"https:\/\/gregorydamy.niceavocats.fr\/it\/#website"},"datePublished":"2024-11-19T11:05:17+00:00","dateModified":"2024-11-19T11:15:43+00:00","description":"Il 16 ottobre 2024, con la sentenza n. 22-23.433, la Prima Camera Civile della Corte di Cassazione ha emesso una decisione significativa in merito ai diritti delle vittime di danni corporali.","breadcrumb":{"@id":"https:\/\/gregorydamy.niceavocats.fr\/it\/unevoluzione-significativa-in-materia-di-responsabilita-medica\/#breadcrumb"},"inLanguage":"it-IT","potentialAction":[{"@type":"ReadAction","target":["https:\/\/gregorydamy.niceavocats.fr\/it\/unevoluzione-significativa-in-materia-di-responsabilita-medica\/"]}]},{"@type":"BreadcrumbList","@id":"https:\/\/gregorydamy.niceavocats.fr\/it\/unevoluzione-significativa-in-materia-di-responsabilita-medica\/#breadcrumb","itemListElement":[{"@type":"ListItem","position":1,"name":"Accueil","item":"https:\/\/gregorydamy.niceavocats.fr\/it\/"},{"@type":"ListItem","position":2,"name":"un\u2019evoluzione significativa in materia di responsabilit\u00e0 medica."}]},{"@type":"WebSite","@id":"https:\/\/gregorydamy.niceavocats.fr\/it\/#website","url":"https:\/\/gregorydamy.niceavocats.fr\/it\/","name":"Soci\u00e9t\u00e9 d&#039;avocats Damy","description":"Justice - Confiance - Efficacit\u00e9","publisher":{"@id":"https:\/\/gregorydamy.niceavocats.fr\/it\/#organization"},"potentialAction":[{"@type":"SearchAction","target":{"@type":"EntryPoint","urlTemplate":"https:\/\/gregorydamy.niceavocats.fr\/it\/?s={search_term_string}"},"query-input":{"@type":"PropertyValueSpecification","valueRequired":true,"valueName":"search_term_string"}}],"inLanguage":"it-IT"},{"@type":"Organization","@id":"https:\/\/gregorydamy.niceavocats.fr\/it\/#organization","name":"Soci\u00e9t\u00e9 d'Avocats DAMY","alternateName":"Gr\u00e9gory DAMY","url":"https:\/\/gregorydamy.niceavocats.fr\/it\/","logo":{"@type":"ImageObject","inLanguage":"it-IT","@id":"https:\/\/gregorydamy.niceavocats.fr\/it\/#\/schema\/logo\/image\/","url":"https:\/\/gregorydamy.niceavocats.fr\/wp-content\/uploads\/2023\/04\/damylogo-1.png","contentUrl":"https:\/\/gregorydamy.niceavocats.fr\/wp-content\/uploads\/2023\/04\/damylogo-1.png","width":1890,"height":1417,"caption":"Soci\u00e9t\u00e9 d'Avocats DAMY"},"image":{"@id":"https:\/\/gregorydamy.niceavocats.fr\/it\/#\/schema\/logo\/image\/"},"sameAs":["https:\/\/www.facebook.com\/niceavocats.fr\/"]},{"@type":"Person","@id":"https:\/\/gregorydamy.niceavocats.fr\/it\/#\/schema\/person\/64c9f9acb07431f6b55f72278b4a5d57","name":"admin","sameAs":["https:\/\/gregorydamy.niceavocats.fr"],"url":"https:\/\/gregorydamy.niceavocats.fr\/it\/author\/admin_34\/"}]}},"_links":{"self":[{"href":"https:\/\/gregorydamy.niceavocats.fr\/it\/wp-json\/wp\/v2\/posts\/987508884","targetHints":{"allow":["GET"]}}],"collection":[{"href":"https:\/\/gregorydamy.niceavocats.fr\/it\/wp-json\/wp\/v2\/posts"}],"about":[{"href":"https:\/\/gregorydamy.niceavocats.fr\/it\/wp-json\/wp\/v2\/types\/post"}],"author":[{"embeddable":true,"href":"https:\/\/gregorydamy.niceavocats.fr\/it\/wp-json\/wp\/v2\/users\/1"}],"replies":[{"embeddable":true,"href":"https:\/\/gregorydamy.niceavocats.fr\/it\/wp-json\/wp\/v2\/comments?post=987508884"}],"version-history":[{"count":0,"href":"https:\/\/gregorydamy.niceavocats.fr\/it\/wp-json\/wp\/v2\/posts\/987508884\/revisions"}],"wp:attachment":[{"href":"https:\/\/gregorydamy.niceavocats.fr\/it\/wp-json\/wp\/v2\/media?parent=987508884"}],"wp:term":[{"taxonomy":"category","embeddable":true,"href":"https:\/\/gregorydamy.niceavocats.fr\/it\/wp-json\/wp\/v2\/categories?post=987508884"},{"taxonomy":"post_tag","embeddable":true,"href":"https:\/\/gregorydamy.niceavocats.fr\/it\/wp-json\/wp\/v2\/tags?post=987508884"}],"curies":[{"name":"wp","href":"https:\/\/api.w.org\/{rel}","templated":true}]}}