{"id":987508845,"date":"2024-10-25T08:10:10","date_gmt":"2024-10-25T08:10:10","guid":{"rendered":"https:\/\/gregorydamy.niceavocats.fr\/?p=987508845"},"modified":"2024-10-25T08:16:29","modified_gmt":"2024-10-25T08:16:29","slug":"linfortunio-sul-lavoro-del-telelavoratore","status":"publish","type":"post","link":"https:\/\/gregorydamy.niceavocats.fr\/it\/linfortunio-sul-lavoro-del-telelavoratore\/","title":{"rendered":"L&#8217;INFORTUNIO SUL LAVORO DEL TELELAVORATORE"},"content":{"rendered":"<p>[et_pb_section fb_built=&#8221;1&#8243; admin_label=&#8221;section&#8221; _builder_version=&#8221;4.16&#8243; global_colors_info=&#8221;{}&#8221;][et_pb_row admin_label=&#8221;row&#8221; _builder_version=&#8221;4.16&#8243; background_size=&#8221;initial&#8221; background_position=&#8221;top_left&#8221; background_repeat=&#8221;repeat&#8221; global_colors_info=&#8221;{}&#8221;][et_pb_column type=&#8221;4_4&#8243; _builder_version=&#8221;4.16&#8243; custom_padding=&#8221;|||&#8221; global_colors_info=&#8221;{}&#8221; custom_padding__hover=&#8221;|||&#8221;][et_pb_image src=&#8221;https:\/\/gregorydamy.niceavocats.fr\/wp-content\/uploads\/2023\/07\/office-620822_1280-2.jpg&#8221; alt=&#8221;Avocat Nice Accident&#8221; title_text=&#8221;office-620822_1280-2&#8243; align=&#8221;center&#8221; _builder_version=&#8221;4.24.2&#8243; _module_preset=&#8221;default&#8221; hover_enabled=&#8221;0&#8243; global_colors_info=&#8221;{}&#8221; sticky_enabled=&#8221;0&#8243;][\/et_pb_image][et_pb_text _builder_version=&#8221;4.24.2&#8243; _module_preset=&#8221;default&#8221; hover_enabled=&#8221;0&#8243; global_colors_info=&#8221;{}&#8221; sticky_enabled=&#8221;0&#8243;]<\/p>\n<p style=\"text-align: justify;\"><strong>AVOCAT NICE &#8211; DIRITTO DEL LAVORO<\/strong><\/p>\n<p style=\"text-align: justify;\">\n<h1 style=\"text-align: justify;\">L&#8217;INFORTUNIO SUL LAVORO DEL TELELAVORATORE<\/h1>\n<p style=\"text-align: justify;\">\n<p style=\"text-align: justify;\">Con una sentenza del 02 settembre 2024 (n. 23\/00964), la Corte d&#8217;appello di Amiens \u00e8 stata chiamata a pronunciarsi sulla questione della classificazione degli infortuni sul lavoro nel contesto del telelavoro. Questa decisione \u00e8 tanto pi\u00f9 importante in quanto fa luce sui contorni della protezione offerta ai telelavoratori in caso di infortunio a casa.<\/p>\n<p style=\"text-align: justify;\">\n<p style=\"text-align: justify;\">In questo caso, un dipendente in telelavoro \u00e8 caduto dalle scale di casa durante la pausa pranzo. In seguito a questo incidente, il datore di lavoro ha preso l&#8217;iniziativa di dichiarare l&#8217;infortunio alla Caisse Primaire d&#8217;Assurance Maladie (CPAM), classificandolo come infortunio sul lavoro, in quanto l&#8217;evento era direttamente collegato allo svolgimento dell&#8217;attivit\u00e0 professionale.<\/p>\n<p style=\"text-align: justify;\">\n<p style=\"text-align: justify;\">Tuttavia, la CPAM ha rifiutato di pagare l&#8217;infortunio, basando la sua decisione su un&#8217;interpretazione restrittiva della legislazione applicabile ai telelavoratori.<\/p>\n<p style=\"text-align: justify;\">\n<p style=\"text-align: justify;\">Secondo il CPAM, un infortunio pu\u00f2 essere classificato come infortunio sul lavoro solo se si verifica durante l&#8217;effettivo svolgimento delle mansioni professionali. In questo caso, il dipendente aveva informato il suo datore di lavoro, tramite un sistema di registrazione, che stava facendo la pausa pranzo quando si \u00e8 verificata la caduta. Secondo il CPAM, questa pausa costituiva un&#8217;interruzione dell&#8217;orario di lavoro, escludendo cos\u00ec l&#8217;incidente dalla legislazione sui rischi professionali.<\/p>\n<p style=\"text-align: justify;\">\n<p style=\"text-align: justify;\">Nonostante questa posizione, la Corte d&#8217;appello di Amiens ha seguito l&#8217;analisi dei giudici di primo grado, stabilendo che l&#8217;infortunio, sebbene avvenuto durante una pausa pranzo, rientrava comunque nell&#8217;ambito lavorativo.<\/p>\n<p style=\"text-align: justify;\">\n<p style=\"text-align: justify;\">Secondo la Corte, la pausa pranzo, anche in caso di telelavoro, costituisce una breve interruzione che pu\u00f2 essere trattata come tempo di lavoro effettivo. Infatti, questa breve sospensione dell&#8217;attivit\u00e0 professionale non elimina la natura professionale dell&#8217;infortunio, che rimane coperto dalle disposizioni di legge relative agli infortuni sul lavoro.<\/p>\n<p style=\"text-align: justify;\">\n<p style=\"text-align: justify;\">Questa sentenza getta quindi una luce preziosa sul concetto di tempo di telelavoro, confermando che i dipendenti che telelavorano beneficiano di una tutela estesa, anche per gli eventi che si verificano durante brevi interruzioni come la pausa pranzo.<\/p>\n<p style=\"text-align: justify;\">\n<p style=\"text-align: justify;\">Se avete domande sulla tutela dei vostri diritti, in particolare in relazione al telelavoro e agli infortuni sul lavoro, Ma\u00eetre DAMY, membro dell&#8217;Association des Avocats Praticiens en Droit Social, sar\u00e0 lieto di fornirvi consulenza e assistenza. Non esitate a contattarci per qualsiasi informazione o consulenza.<\/p>\n<p>[\/et_pb_text][\/et_pb_column][\/et_pb_row][\/et_pb_section]<\/p>\n","protected":false},"excerpt":{"rendered":"<p>AVOCAT NICE &#8211; DIRITTO DEL LAVORO L&#8217;INFORTUNIO SUL LAVORO DEL TELELAVORATORE Con una sentenza del 02 settembre 2024 (n. 23\/00964), la Corte d&#8217;appello di Amiens \u00e8 stata chiamata a pronunciarsi sulla questione della classificazione degli infortuni sul lavoro nel contesto del telelavoro. Questa decisione \u00e8 tanto pi\u00f9 importante in quanto fa luce sui contorni della [&hellip;]<\/p>\n","protected":false},"author":1,"featured_media":0,"comment_status":"closed","ping_status":"open","sticky":false,"template":"","format":"standard","meta":{"_et_pb_use_builder":"on","_et_pb_old_content":"","_et_gb_content_width":"","footnotes":""},"categories":[],"tags":[],"class_list":["post-987508845","post","type-post","status-publish","format-standard","hentry"],"yoast_head":"<!-- This site is optimized with the Yoast SEO plugin v26.8 - https:\/\/yoast.com\/product\/yoast-seo-wordpress\/ -->\n<title>L&#039;INFORTUNIO SUL LAVORO DEL TELELAVORATORE - Soci\u00e9t\u00e9 d&#039;avocats Damy<\/title>\n<meta name=\"description\" content=\"Con una sentenza del 02 settembre 2024 (n. 23\/00964), la Corte d&#039;appello di Amiens \u00e8 stata chiamata a pronunciarsi sulla questione della classificazione degli infortuni sul lavoro nel contesto del telelavoro. Questa decisione \u00e8 tanto pi\u00f9 importante in quanto fa luce sui contorni della protezione offerta ai telelavoratori in caso di infortunio a casa.\" \/>\n<meta name=\"robots\" content=\"index, follow, max-snippet:-1, max-image-preview:large, max-video-preview:-1\" \/>\n<link rel=\"canonical\" href=\"https:\/\/gregorydamy.niceavocats.fr\/it\/linfortunio-sul-lavoro-del-telelavoratore\/\" \/>\n<meta property=\"og:locale\" content=\"it_IT\" \/>\n<meta property=\"og:type\" content=\"article\" \/>\n<meta property=\"og:title\" content=\"L&#039;INFORTUNIO SUL LAVORO DEL TELELAVORATORE - Soci\u00e9t\u00e9 d&#039;avocats Damy\" \/>\n<meta property=\"og:description\" content=\"Con una sentenza del 02 settembre 2024 (n. 23\/00964), la Corte d&#039;appello di Amiens \u00e8 stata chiamata a pronunciarsi sulla questione della classificazione degli infortuni sul lavoro nel contesto del telelavoro. Questa decisione \u00e8 tanto pi\u00f9 importante in quanto fa luce sui contorni della protezione offerta ai telelavoratori in caso di infortunio a casa.\" \/>\n<meta property=\"og:url\" content=\"https:\/\/gregorydamy.niceavocats.fr\/it\/linfortunio-sul-lavoro-del-telelavoratore\/\" \/>\n<meta property=\"og:site_name\" content=\"Soci\u00e9t\u00e9 d&#039;avocats Damy\" \/>\n<meta property=\"article:publisher\" content=\"https:\/\/www.facebook.com\/niceavocats.fr\/\" \/>\n<meta property=\"article:published_time\" content=\"2024-10-25T08:10:10+00:00\" \/>\n<meta property=\"article:modified_time\" content=\"2024-10-25T08:16:29+00:00\" \/>\n<meta name=\"author\" content=\"admin\" \/>\n<meta name=\"twitter:card\" content=\"summary_large_image\" \/>\n<meta name=\"twitter:label1\" content=\"Scritto da\" \/>\n\t<meta name=\"twitter:data1\" content=\"admin\" \/>\n\t<meta name=\"twitter:label2\" content=\"Tempo di lettura stimato\" \/>\n\t<meta name=\"twitter:data2\" content=\"4 minuti\" \/>\n<script type=\"application\/ld+json\" class=\"yoast-schema-graph\">{\"@context\":\"https:\/\/schema.org\",\"@graph\":[{\"@type\":\"Article\",\"@id\":\"https:\/\/gregorydamy.niceavocats.fr\/it\/linfortunio-sul-lavoro-del-telelavoratore\/#article\",\"isPartOf\":{\"@id\":\"https:\/\/gregorydamy.niceavocats.fr\/it\/linfortunio-sul-lavoro-del-telelavoratore\/\"},\"author\":{\"name\":\"admin\",\"@id\":\"https:\/\/gregorydamy.niceavocats.fr\/it\/#\/schema\/person\/64c9f9acb07431f6b55f72278b4a5d57\"},\"headline\":\"L&#8217;INFORTUNIO SUL LAVORO DEL TELELAVORATORE\",\"datePublished\":\"2024-10-25T08:10:10+00:00\",\"dateModified\":\"2024-10-25T08:16:29+00:00\",\"mainEntityOfPage\":{\"@id\":\"https:\/\/gregorydamy.niceavocats.fr\/it\/linfortunio-sul-lavoro-del-telelavoratore\/\"},\"wordCount\":500,\"publisher\":{\"@id\":\"https:\/\/gregorydamy.niceavocats.fr\/it\/#organization\"},\"inLanguage\":\"it-IT\"},{\"@type\":\"WebPage\",\"@id\":\"https:\/\/gregorydamy.niceavocats.fr\/it\/linfortunio-sul-lavoro-del-telelavoratore\/\",\"url\":\"https:\/\/gregorydamy.niceavocats.fr\/it\/linfortunio-sul-lavoro-del-telelavoratore\/\",\"name\":\"L'INFORTUNIO SUL LAVORO DEL TELELAVORATORE - Soci\u00e9t\u00e9 d&#039;avocats Damy\",\"isPartOf\":{\"@id\":\"https:\/\/gregorydamy.niceavocats.fr\/it\/#website\"},\"datePublished\":\"2024-10-25T08:10:10+00:00\",\"dateModified\":\"2024-10-25T08:16:29+00:00\",\"description\":\"Con una sentenza del 02 settembre 2024 (n. 23\/00964), la Corte d'appello di Amiens \u00e8 stata chiamata a pronunciarsi sulla questione della classificazione degli infortuni sul lavoro nel contesto del telelavoro. Questa decisione \u00e8 tanto pi\u00f9 importante in quanto fa luce sui contorni della protezione offerta ai telelavoratori in caso di infortunio a casa.\",\"breadcrumb\":{\"@id\":\"https:\/\/gregorydamy.niceavocats.fr\/it\/linfortunio-sul-lavoro-del-telelavoratore\/#breadcrumb\"},\"inLanguage\":\"it-IT\",\"potentialAction\":[{\"@type\":\"ReadAction\",\"target\":[\"https:\/\/gregorydamy.niceavocats.fr\/it\/linfortunio-sul-lavoro-del-telelavoratore\/\"]}]},{\"@type\":\"BreadcrumbList\",\"@id\":\"https:\/\/gregorydamy.niceavocats.fr\/it\/linfortunio-sul-lavoro-del-telelavoratore\/#breadcrumb\",\"itemListElement\":[{\"@type\":\"ListItem\",\"position\":1,\"name\":\"Accueil\",\"item\":\"https:\/\/gregorydamy.niceavocats.fr\/it\/\"},{\"@type\":\"ListItem\",\"position\":2,\"name\":\"L&#8217;INFORTUNIO SUL LAVORO DEL TELELAVORATORE\"}]},{\"@type\":\"WebSite\",\"@id\":\"https:\/\/gregorydamy.niceavocats.fr\/it\/#website\",\"url\":\"https:\/\/gregorydamy.niceavocats.fr\/it\/\",\"name\":\"Soci\u00e9t\u00e9 d&#039;avocats Damy\",\"description\":\"Justice - Confiance - Efficacit\u00e9\",\"publisher\":{\"@id\":\"https:\/\/gregorydamy.niceavocats.fr\/it\/#organization\"},\"potentialAction\":[{\"@type\":\"SearchAction\",\"target\":{\"@type\":\"EntryPoint\",\"urlTemplate\":\"https:\/\/gregorydamy.niceavocats.fr\/it\/?s={search_term_string}\"},\"query-input\":{\"@type\":\"PropertyValueSpecification\",\"valueRequired\":true,\"valueName\":\"search_term_string\"}}],\"inLanguage\":\"it-IT\"},{\"@type\":\"Organization\",\"@id\":\"https:\/\/gregorydamy.niceavocats.fr\/it\/#organization\",\"name\":\"Soci\u00e9t\u00e9 d'Avocats DAMY\",\"alternateName\":\"Gr\u00e9gory DAMY\",\"url\":\"https:\/\/gregorydamy.niceavocats.fr\/it\/\",\"logo\":{\"@type\":\"ImageObject\",\"inLanguage\":\"it-IT\",\"@id\":\"https:\/\/gregorydamy.niceavocats.fr\/it\/#\/schema\/logo\/image\/\",\"url\":\"https:\/\/gregorydamy.niceavocats.fr\/wp-content\/uploads\/2023\/04\/damylogo-1.png\",\"contentUrl\":\"https:\/\/gregorydamy.niceavocats.fr\/wp-content\/uploads\/2023\/04\/damylogo-1.png\",\"width\":1890,\"height\":1417,\"caption\":\"Soci\u00e9t\u00e9 d'Avocats DAMY\"},\"image\":{\"@id\":\"https:\/\/gregorydamy.niceavocats.fr\/it\/#\/schema\/logo\/image\/\"},\"sameAs\":[\"https:\/\/www.facebook.com\/niceavocats.fr\/\"]},{\"@type\":\"Person\",\"@id\":\"https:\/\/gregorydamy.niceavocats.fr\/it\/#\/schema\/person\/64c9f9acb07431f6b55f72278b4a5d57\",\"name\":\"admin\",\"sameAs\":[\"https:\/\/gregorydamy.niceavocats.fr\"],\"url\":\"https:\/\/gregorydamy.niceavocats.fr\/it\/author\/admin_34\/\"}]}<\/script>\n<!-- \/ Yoast SEO plugin. -->","yoast_head_json":{"title":"L'INFORTUNIO SUL LAVORO DEL TELELAVORATORE - Soci\u00e9t\u00e9 d&#039;avocats Damy","description":"Con una sentenza del 02 settembre 2024 (n. 23\/00964), la Corte d'appello di Amiens \u00e8 stata chiamata a pronunciarsi sulla questione della classificazione degli infortuni sul lavoro nel contesto del telelavoro. Questa decisione \u00e8 tanto pi\u00f9 importante in quanto fa luce sui contorni della protezione offerta ai telelavoratori in caso di infortunio a casa.","robots":{"index":"index","follow":"follow","max-snippet":"max-snippet:-1","max-image-preview":"max-image-preview:large","max-video-preview":"max-video-preview:-1"},"canonical":"https:\/\/gregorydamy.niceavocats.fr\/it\/linfortunio-sul-lavoro-del-telelavoratore\/","og_locale":"it_IT","og_type":"article","og_title":"L'INFORTUNIO SUL LAVORO DEL TELELAVORATORE - Soci\u00e9t\u00e9 d&#039;avocats Damy","og_description":"Con una sentenza del 02 settembre 2024 (n. 23\/00964), la Corte d'appello di Amiens \u00e8 stata chiamata a pronunciarsi sulla questione della classificazione degli infortuni sul lavoro nel contesto del telelavoro. Questa decisione \u00e8 tanto pi\u00f9 importante in quanto fa luce sui contorni della protezione offerta ai telelavoratori in caso di infortunio a casa.","og_url":"https:\/\/gregorydamy.niceavocats.fr\/it\/linfortunio-sul-lavoro-del-telelavoratore\/","og_site_name":"Soci\u00e9t\u00e9 d&#039;avocats Damy","article_publisher":"https:\/\/www.facebook.com\/niceavocats.fr\/","article_published_time":"2024-10-25T08:10:10+00:00","article_modified_time":"2024-10-25T08:16:29+00:00","author":"admin","twitter_card":"summary_large_image","twitter_misc":{"Scritto da":"admin","Tempo di lettura stimato":"4 minuti"},"schema":{"@context":"https:\/\/schema.org","@graph":[{"@type":"Article","@id":"https:\/\/gregorydamy.niceavocats.fr\/it\/linfortunio-sul-lavoro-del-telelavoratore\/#article","isPartOf":{"@id":"https:\/\/gregorydamy.niceavocats.fr\/it\/linfortunio-sul-lavoro-del-telelavoratore\/"},"author":{"name":"admin","@id":"https:\/\/gregorydamy.niceavocats.fr\/it\/#\/schema\/person\/64c9f9acb07431f6b55f72278b4a5d57"},"headline":"L&#8217;INFORTUNIO SUL LAVORO DEL TELELAVORATORE","datePublished":"2024-10-25T08:10:10+00:00","dateModified":"2024-10-25T08:16:29+00:00","mainEntityOfPage":{"@id":"https:\/\/gregorydamy.niceavocats.fr\/it\/linfortunio-sul-lavoro-del-telelavoratore\/"},"wordCount":500,"publisher":{"@id":"https:\/\/gregorydamy.niceavocats.fr\/it\/#organization"},"inLanguage":"it-IT"},{"@type":"WebPage","@id":"https:\/\/gregorydamy.niceavocats.fr\/it\/linfortunio-sul-lavoro-del-telelavoratore\/","url":"https:\/\/gregorydamy.niceavocats.fr\/it\/linfortunio-sul-lavoro-del-telelavoratore\/","name":"L'INFORTUNIO SUL LAVORO DEL TELELAVORATORE - Soci\u00e9t\u00e9 d&#039;avocats Damy","isPartOf":{"@id":"https:\/\/gregorydamy.niceavocats.fr\/it\/#website"},"datePublished":"2024-10-25T08:10:10+00:00","dateModified":"2024-10-25T08:16:29+00:00","description":"Con una sentenza del 02 settembre 2024 (n. 23\/00964), la Corte d'appello di Amiens \u00e8 stata chiamata a pronunciarsi sulla questione della classificazione degli infortuni sul lavoro nel contesto del telelavoro. Questa decisione \u00e8 tanto pi\u00f9 importante in quanto fa luce sui contorni della protezione offerta ai telelavoratori in caso di infortunio a casa.","breadcrumb":{"@id":"https:\/\/gregorydamy.niceavocats.fr\/it\/linfortunio-sul-lavoro-del-telelavoratore\/#breadcrumb"},"inLanguage":"it-IT","potentialAction":[{"@type":"ReadAction","target":["https:\/\/gregorydamy.niceavocats.fr\/it\/linfortunio-sul-lavoro-del-telelavoratore\/"]}]},{"@type":"BreadcrumbList","@id":"https:\/\/gregorydamy.niceavocats.fr\/it\/linfortunio-sul-lavoro-del-telelavoratore\/#breadcrumb","itemListElement":[{"@type":"ListItem","position":1,"name":"Accueil","item":"https:\/\/gregorydamy.niceavocats.fr\/it\/"},{"@type":"ListItem","position":2,"name":"L&#8217;INFORTUNIO SUL LAVORO DEL TELELAVORATORE"}]},{"@type":"WebSite","@id":"https:\/\/gregorydamy.niceavocats.fr\/it\/#website","url":"https:\/\/gregorydamy.niceavocats.fr\/it\/","name":"Soci\u00e9t\u00e9 d&#039;avocats Damy","description":"Justice - Confiance - Efficacit\u00e9","publisher":{"@id":"https:\/\/gregorydamy.niceavocats.fr\/it\/#organization"},"potentialAction":[{"@type":"SearchAction","target":{"@type":"EntryPoint","urlTemplate":"https:\/\/gregorydamy.niceavocats.fr\/it\/?s={search_term_string}"},"query-input":{"@type":"PropertyValueSpecification","valueRequired":true,"valueName":"search_term_string"}}],"inLanguage":"it-IT"},{"@type":"Organization","@id":"https:\/\/gregorydamy.niceavocats.fr\/it\/#organization","name":"Soci\u00e9t\u00e9 d'Avocats DAMY","alternateName":"Gr\u00e9gory DAMY","url":"https:\/\/gregorydamy.niceavocats.fr\/it\/","logo":{"@type":"ImageObject","inLanguage":"it-IT","@id":"https:\/\/gregorydamy.niceavocats.fr\/it\/#\/schema\/logo\/image\/","url":"https:\/\/gregorydamy.niceavocats.fr\/wp-content\/uploads\/2023\/04\/damylogo-1.png","contentUrl":"https:\/\/gregorydamy.niceavocats.fr\/wp-content\/uploads\/2023\/04\/damylogo-1.png","width":1890,"height":1417,"caption":"Soci\u00e9t\u00e9 d'Avocats DAMY"},"image":{"@id":"https:\/\/gregorydamy.niceavocats.fr\/it\/#\/schema\/logo\/image\/"},"sameAs":["https:\/\/www.facebook.com\/niceavocats.fr\/"]},{"@type":"Person","@id":"https:\/\/gregorydamy.niceavocats.fr\/it\/#\/schema\/person\/64c9f9acb07431f6b55f72278b4a5d57","name":"admin","sameAs":["https:\/\/gregorydamy.niceavocats.fr"],"url":"https:\/\/gregorydamy.niceavocats.fr\/it\/author\/admin_34\/"}]}},"_links":{"self":[{"href":"https:\/\/gregorydamy.niceavocats.fr\/it\/wp-json\/wp\/v2\/posts\/987508845","targetHints":{"allow":["GET"]}}],"collection":[{"href":"https:\/\/gregorydamy.niceavocats.fr\/it\/wp-json\/wp\/v2\/posts"}],"about":[{"href":"https:\/\/gregorydamy.niceavocats.fr\/it\/wp-json\/wp\/v2\/types\/post"}],"author":[{"embeddable":true,"href":"https:\/\/gregorydamy.niceavocats.fr\/it\/wp-json\/wp\/v2\/users\/1"}],"replies":[{"embeddable":true,"href":"https:\/\/gregorydamy.niceavocats.fr\/it\/wp-json\/wp\/v2\/comments?post=987508845"}],"version-history":[{"count":0,"href":"https:\/\/gregorydamy.niceavocats.fr\/it\/wp-json\/wp\/v2\/posts\/987508845\/revisions"}],"wp:attachment":[{"href":"https:\/\/gregorydamy.niceavocats.fr\/it\/wp-json\/wp\/v2\/media?parent=987508845"}],"wp:term":[{"taxonomy":"category","embeddable":true,"href":"https:\/\/gregorydamy.niceavocats.fr\/it\/wp-json\/wp\/v2\/categories?post=987508845"},{"taxonomy":"post_tag","embeddable":true,"href":"https:\/\/gregorydamy.niceavocats.fr\/it\/wp-json\/wp\/v2\/tags?post=987508845"}],"curies":[{"name":"wp","href":"https:\/\/api.w.org\/{rel}","templated":true}]}}