{"id":987508827,"date":"2024-10-18T17:11:52","date_gmt":"2024-10-18T17:11:52","guid":{"rendered":"https:\/\/gregorydamy.niceavocats.fr\/?p=987508827"},"modified":"2024-10-24T12:25:28","modified_gmt":"2024-10-24T12:25:28","slug":"tenere-conto-delle-esigenze-delle-vittime-tetraplegiche-questioni-e-implicazioni-legali","status":"publish","type":"post","link":"https:\/\/gregorydamy.niceavocats.fr\/it\/tenere-conto-delle-esigenze-delle-vittime-tetraplegiche-questioni-e-implicazioni-legali\/","title":{"rendered":"Tenere conto delle esigenze delle vittime tetraplegiche: questioni e implicazioni legali"},"content":{"rendered":"<p>[et_pb_section fb_built=&#8221;1&#8243; admin_label=&#8221;section&#8221; _builder_version=&#8221;4.16&#8243; global_colors_info=&#8221;{}&#8221;][et_pb_row admin_label=&#8221;row&#8221; _builder_version=&#8221;4.16&#8243; background_size=&#8221;initial&#8221; background_position=&#8221;top_left&#8221; background_repeat=&#8221;repeat&#8221; global_colors_info=&#8221;{}&#8221;][et_pb_column type=&#8221;4_4&#8243; _builder_version=&#8221;4.16&#8243; custom_padding=&#8221;|||&#8221; global_colors_info=&#8221;{}&#8221; custom_padding__hover=&#8221;|||&#8221;][et_pb_image src=&#8221;https:\/\/gregorydamy.niceavocats.fr\/wp-content\/uploads\/2023\/08\/wheelchair-749985_1280-2.jpg&#8221; alt=&#8221;Avocat Nice Accident&#8221; title_text=&#8221;wheelchair-749985_1280-2&#8243; align=&#8221;center&#8221; _builder_version=&#8221;4.24.2&#8243; _module_preset=&#8221;default&#8221; global_colors_info=&#8221;{}&#8221;][\/et_pb_image][et_pb_text _builder_version=&#8221;4.24.2&#8243; _module_preset=&#8221;default&#8221; hover_enabled=&#8221;0&#8243; global_colors_info=&#8221;{}&#8221; sticky_enabled=&#8221;0&#8243;]<\/p>\n<p style=\"text-align: justify;\">AVOCAT NICE &#8211; LESIONI PERSONALI<\/p>\n<h1 style=\"text-align: justify;\">Tenere conto delle esigenze delle vittime tetraplegiche: questioni e implicazioni legali<\/h1>\n<p style=\"text-align: justify;\">\n<p style=\"text-align: justify;\">Quando una persona diventa tetraplegica a causa di un incidente o per colpa di un&#8217;altra persona, le ripercussioni sulla sua vita quotidiana sono importanti e permanenti.<\/p>\n<p style=\"text-align: justify;\">Questa situazione comporta una maggiore dipendenza dagli altri per svolgere le attivit\u00e0 quotidiane, un&#8217;assistenza costante e la necessit\u00e0 di adattare l&#8217;ambiente di vita per garantire un minimo di comfort e autonomia.<\/p>\n<p style=\"text-align: justify;\">In Francia, il quadro giuridico per il risarcimento dei danni alla persona prevede che si tenga conto di queste esigenze nella valutazione e nel risarcimento del danno.<\/p>\n<ol style=\"text-align: justify;\">\n<li>Il risarcimento integrale del danno alla persona: un requisito fondamentale<\/li>\n<\/ol>\n<p style=\"text-align: justify;\">Il concetto di risarcimento integrale \u00e8 un principio fondamentale della legge francese sulla responsabilit\u00e0 civile.<\/p>\n<p style=\"text-align: justify;\">In base a questo principio, la vittima di un danno alla persona deve essere risarcita in modo tale che il suo danno sia interamente compensato, senza alcuna perdita o guadagno.<\/p>\n<p style=\"text-align: justify;\">Il risarcimento integrale copre non solo le spese mediche e di riabilitazione, ma anche la necessit\u00e0 di adattare la vita quotidiana.<\/p>\n<p style=\"text-align: justify;\">Per una persona diventata tetraplegica, un risarcimento completo significa prendere in considerazione diverse categorie di perdita, tra cui:<\/p>\n<p style=\"text-align: justify;\">&#8211; Spese sanitarie attuali e future: cure mediche, riabilitazione, attrezzature mediche.<\/p>\n<p style=\"text-align: justify;\">&#8211; La necessit\u00e0 di assistenza permanente da parte di terzi: assistenza domiciliare per le cure quotidiane e le attivit\u00e0 di tutti i giorni.<\/p>\n<p style=\"text-align: justify;\">&#8211; Adattamento dell&#8217;abitazione e del veicolo: adattamenti per consentire la piena accessibilit\u00e0, sia all&#8217;interno che all&#8217;esterno dell&#8217;abitazione.<\/p>\n<p style=\"text-align: justify;\">&#8211; Pregiudizio morale e perdita del piacere di vivere: perdita dell&#8217;autonomia e del piacere di vivere, spesso compensata sotto forma di \u201cpregiudizio del piacere\u201d o \u201cpregiudizio morale\u201d.<\/p>\n<p style=\"text-align: justify;\">&#8211; Perdita dell&#8217;opportunit\u00e0 di costruire una vita familiare tradizionale.<\/p>\n<p style=\"text-align: justify;\">L&#8217;obiettivo del risarcimento integrale \u00e8 quello di riportare la vittima, per quanto possibile, alle condizioni di vita che avrebbe avuto in assenza dell&#8217;aiuto.<\/p>\n<ol style=\"text-align: justify;\">\n<li>Modalit\u00e0 di vita: diritto alla dignit\u00e0 e all&#8217;autonomia<\/li>\n<\/ol>\n<p style=\"text-align: justify;\">La tetraplegia, caratterizzata dalla paralisi di tutti e quattro gli arti, impone uno sconvolgimento totale del modo in cui la persona colpita vive la sua vita quotidiana.<\/p>\n<p style=\"text-align: justify;\">Questa situazione richiede notevoli adattamenti dell&#8217;abitazione e del mezzo di trasporto per soddisfare i requisiti di comfort, sicurezza e indipendenza. Gli adattamenti necessari comprendono<\/p>\n<p style=\"text-align: justify;\">&#8211; L&#8217;adattamento dell&#8217;abitazione: creazione di un accesso adattato, installazione di rampe, allargamento delle porte, installazione di un bagno e di una cucina adattati alla disabilit\u00e0.<\/p>\n<p style=\"text-align: justify;\">&#8211; L&#8217;uso di dispositivi tecnologici: apparecchiature automatizzate (domotica) che consentono alla vittima di controllare autonomamente alcuni elementi del proprio ambiente (apertura delle porte, gestione dell&#8217;illuminazione, ecc.).<\/p>\n<p style=\"text-align: justify;\">&#8211; Adattamento del veicolo: per le vittime in grado di guidare un veicolo adattato, o l&#8217;acquisto di mezzi di trasporto specializzati.<\/p>\n<p style=\"text-align: justify;\">Sebbene essenziali, questi adattamenti rappresentano costi significativi che devono essere coperti dal risarcimento.<\/p>\n<p style=\"text-align: justify;\">Inoltre, dovranno essere rinnovati pi\u00f9 volte nel corso della vita.<\/p>\n<p style=\"text-align: justify;\">Il diritto alla dignit\u00e0 e il diritto all&#8217;autonomia sono i principi guida in questo caso: le vittime tetraplegiche devono poter beneficiare di un ambiente di vita che permetta loro di vivere in condizioni che rispettino la loro dignit\u00e0 umana.<\/p>\n<p style=\"text-align: justify;\">III. Valutazione dei bisogni e giurisprudenza nel campo della tetraplegia<\/p>\n<p style=\"text-align: justify;\">La valutazione delle esigenze specifiche di una vittima tetraplegica in termini di sistemazione abitativa si basa spesso su perizie medico-legali.<\/p>\n<p style=\"text-align: justify;\">Nella valutazione del risarcimento, il giudice si basa sui pareri di esperti medici ed ergonomici, che determinano le esigenze specifiche in termini di miglioramenti domestici, assistenza umana e attrezzature tecnologiche.<\/p>\n<p style=\"text-align: justify;\">La Corte di Cassazione ribadisce regolarmente che il risarcimento deve coprire tutte le esigenze attuali e future della vittima, comprese quelle relative alle migliorie domestiche e all&#8217;assistenza di terzi.<\/p>\n<p style=\"text-align: justify;\">Pi\u00f9 recentemente, i tribunali francesi tendono a riconoscere il danno legato alla perdita di autonomia in modo sempre pi\u00f9 ampio, con particolare attenzione alla necessit\u00e0 di assistenza permanente da parte di terzi e all&#8217;adattamento dell&#8217;ambiente di vita.<\/p>\n<p style=\"text-align: justify;\">Qual \u00e8 la posta in gioco?<\/p>\n<p style=\"text-align: justify;\">Tenere conto delle esigenze di una vittima tetraplegica in termini di sistemazione abitativa \u00e8 una questione fondamentale nel diritto del risarcimento.<\/p>\n<p style=\"text-align: justify;\">Questo ambito evidenzia la centralit\u00e0 del principio del risarcimento integrale, che implica un risarcimento che copra non solo le cure mediche ma anche l&#8217;adattamento dell&#8217;ambiente di vita per consentire alla vittima di vivere in condizioni dignitose e indipendenti.<\/p>\n<p style=\"text-align: justify;\">L&#8217;adattamento dell&#8217;ambiente di vita, sia esso fisico o tecnologico, ha un ruolo importante nel risarcimento della persona lesa.<\/p>\n<p>[\/et_pb_text][\/et_pb_column][\/et_pb_row][\/et_pb_section]<\/p>\n","protected":false},"excerpt":{"rendered":"<p>AVOCAT NICE &#8211; LESIONI PERSONALI Tenere conto delle esigenze delle vittime tetraplegiche: questioni e implicazioni legali Quando una persona diventa tetraplegica a causa di un incidente o per colpa di un&#8217;altra persona, le ripercussioni sulla sua vita quotidiana sono importanti e permanenti. Questa situazione comporta una maggiore dipendenza dagli altri per svolgere le attivit\u00e0 quotidiane, [&hellip;]<\/p>\n","protected":false},"author":1,"featured_media":0,"comment_status":"closed","ping_status":"open","sticky":false,"template":"","format":"standard","meta":{"_et_pb_use_builder":"on","_et_pb_old_content":"","_et_gb_content_width":"","footnotes":""},"categories":[],"tags":[],"class_list":["post-987508827","post","type-post","status-publish","format-standard","hentry"],"yoast_head":"<!-- This site is optimized with the Yoast SEO plugin v26.8 - https:\/\/yoast.com\/product\/yoast-seo-wordpress\/ -->\n<title>Tenere conto delle esigenze delle vittime tetraplegiche: questioni e implicazioni legali - Soci\u00e9t\u00e9 d&#039;avocats Damy<\/title>\n<meta name=\"description\" content=\"Quando una persona diventa tetraplegica a causa di un incidente o per colpa di un&#039;altra persona, le ripercussioni sulla sua vita quotidiana sono importanti e permanenti.\" \/>\n<meta name=\"robots\" content=\"index, follow, max-snippet:-1, max-image-preview:large, max-video-preview:-1\" \/>\n<link rel=\"canonical\" href=\"https:\/\/gregorydamy.niceavocats.fr\/it\/tenere-conto-delle-esigenze-delle-vittime-tetraplegiche-questioni-e-implicazioni-legali\/\" \/>\n<meta property=\"og:locale\" content=\"it_IT\" \/>\n<meta property=\"og:type\" content=\"article\" \/>\n<meta property=\"og:title\" content=\"Tenere conto delle esigenze delle vittime tetraplegiche: questioni e implicazioni legali - Soci\u00e9t\u00e9 d&#039;avocats Damy\" \/>\n<meta property=\"og:description\" content=\"Quando una persona diventa tetraplegica a causa di un incidente o per colpa di un&#039;altra persona, le ripercussioni sulla sua vita quotidiana sono importanti e permanenti.\" \/>\n<meta property=\"og:url\" content=\"https:\/\/gregorydamy.niceavocats.fr\/it\/tenere-conto-delle-esigenze-delle-vittime-tetraplegiche-questioni-e-implicazioni-legali\/\" \/>\n<meta property=\"og:site_name\" content=\"Soci\u00e9t\u00e9 d&#039;avocats Damy\" \/>\n<meta property=\"article:publisher\" content=\"https:\/\/www.facebook.com\/niceavocats.fr\/\" \/>\n<meta property=\"article:published_time\" content=\"2024-10-18T17:11:52+00:00\" \/>\n<meta property=\"article:modified_time\" content=\"2024-10-24T12:25:28+00:00\" \/>\n<meta name=\"author\" content=\"admin\" \/>\n<meta name=\"twitter:card\" content=\"summary_large_image\" \/>\n<meta name=\"twitter:label1\" content=\"Scritto da\" \/>\n\t<meta name=\"twitter:data1\" content=\"admin\" \/>\n\t<meta name=\"twitter:label2\" content=\"Tempo di lettura stimato\" \/>\n\t<meta name=\"twitter:data2\" content=\"3 minuti\" \/>\n<script type=\"application\/ld+json\" class=\"yoast-schema-graph\">{\"@context\":\"https:\/\/schema.org\",\"@graph\":[{\"@type\":\"Article\",\"@id\":\"https:\/\/gregorydamy.niceavocats.fr\/it\/tenere-conto-delle-esigenze-delle-vittime-tetraplegiche-questioni-e-implicazioni-legali\/#article\",\"isPartOf\":{\"@id\":\"https:\/\/gregorydamy.niceavocats.fr\/it\/tenere-conto-delle-esigenze-delle-vittime-tetraplegiche-questioni-e-implicazioni-legali\/\"},\"author\":{\"name\":\"admin\",\"@id\":\"https:\/\/gregorydamy.niceavocats.fr\/it\/#\/schema\/person\/64c9f9acb07431f6b55f72278b4a5d57\"},\"headline\":\"Tenere conto delle esigenze delle vittime tetraplegiche: questioni e implicazioni legali\",\"datePublished\":\"2024-10-18T17:11:52+00:00\",\"dateModified\":\"2024-10-24T12:25:28+00:00\",\"mainEntityOfPage\":{\"@id\":\"https:\/\/gregorydamy.niceavocats.fr\/it\/tenere-conto-delle-esigenze-delle-vittime-tetraplegiche-questioni-e-implicazioni-legali\/\"},\"wordCount\":848,\"publisher\":{\"@id\":\"https:\/\/gregorydamy.niceavocats.fr\/it\/#organization\"},\"inLanguage\":\"it-IT\"},{\"@type\":\"WebPage\",\"@id\":\"https:\/\/gregorydamy.niceavocats.fr\/it\/tenere-conto-delle-esigenze-delle-vittime-tetraplegiche-questioni-e-implicazioni-legali\/\",\"url\":\"https:\/\/gregorydamy.niceavocats.fr\/it\/tenere-conto-delle-esigenze-delle-vittime-tetraplegiche-questioni-e-implicazioni-legali\/\",\"name\":\"Tenere conto delle esigenze delle vittime tetraplegiche: questioni e implicazioni legali - Soci\u00e9t\u00e9 d&#039;avocats Damy\",\"isPartOf\":{\"@id\":\"https:\/\/gregorydamy.niceavocats.fr\/it\/#website\"},\"datePublished\":\"2024-10-18T17:11:52+00:00\",\"dateModified\":\"2024-10-24T12:25:28+00:00\",\"description\":\"Quando una persona diventa tetraplegica a causa di un incidente o per colpa di un'altra persona, le ripercussioni sulla sua vita quotidiana sono importanti e permanenti.\",\"breadcrumb\":{\"@id\":\"https:\/\/gregorydamy.niceavocats.fr\/it\/tenere-conto-delle-esigenze-delle-vittime-tetraplegiche-questioni-e-implicazioni-legali\/#breadcrumb\"},\"inLanguage\":\"it-IT\",\"potentialAction\":[{\"@type\":\"ReadAction\",\"target\":[\"https:\/\/gregorydamy.niceavocats.fr\/it\/tenere-conto-delle-esigenze-delle-vittime-tetraplegiche-questioni-e-implicazioni-legali\/\"]}]},{\"@type\":\"BreadcrumbList\",\"@id\":\"https:\/\/gregorydamy.niceavocats.fr\/it\/tenere-conto-delle-esigenze-delle-vittime-tetraplegiche-questioni-e-implicazioni-legali\/#breadcrumb\",\"itemListElement\":[{\"@type\":\"ListItem\",\"position\":1,\"name\":\"Accueil\",\"item\":\"https:\/\/gregorydamy.niceavocats.fr\/it\/\"},{\"@type\":\"ListItem\",\"position\":2,\"name\":\"Tenere conto delle esigenze delle vittime tetraplegiche: questioni e implicazioni legali\"}]},{\"@type\":\"WebSite\",\"@id\":\"https:\/\/gregorydamy.niceavocats.fr\/it\/#website\",\"url\":\"https:\/\/gregorydamy.niceavocats.fr\/it\/\",\"name\":\"Soci\u00e9t\u00e9 d&#039;avocats Damy\",\"description\":\"Justice - Confiance - Efficacit\u00e9\",\"publisher\":{\"@id\":\"https:\/\/gregorydamy.niceavocats.fr\/it\/#organization\"},\"potentialAction\":[{\"@type\":\"SearchAction\",\"target\":{\"@type\":\"EntryPoint\",\"urlTemplate\":\"https:\/\/gregorydamy.niceavocats.fr\/it\/?s={search_term_string}\"},\"query-input\":{\"@type\":\"PropertyValueSpecification\",\"valueRequired\":true,\"valueName\":\"search_term_string\"}}],\"inLanguage\":\"it-IT\"},{\"@type\":\"Organization\",\"@id\":\"https:\/\/gregorydamy.niceavocats.fr\/it\/#organization\",\"name\":\"Soci\u00e9t\u00e9 d'Avocats DAMY\",\"alternateName\":\"Gr\u00e9gory DAMY\",\"url\":\"https:\/\/gregorydamy.niceavocats.fr\/it\/\",\"logo\":{\"@type\":\"ImageObject\",\"inLanguage\":\"it-IT\",\"@id\":\"https:\/\/gregorydamy.niceavocats.fr\/it\/#\/schema\/logo\/image\/\",\"url\":\"https:\/\/gregorydamy.niceavocats.fr\/wp-content\/uploads\/2023\/04\/damylogo-1.png\",\"contentUrl\":\"https:\/\/gregorydamy.niceavocats.fr\/wp-content\/uploads\/2023\/04\/damylogo-1.png\",\"width\":1890,\"height\":1417,\"caption\":\"Soci\u00e9t\u00e9 d'Avocats DAMY\"},\"image\":{\"@id\":\"https:\/\/gregorydamy.niceavocats.fr\/it\/#\/schema\/logo\/image\/\"},\"sameAs\":[\"https:\/\/www.facebook.com\/niceavocats.fr\/\"]},{\"@type\":\"Person\",\"@id\":\"https:\/\/gregorydamy.niceavocats.fr\/it\/#\/schema\/person\/64c9f9acb07431f6b55f72278b4a5d57\",\"name\":\"admin\",\"sameAs\":[\"https:\/\/gregorydamy.niceavocats.fr\"],\"url\":\"https:\/\/gregorydamy.niceavocats.fr\/it\/author\/admin_34\/\"}]}<\/script>\n<!-- \/ Yoast SEO plugin. -->","yoast_head_json":{"title":"Tenere conto delle esigenze delle vittime tetraplegiche: questioni e implicazioni legali - Soci\u00e9t\u00e9 d&#039;avocats Damy","description":"Quando una persona diventa tetraplegica a causa di un incidente o per colpa di un'altra persona, le ripercussioni sulla sua vita quotidiana sono importanti e permanenti.","robots":{"index":"index","follow":"follow","max-snippet":"max-snippet:-1","max-image-preview":"max-image-preview:large","max-video-preview":"max-video-preview:-1"},"canonical":"https:\/\/gregorydamy.niceavocats.fr\/it\/tenere-conto-delle-esigenze-delle-vittime-tetraplegiche-questioni-e-implicazioni-legali\/","og_locale":"it_IT","og_type":"article","og_title":"Tenere conto delle esigenze delle vittime tetraplegiche: questioni e implicazioni legali - Soci\u00e9t\u00e9 d&#039;avocats Damy","og_description":"Quando una persona diventa tetraplegica a causa di un incidente o per colpa di un'altra persona, le ripercussioni sulla sua vita quotidiana sono importanti e permanenti.","og_url":"https:\/\/gregorydamy.niceavocats.fr\/it\/tenere-conto-delle-esigenze-delle-vittime-tetraplegiche-questioni-e-implicazioni-legali\/","og_site_name":"Soci\u00e9t\u00e9 d&#039;avocats Damy","article_publisher":"https:\/\/www.facebook.com\/niceavocats.fr\/","article_published_time":"2024-10-18T17:11:52+00:00","article_modified_time":"2024-10-24T12:25:28+00:00","author":"admin","twitter_card":"summary_large_image","twitter_misc":{"Scritto da":"admin","Tempo di lettura stimato":"3 minuti"},"schema":{"@context":"https:\/\/schema.org","@graph":[{"@type":"Article","@id":"https:\/\/gregorydamy.niceavocats.fr\/it\/tenere-conto-delle-esigenze-delle-vittime-tetraplegiche-questioni-e-implicazioni-legali\/#article","isPartOf":{"@id":"https:\/\/gregorydamy.niceavocats.fr\/it\/tenere-conto-delle-esigenze-delle-vittime-tetraplegiche-questioni-e-implicazioni-legali\/"},"author":{"name":"admin","@id":"https:\/\/gregorydamy.niceavocats.fr\/it\/#\/schema\/person\/64c9f9acb07431f6b55f72278b4a5d57"},"headline":"Tenere conto delle esigenze delle vittime tetraplegiche: questioni e implicazioni legali","datePublished":"2024-10-18T17:11:52+00:00","dateModified":"2024-10-24T12:25:28+00:00","mainEntityOfPage":{"@id":"https:\/\/gregorydamy.niceavocats.fr\/it\/tenere-conto-delle-esigenze-delle-vittime-tetraplegiche-questioni-e-implicazioni-legali\/"},"wordCount":848,"publisher":{"@id":"https:\/\/gregorydamy.niceavocats.fr\/it\/#organization"},"inLanguage":"it-IT"},{"@type":"WebPage","@id":"https:\/\/gregorydamy.niceavocats.fr\/it\/tenere-conto-delle-esigenze-delle-vittime-tetraplegiche-questioni-e-implicazioni-legali\/","url":"https:\/\/gregorydamy.niceavocats.fr\/it\/tenere-conto-delle-esigenze-delle-vittime-tetraplegiche-questioni-e-implicazioni-legali\/","name":"Tenere conto delle esigenze delle vittime tetraplegiche: questioni e implicazioni legali - Soci\u00e9t\u00e9 d&#039;avocats Damy","isPartOf":{"@id":"https:\/\/gregorydamy.niceavocats.fr\/it\/#website"},"datePublished":"2024-10-18T17:11:52+00:00","dateModified":"2024-10-24T12:25:28+00:00","description":"Quando una persona diventa tetraplegica a causa di un incidente o per colpa di un'altra persona, le ripercussioni sulla sua vita quotidiana sono importanti e permanenti.","breadcrumb":{"@id":"https:\/\/gregorydamy.niceavocats.fr\/it\/tenere-conto-delle-esigenze-delle-vittime-tetraplegiche-questioni-e-implicazioni-legali\/#breadcrumb"},"inLanguage":"it-IT","potentialAction":[{"@type":"ReadAction","target":["https:\/\/gregorydamy.niceavocats.fr\/it\/tenere-conto-delle-esigenze-delle-vittime-tetraplegiche-questioni-e-implicazioni-legali\/"]}]},{"@type":"BreadcrumbList","@id":"https:\/\/gregorydamy.niceavocats.fr\/it\/tenere-conto-delle-esigenze-delle-vittime-tetraplegiche-questioni-e-implicazioni-legali\/#breadcrumb","itemListElement":[{"@type":"ListItem","position":1,"name":"Accueil","item":"https:\/\/gregorydamy.niceavocats.fr\/it\/"},{"@type":"ListItem","position":2,"name":"Tenere conto delle esigenze delle vittime tetraplegiche: questioni e implicazioni legali"}]},{"@type":"WebSite","@id":"https:\/\/gregorydamy.niceavocats.fr\/it\/#website","url":"https:\/\/gregorydamy.niceavocats.fr\/it\/","name":"Soci\u00e9t\u00e9 d&#039;avocats Damy","description":"Justice - Confiance - Efficacit\u00e9","publisher":{"@id":"https:\/\/gregorydamy.niceavocats.fr\/it\/#organization"},"potentialAction":[{"@type":"SearchAction","target":{"@type":"EntryPoint","urlTemplate":"https:\/\/gregorydamy.niceavocats.fr\/it\/?s={search_term_string}"},"query-input":{"@type":"PropertyValueSpecification","valueRequired":true,"valueName":"search_term_string"}}],"inLanguage":"it-IT"},{"@type":"Organization","@id":"https:\/\/gregorydamy.niceavocats.fr\/it\/#organization","name":"Soci\u00e9t\u00e9 d'Avocats DAMY","alternateName":"Gr\u00e9gory DAMY","url":"https:\/\/gregorydamy.niceavocats.fr\/it\/","logo":{"@type":"ImageObject","inLanguage":"it-IT","@id":"https:\/\/gregorydamy.niceavocats.fr\/it\/#\/schema\/logo\/image\/","url":"https:\/\/gregorydamy.niceavocats.fr\/wp-content\/uploads\/2023\/04\/damylogo-1.png","contentUrl":"https:\/\/gregorydamy.niceavocats.fr\/wp-content\/uploads\/2023\/04\/damylogo-1.png","width":1890,"height":1417,"caption":"Soci\u00e9t\u00e9 d'Avocats DAMY"},"image":{"@id":"https:\/\/gregorydamy.niceavocats.fr\/it\/#\/schema\/logo\/image\/"},"sameAs":["https:\/\/www.facebook.com\/niceavocats.fr\/"]},{"@type":"Person","@id":"https:\/\/gregorydamy.niceavocats.fr\/it\/#\/schema\/person\/64c9f9acb07431f6b55f72278b4a5d57","name":"admin","sameAs":["https:\/\/gregorydamy.niceavocats.fr"],"url":"https:\/\/gregorydamy.niceavocats.fr\/it\/author\/admin_34\/"}]}},"_links":{"self":[{"href":"https:\/\/gregorydamy.niceavocats.fr\/it\/wp-json\/wp\/v2\/posts\/987508827","targetHints":{"allow":["GET"]}}],"collection":[{"href":"https:\/\/gregorydamy.niceavocats.fr\/it\/wp-json\/wp\/v2\/posts"}],"about":[{"href":"https:\/\/gregorydamy.niceavocats.fr\/it\/wp-json\/wp\/v2\/types\/post"}],"author":[{"embeddable":true,"href":"https:\/\/gregorydamy.niceavocats.fr\/it\/wp-json\/wp\/v2\/users\/1"}],"replies":[{"embeddable":true,"href":"https:\/\/gregorydamy.niceavocats.fr\/it\/wp-json\/wp\/v2\/comments?post=987508827"}],"version-history":[{"count":0,"href":"https:\/\/gregorydamy.niceavocats.fr\/it\/wp-json\/wp\/v2\/posts\/987508827\/revisions"}],"wp:attachment":[{"href":"https:\/\/gregorydamy.niceavocats.fr\/it\/wp-json\/wp\/v2\/media?parent=987508827"}],"wp:term":[{"taxonomy":"category","embeddable":true,"href":"https:\/\/gregorydamy.niceavocats.fr\/it\/wp-json\/wp\/v2\/categories?post=987508827"},{"taxonomy":"post_tag","embeddable":true,"href":"https:\/\/gregorydamy.niceavocats.fr\/it\/wp-json\/wp\/v2\/tags?post=987508827"}],"curies":[{"name":"wp","href":"https:\/\/api.w.org\/{rel}","templated":true}]}}