{"id":987508786,"date":"2024-09-27T14:24:51","date_gmt":"2024-09-27T14:24:51","guid":{"rendered":"https:\/\/gregorydamy.niceavocats.fr\/?p=987508786"},"modified":"2024-09-27T14:29:10","modified_gmt":"2024-09-27T14:29:10","slug":"un-dipendente-ha-il-diritto-di-contestare-il-parere-del-medico-del-lavoro-che-lo-dichiara-inabile-al-lavoro-il-che-esonera-il-datore-di-lavoro-da-qualsiasi-obbligo-di-ricollocamento-del-dipendente","status":"publish","type":"post","link":"https:\/\/gregorydamy.niceavocats.fr\/it\/un-dipendente-ha-il-diritto-di-contestare-il-parere-del-medico-del-lavoro-che-lo-dichiara-inabile-al-lavoro-il-che-esonera-il-datore-di-lavoro-da-qualsiasi-obbligo-di-ricollocamento-del-dipendente\/","title":{"rendered":"Un dipendente ha il diritto di contestare il parere del medico del lavoro che lo dichiara inabile al lavoro, il che esonera il datore di lavoro da qualsiasi obbligo di ricollocamento del dipendente?"},"content":{"rendered":"<p>[et_pb_section fb_built=&#8221;1&#8243; admin_label=&#8221;section&#8221; _builder_version=&#8221;4.16&#8243; global_colors_info=&#8221;{}&#8221;][et_pb_row admin_label=&#8221;row&#8221; _builder_version=&#8221;4.16&#8243; background_size=&#8221;initial&#8221; background_position=&#8221;top_left&#8221; background_repeat=&#8221;repeat&#8221; global_colors_info=&#8221;{}&#8221;][et_pb_column type=&#8221;4_4&#8243; _builder_version=&#8221;4.16&#8243; custom_padding=&#8221;|||&#8221; global_colors_info=&#8221;{}&#8221; custom_padding__hover=&#8221;|||&#8221;][et_pb_image src=&#8221;https:\/\/gregorydamy.niceavocats.fr\/wp-content\/uploads\/2023\/08\/doctor-563428_1280-2.jpg&#8221; alt=&#8221;Le r\u00e9gime fiscal des non-r\u00e9sidents tirant l\u2019essentiel de leurs revenus en France &#8221; title_text=&#8221;doctor-563428_1280-2&#8243; align=&#8221;center&#8221; _builder_version=&#8221;4.24.2&#8243; _module_preset=&#8221;default&#8221; global_colors_info=&#8221;{}&#8221;][\/et_pb_image][et_pb_text _builder_version=&#8221;4.24.2&#8243; _module_preset=&#8221;default&#8221; hover_enabled=&#8221;0&#8243; global_colors_info=&#8221;{}&#8221; sticky_enabled=&#8221;0&#8243;]<\/p>\n<p style=\"text-align: justify;\">Cass. Soc. 3 luglio 2024, n. 23-14.227<\/p>\n<h1 style=\"text-align: justify;\">Un dipendente ha il diritto di contestare il parere del medico del lavoro che lo dichiara inabile al lavoro, il che esonera il datore di lavoro da qualsiasi obbligo di ricollocamento del dipendente?<\/h1>\n<p style=\"text-align: justify;\">\u00c8 questa la domanda a cui ha dovuto rispondere la Divisione Sociale della Corte di Cassazione in una sentenza del 03 luglio 2024 (n. 23-14.227).<\/p>\n<p style=\"text-align: justify;\">In questo caso, a seguito di una visita di ritorno al lavoro, la sig.ra W. \u00e8 stata dichiarata inidonea a ricoprire qualsiasi posizione all&#8217;interno dell&#8217;azienda, il che ha sollevato il datore di lavoro dall&#8217;obbligo di ricollocarla.<\/p>\n<p style=\"text-align: justify;\">La sig.ra W ha quindi presentato un ricorso al tribunale del lavoro per contestare il parere del medico del lavoro che la dichiarava inidonea al lavoro.<\/p>\n<p style=\"text-align: justify;\">Nella sua difesa, il datore di lavoro ha sostenuto che la signora W doveva essere dichiarata inammissibile per mancanza di legittimazione. Tuttavia, la Corte d&#8217;appello ha respinto questa argomentazione.<\/p>\n<p style=\"text-align: justify;\">La Corte di Cassazione ha confermato la decisione, dichiarando il ricorso ammissibile e riconoscendo al lavoratore il diritto di contestare il parere del medico del lavoro che lo dichiarava inidoneo al lavoro, privandolo cos\u00ec del suo diritto al ricollocamento.<\/p>\n<p style=\"text-align: justify;\">Ma\u00eetre DAMY, avvocato a Nizza e membro dell&#8217;associazione degli avvocati specializzati in diritto del lavoro, \u00e8 al vostro fianco per consigliarvi e assistervi nella risoluzione delle vostre controversie con il datore di lavoro.<\/p>\n<p>[\/et_pb_text][\/et_pb_column][\/et_pb_row][\/et_pb_section]<\/p>\n","protected":false},"excerpt":{"rendered":"<p>Cass. Soc. 3 luglio 2024, n. 23-14.227 Un dipendente ha il diritto di contestare il parere del medico del lavoro che lo dichiara inabile al lavoro, il che esonera il datore di lavoro da qualsiasi obbligo di ricollocamento del dipendente? \u00c8 questa la domanda a cui ha dovuto rispondere la Divisione Sociale della Corte di [&hellip;]<\/p>\n","protected":false},"author":1,"featured_media":0,"comment_status":"closed","ping_status":"open","sticky":false,"template":"","format":"standard","meta":{"_et_pb_use_builder":"on","_et_pb_old_content":"","_et_gb_content_width":"","footnotes":""},"categories":[],"tags":[],"class_list":["post-987508786","post","type-post","status-publish","format-standard","hentry"],"yoast_head":"<!-- This site is optimized with the Yoast SEO plugin v26.8 - https:\/\/yoast.com\/product\/yoast-seo-wordpress\/ -->\n<title>Un dipendente ha il diritto di contestare il parere del medico del lavoro che lo dichiara inabile al lavoro, il che esonera il datore di lavoro da qualsiasi obbligo di ricollocamento del dipendente? - Soci\u00e9t\u00e9 d&#039;avocats Damy<\/title>\n<meta name=\"description\" content=\"Un dipendente ha il diritto di contestare il parere del medico del lavoro che lo dichiara inabile al lavoro, il che esonera il datore di lavoro da qualsiasi obbligo di ricollocamento del dipendente?\" \/>\n<meta name=\"robots\" content=\"index, follow, max-snippet:-1, max-image-preview:large, max-video-preview:-1\" \/>\n<link rel=\"canonical\" href=\"https:\/\/gregorydamy.niceavocats.fr\/it\/un-dipendente-ha-il-diritto-di-contestare-il-parere-del-medico-del-lavoro-che-lo-dichiara-inabile-al-lavoro-il-che-esonera-il-datore-di-lavoro-da-qualsiasi-obbligo-di-ricollocamento-del-dipendente\/\" \/>\n<meta property=\"og:locale\" content=\"it_IT\" \/>\n<meta property=\"og:type\" content=\"article\" \/>\n<meta property=\"og:title\" content=\"Un dipendente ha il diritto di contestare il parere del medico del lavoro che lo dichiara inabile al lavoro, il che esonera il datore di lavoro da qualsiasi obbligo di ricollocamento del dipendente? - Soci\u00e9t\u00e9 d&#039;avocats Damy\" \/>\n<meta property=\"og:description\" content=\"Un dipendente ha il diritto di contestare il parere del medico del lavoro che lo dichiara inabile al lavoro, il che esonera il datore di lavoro da qualsiasi obbligo di ricollocamento del dipendente?\" \/>\n<meta property=\"og:url\" content=\"https:\/\/gregorydamy.niceavocats.fr\/it\/un-dipendente-ha-il-diritto-di-contestare-il-parere-del-medico-del-lavoro-che-lo-dichiara-inabile-al-lavoro-il-che-esonera-il-datore-di-lavoro-da-qualsiasi-obbligo-di-ricollocamento-del-dipendente\/\" \/>\n<meta property=\"og:site_name\" content=\"Soci\u00e9t\u00e9 d&#039;avocats Damy\" \/>\n<meta property=\"article:publisher\" content=\"https:\/\/www.facebook.com\/niceavocats.fr\/\" \/>\n<meta property=\"article:published_time\" content=\"2024-09-27T14:24:51+00:00\" \/>\n<meta property=\"article:modified_time\" content=\"2024-09-27T14:29:10+00:00\" \/>\n<meta name=\"author\" content=\"admin\" \/>\n<meta name=\"twitter:card\" content=\"summary_large_image\" \/>\n<meta name=\"twitter:label1\" content=\"Scritto da\" \/>\n\t<meta name=\"twitter:data1\" content=\"admin\" \/>\n\t<meta name=\"twitter:label2\" content=\"Tempo di lettura stimato\" \/>\n\t<meta name=\"twitter:data2\" content=\"2 minuti\" \/>\n<script type=\"application\/ld+json\" class=\"yoast-schema-graph\">{\"@context\":\"https:\/\/schema.org\",\"@graph\":[{\"@type\":\"Article\",\"@id\":\"https:\/\/gregorydamy.niceavocats.fr\/it\/un-dipendente-ha-il-diritto-di-contestare-il-parere-del-medico-del-lavoro-che-lo-dichiara-inabile-al-lavoro-il-che-esonera-il-datore-di-lavoro-da-qualsiasi-obbligo-di-ricollocamento-del-dipendente\/#article\",\"isPartOf\":{\"@id\":\"https:\/\/gregorydamy.niceavocats.fr\/it\/un-dipendente-ha-il-diritto-di-contestare-il-parere-del-medico-del-lavoro-che-lo-dichiara-inabile-al-lavoro-il-che-esonera-il-datore-di-lavoro-da-qualsiasi-obbligo-di-ricollocamento-del-dipendente\/\"},\"author\":{\"name\":\"admin\",\"@id\":\"https:\/\/gregorydamy.niceavocats.fr\/it\/#\/schema\/person\/64c9f9acb07431f6b55f72278b4a5d57\"},\"headline\":\"Un dipendente ha il diritto di contestare il parere del medico del lavoro che lo dichiara inabile al lavoro, il che esonera il datore di lavoro da qualsiasi obbligo di ricollocamento del dipendente?\",\"datePublished\":\"2024-09-27T14:24:51+00:00\",\"dateModified\":\"2024-09-27T14:29:10+00:00\",\"mainEntityOfPage\":{\"@id\":\"https:\/\/gregorydamy.niceavocats.fr\/it\/un-dipendente-ha-il-diritto-di-contestare-il-parere-del-medico-del-lavoro-che-lo-dichiara-inabile-al-lavoro-il-che-esonera-il-datore-di-lavoro-da-qualsiasi-obbligo-di-ricollocamento-del-dipendente\/\"},\"wordCount\":383,\"publisher\":{\"@id\":\"https:\/\/gregorydamy.niceavocats.fr\/it\/#organization\"},\"inLanguage\":\"it-IT\"},{\"@type\":\"WebPage\",\"@id\":\"https:\/\/gregorydamy.niceavocats.fr\/it\/un-dipendente-ha-il-diritto-di-contestare-il-parere-del-medico-del-lavoro-che-lo-dichiara-inabile-al-lavoro-il-che-esonera-il-datore-di-lavoro-da-qualsiasi-obbligo-di-ricollocamento-del-dipendente\/\",\"url\":\"https:\/\/gregorydamy.niceavocats.fr\/it\/un-dipendente-ha-il-diritto-di-contestare-il-parere-del-medico-del-lavoro-che-lo-dichiara-inabile-al-lavoro-il-che-esonera-il-datore-di-lavoro-da-qualsiasi-obbligo-di-ricollocamento-del-dipendente\/\",\"name\":\"Un dipendente ha il diritto di contestare il parere del medico del lavoro che lo dichiara inabile al lavoro, il che esonera il datore di lavoro da qualsiasi obbligo di ricollocamento del dipendente? - Soci\u00e9t\u00e9 d&#039;avocats Damy\",\"isPartOf\":{\"@id\":\"https:\/\/gregorydamy.niceavocats.fr\/it\/#website\"},\"datePublished\":\"2024-09-27T14:24:51+00:00\",\"dateModified\":\"2024-09-27T14:29:10+00:00\",\"description\":\"Un dipendente ha il diritto di contestare il parere del medico del lavoro che lo dichiara inabile al lavoro, il che esonera il datore di lavoro da qualsiasi obbligo di ricollocamento del dipendente?\",\"breadcrumb\":{\"@id\":\"https:\/\/gregorydamy.niceavocats.fr\/it\/un-dipendente-ha-il-diritto-di-contestare-il-parere-del-medico-del-lavoro-che-lo-dichiara-inabile-al-lavoro-il-che-esonera-il-datore-di-lavoro-da-qualsiasi-obbligo-di-ricollocamento-del-dipendente\/#breadcrumb\"},\"inLanguage\":\"it-IT\",\"potentialAction\":[{\"@type\":\"ReadAction\",\"target\":[\"https:\/\/gregorydamy.niceavocats.fr\/it\/un-dipendente-ha-il-diritto-di-contestare-il-parere-del-medico-del-lavoro-che-lo-dichiara-inabile-al-lavoro-il-che-esonera-il-datore-di-lavoro-da-qualsiasi-obbligo-di-ricollocamento-del-dipendente\/\"]}]},{\"@type\":\"BreadcrumbList\",\"@id\":\"https:\/\/gregorydamy.niceavocats.fr\/it\/un-dipendente-ha-il-diritto-di-contestare-il-parere-del-medico-del-lavoro-che-lo-dichiara-inabile-al-lavoro-il-che-esonera-il-datore-di-lavoro-da-qualsiasi-obbligo-di-ricollocamento-del-dipendente\/#breadcrumb\",\"itemListElement\":[{\"@type\":\"ListItem\",\"position\":1,\"name\":\"Accueil\",\"item\":\"https:\/\/gregorydamy.niceavocats.fr\/it\/\"},{\"@type\":\"ListItem\",\"position\":2,\"name\":\"Un dipendente ha il diritto di contestare il parere del medico del lavoro che lo dichiara inabile al lavoro, il che esonera il datore di lavoro da qualsiasi obbligo di ricollocamento del dipendente?\"}]},{\"@type\":\"WebSite\",\"@id\":\"https:\/\/gregorydamy.niceavocats.fr\/it\/#website\",\"url\":\"https:\/\/gregorydamy.niceavocats.fr\/it\/\",\"name\":\"Soci\u00e9t\u00e9 d&#039;avocats Damy\",\"description\":\"Justice - Confiance - Efficacit\u00e9\",\"publisher\":{\"@id\":\"https:\/\/gregorydamy.niceavocats.fr\/it\/#organization\"},\"potentialAction\":[{\"@type\":\"SearchAction\",\"target\":{\"@type\":\"EntryPoint\",\"urlTemplate\":\"https:\/\/gregorydamy.niceavocats.fr\/it\/?s={search_term_string}\"},\"query-input\":{\"@type\":\"PropertyValueSpecification\",\"valueRequired\":true,\"valueName\":\"search_term_string\"}}],\"inLanguage\":\"it-IT\"},{\"@type\":\"Organization\",\"@id\":\"https:\/\/gregorydamy.niceavocats.fr\/it\/#organization\",\"name\":\"Soci\u00e9t\u00e9 d'Avocats DAMY\",\"alternateName\":\"Gr\u00e9gory DAMY\",\"url\":\"https:\/\/gregorydamy.niceavocats.fr\/it\/\",\"logo\":{\"@type\":\"ImageObject\",\"inLanguage\":\"it-IT\",\"@id\":\"https:\/\/gregorydamy.niceavocats.fr\/it\/#\/schema\/logo\/image\/\",\"url\":\"https:\/\/gregorydamy.niceavocats.fr\/wp-content\/uploads\/2023\/04\/damylogo-1.png\",\"contentUrl\":\"https:\/\/gregorydamy.niceavocats.fr\/wp-content\/uploads\/2023\/04\/damylogo-1.png\",\"width\":1890,\"height\":1417,\"caption\":\"Soci\u00e9t\u00e9 d'Avocats DAMY\"},\"image\":{\"@id\":\"https:\/\/gregorydamy.niceavocats.fr\/it\/#\/schema\/logo\/image\/\"},\"sameAs\":[\"https:\/\/www.facebook.com\/niceavocats.fr\/\"]},{\"@type\":\"Person\",\"@id\":\"https:\/\/gregorydamy.niceavocats.fr\/it\/#\/schema\/person\/64c9f9acb07431f6b55f72278b4a5d57\",\"name\":\"admin\",\"sameAs\":[\"https:\/\/gregorydamy.niceavocats.fr\"],\"url\":\"https:\/\/gregorydamy.niceavocats.fr\/it\/author\/admin_34\/\"}]}<\/script>\n<!-- \/ Yoast SEO plugin. -->","yoast_head_json":{"title":"Un dipendente ha il diritto di contestare il parere del medico del lavoro che lo dichiara inabile al lavoro, il che esonera il datore di lavoro da qualsiasi obbligo di ricollocamento del dipendente? - Soci\u00e9t\u00e9 d&#039;avocats Damy","description":"Un dipendente ha il diritto di contestare il parere del medico del lavoro che lo dichiara inabile al lavoro, il che esonera il datore di lavoro da qualsiasi obbligo di ricollocamento del dipendente?","robots":{"index":"index","follow":"follow","max-snippet":"max-snippet:-1","max-image-preview":"max-image-preview:large","max-video-preview":"max-video-preview:-1"},"canonical":"https:\/\/gregorydamy.niceavocats.fr\/it\/un-dipendente-ha-il-diritto-di-contestare-il-parere-del-medico-del-lavoro-che-lo-dichiara-inabile-al-lavoro-il-che-esonera-il-datore-di-lavoro-da-qualsiasi-obbligo-di-ricollocamento-del-dipendente\/","og_locale":"it_IT","og_type":"article","og_title":"Un dipendente ha il diritto di contestare il parere del medico del lavoro che lo dichiara inabile al lavoro, il che esonera il datore di lavoro da qualsiasi obbligo di ricollocamento del dipendente? - Soci\u00e9t\u00e9 d&#039;avocats Damy","og_description":"Un dipendente ha il diritto di contestare il parere del medico del lavoro che lo dichiara inabile al lavoro, il che esonera il datore di lavoro da qualsiasi obbligo di ricollocamento del dipendente?","og_url":"https:\/\/gregorydamy.niceavocats.fr\/it\/un-dipendente-ha-il-diritto-di-contestare-il-parere-del-medico-del-lavoro-che-lo-dichiara-inabile-al-lavoro-il-che-esonera-il-datore-di-lavoro-da-qualsiasi-obbligo-di-ricollocamento-del-dipendente\/","og_site_name":"Soci\u00e9t\u00e9 d&#039;avocats Damy","article_publisher":"https:\/\/www.facebook.com\/niceavocats.fr\/","article_published_time":"2024-09-27T14:24:51+00:00","article_modified_time":"2024-09-27T14:29:10+00:00","author":"admin","twitter_card":"summary_large_image","twitter_misc":{"Scritto da":"admin","Tempo di lettura stimato":"2 minuti"},"schema":{"@context":"https:\/\/schema.org","@graph":[{"@type":"Article","@id":"https:\/\/gregorydamy.niceavocats.fr\/it\/un-dipendente-ha-il-diritto-di-contestare-il-parere-del-medico-del-lavoro-che-lo-dichiara-inabile-al-lavoro-il-che-esonera-il-datore-di-lavoro-da-qualsiasi-obbligo-di-ricollocamento-del-dipendente\/#article","isPartOf":{"@id":"https:\/\/gregorydamy.niceavocats.fr\/it\/un-dipendente-ha-il-diritto-di-contestare-il-parere-del-medico-del-lavoro-che-lo-dichiara-inabile-al-lavoro-il-che-esonera-il-datore-di-lavoro-da-qualsiasi-obbligo-di-ricollocamento-del-dipendente\/"},"author":{"name":"admin","@id":"https:\/\/gregorydamy.niceavocats.fr\/it\/#\/schema\/person\/64c9f9acb07431f6b55f72278b4a5d57"},"headline":"Un dipendente ha il diritto di contestare il parere del medico del lavoro che lo dichiara inabile al lavoro, il che esonera il datore di lavoro da qualsiasi obbligo di ricollocamento del dipendente?","datePublished":"2024-09-27T14:24:51+00:00","dateModified":"2024-09-27T14:29:10+00:00","mainEntityOfPage":{"@id":"https:\/\/gregorydamy.niceavocats.fr\/it\/un-dipendente-ha-il-diritto-di-contestare-il-parere-del-medico-del-lavoro-che-lo-dichiara-inabile-al-lavoro-il-che-esonera-il-datore-di-lavoro-da-qualsiasi-obbligo-di-ricollocamento-del-dipendente\/"},"wordCount":383,"publisher":{"@id":"https:\/\/gregorydamy.niceavocats.fr\/it\/#organization"},"inLanguage":"it-IT"},{"@type":"WebPage","@id":"https:\/\/gregorydamy.niceavocats.fr\/it\/un-dipendente-ha-il-diritto-di-contestare-il-parere-del-medico-del-lavoro-che-lo-dichiara-inabile-al-lavoro-il-che-esonera-il-datore-di-lavoro-da-qualsiasi-obbligo-di-ricollocamento-del-dipendente\/","url":"https:\/\/gregorydamy.niceavocats.fr\/it\/un-dipendente-ha-il-diritto-di-contestare-il-parere-del-medico-del-lavoro-che-lo-dichiara-inabile-al-lavoro-il-che-esonera-il-datore-di-lavoro-da-qualsiasi-obbligo-di-ricollocamento-del-dipendente\/","name":"Un dipendente ha il diritto di contestare il parere del medico del lavoro che lo dichiara inabile al lavoro, il che esonera il datore di lavoro da qualsiasi obbligo di ricollocamento del dipendente? - Soci\u00e9t\u00e9 d&#039;avocats Damy","isPartOf":{"@id":"https:\/\/gregorydamy.niceavocats.fr\/it\/#website"},"datePublished":"2024-09-27T14:24:51+00:00","dateModified":"2024-09-27T14:29:10+00:00","description":"Un dipendente ha il diritto di contestare il parere del medico del lavoro che lo dichiara inabile al lavoro, il che esonera il datore di lavoro da qualsiasi obbligo di ricollocamento del dipendente?","breadcrumb":{"@id":"https:\/\/gregorydamy.niceavocats.fr\/it\/un-dipendente-ha-il-diritto-di-contestare-il-parere-del-medico-del-lavoro-che-lo-dichiara-inabile-al-lavoro-il-che-esonera-il-datore-di-lavoro-da-qualsiasi-obbligo-di-ricollocamento-del-dipendente\/#breadcrumb"},"inLanguage":"it-IT","potentialAction":[{"@type":"ReadAction","target":["https:\/\/gregorydamy.niceavocats.fr\/it\/un-dipendente-ha-il-diritto-di-contestare-il-parere-del-medico-del-lavoro-che-lo-dichiara-inabile-al-lavoro-il-che-esonera-il-datore-di-lavoro-da-qualsiasi-obbligo-di-ricollocamento-del-dipendente\/"]}]},{"@type":"BreadcrumbList","@id":"https:\/\/gregorydamy.niceavocats.fr\/it\/un-dipendente-ha-il-diritto-di-contestare-il-parere-del-medico-del-lavoro-che-lo-dichiara-inabile-al-lavoro-il-che-esonera-il-datore-di-lavoro-da-qualsiasi-obbligo-di-ricollocamento-del-dipendente\/#breadcrumb","itemListElement":[{"@type":"ListItem","position":1,"name":"Accueil","item":"https:\/\/gregorydamy.niceavocats.fr\/it\/"},{"@type":"ListItem","position":2,"name":"Un dipendente ha il diritto di contestare il parere del medico del lavoro che lo dichiara inabile al lavoro, il che esonera il datore di lavoro da qualsiasi obbligo di ricollocamento del dipendente?"}]},{"@type":"WebSite","@id":"https:\/\/gregorydamy.niceavocats.fr\/it\/#website","url":"https:\/\/gregorydamy.niceavocats.fr\/it\/","name":"Soci\u00e9t\u00e9 d&#039;avocats Damy","description":"Justice - Confiance - Efficacit\u00e9","publisher":{"@id":"https:\/\/gregorydamy.niceavocats.fr\/it\/#organization"},"potentialAction":[{"@type":"SearchAction","target":{"@type":"EntryPoint","urlTemplate":"https:\/\/gregorydamy.niceavocats.fr\/it\/?s={search_term_string}"},"query-input":{"@type":"PropertyValueSpecification","valueRequired":true,"valueName":"search_term_string"}}],"inLanguage":"it-IT"},{"@type":"Organization","@id":"https:\/\/gregorydamy.niceavocats.fr\/it\/#organization","name":"Soci\u00e9t\u00e9 d'Avocats DAMY","alternateName":"Gr\u00e9gory DAMY","url":"https:\/\/gregorydamy.niceavocats.fr\/it\/","logo":{"@type":"ImageObject","inLanguage":"it-IT","@id":"https:\/\/gregorydamy.niceavocats.fr\/it\/#\/schema\/logo\/image\/","url":"https:\/\/gregorydamy.niceavocats.fr\/wp-content\/uploads\/2023\/04\/damylogo-1.png","contentUrl":"https:\/\/gregorydamy.niceavocats.fr\/wp-content\/uploads\/2023\/04\/damylogo-1.png","width":1890,"height":1417,"caption":"Soci\u00e9t\u00e9 d'Avocats DAMY"},"image":{"@id":"https:\/\/gregorydamy.niceavocats.fr\/it\/#\/schema\/logo\/image\/"},"sameAs":["https:\/\/www.facebook.com\/niceavocats.fr\/"]},{"@type":"Person","@id":"https:\/\/gregorydamy.niceavocats.fr\/it\/#\/schema\/person\/64c9f9acb07431f6b55f72278b4a5d57","name":"admin","sameAs":["https:\/\/gregorydamy.niceavocats.fr"],"url":"https:\/\/gregorydamy.niceavocats.fr\/it\/author\/admin_34\/"}]}},"_links":{"self":[{"href":"https:\/\/gregorydamy.niceavocats.fr\/it\/wp-json\/wp\/v2\/posts\/987508786","targetHints":{"allow":["GET"]}}],"collection":[{"href":"https:\/\/gregorydamy.niceavocats.fr\/it\/wp-json\/wp\/v2\/posts"}],"about":[{"href":"https:\/\/gregorydamy.niceavocats.fr\/it\/wp-json\/wp\/v2\/types\/post"}],"author":[{"embeddable":true,"href":"https:\/\/gregorydamy.niceavocats.fr\/it\/wp-json\/wp\/v2\/users\/1"}],"replies":[{"embeddable":true,"href":"https:\/\/gregorydamy.niceavocats.fr\/it\/wp-json\/wp\/v2\/comments?post=987508786"}],"version-history":[{"count":0,"href":"https:\/\/gregorydamy.niceavocats.fr\/it\/wp-json\/wp\/v2\/posts\/987508786\/revisions"}],"wp:attachment":[{"href":"https:\/\/gregorydamy.niceavocats.fr\/it\/wp-json\/wp\/v2\/media?parent=987508786"}],"wp:term":[{"taxonomy":"category","embeddable":true,"href":"https:\/\/gregorydamy.niceavocats.fr\/it\/wp-json\/wp\/v2\/categories?post=987508786"},{"taxonomy":"post_tag","embeddable":true,"href":"https:\/\/gregorydamy.niceavocats.fr\/it\/wp-json\/wp\/v2\/tags?post=987508786"}],"curies":[{"name":"wp","href":"https:\/\/api.w.org\/{rel}","templated":true}]}}