{"id":987508657,"date":"2024-07-19T12:55:18","date_gmt":"2024-07-19T12:55:18","guid":{"rendered":"https:\/\/gregorydamy.niceavocats.fr\/?p=987508657"},"modified":"2024-07-19T13:15:02","modified_gmt":"2024-07-19T13:15:02","slug":"unazione-collettiva","status":"publish","type":"post","link":"https:\/\/gregorydamy.niceavocats.fr\/it\/unazione-collettiva\/","title":{"rendered":"Un&#8217;azione collettiva"},"content":{"rendered":"<p>[et_pb_section fb_built=&#8221;1&#8243; admin_label=&#8221;section&#8221; _builder_version=&#8221;4.16&#8243; global_colors_info=&#8221;{}&#8221;][et_pb_row admin_label=&#8221;row&#8221; _builder_version=&#8221;4.16&#8243; background_size=&#8221;initial&#8221; background_position=&#8221;top_left&#8221; background_repeat=&#8221;repeat&#8221; global_colors_info=&#8221;{}&#8221;][et_pb_column type=&#8221;4_4&#8243; _builder_version=&#8221;4.16&#8243; custom_padding=&#8221;|||&#8221; global_colors_info=&#8221;{}&#8221; custom_padding__hover=&#8221;|||&#8221;][et_pb_image src=&#8221;https:\/\/gregorydamy.niceavocats.fr\/wp-content\/uploads\/2023\/08\/meeting-5395615_1280-2.jpg&#8221; alt=&#8221;Libert\u00e9 d\u2019opinion en entreprise &#8221; title_text=&#8221;meeting-5395615_1280-2&#8243; align=&#8221;center&#8221; _builder_version=&#8221;4.24.2&#8243; _module_preset=&#8221;default&#8221; hover_enabled=&#8221;0&#8243; global_colors_info=&#8221;{}&#8221; sticky_enabled=&#8221;0&#8243;][\/et_pb_image][et_pb_text _builder_version=&#8221;4.24.2&#8243; _module_preset=&#8221;default&#8221; hover_enabled=&#8221;0&#8243; global_colors_info=&#8221;{}&#8221; sticky_enabled=&#8221;0&#8243;]<\/p>\n<p style=\"text-align: justify;\">Un&#8217;azione collettiva \u00e8 un&#8217;azione in cui almeno due persone che si considerano vittime dello stesso danno commesso dalla stessa persona si uniscono per intraprendere un&#8217;azione legale contro l&#8217;autore del danno.<\/p>\n<p style=\"text-align: justify;\">Il procedimento deve essere condotto da un avvocato.<\/p>\n<p style=\"text-align: justify;\">A differenza delle azioni di classe, le azioni collettive richiedono che l&#8217;avvocato promuova tanti procedimenti quanti sono i ricorrenti.<\/p>\n<p style=\"text-align: justify;\">Ci\u00f2 solleva la questione dell&#8217;utilit\u00e0 di unire le forze se alla fine le cause sono intentate da singoli individui.<\/p>\n<p style=\"text-align: justify;\">A questo proposito, va notato che il punto di forza dell&#8217;azione collettiva \u00e8 la simultaneit\u00e0 di tutti i procedimenti contro l&#8217;autore del danno.<\/p>\n<p style=\"text-align: justify;\">\u00c8 questa simultaneit\u00e0 che rafforzer\u00e0 il peso dell&#8217;azione collettiva.<\/p>\n<p style=\"text-align: justify;\">Maggiore \u00e8 il numero dei ricorrenti, maggiori sono le possibilit\u00e0 di successo.<\/p>\n<p style=\"text-align: justify;\">Tuttavia, l&#8217;azione collettiva non \u00e8 la stessa cosa dell&#8217;azione di gruppo.<\/p>\n<p style=\"text-align: justify;\">L&#8217;azione collettiva \u00e8 stata introdotta in Francia con la legge n. 2014-344 del 17 marzo 2014.<\/p>\n<p style=\"text-align: justify;\">Inizialmente \u00e8 stata introdotta solo nel diritto del consumo per i consumatori.<\/p>\n<p style=\"text-align: justify;\">Alla fine, il suo campo di applicazione \u00e8 stato esteso da due leggi del 18 novembre 2016 (legge n. 2016-1547) e del 23 novembre 2018 (legge n. 2018-1021).<\/p>\n<p style=\"text-align: justify;\">Ora \u00e8 possibile avviare un&#8217;azione collettiva nei seguenti ambiti:<\/p>\n<p style=\"text-align: justify;\">&#8211; Diritto dei consumatori <br \/>&#8211; Diritto sanitario <br \/>&#8211; Diritto ambientale <br \/>&#8211; Diritto immobiliare (locazione); <br \/>&#8211; Diritto del lavoro (discriminazione) <br \/>&#8211; Diritto della propriet\u00e0 intellettuale (protezione dei dati personali).<\/p>\n<p style=\"text-align: justify;\">Tuttavia, sebbene l&#8217;ambito di applicazione dell&#8217;azione collettiva sia stato ampliato, rimane il fatto che in Francia sono state intentate pochissime azioni collettive dalla sua introduzione.<\/p>\n<p style=\"text-align: justify;\">Ci\u00f2 \u00e8 dovuto a una difficolt\u00e0 di non poco conto.<\/p>\n<p style=\"text-align: justify;\">Per avviare un&#8217;azione collettiva, i ricorrenti e l&#8217;avvocato devono essere accompagnati da un&#8217;associazione o da un sindacato.<\/p>\n<p style=\"text-align: justify;\">Ma nella maggior parte dei casi, le associazioni e i sindacati non sono interessati ad agire.<\/p>\n<p style=\"text-align: justify;\">Ecco perch\u00e9 l&#8217;azione collettiva pu\u00f2 essere una buona alternativa per consentire alle vittime di unirsi.<\/p>\n<p style=\"text-align: justify;\">Pensate di aver subito un danno? Sapete o pensate di non essere gli unici ad aver subito questo danno?<\/p>\n<p style=\"text-align: justify;\">Se s\u00ec, contattateci.<\/p>\n<p style=\"text-align: justify;\">Ma\u00eetre DAMY, avvocato specializzato in diritto delle vittime, vi aiuter\u00e0 ad avviare un&#8217;azione collettiva. <\/p>\n<p>[\/et_pb_text][\/et_pb_column][\/et_pb_row][\/et_pb_section]<\/p>\n","protected":false},"excerpt":{"rendered":"<p>Un&#8217;azione collettiva \u00e8 un&#8217;azione in cui almeno due persone che si considerano vittime dello stesso danno commesso dalla stessa persona si uniscono per intraprendere un&#8217;azione legale contro l&#8217;autore del danno. Il procedimento deve essere condotto da un avvocato. A differenza delle azioni di classe, le azioni collettive richiedono che l&#8217;avvocato promuova tanti procedimenti quanti sono [&hellip;]<\/p>\n","protected":false},"author":1,"featured_media":0,"comment_status":"closed","ping_status":"open","sticky":false,"template":"","format":"standard","meta":{"_et_pb_use_builder":"on","_et_pb_old_content":"","_et_gb_content_width":"","footnotes":""},"categories":[],"tags":[],"class_list":["post-987508657","post","type-post","status-publish","format-standard","hentry"],"yoast_head":"<!-- This site is optimized with the Yoast SEO plugin v26.8 - https:\/\/yoast.com\/product\/yoast-seo-wordpress\/ -->\n<title>Un&#039;azione collettiva - Soci\u00e9t\u00e9 d&#039;avocats Damy<\/title>\n<meta name=\"description\" content=\"Un&#039;azione collettiva \u00e8 un&#039;azione in cui almeno due persone che si considerano vittime dello stesso danno commesso dalla stessa persona si uniscono per intraprendere un&#039;azione legale contro l&#039;autore del danno.\" \/>\n<meta name=\"robots\" content=\"index, follow, max-snippet:-1, max-image-preview:large, max-video-preview:-1\" \/>\n<link rel=\"canonical\" href=\"https:\/\/gregorydamy.niceavocats.fr\/it\/unazione-collettiva\/\" \/>\n<meta property=\"og:locale\" content=\"it_IT\" \/>\n<meta property=\"og:type\" content=\"article\" \/>\n<meta property=\"og:title\" content=\"Un&#039;azione collettiva - Soci\u00e9t\u00e9 d&#039;avocats Damy\" \/>\n<meta property=\"og:description\" content=\"Un&#039;azione collettiva \u00e8 un&#039;azione in cui almeno due persone che si considerano vittime dello stesso danno commesso dalla stessa persona si uniscono per intraprendere un&#039;azione legale contro l&#039;autore del danno.\" \/>\n<meta property=\"og:url\" content=\"https:\/\/gregorydamy.niceavocats.fr\/it\/unazione-collettiva\/\" \/>\n<meta property=\"og:site_name\" content=\"Soci\u00e9t\u00e9 d&#039;avocats Damy\" \/>\n<meta property=\"article:publisher\" content=\"https:\/\/www.facebook.com\/niceavocats.fr\/\" \/>\n<meta property=\"article:published_time\" content=\"2024-07-19T12:55:18+00:00\" \/>\n<meta property=\"article:modified_time\" content=\"2024-07-19T13:15:02+00:00\" \/>\n<meta name=\"author\" content=\"admin\" \/>\n<meta name=\"twitter:card\" content=\"summary_large_image\" \/>\n<meta name=\"twitter:label1\" content=\"Scritto da\" \/>\n\t<meta name=\"twitter:data1\" content=\"admin\" \/>\n\t<meta name=\"twitter:label2\" content=\"Tempo di lettura stimato\" \/>\n\t<meta name=\"twitter:data2\" content=\"2 minuti\" \/>\n<script type=\"application\/ld+json\" class=\"yoast-schema-graph\">{\"@context\":\"https:\/\/schema.org\",\"@graph\":[{\"@type\":\"Article\",\"@id\":\"https:\/\/gregorydamy.niceavocats.fr\/it\/unazione-collettiva\/#article\",\"isPartOf\":{\"@id\":\"https:\/\/gregorydamy.niceavocats.fr\/it\/unazione-collettiva\/\"},\"author\":{\"name\":\"admin\",\"@id\":\"https:\/\/gregorydamy.niceavocats.fr\/it\/#\/schema\/person\/64c9f9acb07431f6b55f72278b4a5d57\"},\"headline\":\"Un&#8217;azione collettiva\",\"datePublished\":\"2024-07-19T12:55:18+00:00\",\"dateModified\":\"2024-07-19T13:15:02+00:00\",\"mainEntityOfPage\":{\"@id\":\"https:\/\/gregorydamy.niceavocats.fr\/it\/unazione-collettiva\/\"},\"wordCount\":466,\"publisher\":{\"@id\":\"https:\/\/gregorydamy.niceavocats.fr\/it\/#organization\"},\"inLanguage\":\"it-IT\"},{\"@type\":\"WebPage\",\"@id\":\"https:\/\/gregorydamy.niceavocats.fr\/it\/unazione-collettiva\/\",\"url\":\"https:\/\/gregorydamy.niceavocats.fr\/it\/unazione-collettiva\/\",\"name\":\"Un'azione collettiva - Soci\u00e9t\u00e9 d&#039;avocats Damy\",\"isPartOf\":{\"@id\":\"https:\/\/gregorydamy.niceavocats.fr\/it\/#website\"},\"datePublished\":\"2024-07-19T12:55:18+00:00\",\"dateModified\":\"2024-07-19T13:15:02+00:00\",\"description\":\"Un'azione collettiva \u00e8 un'azione in cui almeno due persone che si considerano vittime dello stesso danno commesso dalla stessa persona si uniscono per intraprendere un'azione legale contro l'autore del danno.\",\"breadcrumb\":{\"@id\":\"https:\/\/gregorydamy.niceavocats.fr\/it\/unazione-collettiva\/#breadcrumb\"},\"inLanguage\":\"it-IT\",\"potentialAction\":[{\"@type\":\"ReadAction\",\"target\":[\"https:\/\/gregorydamy.niceavocats.fr\/it\/unazione-collettiva\/\"]}]},{\"@type\":\"BreadcrumbList\",\"@id\":\"https:\/\/gregorydamy.niceavocats.fr\/it\/unazione-collettiva\/#breadcrumb\",\"itemListElement\":[{\"@type\":\"ListItem\",\"position\":1,\"name\":\"Accueil\",\"item\":\"https:\/\/gregorydamy.niceavocats.fr\/it\/\"},{\"@type\":\"ListItem\",\"position\":2,\"name\":\"Un&#8217;azione collettiva\"}]},{\"@type\":\"WebSite\",\"@id\":\"https:\/\/gregorydamy.niceavocats.fr\/it\/#website\",\"url\":\"https:\/\/gregorydamy.niceavocats.fr\/it\/\",\"name\":\"Soci\u00e9t\u00e9 d&#039;avocats Damy\",\"description\":\"Justice - Confiance - Efficacit\u00e9\",\"publisher\":{\"@id\":\"https:\/\/gregorydamy.niceavocats.fr\/it\/#organization\"},\"potentialAction\":[{\"@type\":\"SearchAction\",\"target\":{\"@type\":\"EntryPoint\",\"urlTemplate\":\"https:\/\/gregorydamy.niceavocats.fr\/it\/?s={search_term_string}\"},\"query-input\":{\"@type\":\"PropertyValueSpecification\",\"valueRequired\":true,\"valueName\":\"search_term_string\"}}],\"inLanguage\":\"it-IT\"},{\"@type\":\"Organization\",\"@id\":\"https:\/\/gregorydamy.niceavocats.fr\/it\/#organization\",\"name\":\"Soci\u00e9t\u00e9 d'Avocats DAMY\",\"alternateName\":\"Gr\u00e9gory DAMY\",\"url\":\"https:\/\/gregorydamy.niceavocats.fr\/it\/\",\"logo\":{\"@type\":\"ImageObject\",\"inLanguage\":\"it-IT\",\"@id\":\"https:\/\/gregorydamy.niceavocats.fr\/it\/#\/schema\/logo\/image\/\",\"url\":\"https:\/\/gregorydamy.niceavocats.fr\/wp-content\/uploads\/2023\/04\/damylogo-1.png\",\"contentUrl\":\"https:\/\/gregorydamy.niceavocats.fr\/wp-content\/uploads\/2023\/04\/damylogo-1.png\",\"width\":1890,\"height\":1417,\"caption\":\"Soci\u00e9t\u00e9 d'Avocats DAMY\"},\"image\":{\"@id\":\"https:\/\/gregorydamy.niceavocats.fr\/it\/#\/schema\/logo\/image\/\"},\"sameAs\":[\"https:\/\/www.facebook.com\/niceavocats.fr\/\"]},{\"@type\":\"Person\",\"@id\":\"https:\/\/gregorydamy.niceavocats.fr\/it\/#\/schema\/person\/64c9f9acb07431f6b55f72278b4a5d57\",\"name\":\"admin\",\"sameAs\":[\"https:\/\/gregorydamy.niceavocats.fr\"],\"url\":\"https:\/\/gregorydamy.niceavocats.fr\/it\/author\/admin_34\/\"}]}<\/script>\n<!-- \/ Yoast SEO plugin. -->","yoast_head_json":{"title":"Un'azione collettiva - Soci\u00e9t\u00e9 d&#039;avocats Damy","description":"Un'azione collettiva \u00e8 un'azione in cui almeno due persone che si considerano vittime dello stesso danno commesso dalla stessa persona si uniscono per intraprendere un'azione legale contro l'autore del danno.","robots":{"index":"index","follow":"follow","max-snippet":"max-snippet:-1","max-image-preview":"max-image-preview:large","max-video-preview":"max-video-preview:-1"},"canonical":"https:\/\/gregorydamy.niceavocats.fr\/it\/unazione-collettiva\/","og_locale":"it_IT","og_type":"article","og_title":"Un'azione collettiva - Soci\u00e9t\u00e9 d&#039;avocats Damy","og_description":"Un'azione collettiva \u00e8 un'azione in cui almeno due persone che si considerano vittime dello stesso danno commesso dalla stessa persona si uniscono per intraprendere un'azione legale contro l'autore del danno.","og_url":"https:\/\/gregorydamy.niceavocats.fr\/it\/unazione-collettiva\/","og_site_name":"Soci\u00e9t\u00e9 d&#039;avocats Damy","article_publisher":"https:\/\/www.facebook.com\/niceavocats.fr\/","article_published_time":"2024-07-19T12:55:18+00:00","article_modified_time":"2024-07-19T13:15:02+00:00","author":"admin","twitter_card":"summary_large_image","twitter_misc":{"Scritto da":"admin","Tempo di lettura stimato":"2 minuti"},"schema":{"@context":"https:\/\/schema.org","@graph":[{"@type":"Article","@id":"https:\/\/gregorydamy.niceavocats.fr\/it\/unazione-collettiva\/#article","isPartOf":{"@id":"https:\/\/gregorydamy.niceavocats.fr\/it\/unazione-collettiva\/"},"author":{"name":"admin","@id":"https:\/\/gregorydamy.niceavocats.fr\/it\/#\/schema\/person\/64c9f9acb07431f6b55f72278b4a5d57"},"headline":"Un&#8217;azione collettiva","datePublished":"2024-07-19T12:55:18+00:00","dateModified":"2024-07-19T13:15:02+00:00","mainEntityOfPage":{"@id":"https:\/\/gregorydamy.niceavocats.fr\/it\/unazione-collettiva\/"},"wordCount":466,"publisher":{"@id":"https:\/\/gregorydamy.niceavocats.fr\/it\/#organization"},"inLanguage":"it-IT"},{"@type":"WebPage","@id":"https:\/\/gregorydamy.niceavocats.fr\/it\/unazione-collettiva\/","url":"https:\/\/gregorydamy.niceavocats.fr\/it\/unazione-collettiva\/","name":"Un'azione collettiva - Soci\u00e9t\u00e9 d&#039;avocats Damy","isPartOf":{"@id":"https:\/\/gregorydamy.niceavocats.fr\/it\/#website"},"datePublished":"2024-07-19T12:55:18+00:00","dateModified":"2024-07-19T13:15:02+00:00","description":"Un'azione collettiva \u00e8 un'azione in cui almeno due persone che si considerano vittime dello stesso danno commesso dalla stessa persona si uniscono per intraprendere un'azione legale contro l'autore del danno.","breadcrumb":{"@id":"https:\/\/gregorydamy.niceavocats.fr\/it\/unazione-collettiva\/#breadcrumb"},"inLanguage":"it-IT","potentialAction":[{"@type":"ReadAction","target":["https:\/\/gregorydamy.niceavocats.fr\/it\/unazione-collettiva\/"]}]},{"@type":"BreadcrumbList","@id":"https:\/\/gregorydamy.niceavocats.fr\/it\/unazione-collettiva\/#breadcrumb","itemListElement":[{"@type":"ListItem","position":1,"name":"Accueil","item":"https:\/\/gregorydamy.niceavocats.fr\/it\/"},{"@type":"ListItem","position":2,"name":"Un&#8217;azione collettiva"}]},{"@type":"WebSite","@id":"https:\/\/gregorydamy.niceavocats.fr\/it\/#website","url":"https:\/\/gregorydamy.niceavocats.fr\/it\/","name":"Soci\u00e9t\u00e9 d&#039;avocats Damy","description":"Justice - Confiance - Efficacit\u00e9","publisher":{"@id":"https:\/\/gregorydamy.niceavocats.fr\/it\/#organization"},"potentialAction":[{"@type":"SearchAction","target":{"@type":"EntryPoint","urlTemplate":"https:\/\/gregorydamy.niceavocats.fr\/it\/?s={search_term_string}"},"query-input":{"@type":"PropertyValueSpecification","valueRequired":true,"valueName":"search_term_string"}}],"inLanguage":"it-IT"},{"@type":"Organization","@id":"https:\/\/gregorydamy.niceavocats.fr\/it\/#organization","name":"Soci\u00e9t\u00e9 d'Avocats DAMY","alternateName":"Gr\u00e9gory DAMY","url":"https:\/\/gregorydamy.niceavocats.fr\/it\/","logo":{"@type":"ImageObject","inLanguage":"it-IT","@id":"https:\/\/gregorydamy.niceavocats.fr\/it\/#\/schema\/logo\/image\/","url":"https:\/\/gregorydamy.niceavocats.fr\/wp-content\/uploads\/2023\/04\/damylogo-1.png","contentUrl":"https:\/\/gregorydamy.niceavocats.fr\/wp-content\/uploads\/2023\/04\/damylogo-1.png","width":1890,"height":1417,"caption":"Soci\u00e9t\u00e9 d'Avocats DAMY"},"image":{"@id":"https:\/\/gregorydamy.niceavocats.fr\/it\/#\/schema\/logo\/image\/"},"sameAs":["https:\/\/www.facebook.com\/niceavocats.fr\/"]},{"@type":"Person","@id":"https:\/\/gregorydamy.niceavocats.fr\/it\/#\/schema\/person\/64c9f9acb07431f6b55f72278b4a5d57","name":"admin","sameAs":["https:\/\/gregorydamy.niceavocats.fr"],"url":"https:\/\/gregorydamy.niceavocats.fr\/it\/author\/admin_34\/"}]}},"_links":{"self":[{"href":"https:\/\/gregorydamy.niceavocats.fr\/it\/wp-json\/wp\/v2\/posts\/987508657","targetHints":{"allow":["GET"]}}],"collection":[{"href":"https:\/\/gregorydamy.niceavocats.fr\/it\/wp-json\/wp\/v2\/posts"}],"about":[{"href":"https:\/\/gregorydamy.niceavocats.fr\/it\/wp-json\/wp\/v2\/types\/post"}],"author":[{"embeddable":true,"href":"https:\/\/gregorydamy.niceavocats.fr\/it\/wp-json\/wp\/v2\/users\/1"}],"replies":[{"embeddable":true,"href":"https:\/\/gregorydamy.niceavocats.fr\/it\/wp-json\/wp\/v2\/comments?post=987508657"}],"version-history":[{"count":0,"href":"https:\/\/gregorydamy.niceavocats.fr\/it\/wp-json\/wp\/v2\/posts\/987508657\/revisions"}],"wp:attachment":[{"href":"https:\/\/gregorydamy.niceavocats.fr\/it\/wp-json\/wp\/v2\/media?parent=987508657"}],"wp:term":[{"taxonomy":"category","embeddable":true,"href":"https:\/\/gregorydamy.niceavocats.fr\/it\/wp-json\/wp\/v2\/categories?post=987508657"},{"taxonomy":"post_tag","embeddable":true,"href":"https:\/\/gregorydamy.niceavocats.fr\/it\/wp-json\/wp\/v2\/tags?post=987508657"}],"curies":[{"name":"wp","href":"https:\/\/api.w.org\/{rel}","templated":true}]}}