{"id":987508601,"date":"2024-06-18T12:13:17","date_gmt":"2024-06-18T12:13:17","guid":{"rendered":"https:\/\/gregorydamy.niceavocats.fr\/?p=987508601"},"modified":"2024-06-18T12:17:37","modified_gmt":"2024-06-18T12:17:37","slug":"avvocato-cassazionista-di-nizza-la-prova-nel-diritto-del-lavoro","status":"publish","type":"post","link":"https:\/\/gregorydamy.niceavocats.fr\/it\/avvocato-cassazionista-di-nizza-la-prova-nel-diritto-del-lavoro\/","title":{"rendered":"Avvocato cassazionista di Nizza &#8211; La prova nel diritto del lavoro."},"content":{"rendered":"<p>[et_pb_section fb_built=&#8221;1&#8243; admin_label=&#8221;section&#8221; _builder_version=&#8221;4.16&#8243; global_colors_info=&#8221;{}&#8221;][et_pb_row admin_label=&#8221;row&#8221; _builder_version=&#8221;4.16&#8243; background_size=&#8221;initial&#8221; background_position=&#8221;top_left&#8221; background_repeat=&#8221;repeat&#8221; global_colors_info=&#8221;{}&#8221;][et_pb_column type=&#8221;4_4&#8243; _builder_version=&#8221;4.16&#8243; custom_padding=&#8221;|||&#8221; global_colors_info=&#8221;{}&#8221; custom_padding__hover=&#8221;|||&#8221;][et_pb_image src=&#8221;https:\/\/gregorydamy.niceavocats.fr\/wp-content\/uploads\/2023\/08\/job-5382501_1280-2.jpg&#8221; alt=&#8221;retraite &#8221; title_text=&#8221;job-5382501_1280-2&#8243; align=&#8221;center&#8221; _builder_version=&#8221;4.24.2&#8243; _module_preset=&#8221;default&#8221; hover_enabled=&#8221;0&#8243; global_colors_info=&#8221;{}&#8221; sticky_enabled=&#8221;0&#8243;][\/et_pb_image][et_pb_text _builder_version=&#8221;4.24.2&#8243; _module_preset=&#8221;default&#8221; hover_enabled=&#8221;0&#8243; global_colors_info=&#8221;{}&#8221; sticky_enabled=&#8221;0&#8243;]<\/p>\n<h2>Avvocato cassazionista di Nizza &#8211; La prova nel diritto del lavoro.<\/h2>\n<p><strong>Cass. plenaria, 22 dicembre 2023, n. 20-20.648<\/strong><\/p>\n<p>Con una sentenza pronunciata dall&#8217;assemblea plenaria il 22 dicembre 2023 (n. 20-20.648), la Corte di Cassazione francese ha adottato una modifica della giurisprudenza in materia di prove nel diritto del lavoro.<\/p>\n<p>In linea di principio, la giurisprudenza dichiara inammissibili le prove ottenute illegalmente o ingiustamente (Cass. Soc., 20 novembre 1991, n. 88-43.120).<\/p>\n<p>Una prova \u00e8 considerata illegale o ingiusta quando \u00e8 stata ottenuta con un procedimento illegale o all&#8217;insaputa della persona.<\/p>\n<p>\u00c8 il caso, ad esempio, della registrazione di una conversazione telefonica all&#8217;insaputa dell&#8217;interlocutore (Cass. Com., 3 giugno 2008, n. 07-17.147, n. 07-17.196).<\/p>\n<p>Oppure la produzione di registrazioni audiovisive tramite telecamere di sorveglianza posizionate all&#8217;insaputa dei dipendenti (Cass. Soc. 19 aprile 2005, n. 02-46.295).<\/p>\n<p>Tuttavia, a volte le prove illecite o ingiustamente ottenute sono l&#8217;unico mezzo di prova che consente al lavoratore di far valere i propri diritti.<\/p>\n<p>Nella fattispecie, nella sentenza del 22 dicembre 2023, un dipendente aveva trascritto una riunione con il suo datore di lavoro che era stata registrata a sua insaputa.<\/p>\n<p>In conformit\u00e0 alla giurisprudenza vigente, i giudici della Corte d&#8217;appello hanno escluso questa prova dal procedimento, ritenendola ingiusta e quindi inammissibile.<\/p>\n<p>Tuttavia, la Corte di Cassazione ha deciso di ribaltare questa sentenza, dichiarando inammissibili le prove fornite dal dipendente.<\/p>\n<p>Secondo i giudici, le prove ottenute illegalmente o ingiustamente non devono pi\u00f9 essere sistematicamente rifiutate, ma devono essere sottoposte a un test di proporzionalit\u00e0 tra il diritto alla prova e il diritto che ne risente.<\/p>\n<p>In altre parole, i giudici dovranno effettuare un vero e proprio esame in concreto per determinare se il diritto alla prova debba prevalere su un altro diritto.<\/p>\n<p>Si tratta di un cambiamento fondamentale nella giurisprudenza in questo settore.<\/p>\n<p>Ma\u00eetre DAMY, avvocato a Nizza ed esperto in diritto del lavoro, vi assister\u00e0 in tutte le vostre procedure di diritto del lavoro.<\/p>\n<p>[\/et_pb_text][\/et_pb_column][\/et_pb_row][\/et_pb_section]<\/p>\n","protected":false},"excerpt":{"rendered":"<p>Avvocato cassazionista di Nizza &#8211; La prova nel diritto del lavoro. Cass. plenaria, 22 dicembre 2023, n. 20-20.648 Con una sentenza pronunciata dall&#8217;assemblea plenaria il 22 dicembre 2023 (n. 20-20.648), la Corte di Cassazione francese ha adottato una modifica della giurisprudenza in materia di prove nel diritto del lavoro. In linea di principio, la giurisprudenza [&hellip;]<\/p>\n","protected":false},"author":1,"featured_media":0,"comment_status":"closed","ping_status":"open","sticky":false,"template":"","format":"standard","meta":{"_et_pb_use_builder":"on","_et_pb_old_content":"","_et_gb_content_width":"","footnotes":""},"categories":[],"tags":[],"class_list":["post-987508601","post","type-post","status-publish","format-standard","hentry"],"yoast_head":"<!-- This site is optimized with the Yoast SEO plugin v26.8 - https:\/\/yoast.com\/product\/yoast-seo-wordpress\/ -->\n<title>Avvocato cassazionista di Nizza - La prova nel diritto del lavoro. - Soci\u00e9t\u00e9 d&#039;avocats Damy<\/title>\n<meta name=\"description\" content=\"Avvocato cassazionista di Nizza - La prova nel diritto del lavoro.\" \/>\n<meta name=\"robots\" content=\"index, follow, max-snippet:-1, max-image-preview:large, max-video-preview:-1\" \/>\n<link rel=\"canonical\" href=\"https:\/\/gregorydamy.niceavocats.fr\/it\/avvocato-cassazionista-di-nizza-la-prova-nel-diritto-del-lavoro\/\" \/>\n<meta property=\"og:locale\" content=\"it_IT\" \/>\n<meta property=\"og:type\" content=\"article\" \/>\n<meta property=\"og:title\" content=\"Avvocato cassazionista di Nizza - La prova nel diritto del lavoro. - Soci\u00e9t\u00e9 d&#039;avocats Damy\" \/>\n<meta property=\"og:description\" content=\"Avvocato cassazionista di Nizza - La prova nel diritto del lavoro.\" \/>\n<meta property=\"og:url\" content=\"https:\/\/gregorydamy.niceavocats.fr\/it\/avvocato-cassazionista-di-nizza-la-prova-nel-diritto-del-lavoro\/\" \/>\n<meta property=\"og:site_name\" content=\"Soci\u00e9t\u00e9 d&#039;avocats Damy\" \/>\n<meta property=\"article:publisher\" content=\"https:\/\/www.facebook.com\/niceavocats.fr\/\" \/>\n<meta property=\"article:published_time\" content=\"2024-06-18T12:13:17+00:00\" \/>\n<meta property=\"article:modified_time\" content=\"2024-06-18T12:17:37+00:00\" \/>\n<meta name=\"author\" content=\"admin\" \/>\n<meta name=\"twitter:card\" content=\"summary_large_image\" \/>\n<meta name=\"twitter:label1\" content=\"Scritto da\" \/>\n\t<meta name=\"twitter:data1\" content=\"admin\" \/>\n\t<meta name=\"twitter:label2\" content=\"Tempo di lettura stimato\" \/>\n\t<meta name=\"twitter:data2\" content=\"3 minuti\" \/>\n<script type=\"application\/ld+json\" class=\"yoast-schema-graph\">{\"@context\":\"https:\/\/schema.org\",\"@graph\":[{\"@type\":\"Article\",\"@id\":\"https:\/\/gregorydamy.niceavocats.fr\/it\/avvocato-cassazionista-di-nizza-la-prova-nel-diritto-del-lavoro\/#article\",\"isPartOf\":{\"@id\":\"https:\/\/gregorydamy.niceavocats.fr\/it\/avvocato-cassazionista-di-nizza-la-prova-nel-diritto-del-lavoro\/\"},\"author\":{\"name\":\"admin\",\"@id\":\"https:\/\/gregorydamy.niceavocats.fr\/it\/#\/schema\/person\/64c9f9acb07431f6b55f72278b4a5d57\"},\"headline\":\"Avvocato cassazionista di Nizza &#8211; La prova nel diritto del lavoro.\",\"datePublished\":\"2024-06-18T12:13:17+00:00\",\"dateModified\":\"2024-06-18T12:17:37+00:00\",\"mainEntityOfPage\":{\"@id\":\"https:\/\/gregorydamy.niceavocats.fr\/it\/avvocato-cassazionista-di-nizza-la-prova-nel-diritto-del-lavoro\/\"},\"wordCount\":432,\"publisher\":{\"@id\":\"https:\/\/gregorydamy.niceavocats.fr\/it\/#organization\"},\"inLanguage\":\"it-IT\"},{\"@type\":\"WebPage\",\"@id\":\"https:\/\/gregorydamy.niceavocats.fr\/it\/avvocato-cassazionista-di-nizza-la-prova-nel-diritto-del-lavoro\/\",\"url\":\"https:\/\/gregorydamy.niceavocats.fr\/it\/avvocato-cassazionista-di-nizza-la-prova-nel-diritto-del-lavoro\/\",\"name\":\"Avvocato cassazionista di Nizza - La prova nel diritto del lavoro. - Soci\u00e9t\u00e9 d&#039;avocats Damy\",\"isPartOf\":{\"@id\":\"https:\/\/gregorydamy.niceavocats.fr\/it\/#website\"},\"datePublished\":\"2024-06-18T12:13:17+00:00\",\"dateModified\":\"2024-06-18T12:17:37+00:00\",\"description\":\"Avvocato cassazionista di Nizza - La prova nel diritto del lavoro.\",\"breadcrumb\":{\"@id\":\"https:\/\/gregorydamy.niceavocats.fr\/it\/avvocato-cassazionista-di-nizza-la-prova-nel-diritto-del-lavoro\/#breadcrumb\"},\"inLanguage\":\"it-IT\",\"potentialAction\":[{\"@type\":\"ReadAction\",\"target\":[\"https:\/\/gregorydamy.niceavocats.fr\/it\/avvocato-cassazionista-di-nizza-la-prova-nel-diritto-del-lavoro\/\"]}]},{\"@type\":\"BreadcrumbList\",\"@id\":\"https:\/\/gregorydamy.niceavocats.fr\/it\/avvocato-cassazionista-di-nizza-la-prova-nel-diritto-del-lavoro\/#breadcrumb\",\"itemListElement\":[{\"@type\":\"ListItem\",\"position\":1,\"name\":\"Accueil\",\"item\":\"https:\/\/gregorydamy.niceavocats.fr\/it\/\"},{\"@type\":\"ListItem\",\"position\":2,\"name\":\"Avvocato cassazionista di Nizza &#8211; La prova nel diritto del lavoro.\"}]},{\"@type\":\"WebSite\",\"@id\":\"https:\/\/gregorydamy.niceavocats.fr\/it\/#website\",\"url\":\"https:\/\/gregorydamy.niceavocats.fr\/it\/\",\"name\":\"Soci\u00e9t\u00e9 d&#039;avocats Damy\",\"description\":\"Justice - Confiance - Efficacit\u00e9\",\"publisher\":{\"@id\":\"https:\/\/gregorydamy.niceavocats.fr\/it\/#organization\"},\"potentialAction\":[{\"@type\":\"SearchAction\",\"target\":{\"@type\":\"EntryPoint\",\"urlTemplate\":\"https:\/\/gregorydamy.niceavocats.fr\/it\/?s={search_term_string}\"},\"query-input\":{\"@type\":\"PropertyValueSpecification\",\"valueRequired\":true,\"valueName\":\"search_term_string\"}}],\"inLanguage\":\"it-IT\"},{\"@type\":\"Organization\",\"@id\":\"https:\/\/gregorydamy.niceavocats.fr\/it\/#organization\",\"name\":\"Soci\u00e9t\u00e9 d'Avocats DAMY\",\"alternateName\":\"Gr\u00e9gory DAMY\",\"url\":\"https:\/\/gregorydamy.niceavocats.fr\/it\/\",\"logo\":{\"@type\":\"ImageObject\",\"inLanguage\":\"it-IT\",\"@id\":\"https:\/\/gregorydamy.niceavocats.fr\/it\/#\/schema\/logo\/image\/\",\"url\":\"https:\/\/gregorydamy.niceavocats.fr\/wp-content\/uploads\/2023\/04\/damylogo-1.png\",\"contentUrl\":\"https:\/\/gregorydamy.niceavocats.fr\/wp-content\/uploads\/2023\/04\/damylogo-1.png\",\"width\":1890,\"height\":1417,\"caption\":\"Soci\u00e9t\u00e9 d'Avocats DAMY\"},\"image\":{\"@id\":\"https:\/\/gregorydamy.niceavocats.fr\/it\/#\/schema\/logo\/image\/\"},\"sameAs\":[\"https:\/\/www.facebook.com\/niceavocats.fr\/\"]},{\"@type\":\"Person\",\"@id\":\"https:\/\/gregorydamy.niceavocats.fr\/it\/#\/schema\/person\/64c9f9acb07431f6b55f72278b4a5d57\",\"name\":\"admin\",\"sameAs\":[\"https:\/\/gregorydamy.niceavocats.fr\"],\"url\":\"https:\/\/gregorydamy.niceavocats.fr\/it\/author\/admin_34\/\"}]}<\/script>\n<!-- \/ Yoast SEO plugin. -->","yoast_head_json":{"title":"Avvocato cassazionista di Nizza - La prova nel diritto del lavoro. - Soci\u00e9t\u00e9 d&#039;avocats Damy","description":"Avvocato cassazionista di Nizza - La prova nel diritto del lavoro.","robots":{"index":"index","follow":"follow","max-snippet":"max-snippet:-1","max-image-preview":"max-image-preview:large","max-video-preview":"max-video-preview:-1"},"canonical":"https:\/\/gregorydamy.niceavocats.fr\/it\/avvocato-cassazionista-di-nizza-la-prova-nel-diritto-del-lavoro\/","og_locale":"it_IT","og_type":"article","og_title":"Avvocato cassazionista di Nizza - La prova nel diritto del lavoro. - Soci\u00e9t\u00e9 d&#039;avocats Damy","og_description":"Avvocato cassazionista di Nizza - La prova nel diritto del lavoro.","og_url":"https:\/\/gregorydamy.niceavocats.fr\/it\/avvocato-cassazionista-di-nizza-la-prova-nel-diritto-del-lavoro\/","og_site_name":"Soci\u00e9t\u00e9 d&#039;avocats Damy","article_publisher":"https:\/\/www.facebook.com\/niceavocats.fr\/","article_published_time":"2024-06-18T12:13:17+00:00","article_modified_time":"2024-06-18T12:17:37+00:00","author":"admin","twitter_card":"summary_large_image","twitter_misc":{"Scritto da":"admin","Tempo di lettura stimato":"3 minuti"},"schema":{"@context":"https:\/\/schema.org","@graph":[{"@type":"Article","@id":"https:\/\/gregorydamy.niceavocats.fr\/it\/avvocato-cassazionista-di-nizza-la-prova-nel-diritto-del-lavoro\/#article","isPartOf":{"@id":"https:\/\/gregorydamy.niceavocats.fr\/it\/avvocato-cassazionista-di-nizza-la-prova-nel-diritto-del-lavoro\/"},"author":{"name":"admin","@id":"https:\/\/gregorydamy.niceavocats.fr\/it\/#\/schema\/person\/64c9f9acb07431f6b55f72278b4a5d57"},"headline":"Avvocato cassazionista di Nizza &#8211; La prova nel diritto del lavoro.","datePublished":"2024-06-18T12:13:17+00:00","dateModified":"2024-06-18T12:17:37+00:00","mainEntityOfPage":{"@id":"https:\/\/gregorydamy.niceavocats.fr\/it\/avvocato-cassazionista-di-nizza-la-prova-nel-diritto-del-lavoro\/"},"wordCount":432,"publisher":{"@id":"https:\/\/gregorydamy.niceavocats.fr\/it\/#organization"},"inLanguage":"it-IT"},{"@type":"WebPage","@id":"https:\/\/gregorydamy.niceavocats.fr\/it\/avvocato-cassazionista-di-nizza-la-prova-nel-diritto-del-lavoro\/","url":"https:\/\/gregorydamy.niceavocats.fr\/it\/avvocato-cassazionista-di-nizza-la-prova-nel-diritto-del-lavoro\/","name":"Avvocato cassazionista di Nizza - La prova nel diritto del lavoro. - Soci\u00e9t\u00e9 d&#039;avocats Damy","isPartOf":{"@id":"https:\/\/gregorydamy.niceavocats.fr\/it\/#website"},"datePublished":"2024-06-18T12:13:17+00:00","dateModified":"2024-06-18T12:17:37+00:00","description":"Avvocato cassazionista di Nizza - La prova nel diritto del lavoro.","breadcrumb":{"@id":"https:\/\/gregorydamy.niceavocats.fr\/it\/avvocato-cassazionista-di-nizza-la-prova-nel-diritto-del-lavoro\/#breadcrumb"},"inLanguage":"it-IT","potentialAction":[{"@type":"ReadAction","target":["https:\/\/gregorydamy.niceavocats.fr\/it\/avvocato-cassazionista-di-nizza-la-prova-nel-diritto-del-lavoro\/"]}]},{"@type":"BreadcrumbList","@id":"https:\/\/gregorydamy.niceavocats.fr\/it\/avvocato-cassazionista-di-nizza-la-prova-nel-diritto-del-lavoro\/#breadcrumb","itemListElement":[{"@type":"ListItem","position":1,"name":"Accueil","item":"https:\/\/gregorydamy.niceavocats.fr\/it\/"},{"@type":"ListItem","position":2,"name":"Avvocato cassazionista di Nizza &#8211; La prova nel diritto del lavoro."}]},{"@type":"WebSite","@id":"https:\/\/gregorydamy.niceavocats.fr\/it\/#website","url":"https:\/\/gregorydamy.niceavocats.fr\/it\/","name":"Soci\u00e9t\u00e9 d&#039;avocats Damy","description":"Justice - Confiance - Efficacit\u00e9","publisher":{"@id":"https:\/\/gregorydamy.niceavocats.fr\/it\/#organization"},"potentialAction":[{"@type":"SearchAction","target":{"@type":"EntryPoint","urlTemplate":"https:\/\/gregorydamy.niceavocats.fr\/it\/?s={search_term_string}"},"query-input":{"@type":"PropertyValueSpecification","valueRequired":true,"valueName":"search_term_string"}}],"inLanguage":"it-IT"},{"@type":"Organization","@id":"https:\/\/gregorydamy.niceavocats.fr\/it\/#organization","name":"Soci\u00e9t\u00e9 d'Avocats DAMY","alternateName":"Gr\u00e9gory DAMY","url":"https:\/\/gregorydamy.niceavocats.fr\/it\/","logo":{"@type":"ImageObject","inLanguage":"it-IT","@id":"https:\/\/gregorydamy.niceavocats.fr\/it\/#\/schema\/logo\/image\/","url":"https:\/\/gregorydamy.niceavocats.fr\/wp-content\/uploads\/2023\/04\/damylogo-1.png","contentUrl":"https:\/\/gregorydamy.niceavocats.fr\/wp-content\/uploads\/2023\/04\/damylogo-1.png","width":1890,"height":1417,"caption":"Soci\u00e9t\u00e9 d'Avocats DAMY"},"image":{"@id":"https:\/\/gregorydamy.niceavocats.fr\/it\/#\/schema\/logo\/image\/"},"sameAs":["https:\/\/www.facebook.com\/niceavocats.fr\/"]},{"@type":"Person","@id":"https:\/\/gregorydamy.niceavocats.fr\/it\/#\/schema\/person\/64c9f9acb07431f6b55f72278b4a5d57","name":"admin","sameAs":["https:\/\/gregorydamy.niceavocats.fr"],"url":"https:\/\/gregorydamy.niceavocats.fr\/it\/author\/admin_34\/"}]}},"_links":{"self":[{"href":"https:\/\/gregorydamy.niceavocats.fr\/it\/wp-json\/wp\/v2\/posts\/987508601","targetHints":{"allow":["GET"]}}],"collection":[{"href":"https:\/\/gregorydamy.niceavocats.fr\/it\/wp-json\/wp\/v2\/posts"}],"about":[{"href":"https:\/\/gregorydamy.niceavocats.fr\/it\/wp-json\/wp\/v2\/types\/post"}],"author":[{"embeddable":true,"href":"https:\/\/gregorydamy.niceavocats.fr\/it\/wp-json\/wp\/v2\/users\/1"}],"replies":[{"embeddable":true,"href":"https:\/\/gregorydamy.niceavocats.fr\/it\/wp-json\/wp\/v2\/comments?post=987508601"}],"version-history":[{"count":0,"href":"https:\/\/gregorydamy.niceavocats.fr\/it\/wp-json\/wp\/v2\/posts\/987508601\/revisions"}],"wp:attachment":[{"href":"https:\/\/gregorydamy.niceavocats.fr\/it\/wp-json\/wp\/v2\/media?parent=987508601"}],"wp:term":[{"taxonomy":"category","embeddable":true,"href":"https:\/\/gregorydamy.niceavocats.fr\/it\/wp-json\/wp\/v2\/categories?post=987508601"},{"taxonomy":"post_tag","embeddable":true,"href":"https:\/\/gregorydamy.niceavocats.fr\/it\/wp-json\/wp\/v2\/tags?post=987508601"}],"curies":[{"name":"wp","href":"https:\/\/api.w.org\/{rel}","templated":true}]}}