{"id":987508476,"date":"2024-05-21T13:45:10","date_gmt":"2024-05-21T13:45:10","guid":{"rendered":"https:\/\/gregorydamy.niceavocats.fr\/?p=987508476"},"modified":"2024-05-21T13:49:54","modified_gmt":"2024-05-21T13:49:54","slug":"puo-un-dipendente-far-valere-i-propri-diritti-pensionistici-per-evitare-un-licenziamento-per-colpa-grave","status":"publish","type":"post","link":"https:\/\/gregorydamy.niceavocats.fr\/it\/puo-un-dipendente-far-valere-i-propri-diritti-pensionistici-per-evitare-un-licenziamento-per-colpa-grave\/","title":{"rendered":"Pu\u00f2 un dipendente far valere i propri diritti pensionistici per evitare un licenziamento per colpa grave?"},"content":{"rendered":"<p>[et_pb_section fb_built=&#8221;1&#8243; admin_label=&#8221;section&#8221; _builder_version=&#8221;4.16&#8243; global_colors_info=&#8221;{}&#8221;][et_pb_row admin_label=&#8221;row&#8221; _builder_version=&#8221;4.16&#8243; background_size=&#8221;initial&#8221; background_position=&#8221;top_left&#8221; background_repeat=&#8221;repeat&#8221; global_colors_info=&#8221;{}&#8221;][et_pb_column type=&#8221;4_4&#8243; _builder_version=&#8221;4.16&#8243; custom_padding=&#8221;|||&#8221; global_colors_info=&#8221;{}&#8221; custom_padding__hover=&#8221;|||&#8221;][et_pb_image src=&#8221;https:\/\/gregorydamy.niceavocats.fr\/wp-content\/uploads\/2023\/08\/senior-3336451_1280-2.jpg&#8221; alt=&#8221;retraite &#8221; title_text=&#8221;senior-3336451_1280-2&#8243; align=&#8221;center&#8221; _builder_version=&#8221;4.24.2&#8243; _module_preset=&#8221;default&#8221; hover_enabled=&#8221;0&#8243; global_colors_info=&#8221;{}&#8221; sticky_enabled=&#8221;0&#8243;][\/et_pb_image][et_pb_text _builder_version=&#8221;4.24.2&#8243; _module_preset=&#8221;default&#8221; hover_enabled=&#8221;0&#8243; global_colors_info=&#8221;{}&#8221; sticky_enabled=&#8221;0&#8243;]<\/p>\n<h1 style=\"text-align: justify;\">Pu\u00f2 un dipendente far valere i propri diritti pensionistici per evitare un licenziamento per colpa grave?<\/h1>\n<h2 style=\"text-align: justify;\">Cass. Soc. 20 marzo 2024, n. 22-20.880<\/h2>\n<p style=\"text-align: justify;\">\u00c8 questa la domanda a cui ha dovuto rispondere la Corte di Cassazione in una sentenza del 20 marzo 2024 (Cass. Soc., 20 marzo 2024, n. 22-20.880).<\/p>\n<p style=\"text-align: justify;\">In questo caso, un dipendente aveva commesso una grave colpa.<\/p>\n<p style=\"text-align: justify;\">Nei suoi confronti \u00e8 stata quindi avviata una procedura di licenziamento.<\/p>\n<p style=\"text-align: justify;\">Nel frattempo, il dipendente \u00e8 stato licenziato.<\/p>\n<p style=\"text-align: justify;\">Per evitare le conseguenze del licenziamento per colpa grave e per evitare di essere privato del regime pensionistico a prestazione definita, il dipendente ha esercitato i suoi diritti pensionistici prima di essere convocato per il colloquio preliminare al licenziamento.<\/p>\n<p style=\"text-align: justify;\">Al momento della partenza, il dipendente ha chiesto al datore di lavoro di fornirgli i documenti necessari per poter beneficiare del regime pensionistico a prestazione definita.<\/p>\n<p style=\"text-align: justify;\">In assenza di una risposta da parte del datore di lavoro, il dipendente \u00e8 stato costretto a rivolgersi al tribunale del lavoro.<\/p>\n<p style=\"text-align: justify;\">A sua difesa, il datore di lavoro ha sostenuto che il dipendente aveva abusato dei suoi diritti rifiutandosi di fornire i documenti.<\/p>\n<p style=\"text-align: justify;\">Secondo il datore di lavoro, il dipendente aveva esercitato i suoi diritti di pensionamento solo per evitare la procedura di licenziamento per colpa grave avviata nei suoi confronti.<\/p>\n<p style=\"text-align: justify;\">Il datore di lavoro ha anche sostenuto che lo scopo del regime pensionistico a prestazione definita era quello di ricompensare i dipendenti per il loro servizio buono e leale.<\/p>\n<p style=\"text-align: justify;\">Il dipendente non era quindi idoneo a beneficiare del regime.<\/p>\n<p style=\"text-align: justify;\">La Corte di Cassazione ha respinto l&#8217;argomentazione del datore di lavoro, ritenendo che il dipendente avesse il diritto di esercitare i propri diritti pensionistici anche se era stato avviato un procedimento di licenziamento nei suoi confronti.<\/p>\n<p style=\"text-align: justify;\">Pertanto, poich\u00e9 il dipendente non era stato licenziato al momento del pensionamento, era pienamente idoneo a beneficiare del regime pensionistico a prestazione definita.<\/p>\n<p style=\"text-align: justify;\">Di conseguenza, la Corte di Cassazione ha stabilito che un dipendente che esercita il proprio diritto al pensionamento per evitare il licenziamento non commette alcun abuso di diritto. <br \/>Ma\u00eetre DAMY, avvocato del lavoro a Nizza, vi assister\u00e0 e consiglier\u00e0 in tutte le vostre procedure. Non esitate a contattarci.<\/p>\n<p>[\/et_pb_text][\/et_pb_column][\/et_pb_row][\/et_pb_section]<\/p>\n","protected":false},"excerpt":{"rendered":"<p>Pu\u00f2 un dipendente far valere i propri diritti pensionistici per evitare un licenziamento per colpa grave? Cass. Soc. 20 marzo 2024, n. 22-20.880 \u00c8 questa la domanda a cui ha dovuto rispondere la Corte di Cassazione in una sentenza del 20 marzo 2024 (Cass. Soc., 20 marzo 2024, n. 22-20.880). In questo caso, un dipendente [&hellip;]<\/p>\n","protected":false},"author":1,"featured_media":0,"comment_status":"closed","ping_status":"open","sticky":false,"template":"","format":"standard","meta":{"_et_pb_use_builder":"on","_et_pb_old_content":"","_et_gb_content_width":"","footnotes":""},"categories":[],"tags":[],"class_list":["post-987508476","post","type-post","status-publish","format-standard","hentry"],"yoast_head":"<!-- This site is optimized with the Yoast SEO plugin v26.8 - https:\/\/yoast.com\/product\/yoast-seo-wordpress\/ -->\n<title>Pu\u00f2 un dipendente far valere i propri diritti pensionistici per evitare un licenziamento per colpa grave? - Soci\u00e9t\u00e9 d&#039;avocats Damy<\/title>\n<meta name=\"description\" content=\"Pu\u00f2 un dipendente far valere i propri diritti pensionistici per evitare un licenziamento per colpa grave?\" \/>\n<meta name=\"robots\" content=\"index, follow, max-snippet:-1, max-image-preview:large, max-video-preview:-1\" \/>\n<link rel=\"canonical\" href=\"https:\/\/gregorydamy.niceavocats.fr\/it\/puo-un-dipendente-far-valere-i-propri-diritti-pensionistici-per-evitare-un-licenziamento-per-colpa-grave\/\" \/>\n<meta property=\"og:locale\" content=\"it_IT\" \/>\n<meta property=\"og:type\" content=\"article\" \/>\n<meta property=\"og:title\" content=\"Pu\u00f2 un dipendente far valere i propri diritti pensionistici per evitare un licenziamento per colpa grave? - Soci\u00e9t\u00e9 d&#039;avocats Damy\" \/>\n<meta property=\"og:description\" content=\"Pu\u00f2 un dipendente far valere i propri diritti pensionistici per evitare un licenziamento per colpa grave?\" \/>\n<meta property=\"og:url\" content=\"https:\/\/gregorydamy.niceavocats.fr\/it\/puo-un-dipendente-far-valere-i-propri-diritti-pensionistici-per-evitare-un-licenziamento-per-colpa-grave\/\" \/>\n<meta property=\"og:site_name\" content=\"Soci\u00e9t\u00e9 d&#039;avocats Damy\" \/>\n<meta property=\"article:publisher\" content=\"https:\/\/www.facebook.com\/niceavocats.fr\/\" \/>\n<meta property=\"article:published_time\" content=\"2024-05-21T13:45:10+00:00\" \/>\n<meta property=\"article:modified_time\" content=\"2024-05-21T13:49:54+00:00\" \/>\n<meta name=\"author\" content=\"admin\" \/>\n<meta name=\"twitter:card\" content=\"summary_large_image\" \/>\n<meta name=\"twitter:label1\" content=\"Scritto da\" \/>\n\t<meta name=\"twitter:data1\" content=\"admin\" \/>\n\t<meta name=\"twitter:label2\" content=\"Tempo di lettura stimato\" \/>\n\t<meta name=\"twitter:data2\" content=\"3 minuti\" \/>\n<script type=\"application\/ld+json\" class=\"yoast-schema-graph\">{\"@context\":\"https:\/\/schema.org\",\"@graph\":[{\"@type\":\"Article\",\"@id\":\"https:\/\/gregorydamy.niceavocats.fr\/it\/puo-un-dipendente-far-valere-i-propri-diritti-pensionistici-per-evitare-un-licenziamento-per-colpa-grave\/#article\",\"isPartOf\":{\"@id\":\"https:\/\/gregorydamy.niceavocats.fr\/it\/puo-un-dipendente-far-valere-i-propri-diritti-pensionistici-per-evitare-un-licenziamento-per-colpa-grave\/\"},\"author\":{\"name\":\"admin\",\"@id\":\"https:\/\/gregorydamy.niceavocats.fr\/it\/#\/schema\/person\/64c9f9acb07431f6b55f72278b4a5d57\"},\"headline\":\"Pu\u00f2 un dipendente far valere i propri diritti pensionistici per evitare un licenziamento per colpa grave?\",\"datePublished\":\"2024-05-21T13:45:10+00:00\",\"dateModified\":\"2024-05-21T13:49:54+00:00\",\"mainEntityOfPage\":{\"@id\":\"https:\/\/gregorydamy.niceavocats.fr\/it\/puo-un-dipendente-far-valere-i-propri-diritti-pensionistici-per-evitare-un-licenziamento-per-colpa-grave\/\"},\"wordCount\":480,\"publisher\":{\"@id\":\"https:\/\/gregorydamy.niceavocats.fr\/it\/#organization\"},\"inLanguage\":\"it-IT\"},{\"@type\":\"WebPage\",\"@id\":\"https:\/\/gregorydamy.niceavocats.fr\/it\/puo-un-dipendente-far-valere-i-propri-diritti-pensionistici-per-evitare-un-licenziamento-per-colpa-grave\/\",\"url\":\"https:\/\/gregorydamy.niceavocats.fr\/it\/puo-un-dipendente-far-valere-i-propri-diritti-pensionistici-per-evitare-un-licenziamento-per-colpa-grave\/\",\"name\":\"Pu\u00f2 un dipendente far valere i propri diritti pensionistici per evitare un licenziamento per colpa grave? - Soci\u00e9t\u00e9 d&#039;avocats Damy\",\"isPartOf\":{\"@id\":\"https:\/\/gregorydamy.niceavocats.fr\/it\/#website\"},\"datePublished\":\"2024-05-21T13:45:10+00:00\",\"dateModified\":\"2024-05-21T13:49:54+00:00\",\"description\":\"Pu\u00f2 un dipendente far valere i propri diritti pensionistici per evitare un licenziamento per colpa grave?\",\"breadcrumb\":{\"@id\":\"https:\/\/gregorydamy.niceavocats.fr\/it\/puo-un-dipendente-far-valere-i-propri-diritti-pensionistici-per-evitare-un-licenziamento-per-colpa-grave\/#breadcrumb\"},\"inLanguage\":\"it-IT\",\"potentialAction\":[{\"@type\":\"ReadAction\",\"target\":[\"https:\/\/gregorydamy.niceavocats.fr\/it\/puo-un-dipendente-far-valere-i-propri-diritti-pensionistici-per-evitare-un-licenziamento-per-colpa-grave\/\"]}]},{\"@type\":\"BreadcrumbList\",\"@id\":\"https:\/\/gregorydamy.niceavocats.fr\/it\/puo-un-dipendente-far-valere-i-propri-diritti-pensionistici-per-evitare-un-licenziamento-per-colpa-grave\/#breadcrumb\",\"itemListElement\":[{\"@type\":\"ListItem\",\"position\":1,\"name\":\"Accueil\",\"item\":\"https:\/\/gregorydamy.niceavocats.fr\/it\/\"},{\"@type\":\"ListItem\",\"position\":2,\"name\":\"Pu\u00f2 un dipendente far valere i propri diritti pensionistici per evitare un licenziamento per colpa grave?\"}]},{\"@type\":\"WebSite\",\"@id\":\"https:\/\/gregorydamy.niceavocats.fr\/it\/#website\",\"url\":\"https:\/\/gregorydamy.niceavocats.fr\/it\/\",\"name\":\"Soci\u00e9t\u00e9 d&#039;avocats Damy\",\"description\":\"Justice - Confiance - Efficacit\u00e9\",\"publisher\":{\"@id\":\"https:\/\/gregorydamy.niceavocats.fr\/it\/#organization\"},\"potentialAction\":[{\"@type\":\"SearchAction\",\"target\":{\"@type\":\"EntryPoint\",\"urlTemplate\":\"https:\/\/gregorydamy.niceavocats.fr\/it\/?s={search_term_string}\"},\"query-input\":{\"@type\":\"PropertyValueSpecification\",\"valueRequired\":true,\"valueName\":\"search_term_string\"}}],\"inLanguage\":\"it-IT\"},{\"@type\":\"Organization\",\"@id\":\"https:\/\/gregorydamy.niceavocats.fr\/it\/#organization\",\"name\":\"Soci\u00e9t\u00e9 d'Avocats DAMY\",\"alternateName\":\"Gr\u00e9gory DAMY\",\"url\":\"https:\/\/gregorydamy.niceavocats.fr\/it\/\",\"logo\":{\"@type\":\"ImageObject\",\"inLanguage\":\"it-IT\",\"@id\":\"https:\/\/gregorydamy.niceavocats.fr\/it\/#\/schema\/logo\/image\/\",\"url\":\"https:\/\/gregorydamy.niceavocats.fr\/wp-content\/uploads\/2023\/04\/damylogo-1.png\",\"contentUrl\":\"https:\/\/gregorydamy.niceavocats.fr\/wp-content\/uploads\/2023\/04\/damylogo-1.png\",\"width\":1890,\"height\":1417,\"caption\":\"Soci\u00e9t\u00e9 d'Avocats DAMY\"},\"image\":{\"@id\":\"https:\/\/gregorydamy.niceavocats.fr\/it\/#\/schema\/logo\/image\/\"},\"sameAs\":[\"https:\/\/www.facebook.com\/niceavocats.fr\/\"]},{\"@type\":\"Person\",\"@id\":\"https:\/\/gregorydamy.niceavocats.fr\/it\/#\/schema\/person\/64c9f9acb07431f6b55f72278b4a5d57\",\"name\":\"admin\",\"sameAs\":[\"https:\/\/gregorydamy.niceavocats.fr\"],\"url\":\"https:\/\/gregorydamy.niceavocats.fr\/it\/author\/admin_34\/\"}]}<\/script>\n<!-- \/ Yoast SEO plugin. -->","yoast_head_json":{"title":"Pu\u00f2 un dipendente far valere i propri diritti pensionistici per evitare un licenziamento per colpa grave? - Soci\u00e9t\u00e9 d&#039;avocats Damy","description":"Pu\u00f2 un dipendente far valere i propri diritti pensionistici per evitare un licenziamento per colpa grave?","robots":{"index":"index","follow":"follow","max-snippet":"max-snippet:-1","max-image-preview":"max-image-preview:large","max-video-preview":"max-video-preview:-1"},"canonical":"https:\/\/gregorydamy.niceavocats.fr\/it\/puo-un-dipendente-far-valere-i-propri-diritti-pensionistici-per-evitare-un-licenziamento-per-colpa-grave\/","og_locale":"it_IT","og_type":"article","og_title":"Pu\u00f2 un dipendente far valere i propri diritti pensionistici per evitare un licenziamento per colpa grave? - Soci\u00e9t\u00e9 d&#039;avocats Damy","og_description":"Pu\u00f2 un dipendente far valere i propri diritti pensionistici per evitare un licenziamento per colpa grave?","og_url":"https:\/\/gregorydamy.niceavocats.fr\/it\/puo-un-dipendente-far-valere-i-propri-diritti-pensionistici-per-evitare-un-licenziamento-per-colpa-grave\/","og_site_name":"Soci\u00e9t\u00e9 d&#039;avocats Damy","article_publisher":"https:\/\/www.facebook.com\/niceavocats.fr\/","article_published_time":"2024-05-21T13:45:10+00:00","article_modified_time":"2024-05-21T13:49:54+00:00","author":"admin","twitter_card":"summary_large_image","twitter_misc":{"Scritto da":"admin","Tempo di lettura stimato":"3 minuti"},"schema":{"@context":"https:\/\/schema.org","@graph":[{"@type":"Article","@id":"https:\/\/gregorydamy.niceavocats.fr\/it\/puo-un-dipendente-far-valere-i-propri-diritti-pensionistici-per-evitare-un-licenziamento-per-colpa-grave\/#article","isPartOf":{"@id":"https:\/\/gregorydamy.niceavocats.fr\/it\/puo-un-dipendente-far-valere-i-propri-diritti-pensionistici-per-evitare-un-licenziamento-per-colpa-grave\/"},"author":{"name":"admin","@id":"https:\/\/gregorydamy.niceavocats.fr\/it\/#\/schema\/person\/64c9f9acb07431f6b55f72278b4a5d57"},"headline":"Pu\u00f2 un dipendente far valere i propri diritti pensionistici per evitare un licenziamento per colpa grave?","datePublished":"2024-05-21T13:45:10+00:00","dateModified":"2024-05-21T13:49:54+00:00","mainEntityOfPage":{"@id":"https:\/\/gregorydamy.niceavocats.fr\/it\/puo-un-dipendente-far-valere-i-propri-diritti-pensionistici-per-evitare-un-licenziamento-per-colpa-grave\/"},"wordCount":480,"publisher":{"@id":"https:\/\/gregorydamy.niceavocats.fr\/it\/#organization"},"inLanguage":"it-IT"},{"@type":"WebPage","@id":"https:\/\/gregorydamy.niceavocats.fr\/it\/puo-un-dipendente-far-valere-i-propri-diritti-pensionistici-per-evitare-un-licenziamento-per-colpa-grave\/","url":"https:\/\/gregorydamy.niceavocats.fr\/it\/puo-un-dipendente-far-valere-i-propri-diritti-pensionistici-per-evitare-un-licenziamento-per-colpa-grave\/","name":"Pu\u00f2 un dipendente far valere i propri diritti pensionistici per evitare un licenziamento per colpa grave? - Soci\u00e9t\u00e9 d&#039;avocats Damy","isPartOf":{"@id":"https:\/\/gregorydamy.niceavocats.fr\/it\/#website"},"datePublished":"2024-05-21T13:45:10+00:00","dateModified":"2024-05-21T13:49:54+00:00","description":"Pu\u00f2 un dipendente far valere i propri diritti pensionistici per evitare un licenziamento per colpa grave?","breadcrumb":{"@id":"https:\/\/gregorydamy.niceavocats.fr\/it\/puo-un-dipendente-far-valere-i-propri-diritti-pensionistici-per-evitare-un-licenziamento-per-colpa-grave\/#breadcrumb"},"inLanguage":"it-IT","potentialAction":[{"@type":"ReadAction","target":["https:\/\/gregorydamy.niceavocats.fr\/it\/puo-un-dipendente-far-valere-i-propri-diritti-pensionistici-per-evitare-un-licenziamento-per-colpa-grave\/"]}]},{"@type":"BreadcrumbList","@id":"https:\/\/gregorydamy.niceavocats.fr\/it\/puo-un-dipendente-far-valere-i-propri-diritti-pensionistici-per-evitare-un-licenziamento-per-colpa-grave\/#breadcrumb","itemListElement":[{"@type":"ListItem","position":1,"name":"Accueil","item":"https:\/\/gregorydamy.niceavocats.fr\/it\/"},{"@type":"ListItem","position":2,"name":"Pu\u00f2 un dipendente far valere i propri diritti pensionistici per evitare un licenziamento per colpa grave?"}]},{"@type":"WebSite","@id":"https:\/\/gregorydamy.niceavocats.fr\/it\/#website","url":"https:\/\/gregorydamy.niceavocats.fr\/it\/","name":"Soci\u00e9t\u00e9 d&#039;avocats Damy","description":"Justice - Confiance - Efficacit\u00e9","publisher":{"@id":"https:\/\/gregorydamy.niceavocats.fr\/it\/#organization"},"potentialAction":[{"@type":"SearchAction","target":{"@type":"EntryPoint","urlTemplate":"https:\/\/gregorydamy.niceavocats.fr\/it\/?s={search_term_string}"},"query-input":{"@type":"PropertyValueSpecification","valueRequired":true,"valueName":"search_term_string"}}],"inLanguage":"it-IT"},{"@type":"Organization","@id":"https:\/\/gregorydamy.niceavocats.fr\/it\/#organization","name":"Soci\u00e9t\u00e9 d'Avocats DAMY","alternateName":"Gr\u00e9gory DAMY","url":"https:\/\/gregorydamy.niceavocats.fr\/it\/","logo":{"@type":"ImageObject","inLanguage":"it-IT","@id":"https:\/\/gregorydamy.niceavocats.fr\/it\/#\/schema\/logo\/image\/","url":"https:\/\/gregorydamy.niceavocats.fr\/wp-content\/uploads\/2023\/04\/damylogo-1.png","contentUrl":"https:\/\/gregorydamy.niceavocats.fr\/wp-content\/uploads\/2023\/04\/damylogo-1.png","width":1890,"height":1417,"caption":"Soci\u00e9t\u00e9 d'Avocats DAMY"},"image":{"@id":"https:\/\/gregorydamy.niceavocats.fr\/it\/#\/schema\/logo\/image\/"},"sameAs":["https:\/\/www.facebook.com\/niceavocats.fr\/"]},{"@type":"Person","@id":"https:\/\/gregorydamy.niceavocats.fr\/it\/#\/schema\/person\/64c9f9acb07431f6b55f72278b4a5d57","name":"admin","sameAs":["https:\/\/gregorydamy.niceavocats.fr"],"url":"https:\/\/gregorydamy.niceavocats.fr\/it\/author\/admin_34\/"}]}},"_links":{"self":[{"href":"https:\/\/gregorydamy.niceavocats.fr\/it\/wp-json\/wp\/v2\/posts\/987508476","targetHints":{"allow":["GET"]}}],"collection":[{"href":"https:\/\/gregorydamy.niceavocats.fr\/it\/wp-json\/wp\/v2\/posts"}],"about":[{"href":"https:\/\/gregorydamy.niceavocats.fr\/it\/wp-json\/wp\/v2\/types\/post"}],"author":[{"embeddable":true,"href":"https:\/\/gregorydamy.niceavocats.fr\/it\/wp-json\/wp\/v2\/users\/1"}],"replies":[{"embeddable":true,"href":"https:\/\/gregorydamy.niceavocats.fr\/it\/wp-json\/wp\/v2\/comments?post=987508476"}],"version-history":[{"count":0,"href":"https:\/\/gregorydamy.niceavocats.fr\/it\/wp-json\/wp\/v2\/posts\/987508476\/revisions"}],"wp:attachment":[{"href":"https:\/\/gregorydamy.niceavocats.fr\/it\/wp-json\/wp\/v2\/media?parent=987508476"}],"wp:term":[{"taxonomy":"category","embeddable":true,"href":"https:\/\/gregorydamy.niceavocats.fr\/it\/wp-json\/wp\/v2\/categories?post=987508476"},{"taxonomy":"post_tag","embeddable":true,"href":"https:\/\/gregorydamy.niceavocats.fr\/it\/wp-json\/wp\/v2\/tags?post=987508476"}],"curies":[{"name":"wp","href":"https:\/\/api.w.org\/{rel}","templated":true}]}}