{"id":6386,"date":"2023-03-03T09:32:41","date_gmt":"2023-03-03T09:32:41","guid":{"rendered":"https:\/\/gregorydamy.niceavocats.fr\/?p=6386"},"modified":"2023-08-10T06:19:47","modified_gmt":"2023-08-10T06:19:47","slug":"esame-della-gravita-della","status":"publish","type":"post","link":"https:\/\/gregorydamy.niceavocats.fr\/it\/esame-della-gravita-della\/","title":{"rendered":"Studio sull&#8217;interesse o meno della severit\u00e0 delle pene"},"content":{"rendered":"<p>[et_pb_section fb_built=&#8221;1&#8243; _builder_version=&#8221;4.21.0&#8243; min_height=&#8221;475px&#8221; min_height_tablet=&#8221;623px&#8221; min_height_phone=&#8221;623px&#8221; min_height_last_edited=&#8221;on|tablet&#8221; height=&#8221;487px&#8221; height_tablet=&#8221;638px&#8221; height_phone=&#8221;635px&#8221; height_last_edited=&#8221;on|phone&#8221; max_height=&#8221;771px&#8221; max_height_tablet=&#8221;771px&#8221; max_height_phone=&#8221;638px&#8221; max_height_last_edited=&#8221;on|phone&#8221; locked=&#8221;off&#8221; global_colors_info=&#8221;{}&#8221;][et_pb_row column_structure=&#8221;1_3,1_3,1_3&#8243; _builder_version=&#8221;4.19.5&#8243; _module_preset=&#8221;default&#8221; background_enable_mask_style=&#8221;on&#8221; background_mask_style=&#8221;wave&#8221; background_mask_color=&#8221;rgba(0,0,0,0.08)&#8221; custom_padding=&#8221;||6px|||&#8221; locked=&#8221;off&#8221; global_colors_info=&#8221;{}&#8221;][et_pb_column type=&#8221;1_3&#8243; _builder_version=&#8221;4.19.5&#8243; _module_preset=&#8221;default&#8221; global_colors_info=&#8221;{}&#8221;][\/et_pb_column][et_pb_column type=&#8221;1_3&#8243; _builder_version=&#8221;4.19.5&#8243; _module_preset=&#8221;default&#8221; global_colors_info=&#8221;{}&#8221;][\/et_pb_column][et_pb_column type=&#8221;1_3&#8243; _builder_version=&#8221;4.19.5&#8243; _module_preset=&#8221;default&#8221; global_colors_info=&#8221;{}&#8221;][et_pb_circle_counter title=&#8221;Temps de lecture estim\u00e9 (en minutes)&#8221; number=&#8221;2&#8243; percent_sign=&#8221;off&#8221; _builder_version=&#8221;4.21.0&#8243; _module_preset=&#8221;default&#8221; title_font=&#8221;Amiri||||||||&#8221; max_width=&#8221;137px&#8221; global_colors_info=&#8221;{}&#8221;][\/et_pb_circle_counter][\/et_pb_column][\/et_pb_row][et_pb_row _builder_version=&#8221;4.19.5&#8243; _module_preset=&#8221;default&#8221; global_colors_info=&#8221;{}&#8221;][et_pb_column type=&#8221;4_4&#8243; _builder_version=&#8221;4.19.5&#8243; _module_preset=&#8221;default&#8221; global_colors_info=&#8221;{}&#8221;][et_pb_divider _builder_version=&#8221;4.19.5&#8243; _module_preset=&#8221;default&#8221; global_colors_info=&#8221;{}&#8221;][\/et_pb_divider][et_pb_image src=&#8221;https:\/\/gregorydamy.niceavocats.fr\/wp-content\/uploads\/2023\/05\/Texas-Death-Penalty-Capital-Punishment-1280&#215;853-1.jpg&#8221; title_text=&#8221;Texas-Death-Penalty-Capital-Punishment-1280&#215;853&#8243; _builder_version=&#8221;4.21.0&#8243; _module_preset=&#8221;default&#8221; global_colors_info=&#8221;{}&#8221;][\/et_pb_image][et_pb_text _builder_version=&#8221;4.21.0&#8243; text_font=&#8221;Amiri||||||||&#8221; background_size=&#8221;initial&#8221; background_position=&#8221;top_left&#8221; background_repeat=&#8221;repeat&#8221; hover_enabled=&#8221;0&#8243; global_colors_info=&#8221;{}&#8221; sticky_enabled=&#8221;0&#8243;]<\/p>\n<div class=\"et_pb_row et_pb_row_2\">\n<div class=\"et_pb_column et_pb_column_4_4 et_pb_column_4  et_pb_css_mix_blend_mode_passthrough et-last-child\">\n<div class=\"et_pb_module et_pb_text et_pb_text_0  et_pb_text_align_left et_pb_bg_layout_light\">\n<div class=\"et_pb_text_inner\">\n<p><span>Considerazione della durezza delle sentenze La questione di sapere se la giustizia debba essere ancora pi\u00f9 dura per prevenire la recidiva\u00a0<\/span><a href=\"https:\/\/www.justice.gouv.fr\/mesurer-comprendre-determinants-recidive\"><span>\u00e8<\/span><\/a><span>\u00a0una questione complessa e controversa.\u00a0Sebbene l&#8217;aumento della severit\u00e0 della pena possa sembrare una soluzione logica, \u00e8 importante considerare i fattori sottostanti che contribuiscono alla recidiva e le potenziali conseguenze indesiderate di misure pi\u00f9 severe.<\/span><\/p>\n<h2><span>L&#8217;argomento per una maggiore severit\u00e0: &#8211;<\/span><\/h2>\n<p><span>Non c&#8217;\u00e8 dubbio che la recidiva rappresenti una sfida significativa per la societ\u00e0.\u00a0Le misure volte a prevenire la recidiva si sono infatti moltiplicate negli anni.\u00a0Questi includono una migliore supervisione e monitoraggio, programmi di riabilitazione e servizi di supporto alla comunit\u00e0.\u00a0Tuttavia, alcuni sostengono che queste misure non siano state sufficienti a ridurre i tassi di recidiva, portando a richieste di condanne pi\u00f9 severe come deterrente.<\/span><\/p>\n<p><span>I fautori di una maggiore severit\u00e0 sostengono che sanzioni pi\u00f9 severe instillerebbero paura e scoraggerebbero le persone dall&#8217;impegnarsi in comportamenti criminali.\u00a0Ritengono che la minaccia di gravi conseguenze scoraggerebbe potenziali recidivi, proteggendo cos\u00ec la societ\u00e0.\u00a0Inoltre, sostengono che \u00e8 necessaria una maggiore enfasi sulla punizione per garantire giustizia alle vittime e per mantenere la fiducia del pubblico nel sistema di giustizia penale.<\/span><\/p>\n<h2><span>I limiti di maggiore gravit\u00e0: &#8211;<\/span><\/h2>\n<p><span>Tuttavia, \u00e8 fondamentale considerare i potenziali svantaggi di un sistema giudiziario pi\u00f9 rigido.\u00a0La ricerca indica che la recidiva \u00e8 spesso influenzata da una complessa interazione di fattori come lo stato socioeconomico, l&#8217;istruzione, la salute mentale e l&#8217;abuso di sostanze.\u00a0Concentrarsi esclusivamente sulla punizione pu\u00f2 ignorare le cause alla base del comportamento criminale e non riuscire ad affrontare efficacemente questi problemi fondamentali.<\/span><\/p>\n<p><span>Inoltre, misure eccessivamente punitive possono portare a una serie di conseguenze indesiderate.\u00a0Lunghe pene detentive, ad esempio, possono contribuire al sovraffollamento delle strutture penitenziarie, allo sforzo di risorse e all&#8217;aumento dei costi per i contribuenti.\u00a0Le condanne pi\u00f9 severe possono anche esacerbare i problemi di reinserimento nella societ\u00e0, poich\u00e9 le persone che hanno scontato la pena possono avere difficolt\u00e0 a trovare un lavoro o reintegrarsi nella loro comunit\u00e0, il che aumenta il rischio di recidiva.<\/span><\/p>\n<p><span>Piuttosto che fare affidamento esclusivamente su una maggiore severit\u00e0, \u00e8 necessario un approccio olistico per affrontare efficacemente la recidiva.\u00a0Ci\u00f2 include un focus sulla prevenzione attraverso programmi di intervento precoce, il miglioramento dell&#8217;accesso all&#8217;istruzione e alle opportunit\u00e0 di lavoro e la fornitura di solidi servizi di riabilitazione e supporto durante e dopo la detenzione.\u00a0Affrontando le cause alla base del comportamento criminale e promuovendo un reinserimento riuscito, la societ\u00e0 pu\u00f2 lavorare per ridurre i tassi di recidiva senza compromettere i principi di giustizia.<\/span><\/p>\n<p><a href=\"https:\/\/gregorydamy.niceavocats.fr\/\"><span>Studio Legale DAMY<\/span><\/a><\/p>\n<\/div>\n<\/div>\n<\/div>\n<\/div>\n<div class=\"et_pb_row et_pb_row_3\">\n<div class=\"et_pb_column et_pb_column_4_4 et_pb_column_5  et_pb_css_mix_blend_mode_passthrough et-last-child\">\u00a0<\/div>\n<\/div>\n<p>[\/et_pb_text][\/et_pb_column][\/et_pb_row][et_pb_row _builder_version=&#8221;4.19.5&#8243; background_size=&#8221;initial&#8221; background_position=&#8221;top_left&#8221; background_repeat=&#8221;repeat&#8221; custom_padding=&#8221;0px||0px||false|false&#8221; global_colors_info=&#8221;{}&#8221;][et_pb_column type=&#8221;4_4&#8243; _builder_version=&#8221;4.16&#8243; custom_padding=&#8221;|||&#8221; global_colors_info=&#8221;{}&#8221; custom_padding__hover=&#8221;|||&#8221;][\/et_pb_column][\/et_pb_row][\/et_pb_section]<\/p>\n","protected":false},"excerpt":{"rendered":"<p>Considerazione della durezza delle sentenze La questione di sapere se la giustizia debba essere ancora pi\u00f9 dura per prevenire la recidiva\u00a0\u00e8\u00a0una questione complessa e controversa.\u00a0Sebbene l&#8217;aumento della severit\u00e0 della pena possa sembrare una soluzione logica, \u00e8 importante considerare i fattori sottostanti che contribuiscono alla recidiva e le potenziali conseguenze indesiderate di misure pi\u00f9 severe. L&#8217;argomento [&hellip;]<\/p>\n","protected":false},"author":2,"featured_media":0,"comment_status":"open","ping_status":"open","sticky":false,"template":"","format":"standard","meta":{"_et_pb_use_builder":"on","_et_pb_old_content":"<p>[et_pb_section][et_pb_row][et_pb_column type=\"4_4\"][et_pb_text]<\/p><p>Si sono moltiplicate le misure per prevenire la recidiva, ma la giustizia dovrebbe essere ancora pi\u00f9 severa per evitare che un condannato commetta nuovamente un reato?<\/p><p>[\/et_pb_text][\/et_pb_column][\/et_pb_row][\/et_pb_section]<\/p>","_et_gb_content_width":"","footnotes":""},"categories":[],"tags":[],"class_list":["post-6386","post","type-post","status-publish","format-standard","hentry"],"yoast_head":"<!-- This site is optimized with the Yoast SEO plugin v26.8 - https:\/\/yoast.com\/product\/yoast-seo-wordpress\/ -->\n<title>Studio sull&#039;interesse o meno della severit\u00e0 delle pene - Soci\u00e9t\u00e9 d&#039;avocats Damy<\/title>\n<meta name=\"description\" content=\"Esame della gravit\u00e0 della la questione se la giustizia debba essere ancora pi\u00f9 severa per prevenire la recidiva \u00e8 un argomentoEsame della\" \/>\n<meta name=\"robots\" content=\"index, follow, max-snippet:-1, max-image-preview:large, max-video-preview:-1\" \/>\n<link rel=\"canonical\" href=\"https:\/\/gregorydamy.niceavocats.fr\/it\/esame-della-gravita-della\/\" \/>\n<meta property=\"og:locale\" content=\"it_IT\" \/>\n<meta property=\"og:type\" content=\"article\" \/>\n<meta property=\"og:title\" content=\"Studio sull&#039;interesse o meno della severit\u00e0 delle pene - Soci\u00e9t\u00e9 d&#039;avocats Damy\" \/>\n<meta property=\"og:description\" content=\"Esame della gravit\u00e0 della la questione se la giustizia debba essere ancora pi\u00f9 severa per prevenire la recidiva \u00e8 un argomentoEsame della\" \/>\n<meta property=\"og:url\" content=\"https:\/\/gregorydamy.niceavocats.fr\/it\/esame-della-gravita-della\/\" \/>\n<meta property=\"og:site_name\" content=\"Soci\u00e9t\u00e9 d&#039;avocats Damy\" \/>\n<meta property=\"article:publisher\" content=\"https:\/\/www.facebook.com\/niceavocats.fr\/\" \/>\n<meta property=\"article:published_time\" content=\"2023-03-03T09:32:41+00:00\" \/>\n<meta property=\"article:modified_time\" content=\"2023-08-10T06:19:47+00:00\" \/>\n<meta name=\"author\" content=\"Kevin\" \/>\n<meta name=\"twitter:card\" content=\"summary_large_image\" \/>\n<meta name=\"twitter:label1\" content=\"Scritto da\" \/>\n\t<meta name=\"twitter:data1\" content=\"Kevin\" \/>\n\t<meta name=\"twitter:label2\" content=\"Tempo di lettura stimato\" \/>\n\t<meta name=\"twitter:data2\" content=\"3 minuti\" \/>\n<script type=\"application\/ld+json\" class=\"yoast-schema-graph\">{\"@context\":\"https:\/\/schema.org\",\"@graph\":[{\"@type\":\"Article\",\"@id\":\"https:\/\/gregorydamy.niceavocats.fr\/it\/esame-della-gravita-della\/#article\",\"isPartOf\":{\"@id\":\"https:\/\/gregorydamy.niceavocats.fr\/it\/esame-della-gravita-della\/\"},\"author\":{\"name\":\"Kevin\",\"@id\":\"https:\/\/gregorydamy.niceavocats.fr\/it\/#\/schema\/person\/e040acb2856efaa1e114d0e7a92a3870\"},\"headline\":\"Studio sull&#8217;interesse o meno della severit\u00e0 delle pene\",\"datePublished\":\"2023-03-03T09:32:41+00:00\",\"dateModified\":\"2023-08-10T06:19:47+00:00\",\"mainEntityOfPage\":{\"@id\":\"https:\/\/gregorydamy.niceavocats.fr\/it\/esame-della-gravita-della\/\"},\"wordCount\":750,\"commentCount\":0,\"publisher\":{\"@id\":\"https:\/\/gregorydamy.niceavocats.fr\/it\/#organization\"},\"inLanguage\":\"it-IT\",\"potentialAction\":[{\"@type\":\"CommentAction\",\"name\":\"Comment\",\"target\":[\"https:\/\/gregorydamy.niceavocats.fr\/it\/esame-della-gravita-della\/#respond\"]}]},{\"@type\":\"WebPage\",\"@id\":\"https:\/\/gregorydamy.niceavocats.fr\/it\/esame-della-gravita-della\/\",\"url\":\"https:\/\/gregorydamy.niceavocats.fr\/it\/esame-della-gravita-della\/\",\"name\":\"Studio sull'interesse o meno della severit\u00e0 delle pene - Soci\u00e9t\u00e9 d&#039;avocats Damy\",\"isPartOf\":{\"@id\":\"https:\/\/gregorydamy.niceavocats.fr\/it\/#website\"},\"datePublished\":\"2023-03-03T09:32:41+00:00\",\"dateModified\":\"2023-08-10T06:19:47+00:00\",\"description\":\"Esame della gravit\u00e0 della la questione se la giustizia debba essere ancora pi\u00f9 severa per prevenire la recidiva \u00e8 un argomentoEsame della\",\"breadcrumb\":{\"@id\":\"https:\/\/gregorydamy.niceavocats.fr\/it\/esame-della-gravita-della\/#breadcrumb\"},\"inLanguage\":\"it-IT\",\"potentialAction\":[{\"@type\":\"ReadAction\",\"target\":[\"https:\/\/gregorydamy.niceavocats.fr\/it\/esame-della-gravita-della\/\"]}]},{\"@type\":\"BreadcrumbList\",\"@id\":\"https:\/\/gregorydamy.niceavocats.fr\/it\/esame-della-gravita-della\/#breadcrumb\",\"itemListElement\":[{\"@type\":\"ListItem\",\"position\":1,\"name\":\"Accueil\",\"item\":\"https:\/\/gregorydamy.niceavocats.fr\/it\/\"},{\"@type\":\"ListItem\",\"position\":2,\"name\":\"Studio sull&rsquo;interesse o meno della severit\u00e0 delle pene\"}]},{\"@type\":\"WebSite\",\"@id\":\"https:\/\/gregorydamy.niceavocats.fr\/it\/#website\",\"url\":\"https:\/\/gregorydamy.niceavocats.fr\/it\/\",\"name\":\"Soci\u00e9t\u00e9 d&#039;avocats Damy\",\"description\":\"Justice - Confiance - Efficacit\u00e9\",\"publisher\":{\"@id\":\"https:\/\/gregorydamy.niceavocats.fr\/it\/#organization\"},\"potentialAction\":[{\"@type\":\"SearchAction\",\"target\":{\"@type\":\"EntryPoint\",\"urlTemplate\":\"https:\/\/gregorydamy.niceavocats.fr\/it\/?s={search_term_string}\"},\"query-input\":{\"@type\":\"PropertyValueSpecification\",\"valueRequired\":true,\"valueName\":\"search_term_string\"}}],\"inLanguage\":\"it-IT\"},{\"@type\":\"Organization\",\"@id\":\"https:\/\/gregorydamy.niceavocats.fr\/it\/#organization\",\"name\":\"Soci\u00e9t\u00e9 d'Avocats DAMY\",\"alternateName\":\"Gr\u00e9gory DAMY\",\"url\":\"https:\/\/gregorydamy.niceavocats.fr\/it\/\",\"logo\":{\"@type\":\"ImageObject\",\"inLanguage\":\"it-IT\",\"@id\":\"https:\/\/gregorydamy.niceavocats.fr\/it\/#\/schema\/logo\/image\/\",\"url\":\"https:\/\/gregorydamy.niceavocats.fr\/wp-content\/uploads\/2023\/04\/damylogo-1.png\",\"contentUrl\":\"https:\/\/gregorydamy.niceavocats.fr\/wp-content\/uploads\/2023\/04\/damylogo-1.png\",\"width\":1890,\"height\":1417,\"caption\":\"Soci\u00e9t\u00e9 d'Avocats DAMY\"},\"image\":{\"@id\":\"https:\/\/gregorydamy.niceavocats.fr\/it\/#\/schema\/logo\/image\/\"},\"sameAs\":[\"https:\/\/www.facebook.com\/niceavocats.fr\/\"]},{\"@type\":\"Person\",\"@id\":\"https:\/\/gregorydamy.niceavocats.fr\/it\/#\/schema\/person\/e040acb2856efaa1e114d0e7a92a3870\",\"name\":\"Kevin\",\"url\":\"https:\/\/gregorydamy.niceavocats.fr\/it\/author\/kevin\/\"}]}<\/script>\n<!-- \/ Yoast SEO plugin. -->","yoast_head_json":{"title":"Studio sull'interesse o meno della severit\u00e0 delle pene - Soci\u00e9t\u00e9 d&#039;avocats Damy","description":"Esame della gravit\u00e0 della la questione se la giustizia debba essere ancora pi\u00f9 severa per prevenire la recidiva \u00e8 un argomentoEsame della","robots":{"index":"index","follow":"follow","max-snippet":"max-snippet:-1","max-image-preview":"max-image-preview:large","max-video-preview":"max-video-preview:-1"},"canonical":"https:\/\/gregorydamy.niceavocats.fr\/it\/esame-della-gravita-della\/","og_locale":"it_IT","og_type":"article","og_title":"Studio sull'interesse o meno della severit\u00e0 delle pene - Soci\u00e9t\u00e9 d&#039;avocats Damy","og_description":"Esame della gravit\u00e0 della la questione se la giustizia debba essere ancora pi\u00f9 severa per prevenire la recidiva \u00e8 un argomentoEsame della","og_url":"https:\/\/gregorydamy.niceavocats.fr\/it\/esame-della-gravita-della\/","og_site_name":"Soci\u00e9t\u00e9 d&#039;avocats Damy","article_publisher":"https:\/\/www.facebook.com\/niceavocats.fr\/","article_published_time":"2023-03-03T09:32:41+00:00","article_modified_time":"2023-08-10T06:19:47+00:00","author":"Kevin","twitter_card":"summary_large_image","twitter_misc":{"Scritto da":"Kevin","Tempo di lettura stimato":"3 minuti"},"schema":{"@context":"https:\/\/schema.org","@graph":[{"@type":"Article","@id":"https:\/\/gregorydamy.niceavocats.fr\/it\/esame-della-gravita-della\/#article","isPartOf":{"@id":"https:\/\/gregorydamy.niceavocats.fr\/it\/esame-della-gravita-della\/"},"author":{"name":"Kevin","@id":"https:\/\/gregorydamy.niceavocats.fr\/it\/#\/schema\/person\/e040acb2856efaa1e114d0e7a92a3870"},"headline":"Studio sull&#8217;interesse o meno della severit\u00e0 delle pene","datePublished":"2023-03-03T09:32:41+00:00","dateModified":"2023-08-10T06:19:47+00:00","mainEntityOfPage":{"@id":"https:\/\/gregorydamy.niceavocats.fr\/it\/esame-della-gravita-della\/"},"wordCount":750,"commentCount":0,"publisher":{"@id":"https:\/\/gregorydamy.niceavocats.fr\/it\/#organization"},"inLanguage":"it-IT","potentialAction":[{"@type":"CommentAction","name":"Comment","target":["https:\/\/gregorydamy.niceavocats.fr\/it\/esame-della-gravita-della\/#respond"]}]},{"@type":"WebPage","@id":"https:\/\/gregorydamy.niceavocats.fr\/it\/esame-della-gravita-della\/","url":"https:\/\/gregorydamy.niceavocats.fr\/it\/esame-della-gravita-della\/","name":"Studio sull'interesse o meno della severit\u00e0 delle pene - Soci\u00e9t\u00e9 d&#039;avocats Damy","isPartOf":{"@id":"https:\/\/gregorydamy.niceavocats.fr\/it\/#website"},"datePublished":"2023-03-03T09:32:41+00:00","dateModified":"2023-08-10T06:19:47+00:00","description":"Esame della gravit\u00e0 della la questione se la giustizia debba essere ancora pi\u00f9 severa per prevenire la recidiva \u00e8 un argomentoEsame della","breadcrumb":{"@id":"https:\/\/gregorydamy.niceavocats.fr\/it\/esame-della-gravita-della\/#breadcrumb"},"inLanguage":"it-IT","potentialAction":[{"@type":"ReadAction","target":["https:\/\/gregorydamy.niceavocats.fr\/it\/esame-della-gravita-della\/"]}]},{"@type":"BreadcrumbList","@id":"https:\/\/gregorydamy.niceavocats.fr\/it\/esame-della-gravita-della\/#breadcrumb","itemListElement":[{"@type":"ListItem","position":1,"name":"Accueil","item":"https:\/\/gregorydamy.niceavocats.fr\/it\/"},{"@type":"ListItem","position":2,"name":"Studio sull&rsquo;interesse o meno della severit\u00e0 delle pene"}]},{"@type":"WebSite","@id":"https:\/\/gregorydamy.niceavocats.fr\/it\/#website","url":"https:\/\/gregorydamy.niceavocats.fr\/it\/","name":"Soci\u00e9t\u00e9 d&#039;avocats Damy","description":"Justice - Confiance - Efficacit\u00e9","publisher":{"@id":"https:\/\/gregorydamy.niceavocats.fr\/it\/#organization"},"potentialAction":[{"@type":"SearchAction","target":{"@type":"EntryPoint","urlTemplate":"https:\/\/gregorydamy.niceavocats.fr\/it\/?s={search_term_string}"},"query-input":{"@type":"PropertyValueSpecification","valueRequired":true,"valueName":"search_term_string"}}],"inLanguage":"it-IT"},{"@type":"Organization","@id":"https:\/\/gregorydamy.niceavocats.fr\/it\/#organization","name":"Soci\u00e9t\u00e9 d'Avocats DAMY","alternateName":"Gr\u00e9gory DAMY","url":"https:\/\/gregorydamy.niceavocats.fr\/it\/","logo":{"@type":"ImageObject","inLanguage":"it-IT","@id":"https:\/\/gregorydamy.niceavocats.fr\/it\/#\/schema\/logo\/image\/","url":"https:\/\/gregorydamy.niceavocats.fr\/wp-content\/uploads\/2023\/04\/damylogo-1.png","contentUrl":"https:\/\/gregorydamy.niceavocats.fr\/wp-content\/uploads\/2023\/04\/damylogo-1.png","width":1890,"height":1417,"caption":"Soci\u00e9t\u00e9 d'Avocats DAMY"},"image":{"@id":"https:\/\/gregorydamy.niceavocats.fr\/it\/#\/schema\/logo\/image\/"},"sameAs":["https:\/\/www.facebook.com\/niceavocats.fr\/"]},{"@type":"Person","@id":"https:\/\/gregorydamy.niceavocats.fr\/it\/#\/schema\/person\/e040acb2856efaa1e114d0e7a92a3870","name":"Kevin","url":"https:\/\/gregorydamy.niceavocats.fr\/it\/author\/kevin\/"}]}},"_links":{"self":[{"href":"https:\/\/gregorydamy.niceavocats.fr\/it\/wp-json\/wp\/v2\/posts\/6386","targetHints":{"allow":["GET"]}}],"collection":[{"href":"https:\/\/gregorydamy.niceavocats.fr\/it\/wp-json\/wp\/v2\/posts"}],"about":[{"href":"https:\/\/gregorydamy.niceavocats.fr\/it\/wp-json\/wp\/v2\/types\/post"}],"author":[{"embeddable":true,"href":"https:\/\/gregorydamy.niceavocats.fr\/it\/wp-json\/wp\/v2\/users\/2"}],"replies":[{"embeddable":true,"href":"https:\/\/gregorydamy.niceavocats.fr\/it\/wp-json\/wp\/v2\/comments?post=6386"}],"version-history":[{"count":0,"href":"https:\/\/gregorydamy.niceavocats.fr\/it\/wp-json\/wp\/v2\/posts\/6386\/revisions"}],"wp:attachment":[{"href":"https:\/\/gregorydamy.niceavocats.fr\/it\/wp-json\/wp\/v2\/media?parent=6386"}],"wp:term":[{"taxonomy":"category","embeddable":true,"href":"https:\/\/gregorydamy.niceavocats.fr\/it\/wp-json\/wp\/v2\/categories?post=6386"},{"taxonomy":"post_tag","embeddable":true,"href":"https:\/\/gregorydamy.niceavocats.fr\/it\/wp-json\/wp\/v2\/tags?post=6386"}],"curies":[{"name":"wp","href":"https:\/\/api.w.org\/{rel}","templated":true}]}}