{"id":6333,"date":"2008-06-01T16:38:02","date_gmt":"2008-06-01T16:38:02","guid":{"rendered":"https:\/\/gregorydamy.niceavocats.fr\/?p=6333"},"modified":"2023-08-02T11:42:47","modified_gmt":"2023-08-02T11:42:47","slug":"repressione-delluso-improprio-dei-beni-aziendali","status":"publish","type":"post","link":"https:\/\/gregorydamy.niceavocats.fr\/it\/repressione-delluso-improprio-dei-beni-aziendali\/","title":{"rendered":"Repressione dell&#8217;uso improprio dei beni aziendali"},"content":{"rendered":"<p>[et_pb_section fb_built=&#8221;1&#8243; admin_label=&#8221;section&#8221; _builder_version=&#8221;4.19.5&#8243; custom_margin=&#8221;||0px||false|false&#8221; custom_padding=&#8221;||0px||false|false&#8221; locked=&#8221;off&#8221; global_colors_info=&#8221;{}&#8221;][et_pb_row column_structure=&#8221;1_3,1_3,1_3&#8243; _builder_version=&#8221;4.19.5&#8243; _module_preset=&#8221;default&#8221; background_enable_mask_style=&#8221;on&#8221; background_mask_style=&#8221;wave&#8221; background_mask_color=&#8221;rgba(0,0,0,0.08)&#8221; custom_padding=&#8221;||6px|||&#8221; locked=&#8221;off&#8221; global_colors_info=&#8221;{}&#8221;][et_pb_column type=&#8221;1_3&#8243; _builder_version=&#8221;4.19.5&#8243; _module_preset=&#8221;default&#8221; global_colors_info=&#8221;{}&#8221;][\/et_pb_column][et_pb_column type=&#8221;1_3&#8243; _builder_version=&#8221;4.19.5&#8243; _module_preset=&#8221;default&#8221; global_colors_info=&#8221;{}&#8221;][\/et_pb_column][et_pb_column type=&#8221;1_3&#8243; _builder_version=&#8221;4.19.5&#8243; _module_preset=&#8221;default&#8221; global_colors_info=&#8221;{}&#8221;][et_pb_circle_counter title=&#8221;Tempo di lettura stimato (in minuti)&#8221; number=&#8221;2&#8243; percent_sign=&#8221;off&#8221; _builder_version=&#8221;4.20.2&#8243; _module_preset=&#8221;default&#8221; title_font=&#8221;Amiri||||||||&#8221; max_width=&#8221;137px&#8221; global_colors_info=&#8221;{}&#8221;][\/et_pb_circle_counter][\/et_pb_column][\/et_pb_row][et_pb_row _builder_version=&#8221;4.19.5&#8243; _module_preset=&#8221;default&#8221; custom_margin=&#8221;||0px||false|false&#8221; custom_padding=&#8221;||0px||false|false&#8221; global_colors_info=&#8221;{}&#8221;][et_pb_column type=&#8221;4_4&#8243; _builder_version=&#8221;4.19.5&#8243; _module_preset=&#8221;default&#8221; global_colors_info=&#8221;{}&#8221;][et_pb_divider _builder_version=&#8221;4.19.5&#8243; _module_preset=&#8221;default&#8221; global_colors_info=&#8221;{}&#8221;][\/et_pb_divider][\/et_pb_column][\/et_pb_row][et_pb_row admin_label=&#8221;row&#8221; _builder_version=&#8221;4.16&#8243; background_size=&#8221;initial&#8221; background_position=&#8221;top_left&#8221; background_repeat=&#8221;repeat&#8221; global_colors_info=&#8221;{}&#8221;][et_pb_column type=&#8221;4_4&#8243; _builder_version=&#8221;4.16&#8243; custom_padding=&#8221;|||&#8221; global_colors_info=&#8221;{}&#8221; custom_padding__hover=&#8221;|||&#8221;][et_pb_image _builder_version=&#8221;4.21.0&#8243; _module_preset=&#8221;default&#8221; title_text=&#8221;businessman-1477601_1280-2&#8243; src=&#8221;https:\/\/gregorydamy.niceavocats.fr\/wp-content\/uploads\/2023\/07\/businessman-1477601_1280-2.jpg&#8221; hover_enabled=&#8221;0&#8243; sticky_enabled=&#8221;0&#8243;][\/et_pb_image][et_pb_text admin_label=&#8221;Text&#8221; _builder_version=&#8221;4.21.0&#8243; text_font=&#8221;Amiri||||||||&#8221; header_2_font=&#8221;Amiri||||||||&#8221; header_3_font=&#8221;Amiri||||||||&#8221; background_size=&#8221;initial&#8221; background_position=&#8221;top_left&#8221; background_repeat=&#8221;repeat&#8221; hover_enabled=&#8221;0&#8243; global_colors_info=&#8221;{}&#8221; sticky_enabled=&#8221;0&#8243;]<\/p>\n<div class=\"entry-content\">\n<p><a href=\"https:\/\/www.avocat.fr\/sites\/default\/files\/QU%27EST%20CE%20QU%27UN%20ABUS%20DE%20BIEN%20SOCIAL%20%28ABS%29%20%20QUELLES%20SONT%20LES%20SANCTIONS%20PREVUES%20.pdf\"><span>L&#8217;uso improprio dei beni aziendali<\/span><\/a><span>\u00a0\u00e8 un reato ai sensi della normativa sulle societ\u00e0 commerciali.\u00a0Di conseguenza, il testo di riferimento non \u00e8 il Codice Penale ma il Codice Commerciale che, in un intero titolo dedicato alle disposizioni penali, equivale ad un vero e proprio Codice Penale per le societ\u00e0 commerciali.<\/span><\/p>\n<p><span>Il problema \u00e8 complesso perch\u00e9 non sempre il dirigente \u00e8 consapevole dell&#8217;illegittimit\u00e0 del suo comportamento, perch\u00e9 l&#8217;abuso dei beni aziendali \u00e8 considerato dall&#8217;ente sociale un reato artificioso.\u00a0Per questo l&#8217;intervento del giudice penale in ambito imprenditoriale \u00e8 delicato.<\/span><\/p>\n<p><span>Tuttavia, \u00e8 necessaria una moralizzazione della vita aziendale, perch\u00e9 i dirigenti sociali possono essere portati a cedere a certe tentazioni a cui li espone l&#8217;amministrazione dell&#8217;impresa.<\/span><br \/><span>In particolare, pu\u00f2 esservi confusione tra patrimonio personale e patrimonio aziendale.\u00a0Tale comportamento deve quindi rimanere un reato penale.\u00a0La sua gravit\u00e0 per quanto riguarda la vita lavorativa vieta qualsiasi idea di depenalizzazione.\u00a0Si tratta di un reato che desta perplessit\u00e0 sulla sua definizione perch\u00e9 i termini di legge non sono sufficientemente precisi (*).<\/span><\/p>\n<p><span>Inoltre, l&#8217;abuso dei beni aziendali \u00e8 un&#8217;arma formidabile di fronte alla criminalit\u00e0 economica e finanziaria.\u00a0Sembra addirittura che i giudici tendano ad approfittare di questa situazione per prendersi delle libert\u00e0 con i grandi fondamenti della materia penale e in particolare con il principio di legalit\u00e0 che \u00e8 la chiave di volta del diritto penale francese.<\/span><\/p>\n<p><span>Il nuovo codice penale ha sancito il principio dell&#8217;interpretazione restrittiva del diritto penale (2).\u00a0Tuttavia, in materia di uso improprio dei beni aziendali, l&#8217;interpretazione estensiva tende a diventare la regola.\u00a0Sebbene l&#8217;obiettivo sia encomiabile, il metodo \u00e8 molto criticabile perch\u00e9 spetta al legislatore intervenire per creare testi chiari e precisi in nome del principio di legalit\u00e0.\u00a0Non possiamo chiedere al giudice di sostituire il legislatore.<\/span><\/p>\n<p><a href=\"http:\/\/gregorydamy.niceavocats.fr\/images\/articles\/gazettedupalais_larepressiondelabusdebienssociaux.pdf\" target=\"_new\" rel=\"noopener\"><span>Scarica l&#8217;articolo pubblicato su &#8220;la gazette du palais&#8221; in formato pdf<\/span><\/a><\/p>\n<p><a href=\"https:\/\/gregorydamy.niceavocats.fr\/notre-equipe\/\"><span>Studio legale del Ma\u00eetre Gr\u00e9gory DAMY<\/span><\/a><span>\u00a0, avvocato del foro di Nizza: uso improprio dei beni aziendali.<\/span><\/p>\n<\/div>\n<p>[\/et_pb_text][\/et_pb_column][\/et_pb_row][et_pb_row _builder_version=&#8221;4.19.5&#8243; _module_preset=&#8221;default&#8221; custom_margin=&#8221;||0px||false|false&#8221; custom_padding=&#8221;||0px||false|false&#8221; global_colors_info=&#8221;{}&#8221;][et_pb_column type=&#8221;4_4&#8243; _builder_version=&#8221;4.19.5&#8243; _module_preset=&#8221;default&#8221; global_colors_info=&#8221;{}&#8221;][et_pb_divider _builder_version=&#8221;4.19.5&#8243; _module_preset=&#8221;default&#8221; global_colors_info=&#8221;{}&#8221;][\/et_pb_divider][\/et_pb_column][\/et_pb_row][\/et_pb_section]<\/p>\n","protected":false},"excerpt":{"rendered":"<p>L&#8217;uso improprio dei beni aziendali\u00a0\u00e8 un reato ai sensi della normativa sulle societ\u00e0 commerciali.\u00a0Di conseguenza, il testo di riferimento non \u00e8 il Codice Penale ma il Codice Commerciale che, in un intero titolo dedicato alle disposizioni penali, equivale ad un vero e proprio Codice Penale per le societ\u00e0 commerciali. Il problema \u00e8 complesso perch\u00e9 non [&hellip;]<\/p>\n","protected":false},"author":2,"featured_media":0,"comment_status":"open","ping_status":"open","sticky":false,"template":"","format":"standard","meta":{"_et_pb_use_builder":"on","_et_pb_old_content":"","_et_gb_content_width":"","footnotes":""},"categories":[294],"tags":[],"class_list":["post-6333","post","type-post","status-publish","format-standard","hentry","category-diritto-commerciale-e-societario"],"yoast_head":"<!-- This site is optimized with the Yoast SEO plugin v26.8 - https:\/\/yoast.com\/product\/yoast-seo-wordpress\/ -->\n<title>Repressione dell&#039;uso improprio dei beni aziendali - Soci\u00e9t\u00e9 d&#039;avocats Damy<\/title>\n<meta name=\"description\" content=\"Repressione dell&#039;uso improprio dei beni aziendali L&#039;uso improprio dei beni aziendali \u00e8 un reato ai sensi della normativa sulle\" \/>\n<meta name=\"robots\" content=\"index, follow, max-snippet:-1, max-image-preview:large, max-video-preview:-1\" \/>\n<link rel=\"canonical\" href=\"https:\/\/gregorydamy.niceavocats.fr\/it\/repressione-delluso-improprio-dei-beni-aziendali\/\" \/>\n<meta property=\"og:locale\" content=\"it_IT\" \/>\n<meta property=\"og:type\" content=\"article\" \/>\n<meta property=\"og:title\" content=\"Repressione dell&#039;uso improprio dei beni aziendali - Soci\u00e9t\u00e9 d&#039;avocats Damy\" \/>\n<meta property=\"og:description\" content=\"Repressione dell&#039;uso improprio dei beni aziendali L&#039;uso improprio dei beni aziendali \u00e8 un reato ai sensi della normativa sulle\" \/>\n<meta property=\"og:url\" content=\"https:\/\/gregorydamy.niceavocats.fr\/it\/repressione-delluso-improprio-dei-beni-aziendali\/\" \/>\n<meta property=\"og:site_name\" content=\"Soci\u00e9t\u00e9 d&#039;avocats Damy\" \/>\n<meta property=\"article:publisher\" content=\"https:\/\/www.facebook.com\/niceavocats.fr\/\" \/>\n<meta property=\"article:published_time\" content=\"2008-06-01T16:38:02+00:00\" \/>\n<meta property=\"article:modified_time\" content=\"2023-08-02T11:42:47+00:00\" \/>\n<meta name=\"author\" content=\"Kevin\" \/>\n<meta name=\"twitter:card\" content=\"summary_large_image\" \/>\n<meta name=\"twitter:label1\" content=\"Scritto da\" \/>\n\t<meta name=\"twitter:data1\" content=\"Kevin\" \/>\n\t<meta name=\"twitter:label2\" content=\"Tempo di lettura stimato\" \/>\n\t<meta name=\"twitter:data2\" content=\"3 minuti\" \/>\n<script type=\"application\/ld+json\" class=\"yoast-schema-graph\">{\"@context\":\"https:\/\/schema.org\",\"@graph\":[{\"@type\":\"Article\",\"@id\":\"https:\/\/gregorydamy.niceavocats.fr\/it\/repressione-delluso-improprio-dei-beni-aziendali\/#article\",\"isPartOf\":{\"@id\":\"https:\/\/gregorydamy.niceavocats.fr\/it\/repressione-delluso-improprio-dei-beni-aziendali\/\"},\"author\":{\"name\":\"Kevin\",\"@id\":\"https:\/\/gregorydamy.niceavocats.fr\/it\/#\/schema\/person\/e040acb2856efaa1e114d0e7a92a3870\"},\"headline\":\"Repressione dell&#8217;uso improprio dei beni aziendali\",\"datePublished\":\"2008-06-01T16:38:02+00:00\",\"dateModified\":\"2023-08-02T11:42:47+00:00\",\"mainEntityOfPage\":{\"@id\":\"https:\/\/gregorydamy.niceavocats.fr\/it\/repressione-delluso-improprio-dei-beni-aziendali\/\"},\"wordCount\":679,\"commentCount\":0,\"publisher\":{\"@id\":\"https:\/\/gregorydamy.niceavocats.fr\/it\/#organization\"},\"articleSection\":[\"Diritto commerciale e societario\"],\"inLanguage\":\"it-IT\",\"potentialAction\":[{\"@type\":\"CommentAction\",\"name\":\"Comment\",\"target\":[\"https:\/\/gregorydamy.niceavocats.fr\/it\/repressione-delluso-improprio-dei-beni-aziendali\/#respond\"]}]},{\"@type\":\"WebPage\",\"@id\":\"https:\/\/gregorydamy.niceavocats.fr\/it\/repressione-delluso-improprio-dei-beni-aziendali\/\",\"url\":\"https:\/\/gregorydamy.niceavocats.fr\/it\/repressione-delluso-improprio-dei-beni-aziendali\/\",\"name\":\"Repressione dell'uso improprio dei beni aziendali - Soci\u00e9t\u00e9 d&#039;avocats Damy\",\"isPartOf\":{\"@id\":\"https:\/\/gregorydamy.niceavocats.fr\/it\/#website\"},\"datePublished\":\"2008-06-01T16:38:02+00:00\",\"dateModified\":\"2023-08-02T11:42:47+00:00\",\"description\":\"Repressione dell'uso improprio dei beni aziendali L'uso improprio dei beni aziendali \u00e8 un reato ai sensi della normativa sulle\",\"breadcrumb\":{\"@id\":\"https:\/\/gregorydamy.niceavocats.fr\/it\/repressione-delluso-improprio-dei-beni-aziendali\/#breadcrumb\"},\"inLanguage\":\"it-IT\",\"potentialAction\":[{\"@type\":\"ReadAction\",\"target\":[\"https:\/\/gregorydamy.niceavocats.fr\/it\/repressione-delluso-improprio-dei-beni-aziendali\/\"]}]},{\"@type\":\"BreadcrumbList\",\"@id\":\"https:\/\/gregorydamy.niceavocats.fr\/it\/repressione-delluso-improprio-dei-beni-aziendali\/#breadcrumb\",\"itemListElement\":[{\"@type\":\"ListItem\",\"position\":1,\"name\":\"Accueil\",\"item\":\"https:\/\/gregorydamy.niceavocats.fr\/it\/\"},{\"@type\":\"ListItem\",\"position\":2,\"name\":\"Repressione dell&rsquo;uso improprio dei beni aziendali\"}]},{\"@type\":\"WebSite\",\"@id\":\"https:\/\/gregorydamy.niceavocats.fr\/it\/#website\",\"url\":\"https:\/\/gregorydamy.niceavocats.fr\/it\/\",\"name\":\"Soci\u00e9t\u00e9 d&#039;avocats Damy\",\"description\":\"Justice - Confiance - Efficacit\u00e9\",\"publisher\":{\"@id\":\"https:\/\/gregorydamy.niceavocats.fr\/it\/#organization\"},\"potentialAction\":[{\"@type\":\"SearchAction\",\"target\":{\"@type\":\"EntryPoint\",\"urlTemplate\":\"https:\/\/gregorydamy.niceavocats.fr\/it\/?s={search_term_string}\"},\"query-input\":{\"@type\":\"PropertyValueSpecification\",\"valueRequired\":true,\"valueName\":\"search_term_string\"}}],\"inLanguage\":\"it-IT\"},{\"@type\":\"Organization\",\"@id\":\"https:\/\/gregorydamy.niceavocats.fr\/it\/#organization\",\"name\":\"Soci\u00e9t\u00e9 d'Avocats DAMY\",\"alternateName\":\"Gr\u00e9gory DAMY\",\"url\":\"https:\/\/gregorydamy.niceavocats.fr\/it\/\",\"logo\":{\"@type\":\"ImageObject\",\"inLanguage\":\"it-IT\",\"@id\":\"https:\/\/gregorydamy.niceavocats.fr\/it\/#\/schema\/logo\/image\/\",\"url\":\"https:\/\/gregorydamy.niceavocats.fr\/wp-content\/uploads\/2023\/04\/damylogo-1.png\",\"contentUrl\":\"https:\/\/gregorydamy.niceavocats.fr\/wp-content\/uploads\/2023\/04\/damylogo-1.png\",\"width\":1890,\"height\":1417,\"caption\":\"Soci\u00e9t\u00e9 d'Avocats DAMY\"},\"image\":{\"@id\":\"https:\/\/gregorydamy.niceavocats.fr\/it\/#\/schema\/logo\/image\/\"},\"sameAs\":[\"https:\/\/www.facebook.com\/niceavocats.fr\/\"]},{\"@type\":\"Person\",\"@id\":\"https:\/\/gregorydamy.niceavocats.fr\/it\/#\/schema\/person\/e040acb2856efaa1e114d0e7a92a3870\",\"name\":\"Kevin\",\"url\":\"https:\/\/gregorydamy.niceavocats.fr\/it\/author\/kevin\/\"}]}<\/script>\n<!-- \/ Yoast SEO plugin. -->","yoast_head_json":{"title":"Repressione dell'uso improprio dei beni aziendali - Soci\u00e9t\u00e9 d&#039;avocats Damy","description":"Repressione dell'uso improprio dei beni aziendali L'uso improprio dei beni aziendali \u00e8 un reato ai sensi della normativa sulle","robots":{"index":"index","follow":"follow","max-snippet":"max-snippet:-1","max-image-preview":"max-image-preview:large","max-video-preview":"max-video-preview:-1"},"canonical":"https:\/\/gregorydamy.niceavocats.fr\/it\/repressione-delluso-improprio-dei-beni-aziendali\/","og_locale":"it_IT","og_type":"article","og_title":"Repressione dell'uso improprio dei beni aziendali - Soci\u00e9t\u00e9 d&#039;avocats Damy","og_description":"Repressione dell'uso improprio dei beni aziendali L'uso improprio dei beni aziendali \u00e8 un reato ai sensi della normativa sulle","og_url":"https:\/\/gregorydamy.niceavocats.fr\/it\/repressione-delluso-improprio-dei-beni-aziendali\/","og_site_name":"Soci\u00e9t\u00e9 d&#039;avocats Damy","article_publisher":"https:\/\/www.facebook.com\/niceavocats.fr\/","article_published_time":"2008-06-01T16:38:02+00:00","article_modified_time":"2023-08-02T11:42:47+00:00","author":"Kevin","twitter_card":"summary_large_image","twitter_misc":{"Scritto da":"Kevin","Tempo di lettura stimato":"3 minuti"},"schema":{"@context":"https:\/\/schema.org","@graph":[{"@type":"Article","@id":"https:\/\/gregorydamy.niceavocats.fr\/it\/repressione-delluso-improprio-dei-beni-aziendali\/#article","isPartOf":{"@id":"https:\/\/gregorydamy.niceavocats.fr\/it\/repressione-delluso-improprio-dei-beni-aziendali\/"},"author":{"name":"Kevin","@id":"https:\/\/gregorydamy.niceavocats.fr\/it\/#\/schema\/person\/e040acb2856efaa1e114d0e7a92a3870"},"headline":"Repressione dell&#8217;uso improprio dei beni aziendali","datePublished":"2008-06-01T16:38:02+00:00","dateModified":"2023-08-02T11:42:47+00:00","mainEntityOfPage":{"@id":"https:\/\/gregorydamy.niceavocats.fr\/it\/repressione-delluso-improprio-dei-beni-aziendali\/"},"wordCount":679,"commentCount":0,"publisher":{"@id":"https:\/\/gregorydamy.niceavocats.fr\/it\/#organization"},"articleSection":["Diritto commerciale e societario"],"inLanguage":"it-IT","potentialAction":[{"@type":"CommentAction","name":"Comment","target":["https:\/\/gregorydamy.niceavocats.fr\/it\/repressione-delluso-improprio-dei-beni-aziendali\/#respond"]}]},{"@type":"WebPage","@id":"https:\/\/gregorydamy.niceavocats.fr\/it\/repressione-delluso-improprio-dei-beni-aziendali\/","url":"https:\/\/gregorydamy.niceavocats.fr\/it\/repressione-delluso-improprio-dei-beni-aziendali\/","name":"Repressione dell'uso improprio dei beni aziendali - Soci\u00e9t\u00e9 d&#039;avocats Damy","isPartOf":{"@id":"https:\/\/gregorydamy.niceavocats.fr\/it\/#website"},"datePublished":"2008-06-01T16:38:02+00:00","dateModified":"2023-08-02T11:42:47+00:00","description":"Repressione dell'uso improprio dei beni aziendali L'uso improprio dei beni aziendali \u00e8 un reato ai sensi della normativa sulle","breadcrumb":{"@id":"https:\/\/gregorydamy.niceavocats.fr\/it\/repressione-delluso-improprio-dei-beni-aziendali\/#breadcrumb"},"inLanguage":"it-IT","potentialAction":[{"@type":"ReadAction","target":["https:\/\/gregorydamy.niceavocats.fr\/it\/repressione-delluso-improprio-dei-beni-aziendali\/"]}]},{"@type":"BreadcrumbList","@id":"https:\/\/gregorydamy.niceavocats.fr\/it\/repressione-delluso-improprio-dei-beni-aziendali\/#breadcrumb","itemListElement":[{"@type":"ListItem","position":1,"name":"Accueil","item":"https:\/\/gregorydamy.niceavocats.fr\/it\/"},{"@type":"ListItem","position":2,"name":"Repressione dell&rsquo;uso improprio dei beni aziendali"}]},{"@type":"WebSite","@id":"https:\/\/gregorydamy.niceavocats.fr\/it\/#website","url":"https:\/\/gregorydamy.niceavocats.fr\/it\/","name":"Soci\u00e9t\u00e9 d&#039;avocats Damy","description":"Justice - Confiance - Efficacit\u00e9","publisher":{"@id":"https:\/\/gregorydamy.niceavocats.fr\/it\/#organization"},"potentialAction":[{"@type":"SearchAction","target":{"@type":"EntryPoint","urlTemplate":"https:\/\/gregorydamy.niceavocats.fr\/it\/?s={search_term_string}"},"query-input":{"@type":"PropertyValueSpecification","valueRequired":true,"valueName":"search_term_string"}}],"inLanguage":"it-IT"},{"@type":"Organization","@id":"https:\/\/gregorydamy.niceavocats.fr\/it\/#organization","name":"Soci\u00e9t\u00e9 d'Avocats DAMY","alternateName":"Gr\u00e9gory DAMY","url":"https:\/\/gregorydamy.niceavocats.fr\/it\/","logo":{"@type":"ImageObject","inLanguage":"it-IT","@id":"https:\/\/gregorydamy.niceavocats.fr\/it\/#\/schema\/logo\/image\/","url":"https:\/\/gregorydamy.niceavocats.fr\/wp-content\/uploads\/2023\/04\/damylogo-1.png","contentUrl":"https:\/\/gregorydamy.niceavocats.fr\/wp-content\/uploads\/2023\/04\/damylogo-1.png","width":1890,"height":1417,"caption":"Soci\u00e9t\u00e9 d'Avocats DAMY"},"image":{"@id":"https:\/\/gregorydamy.niceavocats.fr\/it\/#\/schema\/logo\/image\/"},"sameAs":["https:\/\/www.facebook.com\/niceavocats.fr\/"]},{"@type":"Person","@id":"https:\/\/gregorydamy.niceavocats.fr\/it\/#\/schema\/person\/e040acb2856efaa1e114d0e7a92a3870","name":"Kevin","url":"https:\/\/gregorydamy.niceavocats.fr\/it\/author\/kevin\/"}]}},"_links":{"self":[{"href":"https:\/\/gregorydamy.niceavocats.fr\/it\/wp-json\/wp\/v2\/posts\/6333","targetHints":{"allow":["GET"]}}],"collection":[{"href":"https:\/\/gregorydamy.niceavocats.fr\/it\/wp-json\/wp\/v2\/posts"}],"about":[{"href":"https:\/\/gregorydamy.niceavocats.fr\/it\/wp-json\/wp\/v2\/types\/post"}],"author":[{"embeddable":true,"href":"https:\/\/gregorydamy.niceavocats.fr\/it\/wp-json\/wp\/v2\/users\/2"}],"replies":[{"embeddable":true,"href":"https:\/\/gregorydamy.niceavocats.fr\/it\/wp-json\/wp\/v2\/comments?post=6333"}],"version-history":[{"count":0,"href":"https:\/\/gregorydamy.niceavocats.fr\/it\/wp-json\/wp\/v2\/posts\/6333\/revisions"}],"wp:attachment":[{"href":"https:\/\/gregorydamy.niceavocats.fr\/it\/wp-json\/wp\/v2\/media?parent=6333"}],"wp:term":[{"taxonomy":"category","embeddable":true,"href":"https:\/\/gregorydamy.niceavocats.fr\/it\/wp-json\/wp\/v2\/categories?post=6333"},{"taxonomy":"post_tag","embeddable":true,"href":"https:\/\/gregorydamy.niceavocats.fr\/it\/wp-json\/wp\/v2\/tags?post=6333"}],"curies":[{"name":"wp","href":"https:\/\/api.w.org\/{rel}","templated":true}]}}