{"id":6324,"date":"2008-06-01T16:41:08","date_gmt":"2008-06-01T16:41:08","guid":{"rendered":"https:\/\/gregorydamy.niceavocats.fr\/?p=6324"},"modified":"2023-05-10T17:04:00","modified_gmt":"2023-05-10T17:04:00","slug":"la-necessita-di-un-rinnovato-approccio-al-diritto-sociale-europeo","status":"publish","type":"post","link":"https:\/\/gregorydamy.niceavocats.fr\/it\/la-necessita-di-un-rinnovato-approccio-al-diritto-sociale-europeo\/","title":{"rendered":"La necessit\u00e0 di un rinnovato approccio al diritto sociale europeo"},"content":{"rendered":"<p>[et_pb_section fb_built=&#8221;1&#8243; admin_label=&#8221;section&#8221; _builder_version=&#8221;4.19.5&#8243; custom_margin=&#8221;||0px||false|false&#8221; custom_padding=&#8221;||0px||false|false&#8221; locked=&#8221;off&#8221; global_colors_info=&#8221;{}&#8221;][et_pb_row column_structure=&#8221;1_3,1_3,1_3&#8243; _builder_version=&#8221;4.19.5&#8243; _module_preset=&#8221;default&#8221; background_enable_mask_style=&#8221;on&#8221; background_mask_style=&#8221;wave&#8221; background_mask_color=&#8221;rgba(0,0,0,0.08)&#8221; custom_padding=&#8221;||6px|||&#8221; locked=&#8221;off&#8221; global_colors_info=&#8221;{}&#8221;][et_pb_column type=&#8221;1_3&#8243; _builder_version=&#8221;4.19.5&#8243; _module_preset=&#8221;default&#8221; global_colors_info=&#8221;{}&#8221;][\/et_pb_column][et_pb_column type=&#8221;1_3&#8243; _builder_version=&#8221;4.19.5&#8243; _module_preset=&#8221;default&#8221; global_colors_info=&#8221;{}&#8221;][\/et_pb_column][et_pb_column type=&#8221;1_3&#8243; _builder_version=&#8221;4.19.5&#8243; _module_preset=&#8221;default&#8221; global_colors_info=&#8221;{}&#8221;][et_pb_circle_counter title=&#8221;Tempo di lettura stimato (in minuti)&#8221; number=&#8221;2&#8243; percent_sign=&#8221;off&#8221; _builder_version=&#8221;4.20.2&#8243; _module_preset=&#8221;default&#8221; title_font=&#8221;Amiri||||||||&#8221; max_width=&#8221;137px&#8221; global_colors_info=&#8221;{}&#8221; hover_enabled=&#8221;0&#8243; sticky_enabled=&#8221;0&#8243;][\/et_pb_circle_counter][\/et_pb_column][\/et_pb_row][et_pb_row _builder_version=&#8221;4.19.5&#8243; _module_preset=&#8221;default&#8221; custom_margin=&#8221;||0px||false|false&#8221; custom_padding=&#8221;||0px||false|false&#8221; global_colors_info=&#8221;{}&#8221;][et_pb_column type=&#8221;4_4&#8243; _builder_version=&#8221;4.19.5&#8243; _module_preset=&#8221;default&#8221; global_colors_info=&#8221;{}&#8221;][et_pb_divider _builder_version=&#8221;4.19.5&#8243; _module_preset=&#8221;default&#8221; global_colors_info=&#8221;{}&#8221;][\/et_pb_divider][\/et_pb_column][\/et_pb_row][et_pb_row admin_label=&#8221;row&#8221; _builder_version=&#8221;4.16&#8243; background_size=&#8221;initial&#8221; background_position=&#8221;top_left&#8221; background_repeat=&#8221;repeat&#8221; global_colors_info=&#8221;{}&#8221;][et_pb_column type=&#8221;4_4&#8243; _builder_version=&#8221;4.16&#8243; custom_padding=&#8221;|||&#8221; global_colors_info=&#8221;{}&#8221; custom_padding__hover=&#8221;|||&#8221;][et_pb_text admin_label=&#8221;Text&#8221; _builder_version=&#8221;4.20.2&#8243; text_font=&#8221;Amiri||||||||&#8221; text_font_size=&#8221;20px&#8221; header_2_font=&#8221;Amiri||||||||&#8221; header_3_font=&#8221;Amiri||||||||&#8221; background_size=&#8221;initial&#8221; background_position=&#8221;top_left&#8221; background_repeat=&#8221;repeat&#8221; global_colors_info=&#8221;{}&#8221; hover_enabled=&#8221;0&#8243; sticky_enabled=&#8221;0&#8243;]<\/p>\n<div class=\"entry-content\">\n<p>La societ\u00e0 europea e la societ\u00e0 cooperativa europea stabiliscono disposizioni innovative per il lavoratore con le direttive n\u00b0 2001786 dell\u20198 ottobre 2001 (1) e n\u00b0 2003\/72 del 22 luglio 2003 (2).\u00a0Particolarmente interessante per la sua originalit\u00e0 \u00e8 il metodo utilizzato dalle direttive, che coniuga autonomia contrattuale e garanzie minime offerte ai lavoratori.\u00a0Questi nuovi raggruppamenti di imprese europee potrebbero costituire l\u2019inizio di una socialdemocrazia.\u00a0Tuttavia, le disposizioni di queste direttive non sono sufficienti per dare nuova vita al diritto sociale europeo.\u00a0Vanno quindi proposti orientamenti innovativi, come l\u2019attuazione di buone pratiche sociali nonch\u00e9 la consacrazione della responsabilit\u00e0 sociale delle imprese.<\/p>\n<p>&nbsp;<\/p>\n<p><a href=\"http:\/\/gregorydamy.niceavocats.fr\/images\/articles\/jurisclasseur_lanecessiteduneapprocherenouveleedudroitsocialeuropeen.pdf\" target=\"_new\" rel=\"noopener\">Scarica l\u2019articolo pubblicato su \u201cJuris classeur\u201d in formato pdf<\/a><\/p>\n<p>Studio legale;\u00a0Ma\u00eetre DAMY, avvocato del foro di Nizza.<\/p>\n<\/div>\n<p>[\/et_pb_text][\/et_pb_column][\/et_pb_row][et_pb_row _builder_version=&#8221;4.19.5&#8243; _module_preset=&#8221;default&#8221; custom_margin=&#8221;||0px||false|false&#8221; custom_padding=&#8221;||0px||false|false&#8221; global_colors_info=&#8221;{}&#8221;][et_pb_column type=&#8221;4_4&#8243; _builder_version=&#8221;4.19.5&#8243; _module_preset=&#8221;default&#8221; global_colors_info=&#8221;{}&#8221;][et_pb_divider _builder_version=&#8221;4.19.5&#8243; _module_preset=&#8221;default&#8221; global_colors_info=&#8221;{}&#8221;][\/et_pb_divider][\/et_pb_column][\/et_pb_row][\/et_pb_section]<\/p>\n","protected":false},"excerpt":{"rendered":"<p>La societ\u00e0 europea e la societ\u00e0 cooperativa europea stabiliscono disposizioni innovative per il lavoratore con le direttive n\u00b0 2001786 dell\u20198 ottobre 2001 (1) e n\u00b0 2003\/72 del 22 luglio 2003 (2).\u00a0Particolarmente interessante per la sua originalit\u00e0 \u00e8 il metodo utilizzato dalle direttive, che coniuga autonomia contrattuale e garanzie minime offerte ai lavoratori.\u00a0Questi nuovi raggruppamenti di [&hellip;]<\/p>\n","protected":false},"author":2,"featured_media":0,"comment_status":"open","ping_status":"open","sticky":false,"template":"","format":"standard","meta":{"_et_pb_use_builder":"on","_et_pb_old_content":"<h1>La societ\u00e0 europea e la societ\u00e0 cooperativa europea stabiliscono disposizioni innovative per il lavoratore con le direttive n\u00b0 2001786 dell'8 ottobre 2001 (1) e n\u00b0 2003\/72 del 22 luglio 2003 (2).\u00a0Particolarmente interessante per la sua originalit\u00e0 \u00e8 il metodo utilizzato dalle direttive, che coniuga autonomia contrattuale e garanzie minime offerte ai lavoratori.\u00a0Questi nuovi raggruppamenti di imprese europee potrebbero costituire l'inizio di una socialdemocrazia.\u00a0Tuttavia, le disposizioni di queste direttive non sono sufficienti per dare nuova vita al diritto sociale europeo.\u00a0Vanno quindi proposti orientamenti innovativi, come l'attuazione di buone pratiche sociali nonch\u00e9 la consacrazione della responsabilit\u00e0 sociale delle imprese.<\/h1>\r\n&nbsp;\r\n<h2><a href=\"http:\/\/gregorydamy.niceavocats.fr\/images\/articles\/jurisclasseur_lanecessiteduneapprocherenouveleedudroitsocialeuropeen.pdf\" target=\"_new\" rel=\"noopener\">Scarica l'articolo pubblicato su \"Juris classeur\" in formato pdf<\/a><\/h2>\r\n<h3>Studio legale;\u00a0Ma\u00eetre DAMY, avvocato del foro di Nizza.<\/h3>","_et_gb_content_width":"","footnotes":""},"categories":[316],"tags":[],"class_list":["post-6324","post","type-post","status-publish","format-standard","hentry","category-diritto-del-lavoro"],"yoast_head":"<!-- This site is optimized with the Yoast SEO plugin v26.8 - https:\/\/yoast.com\/product\/yoast-seo-wordpress\/ -->\n<title>La necessit\u00e0 di un rinnovato approccio al diritto sociale europeo - Soci\u00e9t\u00e9 d&#039;avocats Damy<\/title>\n<meta name=\"robots\" content=\"index, follow, max-snippet:-1, max-image-preview:large, max-video-preview:-1\" \/>\n<link rel=\"canonical\" href=\"https:\/\/gregorydamy.niceavocats.fr\/it\/la-necessita-di-un-rinnovato-approccio-al-diritto-sociale-europeo\/\" \/>\n<meta property=\"og:locale\" content=\"it_IT\" \/>\n<meta property=\"og:type\" content=\"article\" \/>\n<meta property=\"og:title\" content=\"La necessit\u00e0 di un rinnovato approccio al diritto sociale europeo - Soci\u00e9t\u00e9 d&#039;avocats Damy\" \/>\n<meta property=\"og:description\" content=\"La societ\u00e0 europea e la societ\u00e0 cooperativa europea stabiliscono disposizioni innovative per il lavoratore con le direttive n\u00b0 2001786 dell\u20198 ottobre 2001 (1) e n\u00b0 2003\/72 del 22 luglio 2003 (2).\u00a0Particolarmente interessante per la sua originalit\u00e0 \u00e8 il metodo utilizzato dalle direttive, che coniuga autonomia contrattuale e garanzie minime offerte ai lavoratori.\u00a0Questi nuovi raggruppamenti di [&hellip;]\" \/>\n<meta property=\"og:url\" content=\"https:\/\/gregorydamy.niceavocats.fr\/it\/la-necessita-di-un-rinnovato-approccio-al-diritto-sociale-europeo\/\" \/>\n<meta property=\"og:site_name\" content=\"Soci\u00e9t\u00e9 d&#039;avocats Damy\" \/>\n<meta property=\"article:publisher\" content=\"https:\/\/www.facebook.com\/niceavocats.fr\/\" \/>\n<meta property=\"article:published_time\" content=\"2008-06-01T16:41:08+00:00\" \/>\n<meta property=\"article:modified_time\" content=\"2023-05-10T17:04:00+00:00\" \/>\n<meta name=\"author\" content=\"Kevin\" \/>\n<meta name=\"twitter:card\" content=\"summary_large_image\" \/>\n<meta name=\"twitter:label1\" content=\"Scritto da\" \/>\n\t<meta name=\"twitter:data1\" content=\"Kevin\" \/>\n\t<meta name=\"twitter:label2\" content=\"Tempo di lettura stimato\" \/>\n\t<meta name=\"twitter:data2\" content=\"1 minuto\" \/>\n<script type=\"application\/ld+json\" class=\"yoast-schema-graph\">{\"@context\":\"https:\/\/schema.org\",\"@graph\":[{\"@type\":\"Article\",\"@id\":\"https:\/\/gregorydamy.niceavocats.fr\/it\/la-necessita-di-un-rinnovato-approccio-al-diritto-sociale-europeo\/#article\",\"isPartOf\":{\"@id\":\"https:\/\/gregorydamy.niceavocats.fr\/it\/la-necessita-di-un-rinnovato-approccio-al-diritto-sociale-europeo\/\"},\"author\":{\"name\":\"Kevin\",\"@id\":\"https:\/\/gregorydamy.niceavocats.fr\/it\/#\/schema\/person\/e040acb2856efaa1e114d0e7a92a3870\"},\"headline\":\"La necessit\u00e0 di un rinnovato approccio al diritto sociale europeo\",\"datePublished\":\"2008-06-01T16:41:08+00:00\",\"dateModified\":\"2023-05-10T17:04:00+00:00\",\"mainEntityOfPage\":{\"@id\":\"https:\/\/gregorydamy.niceavocats.fr\/it\/la-necessita-di-un-rinnovato-approccio-al-diritto-sociale-europeo\/\"},\"wordCount\":458,\"commentCount\":0,\"publisher\":{\"@id\":\"https:\/\/gregorydamy.niceavocats.fr\/it\/#organization\"},\"articleSection\":[\"Diritto del lavoro\"],\"inLanguage\":\"it-IT\",\"potentialAction\":[{\"@type\":\"CommentAction\",\"name\":\"Comment\",\"target\":[\"https:\/\/gregorydamy.niceavocats.fr\/it\/la-necessita-di-un-rinnovato-approccio-al-diritto-sociale-europeo\/#respond\"]}]},{\"@type\":\"WebPage\",\"@id\":\"https:\/\/gregorydamy.niceavocats.fr\/it\/la-necessita-di-un-rinnovato-approccio-al-diritto-sociale-europeo\/\",\"url\":\"https:\/\/gregorydamy.niceavocats.fr\/it\/la-necessita-di-un-rinnovato-approccio-al-diritto-sociale-europeo\/\",\"name\":\"La necessit\u00e0 di un rinnovato approccio al diritto sociale europeo - Soci\u00e9t\u00e9 d&#039;avocats Damy\",\"isPartOf\":{\"@id\":\"https:\/\/gregorydamy.niceavocats.fr\/it\/#website\"},\"datePublished\":\"2008-06-01T16:41:08+00:00\",\"dateModified\":\"2023-05-10T17:04:00+00:00\",\"breadcrumb\":{\"@id\":\"https:\/\/gregorydamy.niceavocats.fr\/it\/la-necessita-di-un-rinnovato-approccio-al-diritto-sociale-europeo\/#breadcrumb\"},\"inLanguage\":\"it-IT\",\"potentialAction\":[{\"@type\":\"ReadAction\",\"target\":[\"https:\/\/gregorydamy.niceavocats.fr\/it\/la-necessita-di-un-rinnovato-approccio-al-diritto-sociale-europeo\/\"]}]},{\"@type\":\"BreadcrumbList\",\"@id\":\"https:\/\/gregorydamy.niceavocats.fr\/it\/la-necessita-di-un-rinnovato-approccio-al-diritto-sociale-europeo\/#breadcrumb\",\"itemListElement\":[{\"@type\":\"ListItem\",\"position\":1,\"name\":\"Accueil\",\"item\":\"https:\/\/gregorydamy.niceavocats.fr\/it\/\"},{\"@type\":\"ListItem\",\"position\":2,\"name\":\"La necessit\u00e0 di un rinnovato approccio al diritto sociale europeo\"}]},{\"@type\":\"WebSite\",\"@id\":\"https:\/\/gregorydamy.niceavocats.fr\/it\/#website\",\"url\":\"https:\/\/gregorydamy.niceavocats.fr\/it\/\",\"name\":\"Soci\u00e9t\u00e9 d&#039;avocats Damy\",\"description\":\"Justice - Confiance - Efficacit\u00e9\",\"publisher\":{\"@id\":\"https:\/\/gregorydamy.niceavocats.fr\/it\/#organization\"},\"potentialAction\":[{\"@type\":\"SearchAction\",\"target\":{\"@type\":\"EntryPoint\",\"urlTemplate\":\"https:\/\/gregorydamy.niceavocats.fr\/it\/?s={search_term_string}\"},\"query-input\":{\"@type\":\"PropertyValueSpecification\",\"valueRequired\":true,\"valueName\":\"search_term_string\"}}],\"inLanguage\":\"it-IT\"},{\"@type\":\"Organization\",\"@id\":\"https:\/\/gregorydamy.niceavocats.fr\/it\/#organization\",\"name\":\"Soci\u00e9t\u00e9 d'Avocats DAMY\",\"alternateName\":\"Gr\u00e9gory DAMY\",\"url\":\"https:\/\/gregorydamy.niceavocats.fr\/it\/\",\"logo\":{\"@type\":\"ImageObject\",\"inLanguage\":\"it-IT\",\"@id\":\"https:\/\/gregorydamy.niceavocats.fr\/it\/#\/schema\/logo\/image\/\",\"url\":\"https:\/\/gregorydamy.niceavocats.fr\/wp-content\/uploads\/2023\/04\/damylogo-1.png\",\"contentUrl\":\"https:\/\/gregorydamy.niceavocats.fr\/wp-content\/uploads\/2023\/04\/damylogo-1.png\",\"width\":1890,\"height\":1417,\"caption\":\"Soci\u00e9t\u00e9 d'Avocats DAMY\"},\"image\":{\"@id\":\"https:\/\/gregorydamy.niceavocats.fr\/it\/#\/schema\/logo\/image\/\"},\"sameAs\":[\"https:\/\/www.facebook.com\/niceavocats.fr\/\"]},{\"@type\":\"Person\",\"@id\":\"https:\/\/gregorydamy.niceavocats.fr\/it\/#\/schema\/person\/e040acb2856efaa1e114d0e7a92a3870\",\"name\":\"Kevin\",\"url\":\"https:\/\/gregorydamy.niceavocats.fr\/it\/author\/kevin\/\"}]}<\/script>\n<!-- \/ Yoast SEO plugin. -->","yoast_head_json":{"title":"La necessit\u00e0 di un rinnovato approccio al diritto sociale europeo - Soci\u00e9t\u00e9 d&#039;avocats Damy","robots":{"index":"index","follow":"follow","max-snippet":"max-snippet:-1","max-image-preview":"max-image-preview:large","max-video-preview":"max-video-preview:-1"},"canonical":"https:\/\/gregorydamy.niceavocats.fr\/it\/la-necessita-di-un-rinnovato-approccio-al-diritto-sociale-europeo\/","og_locale":"it_IT","og_type":"article","og_title":"La necessit\u00e0 di un rinnovato approccio al diritto sociale europeo - Soci\u00e9t\u00e9 d&#039;avocats Damy","og_description":"La societ\u00e0 europea e la societ\u00e0 cooperativa europea stabiliscono disposizioni innovative per il lavoratore con le direttive n\u00b0 2001786 dell\u20198 ottobre 2001 (1) e n\u00b0 2003\/72 del 22 luglio 2003 (2).\u00a0Particolarmente interessante per la sua originalit\u00e0 \u00e8 il metodo utilizzato dalle direttive, che coniuga autonomia contrattuale e garanzie minime offerte ai lavoratori.\u00a0Questi nuovi raggruppamenti di [&hellip;]","og_url":"https:\/\/gregorydamy.niceavocats.fr\/it\/la-necessita-di-un-rinnovato-approccio-al-diritto-sociale-europeo\/","og_site_name":"Soci\u00e9t\u00e9 d&#039;avocats Damy","article_publisher":"https:\/\/www.facebook.com\/niceavocats.fr\/","article_published_time":"2008-06-01T16:41:08+00:00","article_modified_time":"2023-05-10T17:04:00+00:00","author":"Kevin","twitter_card":"summary_large_image","twitter_misc":{"Scritto da":"Kevin","Tempo di lettura stimato":"1 minuto"},"schema":{"@context":"https:\/\/schema.org","@graph":[{"@type":"Article","@id":"https:\/\/gregorydamy.niceavocats.fr\/it\/la-necessita-di-un-rinnovato-approccio-al-diritto-sociale-europeo\/#article","isPartOf":{"@id":"https:\/\/gregorydamy.niceavocats.fr\/it\/la-necessita-di-un-rinnovato-approccio-al-diritto-sociale-europeo\/"},"author":{"name":"Kevin","@id":"https:\/\/gregorydamy.niceavocats.fr\/it\/#\/schema\/person\/e040acb2856efaa1e114d0e7a92a3870"},"headline":"La necessit\u00e0 di un rinnovato approccio al diritto sociale europeo","datePublished":"2008-06-01T16:41:08+00:00","dateModified":"2023-05-10T17:04:00+00:00","mainEntityOfPage":{"@id":"https:\/\/gregorydamy.niceavocats.fr\/it\/la-necessita-di-un-rinnovato-approccio-al-diritto-sociale-europeo\/"},"wordCount":458,"commentCount":0,"publisher":{"@id":"https:\/\/gregorydamy.niceavocats.fr\/it\/#organization"},"articleSection":["Diritto del lavoro"],"inLanguage":"it-IT","potentialAction":[{"@type":"CommentAction","name":"Comment","target":["https:\/\/gregorydamy.niceavocats.fr\/it\/la-necessita-di-un-rinnovato-approccio-al-diritto-sociale-europeo\/#respond"]}]},{"@type":"WebPage","@id":"https:\/\/gregorydamy.niceavocats.fr\/it\/la-necessita-di-un-rinnovato-approccio-al-diritto-sociale-europeo\/","url":"https:\/\/gregorydamy.niceavocats.fr\/it\/la-necessita-di-un-rinnovato-approccio-al-diritto-sociale-europeo\/","name":"La necessit\u00e0 di un rinnovato approccio al diritto sociale europeo - Soci\u00e9t\u00e9 d&#039;avocats Damy","isPartOf":{"@id":"https:\/\/gregorydamy.niceavocats.fr\/it\/#website"},"datePublished":"2008-06-01T16:41:08+00:00","dateModified":"2023-05-10T17:04:00+00:00","breadcrumb":{"@id":"https:\/\/gregorydamy.niceavocats.fr\/it\/la-necessita-di-un-rinnovato-approccio-al-diritto-sociale-europeo\/#breadcrumb"},"inLanguage":"it-IT","potentialAction":[{"@type":"ReadAction","target":["https:\/\/gregorydamy.niceavocats.fr\/it\/la-necessita-di-un-rinnovato-approccio-al-diritto-sociale-europeo\/"]}]},{"@type":"BreadcrumbList","@id":"https:\/\/gregorydamy.niceavocats.fr\/it\/la-necessita-di-un-rinnovato-approccio-al-diritto-sociale-europeo\/#breadcrumb","itemListElement":[{"@type":"ListItem","position":1,"name":"Accueil","item":"https:\/\/gregorydamy.niceavocats.fr\/it\/"},{"@type":"ListItem","position":2,"name":"La necessit\u00e0 di un rinnovato approccio al diritto sociale europeo"}]},{"@type":"WebSite","@id":"https:\/\/gregorydamy.niceavocats.fr\/it\/#website","url":"https:\/\/gregorydamy.niceavocats.fr\/it\/","name":"Soci\u00e9t\u00e9 d&#039;avocats Damy","description":"Justice - Confiance - Efficacit\u00e9","publisher":{"@id":"https:\/\/gregorydamy.niceavocats.fr\/it\/#organization"},"potentialAction":[{"@type":"SearchAction","target":{"@type":"EntryPoint","urlTemplate":"https:\/\/gregorydamy.niceavocats.fr\/it\/?s={search_term_string}"},"query-input":{"@type":"PropertyValueSpecification","valueRequired":true,"valueName":"search_term_string"}}],"inLanguage":"it-IT"},{"@type":"Organization","@id":"https:\/\/gregorydamy.niceavocats.fr\/it\/#organization","name":"Soci\u00e9t\u00e9 d'Avocats DAMY","alternateName":"Gr\u00e9gory DAMY","url":"https:\/\/gregorydamy.niceavocats.fr\/it\/","logo":{"@type":"ImageObject","inLanguage":"it-IT","@id":"https:\/\/gregorydamy.niceavocats.fr\/it\/#\/schema\/logo\/image\/","url":"https:\/\/gregorydamy.niceavocats.fr\/wp-content\/uploads\/2023\/04\/damylogo-1.png","contentUrl":"https:\/\/gregorydamy.niceavocats.fr\/wp-content\/uploads\/2023\/04\/damylogo-1.png","width":1890,"height":1417,"caption":"Soci\u00e9t\u00e9 d'Avocats DAMY"},"image":{"@id":"https:\/\/gregorydamy.niceavocats.fr\/it\/#\/schema\/logo\/image\/"},"sameAs":["https:\/\/www.facebook.com\/niceavocats.fr\/"]},{"@type":"Person","@id":"https:\/\/gregorydamy.niceavocats.fr\/it\/#\/schema\/person\/e040acb2856efaa1e114d0e7a92a3870","name":"Kevin","url":"https:\/\/gregorydamy.niceavocats.fr\/it\/author\/kevin\/"}]}},"_links":{"self":[{"href":"https:\/\/gregorydamy.niceavocats.fr\/it\/wp-json\/wp\/v2\/posts\/6324","targetHints":{"allow":["GET"]}}],"collection":[{"href":"https:\/\/gregorydamy.niceavocats.fr\/it\/wp-json\/wp\/v2\/posts"}],"about":[{"href":"https:\/\/gregorydamy.niceavocats.fr\/it\/wp-json\/wp\/v2\/types\/post"}],"author":[{"embeddable":true,"href":"https:\/\/gregorydamy.niceavocats.fr\/it\/wp-json\/wp\/v2\/users\/2"}],"replies":[{"embeddable":true,"href":"https:\/\/gregorydamy.niceavocats.fr\/it\/wp-json\/wp\/v2\/comments?post=6324"}],"version-history":[{"count":0,"href":"https:\/\/gregorydamy.niceavocats.fr\/it\/wp-json\/wp\/v2\/posts\/6324\/revisions"}],"wp:attachment":[{"href":"https:\/\/gregorydamy.niceavocats.fr\/it\/wp-json\/wp\/v2\/media?parent=6324"}],"wp:term":[{"taxonomy":"category","embeddable":true,"href":"https:\/\/gregorydamy.niceavocats.fr\/it\/wp-json\/wp\/v2\/categories?post=6324"},{"taxonomy":"post_tag","embeddable":true,"href":"https:\/\/gregorydamy.niceavocats.fr\/it\/wp-json\/wp\/v2\/tags?post=6324"}],"curies":[{"name":"wp","href":"https:\/\/api.w.org\/{rel}","templated":true}]}}