{"id":6133,"date":"2012-04-27T15:06:17","date_gmt":"2012-04-27T15:06:17","guid":{"rendered":"https:\/\/gregorydamy.niceavocats.fr\/?p=6133"},"modified":"2023-08-16T10:46:08","modified_gmt":"2023-08-16T10:46:08","slug":"subaffitto-alloggio","status":"publish","type":"post","link":"https:\/\/gregorydamy.niceavocats.fr\/it\/subaffitto-alloggio\/","title":{"rendered":"Subaffitto abitativo: cosa c&#8217;\u00e8 da sapere"},"content":{"rendered":"<p>[et_pb_section fb_built=&#8221;1&#8243; admin_label=&#8221;section&#8221; _builder_version=&#8221;4.19.5&#8243; custom_margin=&#8221;||0px||false|false&#8221; custom_padding=&#8221;||0px||false|false&#8221; locked=&#8221;off&#8221; global_colors_info=&#8221;{}&#8221;][et_pb_row column_structure=&#8221;1_3,1_3,1_3&#8243; _builder_version=&#8221;4.19.5&#8243; _module_preset=&#8221;default&#8221; background_enable_mask_style=&#8221;on&#8221; background_mask_style=&#8221;wave&#8221; background_mask_color=&#8221;rgba(0,0,0,0.08)&#8221; custom_padding=&#8221;||6px|||&#8221; locked=&#8221;off&#8221; global_colors_info=&#8221;{}&#8221;][et_pb_column type=&#8221;1_3&#8243; _builder_version=&#8221;4.19.5&#8243; _module_preset=&#8221;default&#8221; global_colors_info=&#8221;{}&#8221;][\/et_pb_column][et_pb_column type=&#8221;1_3&#8243; _builder_version=&#8221;4.19.5&#8243; _module_preset=&#8221;default&#8221; global_colors_info=&#8221;{}&#8221;][\/et_pb_column][et_pb_column type=&#8221;1_3&#8243; _builder_version=&#8221;4.19.5&#8243; _module_preset=&#8221;default&#8221; global_colors_info=&#8221;{}&#8221;][et_pb_circle_counter title=&#8221; Tempo di lettura stimato (in minuti)&#8221; number=&#8221;2&#8243; percent_sign=&#8221;off&#8221; _builder_version=&#8221;4.20.2&#8243; _module_preset=&#8221;default&#8221; title_font=&#8221;Amiri||||||||&#8221; max_width=&#8221;137px&#8221; global_colors_info=&#8221;{}&#8221;][\/et_pb_circle_counter][\/et_pb_column][\/et_pb_row][et_pb_row _builder_version=&#8221;4.19.5&#8243; _module_preset=&#8221;default&#8221; custom_margin=&#8221;||0px||false|false&#8221; custom_padding=&#8221;||0px||false|false&#8221; global_colors_info=&#8221;{}&#8221;][et_pb_column type=&#8221;4_4&#8243; _builder_version=&#8221;4.19.5&#8243; _module_preset=&#8221;default&#8221; global_colors_info=&#8221;{}&#8221;][et_pb_divider _builder_version=&#8221;4.19.5&#8243; _module_preset=&#8221;default&#8221; global_colors_info=&#8221;{}&#8221;][\/et_pb_divider][\/et_pb_column][\/et_pb_row][et_pb_row admin_label=&#8221;row&#8221; _builder_version=&#8221;4.16&#8243; background_size=&#8221;initial&#8221; background_position=&#8221;top_left&#8221; background_repeat=&#8221;repeat&#8221; global_colors_info=&#8221;{}&#8221;][et_pb_column type=&#8221;4_4&#8243; _builder_version=&#8221;4.16&#8243; custom_padding=&#8221;|||&#8221; global_colors_info=&#8221;{}&#8221; custom_padding__hover=&#8221;|||&#8221;][et_pb_image src=&#8221;https:\/\/gregorydamy.niceavocats.fr\/wp-content\/uploads\/2012\/04\/87793662-1.jpg&#8221; title_text=&#8221;87793662 (1)&#8221; _builder_version=&#8221;4.21.0&#8243; _module_preset=&#8221;default&#8221; global_colors_info=&#8221;{}&#8221;][\/et_pb_image][et_pb_text admin_label=&#8221;Text&#8221; _builder_version=&#8221;4.21.0&#8243; text_font=&#8221;Amiri||||||||&#8221; header_2_font=&#8221;Amiri||||||||&#8221; header_3_font=&#8221;Amiri||||||||&#8221; background_size=&#8221;initial&#8221; background_position=&#8221;top_left&#8221; background_repeat=&#8221;repeat&#8221; hover_enabled=&#8221;0&#8243; global_colors_info=&#8221;{}&#8221; sticky_enabled=&#8221;0&#8243;]<\/p>\n<div class=\"entry-content\">\n<p><span class=\"\"><span>Subaffitto abitativo!\u00a0\u00c8 possibile subaffittare il proprio\u00a0<\/span><\/span><span class=\"\"><span>alloggio\u00a0<\/span><\/span><span class=\"\"><span>\u00a0, a condizione di aver ottenuto il previo consenso del suo proprietario.\u00a0<\/span><\/span><span>Se l&#8217;accordo viene ottenuto, l&#8217;inquilino non ha il diritto di chiedere un canone pi\u00f9 alto.<\/span><\/p>\n<h2><span>Cos&#8217;\u00e8 il subaffitto?<\/span><\/h2>\n<p><span>Occorre distinguere tra\u00a0<\/span><a href=\"https:\/\/www.service-public.fr\/particuliers\/vosdroits\/F2449\"><span>subaffitto<\/span><\/a><span>\u00a0e semplice hosting.\u00a0Infatti, l&#8217;inquilino ha il diritto di ospitare gratuitamente un parente senza informare il suo padrone di casa.\u00a0Si ha subaffitto quando la persona occupa in tutto o in parte l&#8217;alloggio pagando un compenso economico all&#8217;inquilino principale.\u00a0L&#8217;affitto del subaffittuario non deve essere superiore a quello pagato dall&#8217;affittuario principale.\u00a0Spetta al proprietario fornire la prova del subaffitto, in particolare tramite la relazione dell&#8217;ufficiale giudiziario.<\/span><\/p>\n<h2><span>S\u00ec, se ho il consenso del proprietario<\/span><\/h2>\n<p><span>L&#8217;inquilino non pu\u00f2 subaffittare il suo alloggio senza il consenso del proprietario.\u00a0Tale richiesta dovr\u00e0 essere effettuata mediante invio di lettera raccomandata al fine di ottenere l&#8217;assenso scritto del locatore sul principio del subaffitto.\u00a0In caso di rifiuto del proprietario, l&#8217;inquilino pu\u00f2 adire il giudice per prendere atto del carattere abusivo di tale rifiuto.\u00a0Tale accordo potrebbe anche essere stato formulato in una specifica clausola del contratto di locazione.\u00a0Se nel contratto non c&#8217;\u00e8 niente in proposito, equivale a un divieto alla pratica del subaffitto.<\/span><\/p>\n<h2><span>Posso subaffittare senza il consenso del proprietario?<\/span><\/h2>\n<p><span>Se l&#8217;inquilino subaffitta il suo alloggio senza previa autorizzazione, pu\u00f2 essere pesantemente penalizzato.\u00a0Se il locatore fornisce la prova dell&#8217;esistenza di una sublocazione, anche in assenza di contratto, pu\u00f2 adire il tribunale per disporre la risoluzione giudiziale della locazione.\u00a0I danni possono essere richiesti anche all&#8217;inquilino principale per colpa.<\/span><br \/><span>Il locatore principale pu\u00f2 altres\u00ec opporsi al rinnovo del contratto concedendo all&#8217;inquilino inadempiente un&#8217;aspettativa per motivi legittimi e gravi.\u00a0La risoluzione del contratto di locazione comporta automaticamente la risoluzione del subaffitto e il subaffittuario diventa quindi un occupante senza diritto o titolo.<\/span><\/p>\n<h2><span>Quali sono gli obblighi dell&#8217;inquilino principale?<\/span><\/h2>\n<p><span>L&#8217;inquilino principale rimane vincolato, nonostante il subaffitto, da tutti gli obblighi derivanti dal suo contratto.\u00a0Egli \u00e8 responsabile delle infrazioni e dei danni commessi dal subconduttore.\u00a0L&#8217;inquilino rimane inoltre responsabile dell&#8217;affitto nei confronti del locatore, anche se il subaffittuario non effettua pi\u00f9 alcun pagamento.<\/span><\/p>\n<p><a href=\"https:\/\/gregorydamy.niceavocats.fr\/\"><span>Studio legale DAMY<\/span><\/a><span>\u00a0, Nizza, Condizioni di subaffitto, Aggiornamento 2022<\/span><\/p>\n<\/div>\n<p>[\/et_pb_text][\/et_pb_column][\/et_pb_row][et_pb_row _builder_version=&#8221;4.19.5&#8243; _module_preset=&#8221;default&#8221; custom_margin=&#8221;||0px||false|false&#8221; custom_padding=&#8221;||0px||false|false&#8221; global_colors_info=&#8221;{}&#8221;][et_pb_column type=&#8221;4_4&#8243; _builder_version=&#8221;4.19.5&#8243; _module_preset=&#8221;default&#8221; global_colors_info=&#8221;{}&#8221;][et_pb_divider _builder_version=&#8221;4.19.5&#8243; _module_preset=&#8221;default&#8221; global_colors_info=&#8221;{}&#8221;][\/et_pb_divider][\/et_pb_column][\/et_pb_row][\/et_pb_section]<\/p>\n","protected":false},"excerpt":{"rendered":"<p>Subaffitto abitativo!\u00a0\u00c8 possibile subaffittare il proprio\u00a0alloggio\u00a0\u00a0, a condizione di aver ottenuto il previo consenso del suo proprietario.\u00a0Se l&#8217;accordo viene ottenuto, l&#8217;inquilino non ha il diritto di chiedere un canone pi\u00f9 alto. Cos&#8217;\u00e8 il subaffitto? Occorre distinguere tra\u00a0subaffitto\u00a0e semplice hosting.\u00a0Infatti, l&#8217;inquilino ha il diritto di ospitare gratuitamente un parente senza informare il suo padrone di casa.\u00a0Si [&hellip;]<\/p>\n","protected":false},"author":2,"featured_media":0,"comment_status":"open","ping_status":"open","sticky":false,"template":"","format":"standard","meta":{"_et_pb_use_builder":"on","_et_pb_old_content":"","_et_gb_content_width":"","footnotes":""},"categories":[315],"tags":[],"class_list":["post-6133","post","type-post","status-publish","format-standard","hentry","category-diritto-immobiliare"],"yoast_head":"<!-- This site is optimized with the Yoast SEO plugin v26.8 - https:\/\/yoast.com\/product\/yoast-seo-wordpress\/ -->\n<title>Subaffitto abitativo: cosa c&#039;\u00e8 da sapere - Soci\u00e9t\u00e9 d&#039;avocats Damy<\/title>\n<meta name=\"description\" content=\"Subaffitto alloggio \u00c8 possibile subaffittare il proprio alloggio , a condizione di aver ottenuto il previo consenso del suo proprietario.\" \/>\n<meta name=\"robots\" content=\"index, follow, max-snippet:-1, max-image-preview:large, max-video-preview:-1\" \/>\n<link rel=\"canonical\" href=\"https:\/\/gregorydamy.niceavocats.fr\/it\/subaffitto-alloggio\/\" \/>\n<meta property=\"og:locale\" content=\"it_IT\" \/>\n<meta property=\"og:type\" content=\"article\" \/>\n<meta property=\"og:title\" content=\"Subaffitto abitativo: cosa c&#039;\u00e8 da sapere - Soci\u00e9t\u00e9 d&#039;avocats Damy\" \/>\n<meta property=\"og:description\" content=\"Subaffitto alloggio \u00c8 possibile subaffittare il proprio alloggio , a condizione di aver ottenuto il previo consenso del suo proprietario.\" \/>\n<meta property=\"og:url\" content=\"https:\/\/gregorydamy.niceavocats.fr\/it\/subaffitto-alloggio\/\" \/>\n<meta property=\"og:site_name\" content=\"Soci\u00e9t\u00e9 d&#039;avocats Damy\" \/>\n<meta property=\"article:publisher\" content=\"https:\/\/www.facebook.com\/niceavocats.fr\/\" \/>\n<meta property=\"article:published_time\" content=\"2012-04-27T15:06:17+00:00\" \/>\n<meta property=\"article:modified_time\" content=\"2023-08-16T10:46:08+00:00\" \/>\n<meta name=\"author\" content=\"Kevin\" \/>\n<meta name=\"twitter:card\" content=\"summary_large_image\" \/>\n<meta name=\"twitter:label1\" content=\"Scritto da\" \/>\n\t<meta name=\"twitter:data1\" content=\"Kevin\" \/>\n\t<meta name=\"twitter:label2\" content=\"Tempo di lettura stimato\" \/>\n\t<meta name=\"twitter:data2\" content=\"3 minuti\" \/>\n<script type=\"application\/ld+json\" class=\"yoast-schema-graph\">{\"@context\":\"https:\/\/schema.org\",\"@graph\":[{\"@type\":\"Article\",\"@id\":\"https:\/\/gregorydamy.niceavocats.fr\/it\/subaffitto-alloggio\/#article\",\"isPartOf\":{\"@id\":\"https:\/\/gregorydamy.niceavocats.fr\/it\/subaffitto-alloggio\/\"},\"author\":{\"name\":\"Kevin\",\"@id\":\"https:\/\/gregorydamy.niceavocats.fr\/it\/#\/schema\/person\/e040acb2856efaa1e114d0e7a92a3870\"},\"headline\":\"Subaffitto abitativo: cosa c&#8217;\u00e8 da sapere\",\"datePublished\":\"2012-04-27T15:06:17+00:00\",\"dateModified\":\"2023-08-16T10:46:08+00:00\",\"mainEntityOfPage\":{\"@id\":\"https:\/\/gregorydamy.niceavocats.fr\/it\/subaffitto-alloggio\/\"},\"wordCount\":728,\"commentCount\":0,\"publisher\":{\"@id\":\"https:\/\/gregorydamy.niceavocats.fr\/it\/#organization\"},\"articleSection\":[\"Diritto immobiliare\"],\"inLanguage\":\"it-IT\",\"potentialAction\":[{\"@type\":\"CommentAction\",\"name\":\"Comment\",\"target\":[\"https:\/\/gregorydamy.niceavocats.fr\/it\/subaffitto-alloggio\/#respond\"]}]},{\"@type\":\"WebPage\",\"@id\":\"https:\/\/gregorydamy.niceavocats.fr\/it\/subaffitto-alloggio\/\",\"url\":\"https:\/\/gregorydamy.niceavocats.fr\/it\/subaffitto-alloggio\/\",\"name\":\"Subaffitto abitativo: cosa c'\u00e8 da sapere - Soci\u00e9t\u00e9 d&#039;avocats Damy\",\"isPartOf\":{\"@id\":\"https:\/\/gregorydamy.niceavocats.fr\/it\/#website\"},\"datePublished\":\"2012-04-27T15:06:17+00:00\",\"dateModified\":\"2023-08-16T10:46:08+00:00\",\"description\":\"Subaffitto alloggio \u00c8 possibile subaffittare il proprio alloggio , a condizione di aver ottenuto il previo consenso del suo proprietario.\",\"breadcrumb\":{\"@id\":\"https:\/\/gregorydamy.niceavocats.fr\/it\/subaffitto-alloggio\/#breadcrumb\"},\"inLanguage\":\"it-IT\",\"potentialAction\":[{\"@type\":\"ReadAction\",\"target\":[\"https:\/\/gregorydamy.niceavocats.fr\/it\/subaffitto-alloggio\/\"]}]},{\"@type\":\"BreadcrumbList\",\"@id\":\"https:\/\/gregorydamy.niceavocats.fr\/it\/subaffitto-alloggio\/#breadcrumb\",\"itemListElement\":[{\"@type\":\"ListItem\",\"position\":1,\"name\":\"Accueil\",\"item\":\"https:\/\/gregorydamy.niceavocats.fr\/it\/\"},{\"@type\":\"ListItem\",\"position\":2,\"name\":\"Subaffitto abitativo: cosa c&rsquo;\u00e8 da sapere\"}]},{\"@type\":\"WebSite\",\"@id\":\"https:\/\/gregorydamy.niceavocats.fr\/it\/#website\",\"url\":\"https:\/\/gregorydamy.niceavocats.fr\/it\/\",\"name\":\"Soci\u00e9t\u00e9 d&#039;avocats Damy\",\"description\":\"Justice - Confiance - Efficacit\u00e9\",\"publisher\":{\"@id\":\"https:\/\/gregorydamy.niceavocats.fr\/it\/#organization\"},\"potentialAction\":[{\"@type\":\"SearchAction\",\"target\":{\"@type\":\"EntryPoint\",\"urlTemplate\":\"https:\/\/gregorydamy.niceavocats.fr\/it\/?s={search_term_string}\"},\"query-input\":{\"@type\":\"PropertyValueSpecification\",\"valueRequired\":true,\"valueName\":\"search_term_string\"}}],\"inLanguage\":\"it-IT\"},{\"@type\":\"Organization\",\"@id\":\"https:\/\/gregorydamy.niceavocats.fr\/it\/#organization\",\"name\":\"Soci\u00e9t\u00e9 d'Avocats DAMY\",\"alternateName\":\"Gr\u00e9gory DAMY\",\"url\":\"https:\/\/gregorydamy.niceavocats.fr\/it\/\",\"logo\":{\"@type\":\"ImageObject\",\"inLanguage\":\"it-IT\",\"@id\":\"https:\/\/gregorydamy.niceavocats.fr\/it\/#\/schema\/logo\/image\/\",\"url\":\"https:\/\/gregorydamy.niceavocats.fr\/wp-content\/uploads\/2023\/04\/damylogo-1.png\",\"contentUrl\":\"https:\/\/gregorydamy.niceavocats.fr\/wp-content\/uploads\/2023\/04\/damylogo-1.png\",\"width\":1890,\"height\":1417,\"caption\":\"Soci\u00e9t\u00e9 d'Avocats DAMY\"},\"image\":{\"@id\":\"https:\/\/gregorydamy.niceavocats.fr\/it\/#\/schema\/logo\/image\/\"},\"sameAs\":[\"https:\/\/www.facebook.com\/niceavocats.fr\/\"]},{\"@type\":\"Person\",\"@id\":\"https:\/\/gregorydamy.niceavocats.fr\/it\/#\/schema\/person\/e040acb2856efaa1e114d0e7a92a3870\",\"name\":\"Kevin\",\"url\":\"https:\/\/gregorydamy.niceavocats.fr\/it\/author\/kevin\/\"}]}<\/script>\n<!-- \/ Yoast SEO plugin. -->","yoast_head_json":{"title":"Subaffitto abitativo: cosa c'\u00e8 da sapere - Soci\u00e9t\u00e9 d&#039;avocats Damy","description":"Subaffitto alloggio \u00c8 possibile subaffittare il proprio alloggio , a condizione di aver ottenuto il previo consenso del suo proprietario.","robots":{"index":"index","follow":"follow","max-snippet":"max-snippet:-1","max-image-preview":"max-image-preview:large","max-video-preview":"max-video-preview:-1"},"canonical":"https:\/\/gregorydamy.niceavocats.fr\/it\/subaffitto-alloggio\/","og_locale":"it_IT","og_type":"article","og_title":"Subaffitto abitativo: cosa c'\u00e8 da sapere - Soci\u00e9t\u00e9 d&#039;avocats Damy","og_description":"Subaffitto alloggio \u00c8 possibile subaffittare il proprio alloggio , a condizione di aver ottenuto il previo consenso del suo proprietario.","og_url":"https:\/\/gregorydamy.niceavocats.fr\/it\/subaffitto-alloggio\/","og_site_name":"Soci\u00e9t\u00e9 d&#039;avocats Damy","article_publisher":"https:\/\/www.facebook.com\/niceavocats.fr\/","article_published_time":"2012-04-27T15:06:17+00:00","article_modified_time":"2023-08-16T10:46:08+00:00","author":"Kevin","twitter_card":"summary_large_image","twitter_misc":{"Scritto da":"Kevin","Tempo di lettura stimato":"3 minuti"},"schema":{"@context":"https:\/\/schema.org","@graph":[{"@type":"Article","@id":"https:\/\/gregorydamy.niceavocats.fr\/it\/subaffitto-alloggio\/#article","isPartOf":{"@id":"https:\/\/gregorydamy.niceavocats.fr\/it\/subaffitto-alloggio\/"},"author":{"name":"Kevin","@id":"https:\/\/gregorydamy.niceavocats.fr\/it\/#\/schema\/person\/e040acb2856efaa1e114d0e7a92a3870"},"headline":"Subaffitto abitativo: cosa c&#8217;\u00e8 da sapere","datePublished":"2012-04-27T15:06:17+00:00","dateModified":"2023-08-16T10:46:08+00:00","mainEntityOfPage":{"@id":"https:\/\/gregorydamy.niceavocats.fr\/it\/subaffitto-alloggio\/"},"wordCount":728,"commentCount":0,"publisher":{"@id":"https:\/\/gregorydamy.niceavocats.fr\/it\/#organization"},"articleSection":["Diritto immobiliare"],"inLanguage":"it-IT","potentialAction":[{"@type":"CommentAction","name":"Comment","target":["https:\/\/gregorydamy.niceavocats.fr\/it\/subaffitto-alloggio\/#respond"]}]},{"@type":"WebPage","@id":"https:\/\/gregorydamy.niceavocats.fr\/it\/subaffitto-alloggio\/","url":"https:\/\/gregorydamy.niceavocats.fr\/it\/subaffitto-alloggio\/","name":"Subaffitto abitativo: cosa c'\u00e8 da sapere - Soci\u00e9t\u00e9 d&#039;avocats Damy","isPartOf":{"@id":"https:\/\/gregorydamy.niceavocats.fr\/it\/#website"},"datePublished":"2012-04-27T15:06:17+00:00","dateModified":"2023-08-16T10:46:08+00:00","description":"Subaffitto alloggio \u00c8 possibile subaffittare il proprio alloggio , a condizione di aver ottenuto il previo consenso del suo proprietario.","breadcrumb":{"@id":"https:\/\/gregorydamy.niceavocats.fr\/it\/subaffitto-alloggio\/#breadcrumb"},"inLanguage":"it-IT","potentialAction":[{"@type":"ReadAction","target":["https:\/\/gregorydamy.niceavocats.fr\/it\/subaffitto-alloggio\/"]}]},{"@type":"BreadcrumbList","@id":"https:\/\/gregorydamy.niceavocats.fr\/it\/subaffitto-alloggio\/#breadcrumb","itemListElement":[{"@type":"ListItem","position":1,"name":"Accueil","item":"https:\/\/gregorydamy.niceavocats.fr\/it\/"},{"@type":"ListItem","position":2,"name":"Subaffitto abitativo: cosa c&rsquo;\u00e8 da sapere"}]},{"@type":"WebSite","@id":"https:\/\/gregorydamy.niceavocats.fr\/it\/#website","url":"https:\/\/gregorydamy.niceavocats.fr\/it\/","name":"Soci\u00e9t\u00e9 d&#039;avocats Damy","description":"Justice - Confiance - Efficacit\u00e9","publisher":{"@id":"https:\/\/gregorydamy.niceavocats.fr\/it\/#organization"},"potentialAction":[{"@type":"SearchAction","target":{"@type":"EntryPoint","urlTemplate":"https:\/\/gregorydamy.niceavocats.fr\/it\/?s={search_term_string}"},"query-input":{"@type":"PropertyValueSpecification","valueRequired":true,"valueName":"search_term_string"}}],"inLanguage":"it-IT"},{"@type":"Organization","@id":"https:\/\/gregorydamy.niceavocats.fr\/it\/#organization","name":"Soci\u00e9t\u00e9 d'Avocats DAMY","alternateName":"Gr\u00e9gory DAMY","url":"https:\/\/gregorydamy.niceavocats.fr\/it\/","logo":{"@type":"ImageObject","inLanguage":"it-IT","@id":"https:\/\/gregorydamy.niceavocats.fr\/it\/#\/schema\/logo\/image\/","url":"https:\/\/gregorydamy.niceavocats.fr\/wp-content\/uploads\/2023\/04\/damylogo-1.png","contentUrl":"https:\/\/gregorydamy.niceavocats.fr\/wp-content\/uploads\/2023\/04\/damylogo-1.png","width":1890,"height":1417,"caption":"Soci\u00e9t\u00e9 d'Avocats DAMY"},"image":{"@id":"https:\/\/gregorydamy.niceavocats.fr\/it\/#\/schema\/logo\/image\/"},"sameAs":["https:\/\/www.facebook.com\/niceavocats.fr\/"]},{"@type":"Person","@id":"https:\/\/gregorydamy.niceavocats.fr\/it\/#\/schema\/person\/e040acb2856efaa1e114d0e7a92a3870","name":"Kevin","url":"https:\/\/gregorydamy.niceavocats.fr\/it\/author\/kevin\/"}]}},"_links":{"self":[{"href":"https:\/\/gregorydamy.niceavocats.fr\/it\/wp-json\/wp\/v2\/posts\/6133","targetHints":{"allow":["GET"]}}],"collection":[{"href":"https:\/\/gregorydamy.niceavocats.fr\/it\/wp-json\/wp\/v2\/posts"}],"about":[{"href":"https:\/\/gregorydamy.niceavocats.fr\/it\/wp-json\/wp\/v2\/types\/post"}],"author":[{"embeddable":true,"href":"https:\/\/gregorydamy.niceavocats.fr\/it\/wp-json\/wp\/v2\/users\/2"}],"replies":[{"embeddable":true,"href":"https:\/\/gregorydamy.niceavocats.fr\/it\/wp-json\/wp\/v2\/comments?post=6133"}],"version-history":[{"count":0,"href":"https:\/\/gregorydamy.niceavocats.fr\/it\/wp-json\/wp\/v2\/posts\/6133\/revisions"}],"wp:attachment":[{"href":"https:\/\/gregorydamy.niceavocats.fr\/it\/wp-json\/wp\/v2\/media?parent=6133"}],"wp:term":[{"taxonomy":"category","embeddable":true,"href":"https:\/\/gregorydamy.niceavocats.fr\/it\/wp-json\/wp\/v2\/categories?post=6133"},{"taxonomy":"post_tag","embeddable":true,"href":"https:\/\/gregorydamy.niceavocats.fr\/it\/wp-json\/wp\/v2\/tags?post=6133"}],"curies":[{"name":"wp","href":"https:\/\/api.w.org\/{rel}","templated":true}]}}