{"id":6102,"date":"2012-04-27T15:18:18","date_gmt":"2012-04-27T15:18:18","guid":{"rendered":"https:\/\/gregorydamy.niceavocats.fr\/?p=6102"},"modified":"2023-08-16T09:21:29","modified_gmt":"2023-08-16T09:21:29","slug":"disturbo-inquilino","status":"publish","type":"post","link":"https:\/\/gregorydamy.niceavocats.fr\/it\/disturbo-inquilino\/","title":{"rendered":"Sono responsabile del disturbo causato dal mio inquilino nell&#8217;edificio?"},"content":{"rendered":"<p>[et_pb_section fb_built=&#8221;1&#8243; admin_label=&#8221;section&#8221; _builder_version=&#8221;4.19.5&#8243; custom_margin=&#8221;||0px||false|false&#8221; custom_padding=&#8221;||0px||false|false&#8221; locked=&#8221;off&#8221; global_colors_info=&#8221;{}&#8221;][et_pb_row column_structure=&#8221;1_3,1_3,1_3&#8243; _builder_version=&#8221;4.19.5&#8243; _module_preset=&#8221;default&#8221; background_enable_mask_style=&#8221;on&#8221; background_mask_style=&#8221;wave&#8221; background_mask_color=&#8221;rgba(0,0,0,0.08)&#8221; custom_padding=&#8221;||6px|||&#8221; locked=&#8221;off&#8221; global_colors_info=&#8221;{}&#8221;][et_pb_column type=&#8221;1_3&#8243; _builder_version=&#8221;4.19.5&#8243; _module_preset=&#8221;default&#8221; global_colors_info=&#8221;{}&#8221;][\/et_pb_column][et_pb_column type=&#8221;1_3&#8243; _builder_version=&#8221;4.19.5&#8243; _module_preset=&#8221;default&#8221; global_colors_info=&#8221;{}&#8221;][\/et_pb_column][et_pb_column type=&#8221;1_3&#8243; _builder_version=&#8221;4.19.5&#8243; _module_preset=&#8221;default&#8221; global_colors_info=&#8221;{}&#8221;][et_pb_circle_counter title=&#8221;Tempo di lettura stimato (in minuti)&#8221; number=&#8221;2&#8243; percent_sign=&#8221;off&#8221; _builder_version=&#8221;4.20.2&#8243; _module_preset=&#8221;default&#8221; title_font=&#8221;Amiri||||||||&#8221; max_width=&#8221;137px&#8221; global_colors_info=&#8221;{}&#8221;][\/et_pb_circle_counter][\/et_pb_column][\/et_pb_row][et_pb_row _builder_version=&#8221;4.19.5&#8243; _module_preset=&#8221;default&#8221; custom_margin=&#8221;||0px||false|false&#8221; custom_padding=&#8221;||0px||false|false&#8221; global_colors_info=&#8221;{}&#8221;][et_pb_column type=&#8221;4_4&#8243; _builder_version=&#8221;4.19.5&#8243; _module_preset=&#8221;default&#8221; global_colors_info=&#8221;{}&#8221;][et_pb_divider _builder_version=&#8221;4.19.5&#8243; _module_preset=&#8221;default&#8221; global_colors_info=&#8221;{}&#8221;][\/et_pb_divider][\/et_pb_column][\/et_pb_row][et_pb_row admin_label=&#8221;row&#8221; _builder_version=&#8221;4.16&#8243; background_size=&#8221;initial&#8221; background_position=&#8221;top_left&#8221; background_repeat=&#8221;repeat&#8221; global_colors_info=&#8221;{}&#8221;][et_pb_column type=&#8221;4_4&#8243; _builder_version=&#8221;4.16&#8243; custom_padding=&#8221;|||&#8221; global_colors_info=&#8221;{}&#8221; custom_padding__hover=&#8221;|||&#8221;][et_pb_image src=&#8221;https:\/\/gregorydamy.niceavocats.fr\/wp-content\/uploads\/2012\/04\/download-4-1.jpg&#8221; title_text=&#8221;download (4)&#8221; _builder_version=&#8221;4.21.0&#8243; _module_preset=&#8221;default&#8221; hover_enabled=&#8221;0&#8243; global_colors_info=&#8221;{}&#8221; sticky_enabled=&#8221;0&#8243;][\/et_pb_image][et_pb_text admin_label=&#8221;Text&#8221; _builder_version=&#8221;4.21.0&#8243; text_font=&#8221;Amiri||||||||&#8221; header_2_font=&#8221;Amiri||||||||&#8221; header_3_font=&#8221;Amiri||||||||&#8221; background_size=&#8221;initial&#8221; background_position=&#8221;top_left&#8221; background_repeat=&#8221;repeat&#8221; hover_enabled=&#8221;0&#8243; global_colors_info=&#8221;{}&#8221; sticky_enabled=&#8221;0&#8243;]<\/p>\n<div class=\"entry-content\">\n<p><span>Disturbo degli inquilini!\u00a0Guai all&#8217;inquilino!\u00a0<\/span><span class=\"\"><span>Il proprietario pu\u00f2 avere un\u00a0\u00a0<\/span><\/span><span class=\"\"><span>inquilino\u00a0<\/span><\/span><span class=\"\"><span>\u00a0che sta causando fastidio nell&#8217;edificio.\u00a0<\/span><\/span><span>La sua responsabilit\u00e0 \u00e8 quindi impegnata?\u00a0Cosa dovrebbe essere fatto?<\/span><\/p>\n<h2><span>Quando sono responsabile?<\/span><\/h2>\n<p><span>Disturbo degli inquilini!\u00a0Il proprietario rimane responsabile del rispetto da parte del suo inquilino del regolamento sulla compropriet\u00e0 e delle regole generali di buon vicinato.\u00a0Il proprietario \u00e8 quindi responsabile dei fastidi del suo inquilino quando si verifica, ad esempio, un attacco alle parti comuni con degrado o congestione.\u00a0Egli \u00e8 altres\u00ec responsabile in caso di esercizio di un&#8217;attivit\u00e0 vietata dalle norme sulla compropriet\u00e0 da parte del suo inquilino, come l&#8217;esercizio di un&#8217;attivit\u00e0 commerciale abusiva.\u00a0Allo stesso modo, il proprietario \u00e8 responsabile anche se il suo inquilino \u00e8 la causa di danni causati a terzi come danni causati dall&#8217;acqua.\u00a0Il proprietario \u00e8 responsabile anche se il suo inquilino ha un comportamento rumoroso o aggressivo nei confronti del vicinato.<\/span><\/p>\n<h2><span>E se sono responsabile?<\/span><\/h2>\n<p><span>Una volta che il\u00a0<\/span><a href=\"https:\/\/www.service-public.fr\/particuliers\/vosdroits\/N31059\"><span>proprietario<\/span><\/a><span>\u00a0\u00e8 stato informato del fastidio cause dal suo inquilino, deve actere rapidamente per porre fine a esso.\u00a0Il primo passo \u00e8 inviare una lettera di costituzione in mora per porre fine al problema che ha causato il disturbo.\u00a0Se ci\u00f2 non bastasse, devi chiedere la risoluzione giudiziale del contratto di locazione per colpa al tribunal de grande instance.\u00a0Per fare questo, puoi farti consigliare da un avvocato che rediger\u00e0 una citazione, chiedi a un ufficiale giudiziario o vai direttamente al tribunal de grande instance, che convocher\u00e0 l&#8217;inquilino a una prossima udienza.Per quanto riguarda l&#8217;esercizio della prostituzione da parte del suo inquilino, \u00e8 nel nostro interesse act il plus rapidamente possible perch\u00e9 rischiamo weighi sanzioni penali per il procuratore.<\/span><\/p>\n<h2><span>Cosa sto rischiando?<\/span><\/h2>\n<p><span class=\"\"><span>Il proprietario che non abbia agito per porre fine ai fastidi causati dal suo inquilino assume la propria responsabilit\u00e0 non solo nei confronti del sindacato dei comproprietari ma anche nei confronti dell&#8217;eventuale comproprietario o inquilino vittima di tali molestie.\u00a0<\/span><\/span><span>Tutte queste persone possono rivolgersi al tribunal de grande instance per ottenere nei confronti del proprietario l&#8217;ordinanza di porre fine al disturbo e anche di risarcirgli i danni.\u00a0Il sindacato dei comproprietari ha anche la possibilit\u00e0 di chiedere la risoluzione giudiziale del contratto di locazione dell&#8217;inquilino.\u00a0<span class=\"\">Si consiglia quindi vivamente di agire tempestivamente nei confronti del proprio inquilino per dimostrare la propria buona fede nei confronti del sindacato di comproprietari, altri comproprietari e inquilini, ma anche per potersi poi rivoltare contro il proprio inquilino in caso di condanna .<\/span><\/span><br \/><a href=\"https:\/\/gregorydamy.niceavocats.fr\/\"><span>Soci\u00e9t\u00e9 d&#8217;Avocats DAMY<\/span><\/a><span>, Bello, Sono responsabile del disturbo causato dal mio inquilino nell&#8217;edificio?, Aggiornamento 2022<\/span><\/p>\n<\/div>\n<p>[\/et_pb_text][\/et_pb_column][\/et_pb_row][et_pb_row _builder_version=&#8221;4.19.5&#8243; _module_preset=&#8221;default&#8221; custom_margin=&#8221;||0px||false|false&#8221; custom_padding=&#8221;||0px||false|false&#8221; global_colors_info=&#8221;{}&#8221;][et_pb_column type=&#8221;4_4&#8243; _builder_version=&#8221;4.19.5&#8243; _module_preset=&#8221;default&#8221; global_colors_info=&#8221;{}&#8221;][et_pb_divider _builder_version=&#8221;4.19.5&#8243; _module_preset=&#8221;default&#8221; global_colors_info=&#8221;{}&#8221;][\/et_pb_divider][\/et_pb_column][\/et_pb_row][\/et_pb_section]<\/p>\n","protected":false},"excerpt":{"rendered":"<p>Disturbo degli inquilini!\u00a0Guai all&#8217;inquilino!\u00a0Il proprietario pu\u00f2 avere un\u00a0\u00a0inquilino\u00a0\u00a0che sta causando fastidio nell&#8217;edificio.\u00a0La sua responsabilit\u00e0 \u00e8 quindi impegnata?\u00a0Cosa dovrebbe essere fatto? Quando sono responsabile? Disturbo degli inquilini!\u00a0Il proprietario rimane responsabile del rispetto da parte del suo inquilino del regolamento sulla compropriet\u00e0 e delle regole generali di buon vicinato.\u00a0Il proprietario \u00e8 quindi responsabile dei fastidi del suo [&hellip;]<\/p>\n","protected":false},"author":2,"featured_media":0,"comment_status":"open","ping_status":"open","sticky":false,"template":"","format":"standard","meta":{"_et_pb_use_builder":"on","_et_pb_old_content":"","_et_gb_content_width":"","footnotes":""},"categories":[315],"tags":[],"class_list":["post-6102","post","type-post","status-publish","format-standard","hentry","category-diritto-immobiliare"],"yoast_head":"<!-- This site is optimized with the Yoast SEO plugin v26.8 - https:\/\/yoast.com\/product\/yoast-seo-wordpress\/ -->\n<title>Sono responsabile del disturbo causato dal mio inquilino nell&#039;edificio? - Soci\u00e9t\u00e9 d&#039;avocats Damy<\/title>\n<meta name=\"description\" content=\"Disturbo inquilino Disturbo inquilino! Il proprietario pu\u00f2 avere un inquilino che sta causando fastidio nell&#039;edificio.\" \/>\n<meta name=\"robots\" content=\"index, follow, max-snippet:-1, max-image-preview:large, max-video-preview:-1\" \/>\n<link rel=\"canonical\" href=\"https:\/\/gregorydamy.niceavocats.fr\/it\/disturbo-inquilino\/\" \/>\n<meta property=\"og:locale\" content=\"it_IT\" \/>\n<meta property=\"og:type\" content=\"article\" \/>\n<meta property=\"og:title\" content=\"Sono responsabile del disturbo causato dal mio inquilino nell&#039;edificio? - Soci\u00e9t\u00e9 d&#039;avocats Damy\" \/>\n<meta property=\"og:description\" content=\"Disturbo inquilino Disturbo inquilino! Il proprietario pu\u00f2 avere un inquilino che sta causando fastidio nell&#039;edificio.\" \/>\n<meta property=\"og:url\" content=\"https:\/\/gregorydamy.niceavocats.fr\/it\/disturbo-inquilino\/\" \/>\n<meta property=\"og:site_name\" content=\"Soci\u00e9t\u00e9 d&#039;avocats Damy\" \/>\n<meta property=\"article:publisher\" content=\"https:\/\/www.facebook.com\/niceavocats.fr\/\" \/>\n<meta property=\"article:published_time\" content=\"2012-04-27T15:18:18+00:00\" \/>\n<meta property=\"article:modified_time\" content=\"2023-08-16T09:21:29+00:00\" \/>\n<meta name=\"author\" content=\"Kevin\" \/>\n<meta name=\"twitter:card\" content=\"summary_large_image\" \/>\n<meta name=\"twitter:label1\" content=\"Scritto da\" \/>\n\t<meta name=\"twitter:data1\" content=\"Kevin\" \/>\n\t<meta name=\"twitter:label2\" content=\"Tempo di lettura stimato\" \/>\n\t<meta name=\"twitter:data2\" content=\"3 minuti\" \/>\n<script type=\"application\/ld+json\" class=\"yoast-schema-graph\">{\"@context\":\"https:\/\/schema.org\",\"@graph\":[{\"@type\":\"Article\",\"@id\":\"https:\/\/gregorydamy.niceavocats.fr\/it\/disturbo-inquilino\/#article\",\"isPartOf\":{\"@id\":\"https:\/\/gregorydamy.niceavocats.fr\/it\/disturbo-inquilino\/\"},\"author\":{\"name\":\"Kevin\",\"@id\":\"https:\/\/gregorydamy.niceavocats.fr\/it\/#\/schema\/person\/e040acb2856efaa1e114d0e7a92a3870\"},\"headline\":\"Sono responsabile del disturbo causato dal mio inquilino nell&#8217;edificio?\",\"datePublished\":\"2012-04-27T15:18:18+00:00\",\"dateModified\":\"2023-08-16T09:21:29+00:00\",\"mainEntityOfPage\":{\"@id\":\"https:\/\/gregorydamy.niceavocats.fr\/it\/disturbo-inquilino\/\"},\"wordCount\":789,\"commentCount\":0,\"publisher\":{\"@id\":\"https:\/\/gregorydamy.niceavocats.fr\/it\/#organization\"},\"articleSection\":[\"Diritto immobiliare\"],\"inLanguage\":\"it-IT\",\"potentialAction\":[{\"@type\":\"CommentAction\",\"name\":\"Comment\",\"target\":[\"https:\/\/gregorydamy.niceavocats.fr\/it\/disturbo-inquilino\/#respond\"]}]},{\"@type\":\"WebPage\",\"@id\":\"https:\/\/gregorydamy.niceavocats.fr\/it\/disturbo-inquilino\/\",\"url\":\"https:\/\/gregorydamy.niceavocats.fr\/it\/disturbo-inquilino\/\",\"name\":\"Sono responsabile del disturbo causato dal mio inquilino nell'edificio? - Soci\u00e9t\u00e9 d&#039;avocats Damy\",\"isPartOf\":{\"@id\":\"https:\/\/gregorydamy.niceavocats.fr\/it\/#website\"},\"datePublished\":\"2012-04-27T15:18:18+00:00\",\"dateModified\":\"2023-08-16T09:21:29+00:00\",\"description\":\"Disturbo inquilino Disturbo inquilino! Il proprietario pu\u00f2 avere un inquilino che sta causando fastidio nell'edificio.\",\"breadcrumb\":{\"@id\":\"https:\/\/gregorydamy.niceavocats.fr\/it\/disturbo-inquilino\/#breadcrumb\"},\"inLanguage\":\"it-IT\",\"potentialAction\":[{\"@type\":\"ReadAction\",\"target\":[\"https:\/\/gregorydamy.niceavocats.fr\/it\/disturbo-inquilino\/\"]}]},{\"@type\":\"BreadcrumbList\",\"@id\":\"https:\/\/gregorydamy.niceavocats.fr\/it\/disturbo-inquilino\/#breadcrumb\",\"itemListElement\":[{\"@type\":\"ListItem\",\"position\":1,\"name\":\"Accueil\",\"item\":\"https:\/\/gregorydamy.niceavocats.fr\/it\/\"},{\"@type\":\"ListItem\",\"position\":2,\"name\":\"Sono responsabile del disturbo causato dal mio inquilino nell&rsquo;edificio?\"}]},{\"@type\":\"WebSite\",\"@id\":\"https:\/\/gregorydamy.niceavocats.fr\/it\/#website\",\"url\":\"https:\/\/gregorydamy.niceavocats.fr\/it\/\",\"name\":\"Soci\u00e9t\u00e9 d&#039;avocats Damy\",\"description\":\"Justice - Confiance - Efficacit\u00e9\",\"publisher\":{\"@id\":\"https:\/\/gregorydamy.niceavocats.fr\/it\/#organization\"},\"potentialAction\":[{\"@type\":\"SearchAction\",\"target\":{\"@type\":\"EntryPoint\",\"urlTemplate\":\"https:\/\/gregorydamy.niceavocats.fr\/it\/?s={search_term_string}\"},\"query-input\":{\"@type\":\"PropertyValueSpecification\",\"valueRequired\":true,\"valueName\":\"search_term_string\"}}],\"inLanguage\":\"it-IT\"},{\"@type\":\"Organization\",\"@id\":\"https:\/\/gregorydamy.niceavocats.fr\/it\/#organization\",\"name\":\"Soci\u00e9t\u00e9 d'Avocats DAMY\",\"alternateName\":\"Gr\u00e9gory DAMY\",\"url\":\"https:\/\/gregorydamy.niceavocats.fr\/it\/\",\"logo\":{\"@type\":\"ImageObject\",\"inLanguage\":\"it-IT\",\"@id\":\"https:\/\/gregorydamy.niceavocats.fr\/it\/#\/schema\/logo\/image\/\",\"url\":\"https:\/\/gregorydamy.niceavocats.fr\/wp-content\/uploads\/2023\/04\/damylogo-1.png\",\"contentUrl\":\"https:\/\/gregorydamy.niceavocats.fr\/wp-content\/uploads\/2023\/04\/damylogo-1.png\",\"width\":1890,\"height\":1417,\"caption\":\"Soci\u00e9t\u00e9 d'Avocats DAMY\"},\"image\":{\"@id\":\"https:\/\/gregorydamy.niceavocats.fr\/it\/#\/schema\/logo\/image\/\"},\"sameAs\":[\"https:\/\/www.facebook.com\/niceavocats.fr\/\"]},{\"@type\":\"Person\",\"@id\":\"https:\/\/gregorydamy.niceavocats.fr\/it\/#\/schema\/person\/e040acb2856efaa1e114d0e7a92a3870\",\"name\":\"Kevin\",\"url\":\"https:\/\/gregorydamy.niceavocats.fr\/it\/author\/kevin\/\"}]}<\/script>\n<!-- \/ Yoast SEO plugin. -->","yoast_head_json":{"title":"Sono responsabile del disturbo causato dal mio inquilino nell'edificio? - Soci\u00e9t\u00e9 d&#039;avocats Damy","description":"Disturbo inquilino Disturbo inquilino! Il proprietario pu\u00f2 avere un inquilino che sta causando fastidio nell'edificio.","robots":{"index":"index","follow":"follow","max-snippet":"max-snippet:-1","max-image-preview":"max-image-preview:large","max-video-preview":"max-video-preview:-1"},"canonical":"https:\/\/gregorydamy.niceavocats.fr\/it\/disturbo-inquilino\/","og_locale":"it_IT","og_type":"article","og_title":"Sono responsabile del disturbo causato dal mio inquilino nell'edificio? - Soci\u00e9t\u00e9 d&#039;avocats Damy","og_description":"Disturbo inquilino Disturbo inquilino! Il proprietario pu\u00f2 avere un inquilino che sta causando fastidio nell'edificio.","og_url":"https:\/\/gregorydamy.niceavocats.fr\/it\/disturbo-inquilino\/","og_site_name":"Soci\u00e9t\u00e9 d&#039;avocats Damy","article_publisher":"https:\/\/www.facebook.com\/niceavocats.fr\/","article_published_time":"2012-04-27T15:18:18+00:00","article_modified_time":"2023-08-16T09:21:29+00:00","author":"Kevin","twitter_card":"summary_large_image","twitter_misc":{"Scritto da":"Kevin","Tempo di lettura stimato":"3 minuti"},"schema":{"@context":"https:\/\/schema.org","@graph":[{"@type":"Article","@id":"https:\/\/gregorydamy.niceavocats.fr\/it\/disturbo-inquilino\/#article","isPartOf":{"@id":"https:\/\/gregorydamy.niceavocats.fr\/it\/disturbo-inquilino\/"},"author":{"name":"Kevin","@id":"https:\/\/gregorydamy.niceavocats.fr\/it\/#\/schema\/person\/e040acb2856efaa1e114d0e7a92a3870"},"headline":"Sono responsabile del disturbo causato dal mio inquilino nell&#8217;edificio?","datePublished":"2012-04-27T15:18:18+00:00","dateModified":"2023-08-16T09:21:29+00:00","mainEntityOfPage":{"@id":"https:\/\/gregorydamy.niceavocats.fr\/it\/disturbo-inquilino\/"},"wordCount":789,"commentCount":0,"publisher":{"@id":"https:\/\/gregorydamy.niceavocats.fr\/it\/#organization"},"articleSection":["Diritto immobiliare"],"inLanguage":"it-IT","potentialAction":[{"@type":"CommentAction","name":"Comment","target":["https:\/\/gregorydamy.niceavocats.fr\/it\/disturbo-inquilino\/#respond"]}]},{"@type":"WebPage","@id":"https:\/\/gregorydamy.niceavocats.fr\/it\/disturbo-inquilino\/","url":"https:\/\/gregorydamy.niceavocats.fr\/it\/disturbo-inquilino\/","name":"Sono responsabile del disturbo causato dal mio inquilino nell'edificio? - Soci\u00e9t\u00e9 d&#039;avocats Damy","isPartOf":{"@id":"https:\/\/gregorydamy.niceavocats.fr\/it\/#website"},"datePublished":"2012-04-27T15:18:18+00:00","dateModified":"2023-08-16T09:21:29+00:00","description":"Disturbo inquilino Disturbo inquilino! Il proprietario pu\u00f2 avere un inquilino che sta causando fastidio nell'edificio.","breadcrumb":{"@id":"https:\/\/gregorydamy.niceavocats.fr\/it\/disturbo-inquilino\/#breadcrumb"},"inLanguage":"it-IT","potentialAction":[{"@type":"ReadAction","target":["https:\/\/gregorydamy.niceavocats.fr\/it\/disturbo-inquilino\/"]}]},{"@type":"BreadcrumbList","@id":"https:\/\/gregorydamy.niceavocats.fr\/it\/disturbo-inquilino\/#breadcrumb","itemListElement":[{"@type":"ListItem","position":1,"name":"Accueil","item":"https:\/\/gregorydamy.niceavocats.fr\/it\/"},{"@type":"ListItem","position":2,"name":"Sono responsabile del disturbo causato dal mio inquilino nell&rsquo;edificio?"}]},{"@type":"WebSite","@id":"https:\/\/gregorydamy.niceavocats.fr\/it\/#website","url":"https:\/\/gregorydamy.niceavocats.fr\/it\/","name":"Soci\u00e9t\u00e9 d&#039;avocats Damy","description":"Justice - Confiance - Efficacit\u00e9","publisher":{"@id":"https:\/\/gregorydamy.niceavocats.fr\/it\/#organization"},"potentialAction":[{"@type":"SearchAction","target":{"@type":"EntryPoint","urlTemplate":"https:\/\/gregorydamy.niceavocats.fr\/it\/?s={search_term_string}"},"query-input":{"@type":"PropertyValueSpecification","valueRequired":true,"valueName":"search_term_string"}}],"inLanguage":"it-IT"},{"@type":"Organization","@id":"https:\/\/gregorydamy.niceavocats.fr\/it\/#organization","name":"Soci\u00e9t\u00e9 d'Avocats DAMY","alternateName":"Gr\u00e9gory DAMY","url":"https:\/\/gregorydamy.niceavocats.fr\/it\/","logo":{"@type":"ImageObject","inLanguage":"it-IT","@id":"https:\/\/gregorydamy.niceavocats.fr\/it\/#\/schema\/logo\/image\/","url":"https:\/\/gregorydamy.niceavocats.fr\/wp-content\/uploads\/2023\/04\/damylogo-1.png","contentUrl":"https:\/\/gregorydamy.niceavocats.fr\/wp-content\/uploads\/2023\/04\/damylogo-1.png","width":1890,"height":1417,"caption":"Soci\u00e9t\u00e9 d'Avocats DAMY"},"image":{"@id":"https:\/\/gregorydamy.niceavocats.fr\/it\/#\/schema\/logo\/image\/"},"sameAs":["https:\/\/www.facebook.com\/niceavocats.fr\/"]},{"@type":"Person","@id":"https:\/\/gregorydamy.niceavocats.fr\/it\/#\/schema\/person\/e040acb2856efaa1e114d0e7a92a3870","name":"Kevin","url":"https:\/\/gregorydamy.niceavocats.fr\/it\/author\/kevin\/"}]}},"_links":{"self":[{"href":"https:\/\/gregorydamy.niceavocats.fr\/it\/wp-json\/wp\/v2\/posts\/6102","targetHints":{"allow":["GET"]}}],"collection":[{"href":"https:\/\/gregorydamy.niceavocats.fr\/it\/wp-json\/wp\/v2\/posts"}],"about":[{"href":"https:\/\/gregorydamy.niceavocats.fr\/it\/wp-json\/wp\/v2\/types\/post"}],"author":[{"embeddable":true,"href":"https:\/\/gregorydamy.niceavocats.fr\/it\/wp-json\/wp\/v2\/users\/2"}],"replies":[{"embeddable":true,"href":"https:\/\/gregorydamy.niceavocats.fr\/it\/wp-json\/wp\/v2\/comments?post=6102"}],"version-history":[{"count":0,"href":"https:\/\/gregorydamy.niceavocats.fr\/it\/wp-json\/wp\/v2\/posts\/6102\/revisions"}],"wp:attachment":[{"href":"https:\/\/gregorydamy.niceavocats.fr\/it\/wp-json\/wp\/v2\/media?parent=6102"}],"wp:term":[{"taxonomy":"category","embeddable":true,"href":"https:\/\/gregorydamy.niceavocats.fr\/it\/wp-json\/wp\/v2\/categories?post=6102"},{"taxonomy":"post_tag","embeddable":true,"href":"https:\/\/gregorydamy.niceavocats.fr\/it\/wp-json\/wp\/v2\/tags?post=6102"}],"curies":[{"name":"wp","href":"https:\/\/api.w.org\/{rel}","templated":true}]}}