{"id":5998,"date":"2012-04-27T15:40:41","date_gmt":"2012-04-27T15:40:41","guid":{"rendered":"https:\/\/gregorydamy.niceavocats.fr\/?p=5998"},"modified":"2023-08-16T08:06:20","modified_gmt":"2023-08-16T08:06:20","slug":"controversia-affitto","status":"publish","type":"post","link":"https:\/\/gregorydamy.niceavocats.fr\/it\/controversia-affitto\/","title":{"rendered":"Il mio affitto stagionale non corrisponde a quanto previsto"},"content":{"rendered":"<p>[et_pb_section fb_built=&#8221;1&#8243; admin_label=&#8221;section&#8221; _builder_version=&#8221;4.19.5&#8243; custom_margin=&#8221;||0px||false|false&#8221; custom_padding=&#8221;||0px||false|false&#8221; locked=&#8221;off&#8221; global_colors_info=&#8221;{}&#8221;][et_pb_row column_structure=&#8221;1_3,1_3,1_3&#8243; _builder_version=&#8221;4.19.5&#8243; _module_preset=&#8221;default&#8221; background_enable_mask_style=&#8221;on&#8221; background_mask_style=&#8221;wave&#8221; background_mask_color=&#8221;rgba(0,0,0,0.08)&#8221; custom_padding=&#8221;||6px|||&#8221; locked=&#8221;off&#8221; global_colors_info=&#8221;{}&#8221;][et_pb_column type=&#8221;1_3&#8243; _builder_version=&#8221;4.19.5&#8243; _module_preset=&#8221;default&#8221; global_colors_info=&#8221;{}&#8221;][\/et_pb_column][et_pb_column type=&#8221;1_3&#8243; _builder_version=&#8221;4.19.5&#8243; _module_preset=&#8221;default&#8221; global_colors_info=&#8221;{}&#8221;][\/et_pb_column][et_pb_column type=&#8221;1_3&#8243; _builder_version=&#8221;4.19.5&#8243; _module_preset=&#8221;default&#8221; global_colors_info=&#8221;{}&#8221;][et_pb_circle_counter title=&#8221;Tempo di lettura stimato (in minuti)&#8221; number=&#8221;2&#8243; percent_sign=&#8221;off&#8221; _builder_version=&#8221;4.20.2&#8243; _module_preset=&#8221;default&#8221; title_font=&#8221;Amiri||||||||&#8221; max_width=&#8221;137px&#8221; global_colors_info=&#8221;{}&#8221;][\/et_pb_circle_counter][\/et_pb_column][\/et_pb_row][et_pb_row _builder_version=&#8221;4.19.5&#8243; _module_preset=&#8221;default&#8221; custom_margin=&#8221;||0px||false|false&#8221; custom_padding=&#8221;||0px||false|false&#8221; global_colors_info=&#8221;{}&#8221;][et_pb_column type=&#8221;4_4&#8243; _builder_version=&#8221;4.19.5&#8243; _module_preset=&#8221;default&#8221; global_colors_info=&#8221;{}&#8221;][et_pb_divider _builder_version=&#8221;4.19.5&#8243; _module_preset=&#8221;default&#8221; global_colors_info=&#8221;{}&#8221;][\/et_pb_divider][\/et_pb_column][\/et_pb_row][et_pb_row admin_label=&#8221;row&#8221; _builder_version=&#8221;4.16&#8243; background_size=&#8221;initial&#8221; background_position=&#8221;top_left&#8221; background_repeat=&#8221;repeat&#8221; global_colors_info=&#8221;{}&#8221;][et_pb_column type=&#8221;4_4&#8243; _builder_version=&#8221;4.16&#8243; custom_padding=&#8221;|||&#8221; global_colors_info=&#8221;{}&#8221; custom_padding__hover=&#8221;|||&#8221;][et_pb_image src=&#8221;https:\/\/gregorydamy.niceavocats.fr\/wp-content\/uploads\/2012\/04\/pasted-image-0.jpg&#8221; title_text=&#8221;pasted image 0&#8243; _builder_version=&#8221;4.21.0&#8243; _module_preset=&#8221;default&#8221; global_colors_info=&#8221;{}&#8221;][\/et_pb_image][et_pb_text admin_label=&#8221;Text&#8221; _builder_version=&#8221;4.21.0&#8243; text_font=&#8221;Amiri||||||||&#8221; header_2_font=&#8221;Amiri||||||||&#8221; header_3_font=&#8221;Amiri||||||||&#8221; background_size=&#8221;initial&#8221; background_position=&#8221;top_left&#8221; background_repeat=&#8221;repeat&#8221; hover_enabled=&#8221;0&#8243; global_colors_info=&#8221;{}&#8221; sticky_enabled=&#8221;0&#8243;]<\/p>\n<div class=\"entry-content\">\n<p><span>Controversia sul noleggio!\u00a0<\/span><span class=\"\"><span>Hai affittato un alloggio per le vacanze ma, una volta l\u00ec, non soddisfa le tue aspettative.\u00a0<\/span><\/span><span>Cosa fare ?<\/span><br \/><span>Affitto\u00a0<\/span><span>\u00a0, alloggio o arredato?\u00a0Esistono tre tipologie di locazioni stagionali: le cosiddette locazioni non classificate, che rappresentano la maggioranza dello stock locativo;\u00a0gli agriturismi, che ospitano una o pi\u00f9 spighe di grano;\u00a0\u201c\u00a0 alloggi\u00a0<\/span><a href=\"https:\/\/www.entreprises.gouv.fr\/fr\/tourisme\/conseils-strategie\/meubles-de-tourisme\"><span>turistici arredati<\/span><\/a><span>\u00a0\u201d, i cui servizi sono simili a quelli di un\u00a0\u00a0<\/span><span>albergo\u00a0<\/span><span>\u00a0e che sono classificati per stelle.\u00a0Pi\u00f9 il tuo noleggio \u00e8 in una categoria superiore, pi\u00f9 il locatore sar\u00e0 attaccato alla qualit\u00e0 dell&#8217;alloggio, e quindi pi\u00f9 sarai giustificato nel richiedere riparazioni.<\/span><\/p>\n<h2><span>Gli obblighi del locatore<\/span><\/h2>\n<p><span>Il locatore ha l&#8217;obbligo di consegnare.\u00a0\u00c8 tenuto a rispettare alcuni criteri conteti nel contratto, like la situazione dell&#8217;immobile, la pulizia o la dotazione dell&#8217;alloggio.<\/span><\/p>\n<h2><span>Cosa fare una volta l\u00ec?<\/span><\/h2>\n<p><span>Il modo migliore per eseguire le riparazioni \u00e8 raccogliere prove, ideally tramite il rapporto dell&#8217;ufficiale giudiziario ma reche tramite foto or raccogliendo testimonianze dai vicini.\u00a0Si consiglia quindi di inviare al locatore una lettera raccomandata con avviso di ricevimento in cui gli si comunicano le sue violazioni degli impegni che aveva assunto.<\/span><\/p>\n<h2><span>Cosa fare sulla via del ritorno?<\/span><\/h2>\n<p><span>Se hai gi\u00e0 inviato una raccomandata con avviso di ricevimento al locatore, puoi scrivergli nuovamente per chiedergli una riduzione del canone, sotto forma di rimborso, per le carenze dell&#8217;alloggio.\u00a0Se entro un mese il locatore non ti ha ancora risposto, chiedi consiglio al tuo legale per adire il tribunale competente al fine di ottenere il risarcimento del danno subito.\u00a0Se non hai inviato raccomandata con avviso di ricevimento durante il tuo soggiorno, puoi sempre farlo al tuo ritorno e seguire la stessa procedura.<\/span><\/p>\n<h2><span>Cosa puoi ottenere?<\/span><\/h2>\n<p><span>Seguendo la procedura, ea causa del danno subito, puoi chiedere il risarcimento dei danni se la societ\u00e0 di noleggio non ha rispettato i suoi obblighi contrattuali.<\/span><\/p>\n<h2><span>Altre possibilit\u00e0 di ricorso?<\/span><\/h2>\n<p><span>Puoi sequestrare il pubblico ministero per pubblicit\u00e0 ingannevole nel caso in cui la pubblicit\u00e0 non corrisponda alla realt\u00e0 del noleggio.\u00a0Nel caso di affitti turistici arredati che rispondono a criteri di qualit\u00e0, puoi rivolgerti anche al servizio antifrode.<\/span><\/p>\n<p><a href=\"https:\/\/gregorydamy.niceavocats.fr\/\"><span>Studio legale DAMY<\/span><\/a><span>\u00a0, Il mio affitto stagionale non corrisponde a quanto previsto, aggiornamento 2022.<\/span><\/p>\n<\/div>\n<p>[\/et_pb_text][\/et_pb_column][\/et_pb_row][et_pb_row _builder_version=&#8221;4.19.5&#8243; _module_preset=&#8221;default&#8221; custom_margin=&#8221;||0px||false|false&#8221; custom_padding=&#8221;||0px||false|false&#8221; global_colors_info=&#8221;{}&#8221;][et_pb_column type=&#8221;4_4&#8243; _builder_version=&#8221;4.19.5&#8243; _module_preset=&#8221;default&#8221; global_colors_info=&#8221;{}&#8221;][et_pb_divider _builder_version=&#8221;4.19.5&#8243; _module_preset=&#8221;default&#8221; global_colors_info=&#8221;{}&#8221;][\/et_pb_divider][\/et_pb_column][\/et_pb_row][\/et_pb_section]<\/p>\n","protected":false},"excerpt":{"rendered":"<p>Controversia sul noleggio!\u00a0Hai affittato un alloggio per le vacanze ma, una volta l\u00ec, non soddisfa le tue aspettative.\u00a0Cosa fare ?Affitto\u00a0\u00a0, alloggio o arredato?\u00a0Esistono tre tipologie di locazioni stagionali: le cosiddette locazioni non classificate, che rappresentano la maggioranza dello stock locativo;\u00a0gli agriturismi, che ospitano una o pi\u00f9 spighe di grano;\u00a0\u201c\u00a0 alloggi\u00a0turistici arredati\u00a0\u201d, i cui servizi sono [&hellip;]<\/p>\n","protected":false},"author":2,"featured_media":0,"comment_status":"open","ping_status":"open","sticky":false,"template":"","format":"standard","meta":{"_et_pb_use_builder":"on","_et_pb_old_content":"","_et_gb_content_width":"","footnotes":""},"categories":[],"tags":[],"class_list":["post-5998","post","type-post","status-publish","format-standard","hentry"],"yoast_head":"<!-- This site is optimized with the Yoast SEO plugin v26.8 - https:\/\/yoast.com\/product\/yoast-seo-wordpress\/ -->\n<title>Il mio affitto stagionale non corrisponde a quanto previsto - Soci\u00e9t\u00e9 d&#039;avocats Damy<\/title>\n<meta name=\"description\" content=\"Controversia affitto Controversia sull&#039;affitto! Hai affittato un posto per le vacanze ma, una volta l\u00ec, non soddisfa le tue aspettative.\" \/>\n<meta name=\"robots\" content=\"index, follow, max-snippet:-1, max-image-preview:large, max-video-preview:-1\" \/>\n<link rel=\"canonical\" href=\"https:\/\/gregorydamy.niceavocats.fr\/it\/controversia-affitto\/\" \/>\n<meta property=\"og:locale\" content=\"it_IT\" \/>\n<meta property=\"og:type\" content=\"article\" \/>\n<meta property=\"og:title\" content=\"Il mio affitto stagionale non corrisponde a quanto previsto - Soci\u00e9t\u00e9 d&#039;avocats Damy\" \/>\n<meta property=\"og:description\" content=\"Controversia affitto Controversia sull&#039;affitto! Hai affittato un posto per le vacanze ma, una volta l\u00ec, non soddisfa le tue aspettative.\" \/>\n<meta property=\"og:url\" content=\"https:\/\/gregorydamy.niceavocats.fr\/it\/controversia-affitto\/\" \/>\n<meta property=\"og:site_name\" content=\"Soci\u00e9t\u00e9 d&#039;avocats Damy\" \/>\n<meta property=\"article:publisher\" content=\"https:\/\/www.facebook.com\/niceavocats.fr\/\" \/>\n<meta property=\"article:published_time\" content=\"2012-04-27T15:40:41+00:00\" \/>\n<meta property=\"article:modified_time\" content=\"2023-08-16T08:06:20+00:00\" \/>\n<meta name=\"author\" content=\"Kevin\" \/>\n<meta name=\"twitter:card\" content=\"summary_large_image\" \/>\n<meta name=\"twitter:label1\" content=\"Scritto da\" \/>\n\t<meta name=\"twitter:data1\" content=\"Kevin\" \/>\n\t<meta name=\"twitter:label2\" content=\"Tempo di lettura stimato\" \/>\n\t<meta name=\"twitter:data2\" content=\"3 minuti\" \/>\n<script type=\"application\/ld+json\" class=\"yoast-schema-graph\">{\"@context\":\"https:\/\/schema.org\",\"@graph\":[{\"@type\":\"Article\",\"@id\":\"https:\/\/gregorydamy.niceavocats.fr\/it\/controversia-affitto\/#article\",\"isPartOf\":{\"@id\":\"https:\/\/gregorydamy.niceavocats.fr\/it\/controversia-affitto\/\"},\"author\":{\"name\":\"Kevin\",\"@id\":\"https:\/\/gregorydamy.niceavocats.fr\/it\/#\/schema\/person\/e040acb2856efaa1e114d0e7a92a3870\"},\"headline\":\"Il mio affitto stagionale non corrisponde a quanto previsto\",\"datePublished\":\"2012-04-27T15:40:41+00:00\",\"dateModified\":\"2023-08-16T08:06:20+00:00\",\"mainEntityOfPage\":{\"@id\":\"https:\/\/gregorydamy.niceavocats.fr\/it\/controversia-affitto\/\"},\"wordCount\":719,\"commentCount\":0,\"publisher\":{\"@id\":\"https:\/\/gregorydamy.niceavocats.fr\/it\/#organization\"},\"inLanguage\":\"it-IT\",\"potentialAction\":[{\"@type\":\"CommentAction\",\"name\":\"Comment\",\"target\":[\"https:\/\/gregorydamy.niceavocats.fr\/it\/controversia-affitto\/#respond\"]}]},{\"@type\":\"WebPage\",\"@id\":\"https:\/\/gregorydamy.niceavocats.fr\/it\/controversia-affitto\/\",\"url\":\"https:\/\/gregorydamy.niceavocats.fr\/it\/controversia-affitto\/\",\"name\":\"Il mio affitto stagionale non corrisponde a quanto previsto - Soci\u00e9t\u00e9 d&#039;avocats Damy\",\"isPartOf\":{\"@id\":\"https:\/\/gregorydamy.niceavocats.fr\/it\/#website\"},\"datePublished\":\"2012-04-27T15:40:41+00:00\",\"dateModified\":\"2023-08-16T08:06:20+00:00\",\"description\":\"Controversia affitto Controversia sull'affitto! Hai affittato un posto per le vacanze ma, una volta l\u00ec, non soddisfa le tue aspettative.\",\"breadcrumb\":{\"@id\":\"https:\/\/gregorydamy.niceavocats.fr\/it\/controversia-affitto\/#breadcrumb\"},\"inLanguage\":\"it-IT\",\"potentialAction\":[{\"@type\":\"ReadAction\",\"target\":[\"https:\/\/gregorydamy.niceavocats.fr\/it\/controversia-affitto\/\"]}]},{\"@type\":\"BreadcrumbList\",\"@id\":\"https:\/\/gregorydamy.niceavocats.fr\/it\/controversia-affitto\/#breadcrumb\",\"itemListElement\":[{\"@type\":\"ListItem\",\"position\":1,\"name\":\"Accueil\",\"item\":\"https:\/\/gregorydamy.niceavocats.fr\/it\/\"},{\"@type\":\"ListItem\",\"position\":2,\"name\":\"Il mio affitto stagionale non corrisponde a quanto previsto\"}]},{\"@type\":\"WebSite\",\"@id\":\"https:\/\/gregorydamy.niceavocats.fr\/it\/#website\",\"url\":\"https:\/\/gregorydamy.niceavocats.fr\/it\/\",\"name\":\"Soci\u00e9t\u00e9 d&#039;avocats Damy\",\"description\":\"Justice - Confiance - Efficacit\u00e9\",\"publisher\":{\"@id\":\"https:\/\/gregorydamy.niceavocats.fr\/it\/#organization\"},\"potentialAction\":[{\"@type\":\"SearchAction\",\"target\":{\"@type\":\"EntryPoint\",\"urlTemplate\":\"https:\/\/gregorydamy.niceavocats.fr\/it\/?s={search_term_string}\"},\"query-input\":{\"@type\":\"PropertyValueSpecification\",\"valueRequired\":true,\"valueName\":\"search_term_string\"}}],\"inLanguage\":\"it-IT\"},{\"@type\":\"Organization\",\"@id\":\"https:\/\/gregorydamy.niceavocats.fr\/it\/#organization\",\"name\":\"Soci\u00e9t\u00e9 d'Avocats DAMY\",\"alternateName\":\"Gr\u00e9gory DAMY\",\"url\":\"https:\/\/gregorydamy.niceavocats.fr\/it\/\",\"logo\":{\"@type\":\"ImageObject\",\"inLanguage\":\"it-IT\",\"@id\":\"https:\/\/gregorydamy.niceavocats.fr\/it\/#\/schema\/logo\/image\/\",\"url\":\"https:\/\/gregorydamy.niceavocats.fr\/wp-content\/uploads\/2023\/04\/damylogo-1.png\",\"contentUrl\":\"https:\/\/gregorydamy.niceavocats.fr\/wp-content\/uploads\/2023\/04\/damylogo-1.png\",\"width\":1890,\"height\":1417,\"caption\":\"Soci\u00e9t\u00e9 d'Avocats DAMY\"},\"image\":{\"@id\":\"https:\/\/gregorydamy.niceavocats.fr\/it\/#\/schema\/logo\/image\/\"},\"sameAs\":[\"https:\/\/www.facebook.com\/niceavocats.fr\/\"]},{\"@type\":\"Person\",\"@id\":\"https:\/\/gregorydamy.niceavocats.fr\/it\/#\/schema\/person\/e040acb2856efaa1e114d0e7a92a3870\",\"name\":\"Kevin\",\"url\":\"https:\/\/gregorydamy.niceavocats.fr\/it\/author\/kevin\/\"}]}<\/script>\n<!-- \/ Yoast SEO plugin. -->","yoast_head_json":{"title":"Il mio affitto stagionale non corrisponde a quanto previsto - Soci\u00e9t\u00e9 d&#039;avocats Damy","description":"Controversia affitto Controversia sull'affitto! Hai affittato un posto per le vacanze ma, una volta l\u00ec, non soddisfa le tue aspettative.","robots":{"index":"index","follow":"follow","max-snippet":"max-snippet:-1","max-image-preview":"max-image-preview:large","max-video-preview":"max-video-preview:-1"},"canonical":"https:\/\/gregorydamy.niceavocats.fr\/it\/controversia-affitto\/","og_locale":"it_IT","og_type":"article","og_title":"Il mio affitto stagionale non corrisponde a quanto previsto - Soci\u00e9t\u00e9 d&#039;avocats Damy","og_description":"Controversia affitto Controversia sull'affitto! Hai affittato un posto per le vacanze ma, una volta l\u00ec, non soddisfa le tue aspettative.","og_url":"https:\/\/gregorydamy.niceavocats.fr\/it\/controversia-affitto\/","og_site_name":"Soci\u00e9t\u00e9 d&#039;avocats Damy","article_publisher":"https:\/\/www.facebook.com\/niceavocats.fr\/","article_published_time":"2012-04-27T15:40:41+00:00","article_modified_time":"2023-08-16T08:06:20+00:00","author":"Kevin","twitter_card":"summary_large_image","twitter_misc":{"Scritto da":"Kevin","Tempo di lettura stimato":"3 minuti"},"schema":{"@context":"https:\/\/schema.org","@graph":[{"@type":"Article","@id":"https:\/\/gregorydamy.niceavocats.fr\/it\/controversia-affitto\/#article","isPartOf":{"@id":"https:\/\/gregorydamy.niceavocats.fr\/it\/controversia-affitto\/"},"author":{"name":"Kevin","@id":"https:\/\/gregorydamy.niceavocats.fr\/it\/#\/schema\/person\/e040acb2856efaa1e114d0e7a92a3870"},"headline":"Il mio affitto stagionale non corrisponde a quanto previsto","datePublished":"2012-04-27T15:40:41+00:00","dateModified":"2023-08-16T08:06:20+00:00","mainEntityOfPage":{"@id":"https:\/\/gregorydamy.niceavocats.fr\/it\/controversia-affitto\/"},"wordCount":719,"commentCount":0,"publisher":{"@id":"https:\/\/gregorydamy.niceavocats.fr\/it\/#organization"},"inLanguage":"it-IT","potentialAction":[{"@type":"CommentAction","name":"Comment","target":["https:\/\/gregorydamy.niceavocats.fr\/it\/controversia-affitto\/#respond"]}]},{"@type":"WebPage","@id":"https:\/\/gregorydamy.niceavocats.fr\/it\/controversia-affitto\/","url":"https:\/\/gregorydamy.niceavocats.fr\/it\/controversia-affitto\/","name":"Il mio affitto stagionale non corrisponde a quanto previsto - Soci\u00e9t\u00e9 d&#039;avocats Damy","isPartOf":{"@id":"https:\/\/gregorydamy.niceavocats.fr\/it\/#website"},"datePublished":"2012-04-27T15:40:41+00:00","dateModified":"2023-08-16T08:06:20+00:00","description":"Controversia affitto Controversia sull'affitto! Hai affittato un posto per le vacanze ma, una volta l\u00ec, non soddisfa le tue aspettative.","breadcrumb":{"@id":"https:\/\/gregorydamy.niceavocats.fr\/it\/controversia-affitto\/#breadcrumb"},"inLanguage":"it-IT","potentialAction":[{"@type":"ReadAction","target":["https:\/\/gregorydamy.niceavocats.fr\/it\/controversia-affitto\/"]}]},{"@type":"BreadcrumbList","@id":"https:\/\/gregorydamy.niceavocats.fr\/it\/controversia-affitto\/#breadcrumb","itemListElement":[{"@type":"ListItem","position":1,"name":"Accueil","item":"https:\/\/gregorydamy.niceavocats.fr\/it\/"},{"@type":"ListItem","position":2,"name":"Il mio affitto stagionale non corrisponde a quanto previsto"}]},{"@type":"WebSite","@id":"https:\/\/gregorydamy.niceavocats.fr\/it\/#website","url":"https:\/\/gregorydamy.niceavocats.fr\/it\/","name":"Soci\u00e9t\u00e9 d&#039;avocats Damy","description":"Justice - Confiance - Efficacit\u00e9","publisher":{"@id":"https:\/\/gregorydamy.niceavocats.fr\/it\/#organization"},"potentialAction":[{"@type":"SearchAction","target":{"@type":"EntryPoint","urlTemplate":"https:\/\/gregorydamy.niceavocats.fr\/it\/?s={search_term_string}"},"query-input":{"@type":"PropertyValueSpecification","valueRequired":true,"valueName":"search_term_string"}}],"inLanguage":"it-IT"},{"@type":"Organization","@id":"https:\/\/gregorydamy.niceavocats.fr\/it\/#organization","name":"Soci\u00e9t\u00e9 d'Avocats DAMY","alternateName":"Gr\u00e9gory DAMY","url":"https:\/\/gregorydamy.niceavocats.fr\/it\/","logo":{"@type":"ImageObject","inLanguage":"it-IT","@id":"https:\/\/gregorydamy.niceavocats.fr\/it\/#\/schema\/logo\/image\/","url":"https:\/\/gregorydamy.niceavocats.fr\/wp-content\/uploads\/2023\/04\/damylogo-1.png","contentUrl":"https:\/\/gregorydamy.niceavocats.fr\/wp-content\/uploads\/2023\/04\/damylogo-1.png","width":1890,"height":1417,"caption":"Soci\u00e9t\u00e9 d'Avocats DAMY"},"image":{"@id":"https:\/\/gregorydamy.niceavocats.fr\/it\/#\/schema\/logo\/image\/"},"sameAs":["https:\/\/www.facebook.com\/niceavocats.fr\/"]},{"@type":"Person","@id":"https:\/\/gregorydamy.niceavocats.fr\/it\/#\/schema\/person\/e040acb2856efaa1e114d0e7a92a3870","name":"Kevin","url":"https:\/\/gregorydamy.niceavocats.fr\/it\/author\/kevin\/"}]}},"_links":{"self":[{"href":"https:\/\/gregorydamy.niceavocats.fr\/it\/wp-json\/wp\/v2\/posts\/5998","targetHints":{"allow":["GET"]}}],"collection":[{"href":"https:\/\/gregorydamy.niceavocats.fr\/it\/wp-json\/wp\/v2\/posts"}],"about":[{"href":"https:\/\/gregorydamy.niceavocats.fr\/it\/wp-json\/wp\/v2\/types\/post"}],"author":[{"embeddable":true,"href":"https:\/\/gregorydamy.niceavocats.fr\/it\/wp-json\/wp\/v2\/users\/2"}],"replies":[{"embeddable":true,"href":"https:\/\/gregorydamy.niceavocats.fr\/it\/wp-json\/wp\/v2\/comments?post=5998"}],"version-history":[{"count":0,"href":"https:\/\/gregorydamy.niceavocats.fr\/it\/wp-json\/wp\/v2\/posts\/5998\/revisions"}],"wp:attachment":[{"href":"https:\/\/gregorydamy.niceavocats.fr\/it\/wp-json\/wp\/v2\/media?parent=5998"}],"wp:term":[{"taxonomy":"category","embeddable":true,"href":"https:\/\/gregorydamy.niceavocats.fr\/it\/wp-json\/wp\/v2\/categories?post=5998"},{"taxonomy":"post_tag","embeddable":true,"href":"https:\/\/gregorydamy.niceavocats.fr\/it\/wp-json\/wp\/v2\/tags?post=5998"}],"curies":[{"name":"wp","href":"https:\/\/api.w.org\/{rel}","templated":true}]}}