{"id":5935,"date":"2012-04-28T06:37:04","date_gmt":"2012-04-28T06:37:04","guid":{"rendered":"https:\/\/gregorydamy.niceavocats.fr\/?p=5935"},"modified":"2023-08-16T07:42:53","modified_gmt":"2023-08-16T07:42:53","slug":"sfratto-inquilino","status":"publish","type":"post","link":"https:\/\/gregorydamy.niceavocats.fr\/it\/sfratto-inquilino\/","title":{"rendered":"Affitto non pagato: come sfrattare l&#8217;inquilino?"},"content":{"rendered":"<p>[et_pb_section fb_built=&#8221;1&#8243; admin_label=&#8221;section&#8221; _builder_version=&#8221;4.19.5&#8243; custom_margin=&#8221;||0px||false|false&#8221; custom_padding=&#8221;||0px||false|false&#8221; locked=&#8221;off&#8221; global_colors_info=&#8221;{}&#8221;][et_pb_row column_structure=&#8221;1_3,1_3,1_3&#8243; _builder_version=&#8221;4.19.5&#8243; _module_preset=&#8221;default&#8221; background_enable_mask_style=&#8221;on&#8221; background_mask_style=&#8221;wave&#8221; background_mask_color=&#8221;rgba(0,0,0,0.08)&#8221; custom_padding=&#8221;||6px|||&#8221; locked=&#8221;off&#8221; global_colors_info=&#8221;{}&#8221;][et_pb_column type=&#8221;1_3&#8243; _builder_version=&#8221;4.19.5&#8243; _module_preset=&#8221;default&#8221; global_colors_info=&#8221;{}&#8221;][\/et_pb_column][et_pb_column type=&#8221;1_3&#8243; _builder_version=&#8221;4.19.5&#8243; _module_preset=&#8221;default&#8221; global_colors_info=&#8221;{}&#8221;][\/et_pb_column][et_pb_column type=&#8221;1_3&#8243; _builder_version=&#8221;4.19.5&#8243; _module_preset=&#8221;default&#8221; global_colors_info=&#8221;{}&#8221;][et_pb_circle_counter title=&#8221;Tempo di lettura stimato (in minuti)&#8221; number=&#8221;2&#8243; percent_sign=&#8221;off&#8221; _builder_version=&#8221;4.20.2&#8243; _module_preset=&#8221;default&#8221; title_font=&#8221;Amiri||||||||&#8221; max_width=&#8221;137px&#8221; global_colors_info=&#8221;{}&#8221;][\/et_pb_circle_counter][\/et_pb_column][\/et_pb_row][et_pb_row _builder_version=&#8221;4.19.5&#8243; _module_preset=&#8221;default&#8221; custom_margin=&#8221;||0px||false|false&#8221; custom_padding=&#8221;||0px||false|false&#8221; global_colors_info=&#8221;{}&#8221;][et_pb_column type=&#8221;4_4&#8243; _builder_version=&#8221;4.19.5&#8243; _module_preset=&#8221;default&#8221; global_colors_info=&#8221;{}&#8221;][et_pb_divider _builder_version=&#8221;4.19.5&#8243; _module_preset=&#8221;default&#8221; global_colors_info=&#8221;{}&#8221;][\/et_pb_divider][\/et_pb_column][\/et_pb_row][et_pb_row admin_label=&#8221;row&#8221; _builder_version=&#8221;4.16&#8243; background_size=&#8221;initial&#8221; background_position=&#8221;top_left&#8221; background_repeat=&#8221;repeat&#8221; global_colors_info=&#8221;{}&#8221;][et_pb_column type=&#8221;4_4&#8243; _builder_version=&#8221;4.16&#8243; custom_padding=&#8221;|||&#8221; global_colors_info=&#8221;{}&#8221; custom_padding__hover=&#8221;|||&#8221;][et_pb_image src=&#8221;https:\/\/gregorydamy.niceavocats.fr\/wp-content\/uploads\/2012\/04\/download-2-1.jpg&#8221; title_text=&#8221;download (2)&#8221; _builder_version=&#8221;4.21.0&#8243; _module_preset=&#8221;default&#8221; hover_enabled=&#8221;0&#8243; global_colors_info=&#8221;{}&#8221; sticky_enabled=&#8221;0&#8243;][\/et_pb_image][et_pb_text admin_label=&#8221;Text&#8221; _builder_version=&#8221;4.21.0&#8243; text_font=&#8221;Amiri||||||||&#8221; header_2_font=&#8221;Amiri||||||||&#8221; header_3_font=&#8221;Amiri||||||||&#8221; background_size=&#8221;initial&#8221; background_position=&#8221;top_left&#8221; background_repeat=&#8221;repeat&#8221; hover_enabled=&#8221;0&#8243; global_colors_info=&#8221;{}&#8221; sticky_enabled=&#8221;0&#8243;]<\/p>\n<div class=\"entry-content\">\n<p><span class=\"\"><span>Sei un proprietario e il tuo\u00a0\u00a0<\/span><\/span><span class=\"\"><span>inquilino\u00a0<\/span><\/span><span class=\"\"><span>\u00a0non paga pi\u00f9 l&#8217;affitto?<\/span><\/span><\/p>\n<h2><span>Cerca una soluzione amichevole.<\/span><\/h2>\n<p><span>Questa soluzione \u00e8 da\u00a0\u00a0<\/span><span>preferire\u00a0<\/span><span>\u00a0perch\u00e9 il contenzioso pu\u00f2 essere lungo e costoso.\u00a0Dopo 5 giorni di ritardo, devi chiamare l&#8217;inquilino e il garante per invitarlo a sistemare la sua situazione.\u00a0<\/span><span class=\"\"><span>Se ci\u00f2 non bastasse, si dovr\u00e0 poi inviare una raccomandata con avviso di ricevimento all&#8217;inquilino e la sua cauzione, conservando fotocopia di tutti i documenti inviati oltre all&#8217;avviso di ricevimento.<\/span><\/span><\/p>\n<h2><span>Invia un avviso formale.<\/span><\/h2>\n<p><span>Se la\u00a0<\/span><a href=\"https:\/\/www.service-public.fr\/particuliers\/vosdroits\/F1732\"><span>via amichevole<\/span><\/a><span>\u00a0non ha funzionato, la costituzione in mora rimane l&#8217;ultima risorsa prima della via contenziosa.\u00a0In questa lettera raccomandata con avviso di ricevimento, devi richiamare gli obblighi dell&#8217;inquilino come descritti nel contratto di locazione e l&#8217;importo degli arretrati a te dovuti.\u00a0L&#8217;inquilino ha quindi 8 giorni dal ricevimento della lettera per pagarti questi affitti.<\/span><\/p>\n<h2><span>Vai all&#8217;Alta Corte.<\/span><\/h2>\n<p><span>Se i passaggi precedenti non hanno avuto successo, contattare il tribunal de grande instance dell&#8217;ubicazione dell&#8217;edificio in affitto.\u00a0Puoi richiedere il sequestro dei beni mobili dell&#8217;appartamento cos\u00ec come lo stipendio dell&#8217;inquilino.\u00a0In una seconda fase si potr\u00e0 richiedere il sequestro del suo conto corrente bancario e infine la sua condanna al pagamento degli arretrati, la risoluzione del contratto di locazione e la sua espulsione.<\/span><\/p>\n<h2><span>NB<\/span><\/h2>\n<p><span>L&#8217;IRL funge da riferimento per la revisione dell&#8217;affitto che si verifica ogni anno durante il contratto di locazione quando il contratto di locazione include una clausola di revisione annuale dell&#8217;affitto.\u00a0Stabilisce i massimali per gli aumenti annuali dell&#8217;affitto che i proprietari possono richiedere ai loro inquilini.\u00a0Questo indice si applica a tutti gli affitti di alloggi affittati vuoti o arredati come abitazione principale.<\/span><br \/><span>Questo indice corrisponde alla media, negli ultimi 12 mesi, dell&#8217;indice dei prezzi al consumo esclusi i tabacchi e gli affitti esclusi.<\/span><br \/><a href=\"https:\/\/gregorydamy.niceavocats.fr\/\"><span>Studio legale DAMY<\/span><\/a><span>\u00a0, Nizza, Affitti non pagati, Aggiornamento 2022.<\/span><\/p>\n<\/div>\n<p>[\/et_pb_text][\/et_pb_column][\/et_pb_row][et_pb_row _builder_version=&#8221;4.19.5&#8243; _module_preset=&#8221;default&#8221; custom_margin=&#8221;||0px||false|false&#8221; custom_padding=&#8221;||0px||false|false&#8221; global_colors_info=&#8221;{}&#8221;][et_pb_column type=&#8221;4_4&#8243; _builder_version=&#8221;4.19.5&#8243; _module_preset=&#8221;default&#8221; global_colors_info=&#8221;{}&#8221;][et_pb_divider _builder_version=&#8221;4.19.5&#8243; _module_preset=&#8221;default&#8221; global_colors_info=&#8221;{}&#8221;][\/et_pb_divider][\/et_pb_column][\/et_pb_row][\/et_pb_section]<\/p>\n","protected":false},"excerpt":{"rendered":"<p>Sei un proprietario e il tuo\u00a0\u00a0inquilino\u00a0\u00a0non paga pi\u00f9 l&#8217;affitto? Cerca una soluzione amichevole. Questa soluzione \u00e8 da\u00a0\u00a0preferire\u00a0\u00a0perch\u00e9 il contenzioso pu\u00f2 essere lungo e costoso.\u00a0Dopo 5 giorni di ritardo, devi chiamare l&#8217;inquilino e il garante per invitarlo a sistemare la sua situazione.\u00a0Se ci\u00f2 non bastasse, si dovr\u00e0 poi inviare una raccomandata con avviso di ricevimento all&#8217;inquilino [&hellip;]<\/p>\n","protected":false},"author":2,"featured_media":0,"comment_status":"open","ping_status":"open","sticky":false,"template":"","format":"standard","meta":{"_et_pb_use_builder":"on","_et_pb_old_content":"","_et_gb_content_width":"","footnotes":""},"categories":[315],"tags":[],"class_list":["post-5935","post","type-post","status-publish","format-standard","hentry","category-diritto-immobiliare"],"yoast_head":"<!-- This site is optimized with the Yoast SEO plugin v26.8 - https:\/\/yoast.com\/product\/yoast-seo-wordpress\/ -->\n<title>Affitto non pagato: come sfrattare l&#039;inquilino? - Soci\u00e9t\u00e9 d&#039;avocats Damy<\/title>\n<meta name=\"description\" content=\"Sfratto inquilino Questa soluzione \u00e8 da privilegiare perch\u00e9 il contenzioso pu\u00f2 essere lungo e costoso. Dopo 5 giorni di ritardo,\" \/>\n<meta name=\"robots\" content=\"index, follow, max-snippet:-1, max-image-preview:large, max-video-preview:-1\" \/>\n<link rel=\"canonical\" href=\"https:\/\/gregorydamy.niceavocats.fr\/it\/sfratto-inquilino\/\" \/>\n<meta property=\"og:locale\" content=\"it_IT\" \/>\n<meta property=\"og:type\" content=\"article\" \/>\n<meta property=\"og:title\" content=\"Affitto non pagato: come sfrattare l&#039;inquilino? - Soci\u00e9t\u00e9 d&#039;avocats Damy\" \/>\n<meta property=\"og:description\" content=\"Sfratto inquilino Questa soluzione \u00e8 da privilegiare perch\u00e9 il contenzioso pu\u00f2 essere lungo e costoso. Dopo 5 giorni di ritardo,\" \/>\n<meta property=\"og:url\" content=\"https:\/\/gregorydamy.niceavocats.fr\/it\/sfratto-inquilino\/\" \/>\n<meta property=\"og:site_name\" content=\"Soci\u00e9t\u00e9 d&#039;avocats Damy\" \/>\n<meta property=\"article:publisher\" content=\"https:\/\/www.facebook.com\/niceavocats.fr\/\" \/>\n<meta property=\"article:published_time\" content=\"2012-04-28T06:37:04+00:00\" \/>\n<meta property=\"article:modified_time\" content=\"2023-08-16T07:42:53+00:00\" \/>\n<meta name=\"author\" content=\"Kevin\" \/>\n<meta name=\"twitter:card\" content=\"summary_large_image\" \/>\n<meta name=\"twitter:label1\" content=\"Scritto da\" \/>\n\t<meta name=\"twitter:data1\" content=\"Kevin\" \/>\n\t<meta name=\"twitter:label2\" content=\"Tempo di lettura stimato\" \/>\n\t<meta name=\"twitter:data2\" content=\"3 minuti\" \/>\n<script type=\"application\/ld+json\" class=\"yoast-schema-graph\">{\"@context\":\"https:\/\/schema.org\",\"@graph\":[{\"@type\":\"Article\",\"@id\":\"https:\/\/gregorydamy.niceavocats.fr\/it\/sfratto-inquilino\/#article\",\"isPartOf\":{\"@id\":\"https:\/\/gregorydamy.niceavocats.fr\/it\/sfratto-inquilino\/\"},\"author\":{\"name\":\"Kevin\",\"@id\":\"https:\/\/gregorydamy.niceavocats.fr\/it\/#\/schema\/person\/e040acb2856efaa1e114d0e7a92a3870\"},\"headline\":\"Affitto non pagato: come sfrattare l&#8217;inquilino?\",\"datePublished\":\"2012-04-28T06:37:04+00:00\",\"dateModified\":\"2023-08-16T07:42:53+00:00\",\"mainEntityOfPage\":{\"@id\":\"https:\/\/gregorydamy.niceavocats.fr\/it\/sfratto-inquilino\/\"},\"wordCount\":673,\"commentCount\":0,\"publisher\":{\"@id\":\"https:\/\/gregorydamy.niceavocats.fr\/it\/#organization\"},\"articleSection\":[\"Diritto immobiliare\"],\"inLanguage\":\"it-IT\",\"potentialAction\":[{\"@type\":\"CommentAction\",\"name\":\"Comment\",\"target\":[\"https:\/\/gregorydamy.niceavocats.fr\/it\/sfratto-inquilino\/#respond\"]}]},{\"@type\":\"WebPage\",\"@id\":\"https:\/\/gregorydamy.niceavocats.fr\/it\/sfratto-inquilino\/\",\"url\":\"https:\/\/gregorydamy.niceavocats.fr\/it\/sfratto-inquilino\/\",\"name\":\"Affitto non pagato: come sfrattare l'inquilino? - Soci\u00e9t\u00e9 d&#039;avocats Damy\",\"isPartOf\":{\"@id\":\"https:\/\/gregorydamy.niceavocats.fr\/it\/#website\"},\"datePublished\":\"2012-04-28T06:37:04+00:00\",\"dateModified\":\"2023-08-16T07:42:53+00:00\",\"description\":\"Sfratto inquilino Questa soluzione \u00e8 da privilegiare perch\u00e9 il contenzioso pu\u00f2 essere lungo e costoso. Dopo 5 giorni di ritardo,\",\"breadcrumb\":{\"@id\":\"https:\/\/gregorydamy.niceavocats.fr\/it\/sfratto-inquilino\/#breadcrumb\"},\"inLanguage\":\"it-IT\",\"potentialAction\":[{\"@type\":\"ReadAction\",\"target\":[\"https:\/\/gregorydamy.niceavocats.fr\/it\/sfratto-inquilino\/\"]}]},{\"@type\":\"BreadcrumbList\",\"@id\":\"https:\/\/gregorydamy.niceavocats.fr\/it\/sfratto-inquilino\/#breadcrumb\",\"itemListElement\":[{\"@type\":\"ListItem\",\"position\":1,\"name\":\"Accueil\",\"item\":\"https:\/\/gregorydamy.niceavocats.fr\/it\/\"},{\"@type\":\"ListItem\",\"position\":2,\"name\":\"Affitto non pagato: come sfrattare l&rsquo;inquilino?\"}]},{\"@type\":\"WebSite\",\"@id\":\"https:\/\/gregorydamy.niceavocats.fr\/it\/#website\",\"url\":\"https:\/\/gregorydamy.niceavocats.fr\/it\/\",\"name\":\"Soci\u00e9t\u00e9 d&#039;avocats Damy\",\"description\":\"Justice - Confiance - Efficacit\u00e9\",\"publisher\":{\"@id\":\"https:\/\/gregorydamy.niceavocats.fr\/it\/#organization\"},\"potentialAction\":[{\"@type\":\"SearchAction\",\"target\":{\"@type\":\"EntryPoint\",\"urlTemplate\":\"https:\/\/gregorydamy.niceavocats.fr\/it\/?s={search_term_string}\"},\"query-input\":{\"@type\":\"PropertyValueSpecification\",\"valueRequired\":true,\"valueName\":\"search_term_string\"}}],\"inLanguage\":\"it-IT\"},{\"@type\":\"Organization\",\"@id\":\"https:\/\/gregorydamy.niceavocats.fr\/it\/#organization\",\"name\":\"Soci\u00e9t\u00e9 d'Avocats DAMY\",\"alternateName\":\"Gr\u00e9gory DAMY\",\"url\":\"https:\/\/gregorydamy.niceavocats.fr\/it\/\",\"logo\":{\"@type\":\"ImageObject\",\"inLanguage\":\"it-IT\",\"@id\":\"https:\/\/gregorydamy.niceavocats.fr\/it\/#\/schema\/logo\/image\/\",\"url\":\"https:\/\/gregorydamy.niceavocats.fr\/wp-content\/uploads\/2023\/04\/damylogo-1.png\",\"contentUrl\":\"https:\/\/gregorydamy.niceavocats.fr\/wp-content\/uploads\/2023\/04\/damylogo-1.png\",\"width\":1890,\"height\":1417,\"caption\":\"Soci\u00e9t\u00e9 d'Avocats DAMY\"},\"image\":{\"@id\":\"https:\/\/gregorydamy.niceavocats.fr\/it\/#\/schema\/logo\/image\/\"},\"sameAs\":[\"https:\/\/www.facebook.com\/niceavocats.fr\/\"]},{\"@type\":\"Person\",\"@id\":\"https:\/\/gregorydamy.niceavocats.fr\/it\/#\/schema\/person\/e040acb2856efaa1e114d0e7a92a3870\",\"name\":\"Kevin\",\"url\":\"https:\/\/gregorydamy.niceavocats.fr\/it\/author\/kevin\/\"}]}<\/script>\n<!-- \/ Yoast SEO plugin. -->","yoast_head_json":{"title":"Affitto non pagato: come sfrattare l'inquilino? - Soci\u00e9t\u00e9 d&#039;avocats Damy","description":"Sfratto inquilino Questa soluzione \u00e8 da privilegiare perch\u00e9 il contenzioso pu\u00f2 essere lungo e costoso. Dopo 5 giorni di ritardo,","robots":{"index":"index","follow":"follow","max-snippet":"max-snippet:-1","max-image-preview":"max-image-preview:large","max-video-preview":"max-video-preview:-1"},"canonical":"https:\/\/gregorydamy.niceavocats.fr\/it\/sfratto-inquilino\/","og_locale":"it_IT","og_type":"article","og_title":"Affitto non pagato: come sfrattare l'inquilino? - Soci\u00e9t\u00e9 d&#039;avocats Damy","og_description":"Sfratto inquilino Questa soluzione \u00e8 da privilegiare perch\u00e9 il contenzioso pu\u00f2 essere lungo e costoso. Dopo 5 giorni di ritardo,","og_url":"https:\/\/gregorydamy.niceavocats.fr\/it\/sfratto-inquilino\/","og_site_name":"Soci\u00e9t\u00e9 d&#039;avocats Damy","article_publisher":"https:\/\/www.facebook.com\/niceavocats.fr\/","article_published_time":"2012-04-28T06:37:04+00:00","article_modified_time":"2023-08-16T07:42:53+00:00","author":"Kevin","twitter_card":"summary_large_image","twitter_misc":{"Scritto da":"Kevin","Tempo di lettura stimato":"3 minuti"},"schema":{"@context":"https:\/\/schema.org","@graph":[{"@type":"Article","@id":"https:\/\/gregorydamy.niceavocats.fr\/it\/sfratto-inquilino\/#article","isPartOf":{"@id":"https:\/\/gregorydamy.niceavocats.fr\/it\/sfratto-inquilino\/"},"author":{"name":"Kevin","@id":"https:\/\/gregorydamy.niceavocats.fr\/it\/#\/schema\/person\/e040acb2856efaa1e114d0e7a92a3870"},"headline":"Affitto non pagato: come sfrattare l&#8217;inquilino?","datePublished":"2012-04-28T06:37:04+00:00","dateModified":"2023-08-16T07:42:53+00:00","mainEntityOfPage":{"@id":"https:\/\/gregorydamy.niceavocats.fr\/it\/sfratto-inquilino\/"},"wordCount":673,"commentCount":0,"publisher":{"@id":"https:\/\/gregorydamy.niceavocats.fr\/it\/#organization"},"articleSection":["Diritto immobiliare"],"inLanguage":"it-IT","potentialAction":[{"@type":"CommentAction","name":"Comment","target":["https:\/\/gregorydamy.niceavocats.fr\/it\/sfratto-inquilino\/#respond"]}]},{"@type":"WebPage","@id":"https:\/\/gregorydamy.niceavocats.fr\/it\/sfratto-inquilino\/","url":"https:\/\/gregorydamy.niceavocats.fr\/it\/sfratto-inquilino\/","name":"Affitto non pagato: come sfrattare l'inquilino? - Soci\u00e9t\u00e9 d&#039;avocats Damy","isPartOf":{"@id":"https:\/\/gregorydamy.niceavocats.fr\/it\/#website"},"datePublished":"2012-04-28T06:37:04+00:00","dateModified":"2023-08-16T07:42:53+00:00","description":"Sfratto inquilino Questa soluzione \u00e8 da privilegiare perch\u00e9 il contenzioso pu\u00f2 essere lungo e costoso. Dopo 5 giorni di ritardo,","breadcrumb":{"@id":"https:\/\/gregorydamy.niceavocats.fr\/it\/sfratto-inquilino\/#breadcrumb"},"inLanguage":"it-IT","potentialAction":[{"@type":"ReadAction","target":["https:\/\/gregorydamy.niceavocats.fr\/it\/sfratto-inquilino\/"]}]},{"@type":"BreadcrumbList","@id":"https:\/\/gregorydamy.niceavocats.fr\/it\/sfratto-inquilino\/#breadcrumb","itemListElement":[{"@type":"ListItem","position":1,"name":"Accueil","item":"https:\/\/gregorydamy.niceavocats.fr\/it\/"},{"@type":"ListItem","position":2,"name":"Affitto non pagato: come sfrattare l&rsquo;inquilino?"}]},{"@type":"WebSite","@id":"https:\/\/gregorydamy.niceavocats.fr\/it\/#website","url":"https:\/\/gregorydamy.niceavocats.fr\/it\/","name":"Soci\u00e9t\u00e9 d&#039;avocats Damy","description":"Justice - Confiance - Efficacit\u00e9","publisher":{"@id":"https:\/\/gregorydamy.niceavocats.fr\/it\/#organization"},"potentialAction":[{"@type":"SearchAction","target":{"@type":"EntryPoint","urlTemplate":"https:\/\/gregorydamy.niceavocats.fr\/it\/?s={search_term_string}"},"query-input":{"@type":"PropertyValueSpecification","valueRequired":true,"valueName":"search_term_string"}}],"inLanguage":"it-IT"},{"@type":"Organization","@id":"https:\/\/gregorydamy.niceavocats.fr\/it\/#organization","name":"Soci\u00e9t\u00e9 d'Avocats DAMY","alternateName":"Gr\u00e9gory DAMY","url":"https:\/\/gregorydamy.niceavocats.fr\/it\/","logo":{"@type":"ImageObject","inLanguage":"it-IT","@id":"https:\/\/gregorydamy.niceavocats.fr\/it\/#\/schema\/logo\/image\/","url":"https:\/\/gregorydamy.niceavocats.fr\/wp-content\/uploads\/2023\/04\/damylogo-1.png","contentUrl":"https:\/\/gregorydamy.niceavocats.fr\/wp-content\/uploads\/2023\/04\/damylogo-1.png","width":1890,"height":1417,"caption":"Soci\u00e9t\u00e9 d'Avocats DAMY"},"image":{"@id":"https:\/\/gregorydamy.niceavocats.fr\/it\/#\/schema\/logo\/image\/"},"sameAs":["https:\/\/www.facebook.com\/niceavocats.fr\/"]},{"@type":"Person","@id":"https:\/\/gregorydamy.niceavocats.fr\/it\/#\/schema\/person\/e040acb2856efaa1e114d0e7a92a3870","name":"Kevin","url":"https:\/\/gregorydamy.niceavocats.fr\/it\/author\/kevin\/"}]}},"_links":{"self":[{"href":"https:\/\/gregorydamy.niceavocats.fr\/it\/wp-json\/wp\/v2\/posts\/5935","targetHints":{"allow":["GET"]}}],"collection":[{"href":"https:\/\/gregorydamy.niceavocats.fr\/it\/wp-json\/wp\/v2\/posts"}],"about":[{"href":"https:\/\/gregorydamy.niceavocats.fr\/it\/wp-json\/wp\/v2\/types\/post"}],"author":[{"embeddable":true,"href":"https:\/\/gregorydamy.niceavocats.fr\/it\/wp-json\/wp\/v2\/users\/2"}],"replies":[{"embeddable":true,"href":"https:\/\/gregorydamy.niceavocats.fr\/it\/wp-json\/wp\/v2\/comments?post=5935"}],"version-history":[{"count":0,"href":"https:\/\/gregorydamy.niceavocats.fr\/it\/wp-json\/wp\/v2\/posts\/5935\/revisions"}],"wp:attachment":[{"href":"https:\/\/gregorydamy.niceavocats.fr\/it\/wp-json\/wp\/v2\/media?parent=5935"}],"wp:term":[{"taxonomy":"category","embeddable":true,"href":"https:\/\/gregorydamy.niceavocats.fr\/it\/wp-json\/wp\/v2\/categories?post=5935"},{"taxonomy":"post_tag","embeddable":true,"href":"https:\/\/gregorydamy.niceavocats.fr\/it\/wp-json\/wp\/v2\/tags?post=5935"}],"curies":[{"name":"wp","href":"https:\/\/api.w.org\/{rel}","templated":true}]}}