{"id":5401,"date":"2012-05-02T15:33:42","date_gmt":"2012-05-02T15:33:42","guid":{"rendered":"https:\/\/gregorydamy.niceavocats.fr\/?p=5401"},"modified":"2023-08-24T12:05:24","modified_gmt":"2023-08-24T12:05:24","slug":"mio-figlio-salta-la-scuola-posso-essere-sanzionato","status":"publish","type":"post","link":"https:\/\/gregorydamy.niceavocats.fr\/it\/mio-figlio-salta-la-scuola-posso-essere-sanzionato\/","title":{"rendered":"Mio figlio salta la scuola, posso essere sanzionato?"},"content":{"rendered":"<p>[et_pb_section fb_built=&#8221;1&#8243; admin_label=&#8221;section&#8221; _builder_version=&#8221;4.19.5&#8243; custom_margin=&#8221;||0px||false|false&#8221; custom_padding=&#8221;||0px||false|false&#8221; locked=&#8221;off&#8221; global_colors_info=&#8221;{}&#8221;][et_pb_row column_structure=&#8221;1_3,1_3,1_3&#8243; _builder_version=&#8221;4.19.5&#8243; _module_preset=&#8221;default&#8221; background_enable_mask_style=&#8221;on&#8221; background_mask_style=&#8221;wave&#8221; background_mask_color=&#8221;rgba(0,0,0,0.08)&#8221; custom_padding=&#8221;||6px|||&#8221; locked=&#8221;off&#8221; global_colors_info=&#8221;{}&#8221;][et_pb_column type=&#8221;1_3&#8243; _builder_version=&#8221;4.19.5&#8243; _module_preset=&#8221;default&#8221; global_colors_info=&#8221;{}&#8221;][\/et_pb_column][et_pb_column type=&#8221;1_3&#8243; _builder_version=&#8221;4.19.5&#8243; _module_preset=&#8221;default&#8221; global_colors_info=&#8221;{}&#8221;][\/et_pb_column][et_pb_column type=&#8221;1_3&#8243; _builder_version=&#8221;4.19.5&#8243; _module_preset=&#8221;default&#8221; global_colors_info=&#8221;{}&#8221;][et_pb_circle_counter title=&#8221;Tempo di lettura stimato (in minuti)&#8221; number=&#8221;2&#8243; percent_sign=&#8221;off&#8221; _builder_version=&#8221;4.20.2&#8243; _module_preset=&#8221;default&#8221; title_font=&#8221;Amiri||||||||&#8221; max_width=&#8221;137px&#8221; global_colors_info=&#8221;{}&#8221;][\/et_pb_circle_counter][\/et_pb_column][\/et_pb_row][et_pb_row _builder_version=&#8221;4.19.5&#8243; _module_preset=&#8221;default&#8221; custom_margin=&#8221;||0px||false|false&#8221; custom_padding=&#8221;||0px||false|false&#8221; global_colors_info=&#8221;{}&#8221;][et_pb_column type=&#8221;4_4&#8243; _builder_version=&#8221;4.19.5&#8243; _module_preset=&#8221;default&#8221; global_colors_info=&#8221;{}&#8221;][et_pb_divider _builder_version=&#8221;4.19.5&#8243; _module_preset=&#8221;default&#8221; global_colors_info=&#8221;{}&#8221;][\/et_pb_divider][\/et_pb_column][\/et_pb_row][et_pb_row admin_label=&#8221;row&#8221; _builder_version=&#8221;4.16&#8243; background_size=&#8221;initial&#8221; background_position=&#8221;top_left&#8221; background_repeat=&#8221;repeat&#8221; global_colors_info=&#8221;{}&#8221;][et_pb_column type=&#8221;4_4&#8243; _builder_version=&#8221;4.16&#8243; custom_padding=&#8221;|||&#8221; global_colors_info=&#8221;{}&#8221; custom_padding__hover=&#8221;|||&#8221;][et_pb_image src=&#8221;https:\/\/gregorydamy.niceavocats.fr\/wp-content\/uploads\/2023\/08\/people-2557399_1280-2.jpg&#8221; title_text=&#8221;people-2557399_1280-2&#8243; _builder_version=&#8221;4.21.0&#8243; _module_preset=&#8221;default&#8221; hover_enabled=&#8221;0&#8243; global_colors_info=&#8221;{}&#8221; sticky_enabled=&#8221;0&#8243;][\/et_pb_image][et_pb_text admin_label=&#8221;Text&#8221; _builder_version=&#8221;4.21.0&#8243; text_font=&#8221;Amiri||||||||&#8221; header_2_font=&#8221;Amiri||||||||&#8221; header_3_font=&#8221;Amiri||||||||&#8221; background_size=&#8221;initial&#8221; background_position=&#8221;top_left&#8221; background_repeat=&#8221;repeat&#8221; hover_enabled=&#8221;0&#8243; global_colors_info=&#8221;{}&#8221; sticky_enabled=&#8221;0&#8243;]<\/p>\n<div class=\"entry-content\">\n<p><span>Dalla scuola materna alle superiori,\u00a0 l&#8217;\u00a0<\/span><a href=\"https:\/\/www.service-public.fr\/particuliers\/vosdroits\/F1899\"><span>assenteismo\u00a0<\/span><\/a><a href=\"https:\/\/www.service-public.fr\/particuliers\/vosdroits\/F1899\"><span>\u00a0scolastico<\/span><\/a><span>\u00a0riguarda in media il 7% degli studenti.\u00a0<\/span><span class=\"\"><span>E nelle scuole professionali la percentuale arriva addirittura al 12,6%.\u00a0<\/span><\/span><span>Se tuo figlio non frequenta regolarmente la scuola, puoi essere ritenuto responsabile?\u00a0Cosa stai rischiando?<\/span><\/p>\n<h2><span>Responsabilit\u00e0 genitoriale<\/span><\/h2>\n<p><span>Un genitore pu\u00f2 essere ritenuto\u00a0\u00a0<\/span><span>responsabile\u00a0<\/span><span>\u00a0della mancata iscrizione del figlio.\u00a0Il bambino, infatti, ha un diritto all&#8217;istruzione che deve essere assicurato dai suoi genitori.\u00a0Ci\u00f2 rientra nei doveri della potest\u00e0 genitoriale.<\/span><\/p>\n<h2><span>Progressisti delle sanzioni<\/span><\/h2>\n<p><span>A partire dalle 3 mezze giornate al mese perse senza giustificazione, i genitori possono essere convocati dal Direttore della struttura.\u00a0Poi a partire da 4 mezze giornate al mese, se non ci sono miglioramenti, ricevono un avvertimento dall&#8217;ispettorato accademico.\u00a0Se i genitori non fanno nulla, quest&#8217;ultimo ne informa anche il presidente del consiglio generale che li convocher\u00e0 per proporre loro di firmare un contratto di potest\u00e0 genitoriale.\u00a0Questo contratto richiama i loro obblighi ma offre anche sostegno in caso di difficolt\u00e0.\u00a0Se i genitori rifiutano di firmarlo o se i fatti si ripetono, gli assegni familiari possono essere sospesi o addirittura annullati.<\/span><br \/><span>D&#8217;altro canto, l&#8217;alunno non si vede infliggere uno zero ad un compito che non avrebbe rispettato durante un&#8217;assenza ingiustificata.\u00a0Il comportamento dello studente deve essere distinto dal suo lavoro da parte dei suoi insegnanti.<\/span><\/p>\n<h2><span>Una sanzione penale<\/span><\/h2>\n<p><span>In casi estremi pu\u00f2 essere inflitta anche una sanzione penale ai genitori.\u00a0Infatti, possono essere sanzionati se non frequentano la scuola.\u00a0Il fascicolo viene infatti trasmesso al Pubblico Ministero che poi si rivolge al tribunale di polizia.\u00a0I genitori vengono convocati per essere ascoltati nel corso di un&#8217;udienza.\u00a0Se giudicati colpevoli dovranno pagare una multa fino a 750 euro.<\/span><br \/><span>I genitori possono anche essere perseguiti ad un livello pi\u00f9 elevato sotto la \u201cmessa in pericolo di minori\u201d, che comprende anche gravi attacchi all\u2019istruzione dei minori.\u00a0<span class=\"\">Il codice penale prevede che la mancata iscrizione del bambino in un istituto scolastico da parte dei genitori, senza una valida scusa, nonostante l&#8217;ammonizione dell&#8217;ispettore dell&#8217;accademia, \u00e8 punibile con una pena detentiva di sei mesi e una multa di 7.500 euro.<\/span><\/span><br \/><a href=\"https:\/\/gregorydamy.niceavocats.fr\/\"><span>Soci\u00e9t\u00e9 d&#8217;Avocats DAMY<\/span><\/a><span>\u00a0, Nizza, Mio figlio marina la scuola, posso essere punito?\u00a0Aggiornamento 2022<\/span><\/p>\n<\/div>\n<p>[\/et_pb_text][\/et_pb_column][\/et_pb_row][et_pb_row _builder_version=&#8221;4.19.5&#8243; _module_preset=&#8221;default&#8221; custom_margin=&#8221;||0px||false|false&#8221; custom_padding=&#8221;||0px||false|false&#8221; global_colors_info=&#8221;{}&#8221;][et_pb_column type=&#8221;4_4&#8243; _builder_version=&#8221;4.19.5&#8243; _module_preset=&#8221;default&#8221; global_colors_info=&#8221;{}&#8221;][et_pb_divider _builder_version=&#8221;4.19.5&#8243; _module_preset=&#8221;default&#8221; global_colors_info=&#8221;{}&#8221;][\/et_pb_divider][\/et_pb_column][\/et_pb_row][\/et_pb_section]<\/p>\n","protected":false},"excerpt":{"rendered":"<p>Dalla scuola materna alle superiori,\u00a0 l&#8217;\u00a0assenteismo\u00a0\u00a0scolastico\u00a0riguarda in media il 7% degli studenti.\u00a0E nelle scuole professionali la percentuale arriva addirittura al 12,6%.\u00a0Se tuo figlio non frequenta regolarmente la scuola, puoi essere ritenuto responsabile?\u00a0Cosa stai rischiando? Responsabilit\u00e0 genitoriale Un genitore pu\u00f2 essere ritenuto\u00a0\u00a0responsabile\u00a0\u00a0della mancata iscrizione del figlio.\u00a0Il bambino, infatti, ha un diritto all&#8217;istruzione che deve essere assicurato [&hellip;]<\/p>\n","protected":false},"author":2,"featured_media":0,"comment_status":"open","ping_status":"open","sticky":false,"template":"","format":"standard","meta":{"_et_pb_use_builder":"on","_et_pb_old_content":"","_et_gb_content_width":"","footnotes":""},"categories":[302],"tags":[],"class_list":["post-5401","post","type-post","status-publish","format-standard","hentry","category-diritto-di-famiglia"],"yoast_head":"<!-- This site is optimized with the Yoast SEO plugin v26.8 - https:\/\/yoast.com\/product\/yoast-seo-wordpress\/ -->\n<title>Mio figlio salta la scuola, posso essere sanzionato? - Soci\u00e9t\u00e9 d&#039;avocats Damy<\/title>\n<meta name=\"description\" content=\"Mio figlio salta la scuola, posso essere sanzionato? Dalla scuola materna alle superiori, l&#039; assenteismo scolastico riguarda in media il\" \/>\n<meta name=\"robots\" content=\"index, follow, max-snippet:-1, max-image-preview:large, max-video-preview:-1\" \/>\n<link rel=\"canonical\" href=\"https:\/\/gregorydamy.niceavocats.fr\/it\/mio-figlio-salta-la-scuola-posso-essere-sanzionato\/\" \/>\n<meta property=\"og:locale\" content=\"it_IT\" \/>\n<meta property=\"og:type\" content=\"article\" \/>\n<meta property=\"og:title\" content=\"Mio figlio salta la scuola, posso essere sanzionato? - Soci\u00e9t\u00e9 d&#039;avocats Damy\" \/>\n<meta property=\"og:description\" content=\"Mio figlio salta la scuola, posso essere sanzionato? Dalla scuola materna alle superiori, l&#039; assenteismo scolastico riguarda in media il\" \/>\n<meta property=\"og:url\" content=\"https:\/\/gregorydamy.niceavocats.fr\/it\/mio-figlio-salta-la-scuola-posso-essere-sanzionato\/\" \/>\n<meta property=\"og:site_name\" content=\"Soci\u00e9t\u00e9 d&#039;avocats Damy\" \/>\n<meta property=\"article:publisher\" content=\"https:\/\/www.facebook.com\/niceavocats.fr\/\" \/>\n<meta property=\"article:published_time\" content=\"2012-05-02T15:33:42+00:00\" \/>\n<meta property=\"article:modified_time\" content=\"2023-08-24T12:05:24+00:00\" \/>\n<meta name=\"author\" content=\"Kevin\" \/>\n<meta name=\"twitter:card\" content=\"summary_large_image\" \/>\n<meta name=\"twitter:label1\" content=\"Scritto da\" \/>\n\t<meta name=\"twitter:data1\" content=\"Kevin\" \/>\n\t<meta name=\"twitter:label2\" content=\"Tempo di lettura stimato\" \/>\n\t<meta name=\"twitter:data2\" content=\"3 minuti\" \/>\n<script type=\"application\/ld+json\" class=\"yoast-schema-graph\">{\"@context\":\"https:\/\/schema.org\",\"@graph\":[{\"@type\":\"Article\",\"@id\":\"https:\/\/gregorydamy.niceavocats.fr\/it\/mio-figlio-salta-la-scuola-posso-essere-sanzionato\/#article\",\"isPartOf\":{\"@id\":\"https:\/\/gregorydamy.niceavocats.fr\/it\/mio-figlio-salta-la-scuola-posso-essere-sanzionato\/\"},\"author\":{\"name\":\"Kevin\",\"@id\":\"https:\/\/gregorydamy.niceavocats.fr\/it\/#\/schema\/person\/e040acb2856efaa1e114d0e7a92a3870\"},\"headline\":\"Mio figlio salta la scuola, posso essere sanzionato?\",\"datePublished\":\"2012-05-02T15:33:42+00:00\",\"dateModified\":\"2023-08-24T12:05:24+00:00\",\"mainEntityOfPage\":{\"@id\":\"https:\/\/gregorydamy.niceavocats.fr\/it\/mio-figlio-salta-la-scuola-posso-essere-sanzionato\/\"},\"wordCount\":725,\"commentCount\":0,\"publisher\":{\"@id\":\"https:\/\/gregorydamy.niceavocats.fr\/it\/#organization\"},\"articleSection\":[\"Diritto di famiglia\"],\"inLanguage\":\"it-IT\",\"potentialAction\":[{\"@type\":\"CommentAction\",\"name\":\"Comment\",\"target\":[\"https:\/\/gregorydamy.niceavocats.fr\/it\/mio-figlio-salta-la-scuola-posso-essere-sanzionato\/#respond\"]}]},{\"@type\":\"WebPage\",\"@id\":\"https:\/\/gregorydamy.niceavocats.fr\/it\/mio-figlio-salta-la-scuola-posso-essere-sanzionato\/\",\"url\":\"https:\/\/gregorydamy.niceavocats.fr\/it\/mio-figlio-salta-la-scuola-posso-essere-sanzionato\/\",\"name\":\"Mio figlio salta la scuola, posso essere sanzionato? - Soci\u00e9t\u00e9 d&#039;avocats Damy\",\"isPartOf\":{\"@id\":\"https:\/\/gregorydamy.niceavocats.fr\/it\/#website\"},\"datePublished\":\"2012-05-02T15:33:42+00:00\",\"dateModified\":\"2023-08-24T12:05:24+00:00\",\"description\":\"Mio figlio salta la scuola, posso essere sanzionato? Dalla scuola materna alle superiori, l' assenteismo scolastico riguarda in media il\",\"breadcrumb\":{\"@id\":\"https:\/\/gregorydamy.niceavocats.fr\/it\/mio-figlio-salta-la-scuola-posso-essere-sanzionato\/#breadcrumb\"},\"inLanguage\":\"it-IT\",\"potentialAction\":[{\"@type\":\"ReadAction\",\"target\":[\"https:\/\/gregorydamy.niceavocats.fr\/it\/mio-figlio-salta-la-scuola-posso-essere-sanzionato\/\"]}]},{\"@type\":\"BreadcrumbList\",\"@id\":\"https:\/\/gregorydamy.niceavocats.fr\/it\/mio-figlio-salta-la-scuola-posso-essere-sanzionato\/#breadcrumb\",\"itemListElement\":[{\"@type\":\"ListItem\",\"position\":1,\"name\":\"Accueil\",\"item\":\"https:\/\/gregorydamy.niceavocats.fr\/it\/\"},{\"@type\":\"ListItem\",\"position\":2,\"name\":\"Mio figlio salta la scuola, posso essere sanzionato?\"}]},{\"@type\":\"WebSite\",\"@id\":\"https:\/\/gregorydamy.niceavocats.fr\/it\/#website\",\"url\":\"https:\/\/gregorydamy.niceavocats.fr\/it\/\",\"name\":\"Soci\u00e9t\u00e9 d&#039;avocats Damy\",\"description\":\"Justice - Confiance - Efficacit\u00e9\",\"publisher\":{\"@id\":\"https:\/\/gregorydamy.niceavocats.fr\/it\/#organization\"},\"potentialAction\":[{\"@type\":\"SearchAction\",\"target\":{\"@type\":\"EntryPoint\",\"urlTemplate\":\"https:\/\/gregorydamy.niceavocats.fr\/it\/?s={search_term_string}\"},\"query-input\":{\"@type\":\"PropertyValueSpecification\",\"valueRequired\":true,\"valueName\":\"search_term_string\"}}],\"inLanguage\":\"it-IT\"},{\"@type\":\"Organization\",\"@id\":\"https:\/\/gregorydamy.niceavocats.fr\/it\/#organization\",\"name\":\"Soci\u00e9t\u00e9 d'Avocats DAMY\",\"alternateName\":\"Gr\u00e9gory DAMY\",\"url\":\"https:\/\/gregorydamy.niceavocats.fr\/it\/\",\"logo\":{\"@type\":\"ImageObject\",\"inLanguage\":\"it-IT\",\"@id\":\"https:\/\/gregorydamy.niceavocats.fr\/it\/#\/schema\/logo\/image\/\",\"url\":\"https:\/\/gregorydamy.niceavocats.fr\/wp-content\/uploads\/2023\/04\/damylogo-1.png\",\"contentUrl\":\"https:\/\/gregorydamy.niceavocats.fr\/wp-content\/uploads\/2023\/04\/damylogo-1.png\",\"width\":1890,\"height\":1417,\"caption\":\"Soci\u00e9t\u00e9 d'Avocats DAMY\"},\"image\":{\"@id\":\"https:\/\/gregorydamy.niceavocats.fr\/it\/#\/schema\/logo\/image\/\"},\"sameAs\":[\"https:\/\/www.facebook.com\/niceavocats.fr\/\"]},{\"@type\":\"Person\",\"@id\":\"https:\/\/gregorydamy.niceavocats.fr\/it\/#\/schema\/person\/e040acb2856efaa1e114d0e7a92a3870\",\"name\":\"Kevin\",\"url\":\"https:\/\/gregorydamy.niceavocats.fr\/it\/author\/kevin\/\"}]}<\/script>\n<!-- \/ Yoast SEO plugin. -->","yoast_head_json":{"title":"Mio figlio salta la scuola, posso essere sanzionato? - Soci\u00e9t\u00e9 d&#039;avocats Damy","description":"Mio figlio salta la scuola, posso essere sanzionato? Dalla scuola materna alle superiori, l' assenteismo scolastico riguarda in media il","robots":{"index":"index","follow":"follow","max-snippet":"max-snippet:-1","max-image-preview":"max-image-preview:large","max-video-preview":"max-video-preview:-1"},"canonical":"https:\/\/gregorydamy.niceavocats.fr\/it\/mio-figlio-salta-la-scuola-posso-essere-sanzionato\/","og_locale":"it_IT","og_type":"article","og_title":"Mio figlio salta la scuola, posso essere sanzionato? - Soci\u00e9t\u00e9 d&#039;avocats Damy","og_description":"Mio figlio salta la scuola, posso essere sanzionato? Dalla scuola materna alle superiori, l' assenteismo scolastico riguarda in media il","og_url":"https:\/\/gregorydamy.niceavocats.fr\/it\/mio-figlio-salta-la-scuola-posso-essere-sanzionato\/","og_site_name":"Soci\u00e9t\u00e9 d&#039;avocats Damy","article_publisher":"https:\/\/www.facebook.com\/niceavocats.fr\/","article_published_time":"2012-05-02T15:33:42+00:00","article_modified_time":"2023-08-24T12:05:24+00:00","author":"Kevin","twitter_card":"summary_large_image","twitter_misc":{"Scritto da":"Kevin","Tempo di lettura stimato":"3 minuti"},"schema":{"@context":"https:\/\/schema.org","@graph":[{"@type":"Article","@id":"https:\/\/gregorydamy.niceavocats.fr\/it\/mio-figlio-salta-la-scuola-posso-essere-sanzionato\/#article","isPartOf":{"@id":"https:\/\/gregorydamy.niceavocats.fr\/it\/mio-figlio-salta-la-scuola-posso-essere-sanzionato\/"},"author":{"name":"Kevin","@id":"https:\/\/gregorydamy.niceavocats.fr\/it\/#\/schema\/person\/e040acb2856efaa1e114d0e7a92a3870"},"headline":"Mio figlio salta la scuola, posso essere sanzionato?","datePublished":"2012-05-02T15:33:42+00:00","dateModified":"2023-08-24T12:05:24+00:00","mainEntityOfPage":{"@id":"https:\/\/gregorydamy.niceavocats.fr\/it\/mio-figlio-salta-la-scuola-posso-essere-sanzionato\/"},"wordCount":725,"commentCount":0,"publisher":{"@id":"https:\/\/gregorydamy.niceavocats.fr\/it\/#organization"},"articleSection":["Diritto di famiglia"],"inLanguage":"it-IT","potentialAction":[{"@type":"CommentAction","name":"Comment","target":["https:\/\/gregorydamy.niceavocats.fr\/it\/mio-figlio-salta-la-scuola-posso-essere-sanzionato\/#respond"]}]},{"@type":"WebPage","@id":"https:\/\/gregorydamy.niceavocats.fr\/it\/mio-figlio-salta-la-scuola-posso-essere-sanzionato\/","url":"https:\/\/gregorydamy.niceavocats.fr\/it\/mio-figlio-salta-la-scuola-posso-essere-sanzionato\/","name":"Mio figlio salta la scuola, posso essere sanzionato? - Soci\u00e9t\u00e9 d&#039;avocats Damy","isPartOf":{"@id":"https:\/\/gregorydamy.niceavocats.fr\/it\/#website"},"datePublished":"2012-05-02T15:33:42+00:00","dateModified":"2023-08-24T12:05:24+00:00","description":"Mio figlio salta la scuola, posso essere sanzionato? Dalla scuola materna alle superiori, l' assenteismo scolastico riguarda in media il","breadcrumb":{"@id":"https:\/\/gregorydamy.niceavocats.fr\/it\/mio-figlio-salta-la-scuola-posso-essere-sanzionato\/#breadcrumb"},"inLanguage":"it-IT","potentialAction":[{"@type":"ReadAction","target":["https:\/\/gregorydamy.niceavocats.fr\/it\/mio-figlio-salta-la-scuola-posso-essere-sanzionato\/"]}]},{"@type":"BreadcrumbList","@id":"https:\/\/gregorydamy.niceavocats.fr\/it\/mio-figlio-salta-la-scuola-posso-essere-sanzionato\/#breadcrumb","itemListElement":[{"@type":"ListItem","position":1,"name":"Accueil","item":"https:\/\/gregorydamy.niceavocats.fr\/it\/"},{"@type":"ListItem","position":2,"name":"Mio figlio salta la scuola, posso essere sanzionato?"}]},{"@type":"WebSite","@id":"https:\/\/gregorydamy.niceavocats.fr\/it\/#website","url":"https:\/\/gregorydamy.niceavocats.fr\/it\/","name":"Soci\u00e9t\u00e9 d&#039;avocats Damy","description":"Justice - Confiance - Efficacit\u00e9","publisher":{"@id":"https:\/\/gregorydamy.niceavocats.fr\/it\/#organization"},"potentialAction":[{"@type":"SearchAction","target":{"@type":"EntryPoint","urlTemplate":"https:\/\/gregorydamy.niceavocats.fr\/it\/?s={search_term_string}"},"query-input":{"@type":"PropertyValueSpecification","valueRequired":true,"valueName":"search_term_string"}}],"inLanguage":"it-IT"},{"@type":"Organization","@id":"https:\/\/gregorydamy.niceavocats.fr\/it\/#organization","name":"Soci\u00e9t\u00e9 d'Avocats DAMY","alternateName":"Gr\u00e9gory DAMY","url":"https:\/\/gregorydamy.niceavocats.fr\/it\/","logo":{"@type":"ImageObject","inLanguage":"it-IT","@id":"https:\/\/gregorydamy.niceavocats.fr\/it\/#\/schema\/logo\/image\/","url":"https:\/\/gregorydamy.niceavocats.fr\/wp-content\/uploads\/2023\/04\/damylogo-1.png","contentUrl":"https:\/\/gregorydamy.niceavocats.fr\/wp-content\/uploads\/2023\/04\/damylogo-1.png","width":1890,"height":1417,"caption":"Soci\u00e9t\u00e9 d'Avocats DAMY"},"image":{"@id":"https:\/\/gregorydamy.niceavocats.fr\/it\/#\/schema\/logo\/image\/"},"sameAs":["https:\/\/www.facebook.com\/niceavocats.fr\/"]},{"@type":"Person","@id":"https:\/\/gregorydamy.niceavocats.fr\/it\/#\/schema\/person\/e040acb2856efaa1e114d0e7a92a3870","name":"Kevin","url":"https:\/\/gregorydamy.niceavocats.fr\/it\/author\/kevin\/"}]}},"_links":{"self":[{"href":"https:\/\/gregorydamy.niceavocats.fr\/it\/wp-json\/wp\/v2\/posts\/5401","targetHints":{"allow":["GET"]}}],"collection":[{"href":"https:\/\/gregorydamy.niceavocats.fr\/it\/wp-json\/wp\/v2\/posts"}],"about":[{"href":"https:\/\/gregorydamy.niceavocats.fr\/it\/wp-json\/wp\/v2\/types\/post"}],"author":[{"embeddable":true,"href":"https:\/\/gregorydamy.niceavocats.fr\/it\/wp-json\/wp\/v2\/users\/2"}],"replies":[{"embeddable":true,"href":"https:\/\/gregorydamy.niceavocats.fr\/it\/wp-json\/wp\/v2\/comments?post=5401"}],"version-history":[{"count":0,"href":"https:\/\/gregorydamy.niceavocats.fr\/it\/wp-json\/wp\/v2\/posts\/5401\/revisions"}],"wp:attachment":[{"href":"https:\/\/gregorydamy.niceavocats.fr\/it\/wp-json\/wp\/v2\/media?parent=5401"}],"wp:term":[{"taxonomy":"category","embeddable":true,"href":"https:\/\/gregorydamy.niceavocats.fr\/it\/wp-json\/wp\/v2\/categories?post=5401"},{"taxonomy":"post_tag","embeddable":true,"href":"https:\/\/gregorydamy.niceavocats.fr\/it\/wp-json\/wp\/v2\/tags?post=5401"}],"curies":[{"name":"wp","href":"https:\/\/api.w.org\/{rel}","templated":true}]}}