{"id":4671,"date":"2012-07-02T17:02:18","date_gmt":"2012-07-02T17:02:18","guid":{"rendered":"https:\/\/gregorydamy.niceavocats.fr\/?p=4671"},"modified":"2023-08-29T06:05:57","modified_gmt":"2023-08-29T06:05:57","slug":"la-corte-di-cassazione-riconosce-il-pregiudizio-morale-delle-persone-giuridiche","status":"publish","type":"post","link":"https:\/\/gregorydamy.niceavocats.fr\/it\/la-corte-di-cassazione-riconosce-il-pregiudizio-morale-delle-persone-giuridiche\/","title":{"rendered":"La Corte di Cassazione riconosce il pregiudizio morale delle persone giuridiche"},"content":{"rendered":"<p>[et_pb_section fb_built=&#8221;1&#8243; admin_label=&#8221;section&#8221; _builder_version=&#8221;4.19.5&#8243; custom_margin=&#8221;||0px||false|false&#8221; custom_padding=&#8221;||0px||false|false&#8221; locked=&#8221;off&#8221; global_colors_info=&#8221;{}&#8221;][et_pb_row column_structure=&#8221;1_3,1_3,1_3&#8243; _builder_version=&#8221;4.19.5&#8243; _module_preset=&#8221;default&#8221; background_enable_mask_style=&#8221;on&#8221; background_mask_style=&#8221;wave&#8221; background_mask_color=&#8221;rgba(0,0,0,0.08)&#8221; custom_padding=&#8221;||6px|||&#8221; locked=&#8221;off&#8221; global_colors_info=&#8221;{}&#8221;][et_pb_column type=&#8221;1_3&#8243; _builder_version=&#8221;4.19.5&#8243; _module_preset=&#8221;default&#8221; global_colors_info=&#8221;{}&#8221;][\/et_pb_column][et_pb_column type=&#8221;1_3&#8243; _builder_version=&#8221;4.19.5&#8243; _module_preset=&#8221;default&#8221; global_colors_info=&#8221;{}&#8221;][\/et_pb_column][et_pb_column type=&#8221;1_3&#8243; _builder_version=&#8221;4.19.5&#8243; _module_preset=&#8221;default&#8221; global_colors_info=&#8221;{}&#8221;][et_pb_circle_counter title=&#8221;Tempo di lettura stimato (in minuti)&#8221; number=&#8221;2&#8243; percent_sign=&#8221;off&#8221; _builder_version=&#8221;4.20.2&#8243; _module_preset=&#8221;default&#8221; title_font=&#8221;Amiri||||||||&#8221; max_width=&#8221;137px&#8221; global_colors_info=&#8221;{}&#8221;][\/et_pb_circle_counter][\/et_pb_column][\/et_pb_row][et_pb_row _builder_version=&#8221;4.19.5&#8243; _module_preset=&#8221;default&#8221; custom_margin=&#8221;||0px||false|false&#8221; custom_padding=&#8221;||0px||false|false&#8221; global_colors_info=&#8221;{}&#8221;][et_pb_column type=&#8221;4_4&#8243; _builder_version=&#8221;4.19.5&#8243; _module_preset=&#8221;default&#8221; global_colors_info=&#8221;{}&#8221;][et_pb_divider _builder_version=&#8221;4.19.5&#8243; _module_preset=&#8221;default&#8221; global_colors_info=&#8221;{}&#8221;][\/et_pb_divider][\/et_pb_column][\/et_pb_row][et_pb_row admin_label=&#8221;row&#8221; _builder_version=&#8221;4.16&#8243; background_size=&#8221;initial&#8221; background_position=&#8221;top_left&#8221; background_repeat=&#8221;repeat&#8221; global_colors_info=&#8221;{}&#8221;][et_pb_column type=&#8221;4_4&#8243; _builder_version=&#8221;4.16&#8243; custom_padding=&#8221;|||&#8221; global_colors_info=&#8221;{}&#8221; custom_padding__hover=&#8221;|||&#8221;][et_pb_image _builder_version=&#8221;4.21.0&#8243; _module_preset=&#8221;default&#8221; alt=&#8221;pr\u00e9judice moral<br \/>\npersonne morales<br \/>\ncour de cassation &#8221; title_text=&#8221;justice-6570152_1280-2&#8243; src=&#8221;https:\/\/gregorydamy.niceavocats.fr\/wp-content\/uploads\/2023\/08\/justice-6570152_1280-2.png&#8221; hover_enabled=&#8221;0&#8243; sticky_enabled=&#8221;0&#8243;][\/et_pb_image][et_pb_text admin_label=&#8221;Text&#8221; _builder_version=&#8221;4.21.0&#8243; text_font=&#8221;Amiri||||||||&#8221; header_2_font=&#8221;Amiri||||||||&#8221; header_3_font=&#8221;Amiri||||||||&#8221; background_size=&#8221;initial&#8221; background_position=&#8221;top_left&#8221; background_repeat=&#8221;repeat&#8221; hover_enabled=&#8221;0&#8243; global_colors_info=&#8221;{}&#8221; sticky_enabled=&#8221;0&#8243;]<\/p>\n<p><span><span class=\"\">Per la prima volta la Corte di Cassazione riconosce esplicitamente che una societ\u00e0 \u2013 ma la soluzione vale certamente per tutte le persone giuridiche \u2013 pu\u00f2 invocare un danno morale.<\/span><\/span><\/p>\n<h2><span>com.\u00a015 maggio 2012, F-P+B, n\u00b0 11-10.278<\/span><\/h2>\n<p><span>Che un\u2019impresa \u2013 e in generale ogni persona giuridica \u2013 possa subire un danno materiale o economico \u00e8 evidente.\u00a0D&#8217;altro canto, la questione era, ad oggi, lungi dall&#8217;essere risolta in termini di danno morale.\u00a0\u00c8 vero che si tratta di una nozione diffusa, che si riferisce ad alcuni mali che, a priori, possono colpire solo una persona fisica: sofferenza, lesioni, stress, molestie, ecc.<\/span><\/p>\n<p><span>La Corte d&#8217;appello di Parigi aveva tuttavia ammesso, in una sentenza che, all&#8217;epoca, fece scalpore, che un&#8217;impresa potesse undergoe un simile danno (Paris, 30 giugno 2006, D. 2006. AJ. 2241 , oss. X Delpech; RTD com. 2006. 875, obs. N. Rontchevsky; Banking and Law luglio-agosto 2006, p. 34, noted H. de Vauplane; Bull. Joly Societies, 2006. 1453, noted D Schmidt; RD banc. fine del Nov. 2006, p. 51, note V. Magnier; RTDF September 2006, p. 6, note A. Pietrancosta; Dr. e patr. marzo 2007, 97, osservazione J.- P. Mattout e A. Pr\u00fcm) .<\/span><\/p>\n<p><span>La Corte di Cassazione, in una sentenza che colpisce per il suo carattere lapidario, ha appena riconosciuto esplicitamente il pregiudizio morale di un&#8217;azienda.<\/span><\/p>\n<p><span>If trattava di atti di concorrenza sleale commessi nei confronti di una societ\u00e0 esercente una pizzeria da parte dei cedenti la totalit\u00e0 delle azioni emesse dalla stessa societ\u00e0.\u00a0Quest&#8217;ultima ha logicamente assegnato ai cedenti, accusati di appropriation indebita di clientela, al fine di ottenere il risarcimento dei danni sia materiali che morali da essi subtili.<\/span><\/p>\n<p><span>Ottiene, davanti ai giudici del merito, il risarcimento del solo danno economico, perch\u00e9, secondo la Corte d&#8217;appello di Pau, &#8220;per quanto riguarda le imprese, queste non possono pretendere alcun danno morale&#8221;.<\/span><\/p>\n<p><span>Cassazione per violazione di legge, la sentenza d&#8217;appello \u00e8 stata cassata e annullata \u201cmy solo nella parte in cui ha respinto la domanda [della societ\u00e0] per il danno morale\u201d.\u00a0La breccia \u00e8 aperta: il riconoscimento del pregiudizio morale delle imprese \u2013 poich\u00e9, beninteso, sono dotate di personality giuridica \u2013 \u00e8 ormai consacrato, e non si corre alcun rischio affermare che la solution vale per tutte le persone giuridiche.<\/span><\/p>\n<p><span>Stabilito il principio del pregiudizio morale delle persone giuridiche, resta da sostanziarlo.\u00a0Su questo la sentenza del 15 maggio 2012 tace completamente.\u00a0<span class=\"VIpgJd-yAWNEb-VIpgJd-fmcmS-sn54Q\">Non c&#8217;\u00e8 dubbio che presto arriveanno altre sentenze che ci illumineranno su questo punto.<\/span><\/span><\/p>\n<p><span>DAMY Legal Studio<\/span><\/p>\n<p>[\/et_pb_text][\/et_pb_column][\/et_pb_row][et_pb_row _builder_version=&#8221;4.19.5&#8243; _module_preset=&#8221;default&#8221; custom_margin=&#8221;||0px||false|false&#8221; custom_padding=&#8221;||0px||false|false&#8221; global_colors_info=&#8221;{}&#8221;][et_pb_column type=&#8221;4_4&#8243; _builder_version=&#8221;4.19.5&#8243; _module_preset=&#8221;default&#8221; global_colors_info=&#8221;{}&#8221;][et_pb_divider _builder_version=&#8221;4.19.5&#8243; _module_preset=&#8221;default&#8221; global_colors_info=&#8221;{}&#8221;][\/et_pb_divider][\/et_pb_column][\/et_pb_row][\/et_pb_section]<\/p>\n","protected":false},"excerpt":{"rendered":"<p>Per la prima volta la Corte di Cassazione riconosce esplicitamente che una societ\u00e0 \u2013 ma la soluzione vale certamente per tutte le persone giuridiche \u2013 pu\u00f2 invocare un danno morale. com.\u00a015 maggio 2012, F-P+B, n\u00b0 11-10.278 Che un\u2019impresa \u2013 e in generale ogni persona giuridica \u2013 possa subire un danno materiale o economico \u00e8 evidente.\u00a0D&#8217;altro [&hellip;]<\/p>\n","protected":false},"author":2,"featured_media":34296,"comment_status":"open","ping_status":"open","sticky":false,"template":"","format":"standard","meta":{"_et_pb_use_builder":"on","_et_pb_old_content":"","_et_gb_content_width":"","footnotes":""},"categories":[318],"tags":[],"class_list":["post-4671","post","type-post","status-publish","format-standard","has-post-thumbnail","hentry","category-diritto-del-danno-alla-persona"],"yoast_head":"<!-- This site is optimized with the Yoast SEO plugin v26.8 - https:\/\/yoast.com\/product\/yoast-seo-wordpress\/ -->\n<title>La Corte di Cassazione riconosce il pregiudizio morale delle persone giuridiche - Soci\u00e9t\u00e9 d&#039;avocats Damy<\/title>\n<meta name=\"description\" content=\"La Corte di Cassazione riconosce il pregiudizio morale delle persone giuridiche Per la prima volta la Corte di Cassazione riconosce\" \/>\n<meta name=\"robots\" content=\"index, follow, max-snippet:-1, max-image-preview:large, max-video-preview:-1\" \/>\n<link rel=\"canonical\" href=\"https:\/\/gregorydamy.niceavocats.fr\/it\/la-corte-di-cassazione-riconosce-il-pregiudizio-morale-delle-persone-giuridiche\/\" \/>\n<meta property=\"og:locale\" content=\"it_IT\" \/>\n<meta property=\"og:type\" content=\"article\" \/>\n<meta property=\"og:title\" content=\"La Corte di Cassazione riconosce il pregiudizio morale delle persone giuridiche - Soci\u00e9t\u00e9 d&#039;avocats Damy\" \/>\n<meta property=\"og:description\" content=\"La Corte di Cassazione riconosce il pregiudizio morale delle persone giuridiche Per la prima volta la Corte di Cassazione riconosce\" \/>\n<meta property=\"og:url\" content=\"https:\/\/gregorydamy.niceavocats.fr\/it\/la-corte-di-cassazione-riconosce-il-pregiudizio-morale-delle-persone-giuridiche\/\" \/>\n<meta property=\"og:site_name\" content=\"Soci\u00e9t\u00e9 d&#039;avocats Damy\" \/>\n<meta property=\"article:publisher\" content=\"https:\/\/www.facebook.com\/niceavocats.fr\/\" \/>\n<meta property=\"article:published_time\" content=\"2012-07-02T17:02:18+00:00\" \/>\n<meta property=\"article:modified_time\" content=\"2023-08-29T06:05:57+00:00\" \/>\n<meta property=\"og:image\" content=\"https:\/\/gregorydamy.niceavocats.fr\/wp-content\/uploads\/2023\/08\/justice-6570152_1280-2.png\" \/>\n\t<meta property=\"og:image:width\" content=\"1280\" \/>\n\t<meta property=\"og:image:height\" content=\"1034\" \/>\n\t<meta property=\"og:image:type\" content=\"image\/png\" \/>\n<meta name=\"author\" content=\"Kevin\" \/>\n<meta name=\"twitter:card\" content=\"summary_large_image\" \/>\n<meta name=\"twitter:label1\" content=\"Scritto da\" \/>\n\t<meta name=\"twitter:data1\" content=\"Kevin\" \/>\n\t<meta name=\"twitter:label2\" content=\"Tempo di lettura stimato\" \/>\n\t<meta name=\"twitter:data2\" content=\"3 minuti\" \/>\n<script type=\"application\/ld+json\" class=\"yoast-schema-graph\">{\"@context\":\"https:\/\/schema.org\",\"@graph\":[{\"@type\":\"Article\",\"@id\":\"https:\/\/gregorydamy.niceavocats.fr\/it\/la-corte-di-cassazione-riconosce-il-pregiudizio-morale-delle-persone-giuridiche\/#article\",\"isPartOf\":{\"@id\":\"https:\/\/gregorydamy.niceavocats.fr\/it\/la-corte-di-cassazione-riconosce-il-pregiudizio-morale-delle-persone-giuridiche\/\"},\"author\":{\"name\":\"Kevin\",\"@id\":\"https:\/\/gregorydamy.niceavocats.fr\/it\/#\/schema\/person\/e040acb2856efaa1e114d0e7a92a3870\"},\"headline\":\"La Corte di Cassazione riconosce il pregiudizio morale delle persone giuridiche\",\"datePublished\":\"2012-07-02T17:02:18+00:00\",\"dateModified\":\"2023-08-29T06:05:57+00:00\",\"mainEntityOfPage\":{\"@id\":\"https:\/\/gregorydamy.niceavocats.fr\/it\/la-corte-di-cassazione-riconosce-il-pregiudizio-morale-delle-persone-giuridiche\/\"},\"wordCount\":762,\"commentCount\":0,\"publisher\":{\"@id\":\"https:\/\/gregorydamy.niceavocats.fr\/it\/#organization\"},\"image\":{\"@id\":\"https:\/\/gregorydamy.niceavocats.fr\/it\/la-corte-di-cassazione-riconosce-il-pregiudizio-morale-delle-persone-giuridiche\/#primaryimage\"},\"thumbnailUrl\":\"https:\/\/gregorydamy.niceavocats.fr\/wp-content\/uploads\/2023\/08\/justice-6570152_1280-2.png\",\"articleSection\":[\"Diritto del danno alla persona\"],\"inLanguage\":\"it-IT\",\"potentialAction\":[{\"@type\":\"CommentAction\",\"name\":\"Comment\",\"target\":[\"https:\/\/gregorydamy.niceavocats.fr\/it\/la-corte-di-cassazione-riconosce-il-pregiudizio-morale-delle-persone-giuridiche\/#respond\"]}]},{\"@type\":\"WebPage\",\"@id\":\"https:\/\/gregorydamy.niceavocats.fr\/it\/la-corte-di-cassazione-riconosce-il-pregiudizio-morale-delle-persone-giuridiche\/\",\"url\":\"https:\/\/gregorydamy.niceavocats.fr\/it\/la-corte-di-cassazione-riconosce-il-pregiudizio-morale-delle-persone-giuridiche\/\",\"name\":\"La Corte di Cassazione riconosce il pregiudizio morale delle persone giuridiche - Soci\u00e9t\u00e9 d&#039;avocats Damy\",\"isPartOf\":{\"@id\":\"https:\/\/gregorydamy.niceavocats.fr\/it\/#website\"},\"primaryImageOfPage\":{\"@id\":\"https:\/\/gregorydamy.niceavocats.fr\/it\/la-corte-di-cassazione-riconosce-il-pregiudizio-morale-delle-persone-giuridiche\/#primaryimage\"},\"image\":{\"@id\":\"https:\/\/gregorydamy.niceavocats.fr\/it\/la-corte-di-cassazione-riconosce-il-pregiudizio-morale-delle-persone-giuridiche\/#primaryimage\"},\"thumbnailUrl\":\"https:\/\/gregorydamy.niceavocats.fr\/wp-content\/uploads\/2023\/08\/justice-6570152_1280-2.png\",\"datePublished\":\"2012-07-02T17:02:18+00:00\",\"dateModified\":\"2023-08-29T06:05:57+00:00\",\"description\":\"La Corte di Cassazione riconosce il pregiudizio morale delle persone giuridiche Per la prima volta la Corte di Cassazione riconosce\",\"breadcrumb\":{\"@id\":\"https:\/\/gregorydamy.niceavocats.fr\/it\/la-corte-di-cassazione-riconosce-il-pregiudizio-morale-delle-persone-giuridiche\/#breadcrumb\"},\"inLanguage\":\"it-IT\",\"potentialAction\":[{\"@type\":\"ReadAction\",\"target\":[\"https:\/\/gregorydamy.niceavocats.fr\/it\/la-corte-di-cassazione-riconosce-il-pregiudizio-morale-delle-persone-giuridiche\/\"]}]},{\"@type\":\"ImageObject\",\"inLanguage\":\"it-IT\",\"@id\":\"https:\/\/gregorydamy.niceavocats.fr\/it\/la-corte-di-cassazione-riconosce-il-pregiudizio-morale-delle-persone-giuridiche\/#primaryimage\",\"url\":\"https:\/\/gregorydamy.niceavocats.fr\/wp-content\/uploads\/2023\/08\/justice-6570152_1280-2.png\",\"contentUrl\":\"https:\/\/gregorydamy.niceavocats.fr\/wp-content\/uploads\/2023\/08\/justice-6570152_1280-2.png\",\"width\":1280,\"height\":1034,\"caption\":\"Avocat Nice ex\u00e9cution jugement\"},{\"@type\":\"BreadcrumbList\",\"@id\":\"https:\/\/gregorydamy.niceavocats.fr\/it\/la-corte-di-cassazione-riconosce-il-pregiudizio-morale-delle-persone-giuridiche\/#breadcrumb\",\"itemListElement\":[{\"@type\":\"ListItem\",\"position\":1,\"name\":\"Accueil\",\"item\":\"https:\/\/gregorydamy.niceavocats.fr\/it\/\"},{\"@type\":\"ListItem\",\"position\":2,\"name\":\"La Corte di Cassazione riconosce il pregiudizio morale delle persone giuridiche\"}]},{\"@type\":\"WebSite\",\"@id\":\"https:\/\/gregorydamy.niceavocats.fr\/it\/#website\",\"url\":\"https:\/\/gregorydamy.niceavocats.fr\/it\/\",\"name\":\"Soci\u00e9t\u00e9 d&#039;avocats Damy\",\"description\":\"Justice - Confiance - Efficacit\u00e9\",\"publisher\":{\"@id\":\"https:\/\/gregorydamy.niceavocats.fr\/it\/#organization\"},\"potentialAction\":[{\"@type\":\"SearchAction\",\"target\":{\"@type\":\"EntryPoint\",\"urlTemplate\":\"https:\/\/gregorydamy.niceavocats.fr\/it\/?s={search_term_string}\"},\"query-input\":{\"@type\":\"PropertyValueSpecification\",\"valueRequired\":true,\"valueName\":\"search_term_string\"}}],\"inLanguage\":\"it-IT\"},{\"@type\":\"Organization\",\"@id\":\"https:\/\/gregorydamy.niceavocats.fr\/it\/#organization\",\"name\":\"Soci\u00e9t\u00e9 d'Avocats DAMY\",\"alternateName\":\"Gr\u00e9gory DAMY\",\"url\":\"https:\/\/gregorydamy.niceavocats.fr\/it\/\",\"logo\":{\"@type\":\"ImageObject\",\"inLanguage\":\"it-IT\",\"@id\":\"https:\/\/gregorydamy.niceavocats.fr\/it\/#\/schema\/logo\/image\/\",\"url\":\"https:\/\/gregorydamy.niceavocats.fr\/wp-content\/uploads\/2023\/04\/damylogo-1.png\",\"contentUrl\":\"https:\/\/gregorydamy.niceavocats.fr\/wp-content\/uploads\/2023\/04\/damylogo-1.png\",\"width\":1890,\"height\":1417,\"caption\":\"Soci\u00e9t\u00e9 d'Avocats DAMY\"},\"image\":{\"@id\":\"https:\/\/gregorydamy.niceavocats.fr\/it\/#\/schema\/logo\/image\/\"},\"sameAs\":[\"https:\/\/www.facebook.com\/niceavocats.fr\/\"]},{\"@type\":\"Person\",\"@id\":\"https:\/\/gregorydamy.niceavocats.fr\/it\/#\/schema\/person\/e040acb2856efaa1e114d0e7a92a3870\",\"name\":\"Kevin\",\"url\":\"https:\/\/gregorydamy.niceavocats.fr\/it\/author\/kevin\/\"}]}<\/script>\n<!-- \/ Yoast SEO plugin. -->","yoast_head_json":{"title":"La Corte di Cassazione riconosce il pregiudizio morale delle persone giuridiche - Soci\u00e9t\u00e9 d&#039;avocats Damy","description":"La Corte di Cassazione riconosce il pregiudizio morale delle persone giuridiche Per la prima volta la Corte di Cassazione riconosce","robots":{"index":"index","follow":"follow","max-snippet":"max-snippet:-1","max-image-preview":"max-image-preview:large","max-video-preview":"max-video-preview:-1"},"canonical":"https:\/\/gregorydamy.niceavocats.fr\/it\/la-corte-di-cassazione-riconosce-il-pregiudizio-morale-delle-persone-giuridiche\/","og_locale":"it_IT","og_type":"article","og_title":"La Corte di Cassazione riconosce il pregiudizio morale delle persone giuridiche - Soci\u00e9t\u00e9 d&#039;avocats Damy","og_description":"La Corte di Cassazione riconosce il pregiudizio morale delle persone giuridiche Per la prima volta la Corte di Cassazione riconosce","og_url":"https:\/\/gregorydamy.niceavocats.fr\/it\/la-corte-di-cassazione-riconosce-il-pregiudizio-morale-delle-persone-giuridiche\/","og_site_name":"Soci\u00e9t\u00e9 d&#039;avocats Damy","article_publisher":"https:\/\/www.facebook.com\/niceavocats.fr\/","article_published_time":"2012-07-02T17:02:18+00:00","article_modified_time":"2023-08-29T06:05:57+00:00","og_image":[{"width":1280,"height":1034,"url":"https:\/\/gregorydamy.niceavocats.fr\/wp-content\/uploads\/2023\/08\/justice-6570152_1280-2.png","type":"image\/png"}],"author":"Kevin","twitter_card":"summary_large_image","twitter_misc":{"Scritto da":"Kevin","Tempo di lettura stimato":"3 minuti"},"schema":{"@context":"https:\/\/schema.org","@graph":[{"@type":"Article","@id":"https:\/\/gregorydamy.niceavocats.fr\/it\/la-corte-di-cassazione-riconosce-il-pregiudizio-morale-delle-persone-giuridiche\/#article","isPartOf":{"@id":"https:\/\/gregorydamy.niceavocats.fr\/it\/la-corte-di-cassazione-riconosce-il-pregiudizio-morale-delle-persone-giuridiche\/"},"author":{"name":"Kevin","@id":"https:\/\/gregorydamy.niceavocats.fr\/it\/#\/schema\/person\/e040acb2856efaa1e114d0e7a92a3870"},"headline":"La Corte di Cassazione riconosce il pregiudizio morale delle persone giuridiche","datePublished":"2012-07-02T17:02:18+00:00","dateModified":"2023-08-29T06:05:57+00:00","mainEntityOfPage":{"@id":"https:\/\/gregorydamy.niceavocats.fr\/it\/la-corte-di-cassazione-riconosce-il-pregiudizio-morale-delle-persone-giuridiche\/"},"wordCount":762,"commentCount":0,"publisher":{"@id":"https:\/\/gregorydamy.niceavocats.fr\/it\/#organization"},"image":{"@id":"https:\/\/gregorydamy.niceavocats.fr\/it\/la-corte-di-cassazione-riconosce-il-pregiudizio-morale-delle-persone-giuridiche\/#primaryimage"},"thumbnailUrl":"https:\/\/gregorydamy.niceavocats.fr\/wp-content\/uploads\/2023\/08\/justice-6570152_1280-2.png","articleSection":["Diritto del danno alla persona"],"inLanguage":"it-IT","potentialAction":[{"@type":"CommentAction","name":"Comment","target":["https:\/\/gregorydamy.niceavocats.fr\/it\/la-corte-di-cassazione-riconosce-il-pregiudizio-morale-delle-persone-giuridiche\/#respond"]}]},{"@type":"WebPage","@id":"https:\/\/gregorydamy.niceavocats.fr\/it\/la-corte-di-cassazione-riconosce-il-pregiudizio-morale-delle-persone-giuridiche\/","url":"https:\/\/gregorydamy.niceavocats.fr\/it\/la-corte-di-cassazione-riconosce-il-pregiudizio-morale-delle-persone-giuridiche\/","name":"La Corte di Cassazione riconosce il pregiudizio morale delle persone giuridiche - Soci\u00e9t\u00e9 d&#039;avocats Damy","isPartOf":{"@id":"https:\/\/gregorydamy.niceavocats.fr\/it\/#website"},"primaryImageOfPage":{"@id":"https:\/\/gregorydamy.niceavocats.fr\/it\/la-corte-di-cassazione-riconosce-il-pregiudizio-morale-delle-persone-giuridiche\/#primaryimage"},"image":{"@id":"https:\/\/gregorydamy.niceavocats.fr\/it\/la-corte-di-cassazione-riconosce-il-pregiudizio-morale-delle-persone-giuridiche\/#primaryimage"},"thumbnailUrl":"https:\/\/gregorydamy.niceavocats.fr\/wp-content\/uploads\/2023\/08\/justice-6570152_1280-2.png","datePublished":"2012-07-02T17:02:18+00:00","dateModified":"2023-08-29T06:05:57+00:00","description":"La Corte di Cassazione riconosce il pregiudizio morale delle persone giuridiche Per la prima volta la Corte di Cassazione riconosce","breadcrumb":{"@id":"https:\/\/gregorydamy.niceavocats.fr\/it\/la-corte-di-cassazione-riconosce-il-pregiudizio-morale-delle-persone-giuridiche\/#breadcrumb"},"inLanguage":"it-IT","potentialAction":[{"@type":"ReadAction","target":["https:\/\/gregorydamy.niceavocats.fr\/it\/la-corte-di-cassazione-riconosce-il-pregiudizio-morale-delle-persone-giuridiche\/"]}]},{"@type":"ImageObject","inLanguage":"it-IT","@id":"https:\/\/gregorydamy.niceavocats.fr\/it\/la-corte-di-cassazione-riconosce-il-pregiudizio-morale-delle-persone-giuridiche\/#primaryimage","url":"https:\/\/gregorydamy.niceavocats.fr\/wp-content\/uploads\/2023\/08\/justice-6570152_1280-2.png","contentUrl":"https:\/\/gregorydamy.niceavocats.fr\/wp-content\/uploads\/2023\/08\/justice-6570152_1280-2.png","width":1280,"height":1034,"caption":"Avocat Nice ex\u00e9cution jugement"},{"@type":"BreadcrumbList","@id":"https:\/\/gregorydamy.niceavocats.fr\/it\/la-corte-di-cassazione-riconosce-il-pregiudizio-morale-delle-persone-giuridiche\/#breadcrumb","itemListElement":[{"@type":"ListItem","position":1,"name":"Accueil","item":"https:\/\/gregorydamy.niceavocats.fr\/it\/"},{"@type":"ListItem","position":2,"name":"La Corte di Cassazione riconosce il pregiudizio morale delle persone giuridiche"}]},{"@type":"WebSite","@id":"https:\/\/gregorydamy.niceavocats.fr\/it\/#website","url":"https:\/\/gregorydamy.niceavocats.fr\/it\/","name":"Soci\u00e9t\u00e9 d&#039;avocats Damy","description":"Justice - Confiance - Efficacit\u00e9","publisher":{"@id":"https:\/\/gregorydamy.niceavocats.fr\/it\/#organization"},"potentialAction":[{"@type":"SearchAction","target":{"@type":"EntryPoint","urlTemplate":"https:\/\/gregorydamy.niceavocats.fr\/it\/?s={search_term_string}"},"query-input":{"@type":"PropertyValueSpecification","valueRequired":true,"valueName":"search_term_string"}}],"inLanguage":"it-IT"},{"@type":"Organization","@id":"https:\/\/gregorydamy.niceavocats.fr\/it\/#organization","name":"Soci\u00e9t\u00e9 d'Avocats DAMY","alternateName":"Gr\u00e9gory DAMY","url":"https:\/\/gregorydamy.niceavocats.fr\/it\/","logo":{"@type":"ImageObject","inLanguage":"it-IT","@id":"https:\/\/gregorydamy.niceavocats.fr\/it\/#\/schema\/logo\/image\/","url":"https:\/\/gregorydamy.niceavocats.fr\/wp-content\/uploads\/2023\/04\/damylogo-1.png","contentUrl":"https:\/\/gregorydamy.niceavocats.fr\/wp-content\/uploads\/2023\/04\/damylogo-1.png","width":1890,"height":1417,"caption":"Soci\u00e9t\u00e9 d'Avocats DAMY"},"image":{"@id":"https:\/\/gregorydamy.niceavocats.fr\/it\/#\/schema\/logo\/image\/"},"sameAs":["https:\/\/www.facebook.com\/niceavocats.fr\/"]},{"@type":"Person","@id":"https:\/\/gregorydamy.niceavocats.fr\/it\/#\/schema\/person\/e040acb2856efaa1e114d0e7a92a3870","name":"Kevin","url":"https:\/\/gregorydamy.niceavocats.fr\/it\/author\/kevin\/"}]}},"_links":{"self":[{"href":"https:\/\/gregorydamy.niceavocats.fr\/it\/wp-json\/wp\/v2\/posts\/4671","targetHints":{"allow":["GET"]}}],"collection":[{"href":"https:\/\/gregorydamy.niceavocats.fr\/it\/wp-json\/wp\/v2\/posts"}],"about":[{"href":"https:\/\/gregorydamy.niceavocats.fr\/it\/wp-json\/wp\/v2\/types\/post"}],"author":[{"embeddable":true,"href":"https:\/\/gregorydamy.niceavocats.fr\/it\/wp-json\/wp\/v2\/users\/2"}],"replies":[{"embeddable":true,"href":"https:\/\/gregorydamy.niceavocats.fr\/it\/wp-json\/wp\/v2\/comments?post=4671"}],"version-history":[{"count":0,"href":"https:\/\/gregorydamy.niceavocats.fr\/it\/wp-json\/wp\/v2\/posts\/4671\/revisions"}],"wp:featuredmedia":[{"embeddable":true,"href":"https:\/\/gregorydamy.niceavocats.fr\/it\/wp-json\/wp\/v2\/media\/34296"}],"wp:attachment":[{"href":"https:\/\/gregorydamy.niceavocats.fr\/it\/wp-json\/wp\/v2\/media?parent=4671"}],"wp:term":[{"taxonomy":"category","embeddable":true,"href":"https:\/\/gregorydamy.niceavocats.fr\/it\/wp-json\/wp\/v2\/categories?post=4671"},{"taxonomy":"post_tag","embeddable":true,"href":"https:\/\/gregorydamy.niceavocats.fr\/it\/wp-json\/wp\/v2\/tags?post=4671"}],"curies":[{"name":"wp","href":"https:\/\/api.w.org\/{rel}","templated":true}]}}