{"id":4665,"date":"2012-05-16T13:37:47","date_gmt":"2012-05-16T13:37:47","guid":{"rendered":"https:\/\/gregorydamy.niceavocats.fr\/?p=4665"},"modified":"2023-09-01T11:14:11","modified_gmt":"2023-09-01T11:14:11","slug":"posso-rifiutare-unofferta-di-pole-emploi","status":"publish","type":"post","link":"https:\/\/gregorydamy.niceavocats.fr\/it\/posso-rifiutare-unofferta-di-pole-emploi\/","title":{"rendered":"Posso rifiutare un&#8217;offerta di P\u00f4le Emploi?"},"content":{"rendered":"<p>[et_pb_section fb_built=&#8221;1&#8243; admin_label=&#8221;section&#8221; _builder_version=&#8221;4.19.5&#8243; custom_margin=&#8221;||0px||false|false&#8221; custom_padding=&#8221;||0px||false|false&#8221; locked=&#8221;off&#8221; global_colors_info=&#8221;{}&#8221;][et_pb_row column_structure=&#8221;1_3,1_3,1_3&#8243; _builder_version=&#8221;4.19.5&#8243; _module_preset=&#8221;default&#8221; background_enable_mask_style=&#8221;on&#8221; background_mask_style=&#8221;wave&#8221; background_mask_color=&#8221;rgba(0,0,0,0.08)&#8221; custom_padding=&#8221;||6px|||&#8221; locked=&#8221;off&#8221; global_colors_info=&#8221;{}&#8221;][et_pb_column type=&#8221;1_3&#8243; _builder_version=&#8221;4.19.5&#8243; _module_preset=&#8221;default&#8221; global_colors_info=&#8221;{}&#8221;][\/et_pb_column][et_pb_column type=&#8221;1_3&#8243; _builder_version=&#8221;4.19.5&#8243; _module_preset=&#8221;default&#8221; global_colors_info=&#8221;{}&#8221;][\/et_pb_column][et_pb_column type=&#8221;1_3&#8243; _builder_version=&#8221;4.19.5&#8243; _module_preset=&#8221;default&#8221; global_colors_info=&#8221;{}&#8221;][et_pb_circle_counter title=&#8221;Tempo di lettura stimato (in minuti)&#8221; number=&#8221;2&#8243; percent_sign=&#8221;off&#8221; _builder_version=&#8221;4.20.2&#8243; _module_preset=&#8221;default&#8221; title_font=&#8221;Amiri||||||||&#8221; max_width=&#8221;137px&#8221; global_colors_info=&#8221;{}&#8221;][\/et_pb_circle_counter][\/et_pb_column][\/et_pb_row][et_pb_row _builder_version=&#8221;4.19.5&#8243; _module_preset=&#8221;default&#8221; custom_margin=&#8221;||0px||false|false&#8221; custom_padding=&#8221;||0px||false|false&#8221; global_colors_info=&#8221;{}&#8221;][et_pb_column type=&#8221;4_4&#8243; _builder_version=&#8221;4.19.5&#8243; _module_preset=&#8221;default&#8221; global_colors_info=&#8221;{}&#8221;][et_pb_divider _builder_version=&#8221;4.19.5&#8243; _module_preset=&#8221;default&#8221; global_colors_info=&#8221;{}&#8221;][\/et_pb_divider][\/et_pb_column][\/et_pb_row][et_pb_row admin_label=&#8221;row&#8221; _builder_version=&#8221;4.16&#8243; background_size=&#8221;initial&#8221; background_position=&#8221;top_left&#8221; background_repeat=&#8221;repeat&#8221; global_colors_info=&#8221;{}&#8221;][et_pb_column type=&#8221;4_4&#8243; _builder_version=&#8221;4.16&#8243; custom_padding=&#8221;|||&#8221; global_colors_info=&#8221;{}&#8221; custom_padding__hover=&#8221;|||&#8221;][et_pb_image src=&#8221;https:\/\/gregorydamy.niceavocats.fr\/wp-content\/uploads\/2012\/05\/student-849825_1280-2.jpg&#8221; title_text=&#8221;student-849825_1280-2&#8243; _builder_version=&#8221;4.21.0&#8243; _module_preset=&#8221;default&#8221; hover_enabled=&#8221;0&#8243; global_colors_info=&#8221;{}&#8221; alt=&#8221;Puis-je refuser une offre de P\u00f4le Emploi ? &#8221; sticky_enabled=&#8221;0&#8243;][\/et_pb_image][et_pb_text admin_label=&#8221;Text&#8221; _builder_version=&#8221;4.21.0&#8243; text_font=&#8221;Amiri||||||||&#8221; header_2_font=&#8221;Amiri||||||||&#8221; header_3_font=&#8221;Amiri||||||||&#8221; background_size=&#8221;initial&#8221; background_position=&#8221;top_left&#8221; background_repeat=&#8221;repeat&#8221; hover_enabled=&#8221;0&#8243; global_colors_info=&#8221;{}&#8221; sticky_enabled=&#8221;0&#8243;]<\/p>\n<div class=\"entry-content\">\n<p><span>6.429.900 persone sono attualmente\u00a0\u00a0<\/span><span>disoccupate\u00a0<\/span><span>\u00a0in Francia,\u00a0\u00a0<\/span><span>di cui\u00a0<\/span><span>\u00a06.099.700 nella Francia continentale, ovvero\u00a0<\/span><span>il 9,8% della popolazione attiva, di cui il 9,5% nella Francia metropolitana\u00a0<a href=\"https:\/\/www.service-public.fr\/particuliers\/vosdroits\/N549\">.<\/a><\/span><br \/><span>Qual \u00e8 allora la politica di P\u00f4le emploi nei confronti delle persone in cerca di lavoro?\u00a0Possiamo rifiutare un&#8217;offerta che non \u00e8 adatta?<\/span><\/p>\n<h2><span>NO, SE SONO \u201cOFFERTE RAGIONEVOLI\u201d<\/span><\/h2>\n<p><span>Dal 2008, se la persona in cerca di lavoro rifiuta due offerte di lavoro ragionevoli, rischia una sanzione.\u00a0L&#8217;offerta congrua viene infatti stabilita con un Progetto di Accesso Personalizzato al Lavoro (PPAE).\u00a0Tiene conto di criteri quali: formazione, qualifiche, situazione personale, stipendio richiesto, ecc.\u00a0Gli elementi che costituiscono un&#8217;offerta congrua di lavoro cambiano con il momento dell&#8217;iscrizione: pi\u00f9 a lungo il disoccupato \u00e8 iscritto, meno l&#8217;offerta congrua corrisponde ai criteri esatti.<\/span><\/p>\n<h2><span>CI SONO ECCEZIONI?<\/span><\/h2>\n<p><span>Puoi rifiutare un&#8217;offerta di lavoro ragionevole se hai un motivo legittimo.\u00a0Questo \u00e8 il caso se c&#8217;\u00e8 troppa differenza tra i criteri stabiliti (area geografica, retribuzione prevista, ecc.) all&#8217;inizio del P\u00f4le Emploi e ci\u00f2 che viene poi offerto.\u00a0Non si \u00e8 inoltre obbligati ad accettare il lavoro se il livello di retribuzione offerto \u00e8 inferiore a quello normalmente praticato nella regione e per la professione in questione.\u00a0Inoltre, il salario oggetto dell&#8217;offerta proposta non pu\u00f2 essere inferiore alle disposizioni legali e convenzionali vigenti e in particolare al salario minimo.\u00a0\u00c8 possibile rifiutare se non vuoi il lavoro part-time, oppure un contratto a tempo determinato se hai richiesto il tempo pieno e un contratto a tempo indeterminato.<\/span><\/p>\n<h2><span>SE RIFIUTO?<\/span><\/h2>\n<p><span>Se un&#8217;offerta ragionevole viene rifiutata due volte senza motivo valido, P\u00f4le emploi pu\u00f2 annullare l&#8217;iscrizione per un periodo di 2 mesi.\u00a0Tale decisione viene adottata solo dopo che l&#8217;interessato \u00e8 stato invitato a presentare le sue osservazioni.\u00a0Se questi fatti si ripetono l&#8217;irradiazione pu\u00f2 durare dai 2 ai 6 mesi.\u00a0Tale cancellazione comporta la sospensione temporanea dell&#8217;erogazione dell&#8217;indennit\u00e0 di disoccupazione.<\/span><\/p>\n<h2><span>POSSO IMPUGNARE LA DECISIONE DI IMPIEGO DI P\u00d4LE?<\/span><\/h2>\n<p><span>\u00c8 possibile impugnare la decisione di annullamento.\u00a0Puoi presentare preventivamente ricorso gratuito indirizzato al direttore, firmatario della decisione di annullamento, entro 2 mesi dalla notifica della decisione.\u00a0Se non si riceve risposta per 4 mesi, ci\u00f2 costituisce una decisione di rigetto.\u00a0Se il ricorso informale viene respinto, \u00e8 poi possibile presentare un ricorso gerarchico davanti al prefetto regionale o un ricorso contenzioso davanti al tribunale giudiziario.<\/span><\/p>\n<p><a href=\"https:\/\/gregorydamy.niceavocats.fr\/\"><span>Studio Legale DAMY<\/span><\/a><span>\u00a0, Nizza, Posso rifiutare un&#8217;offerta di P\u00f4le Emploi?, Aggiornamento 2016.<\/span><\/p>\n<\/div>\n<p>[\/et_pb_text][\/et_pb_column][\/et_pb_row][et_pb_row _builder_version=&#8221;4.19.5&#8243; _module_preset=&#8221;default&#8221; custom_margin=&#8221;||0px||false|false&#8221; custom_padding=&#8221;||0px||false|false&#8221; global_colors_info=&#8221;{}&#8221;][et_pb_column type=&#8221;4_4&#8243; _builder_version=&#8221;4.19.5&#8243; _module_preset=&#8221;default&#8221; global_colors_info=&#8221;{}&#8221;][et_pb_divider _builder_version=&#8221;4.19.5&#8243; _module_preset=&#8221;default&#8221; global_colors_info=&#8221;{}&#8221;][\/et_pb_divider][\/et_pb_column][\/et_pb_row][\/et_pb_section]<\/p>\n","protected":false},"excerpt":{"rendered":"<p>6.429.900 persone sono attualmente\u00a0\u00a0disoccupate\u00a0\u00a0in Francia,\u00a0\u00a0di cui\u00a0\u00a06.099.700 nella Francia continentale, ovvero\u00a0il 9,8% della popolazione attiva, di cui il 9,5% nella Francia metropolitana\u00a0.Qual \u00e8 allora la politica di P\u00f4le emploi nei confronti delle persone in cerca di lavoro?\u00a0Possiamo rifiutare un&#8217;offerta che non \u00e8 adatta? NO, SE SONO \u201cOFFERTE RAGIONEVOLI\u201d Dal 2008, se la persona in cerca di [&hellip;]<\/p>\n","protected":false},"author":2,"featured_media":36462,"comment_status":"open","ping_status":"open","sticky":false,"template":"","format":"standard","meta":{"_et_pb_use_builder":"on","_et_pb_old_content":"","_et_gb_content_width":"","footnotes":""},"categories":[316],"tags":[],"class_list":["post-4665","post","type-post","status-publish","format-standard","has-post-thumbnail","hentry","category-diritto-del-lavoro"],"yoast_head":"<!-- This site is optimized with the Yoast SEO plugin v26.8 - https:\/\/yoast.com\/product\/yoast-seo-wordpress\/ -->\n<title>Posso rifiutare un&#039;offerta di P\u00f4le Emploi? - Soci\u00e9t\u00e9 d&#039;avocats Damy<\/title>\n<meta name=\"description\" content=\"Posso rifiutare un&#039;offerta di P\u00f4le Emploi? 6.429.900 persone sono attualmente disoccupate in Francia, di cui 6.099.700\" \/>\n<meta name=\"robots\" content=\"index, follow, max-snippet:-1, max-image-preview:large, max-video-preview:-1\" \/>\n<link rel=\"canonical\" href=\"https:\/\/gregorydamy.niceavocats.fr\/it\/posso-rifiutare-unofferta-di-pole-emploi\/\" \/>\n<meta property=\"og:locale\" content=\"it_IT\" \/>\n<meta property=\"og:type\" content=\"article\" \/>\n<meta property=\"og:title\" content=\"Posso rifiutare un&#039;offerta di P\u00f4le Emploi? - Soci\u00e9t\u00e9 d&#039;avocats Damy\" \/>\n<meta property=\"og:description\" content=\"Posso rifiutare un&#039;offerta di P\u00f4le Emploi? 6.429.900 persone sono attualmente disoccupate in Francia, di cui 6.099.700\" \/>\n<meta property=\"og:url\" content=\"https:\/\/gregorydamy.niceavocats.fr\/it\/posso-rifiutare-unofferta-di-pole-emploi\/\" \/>\n<meta property=\"og:site_name\" content=\"Soci\u00e9t\u00e9 d&#039;avocats Damy\" \/>\n<meta property=\"article:publisher\" content=\"https:\/\/www.facebook.com\/niceavocats.fr\/\" \/>\n<meta property=\"article:published_time\" content=\"2012-05-16T13:37:47+00:00\" \/>\n<meta property=\"article:modified_time\" content=\"2023-09-01T11:14:11+00:00\" \/>\n<meta property=\"og:image\" content=\"https:\/\/gregorydamy.niceavocats.fr\/wp-content\/uploads\/2012\/05\/student-849825_1280-2.jpg\" \/>\n\t<meta property=\"og:image:width\" content=\"1280\" \/>\n\t<meta property=\"og:image:height\" content=\"853\" \/>\n\t<meta property=\"og:image:type\" content=\"image\/jpeg\" \/>\n<meta name=\"author\" content=\"Kevin\" \/>\n<meta name=\"twitter:card\" content=\"summary_large_image\" \/>\n<meta name=\"twitter:label1\" content=\"Scritto da\" \/>\n\t<meta name=\"twitter:data1\" content=\"Kevin\" \/>\n\t<meta name=\"twitter:label2\" content=\"Tempo di lettura stimato\" \/>\n\t<meta name=\"twitter:data2\" content=\"3 minuti\" \/>\n<script type=\"application\/ld+json\" class=\"yoast-schema-graph\">{\"@context\":\"https:\/\/schema.org\",\"@graph\":[{\"@type\":\"Article\",\"@id\":\"https:\/\/gregorydamy.niceavocats.fr\/it\/posso-rifiutare-unofferta-di-pole-emploi\/#article\",\"isPartOf\":{\"@id\":\"https:\/\/gregorydamy.niceavocats.fr\/it\/posso-rifiutare-unofferta-di-pole-emploi\/\"},\"author\":{\"name\":\"Kevin\",\"@id\":\"https:\/\/gregorydamy.niceavocats.fr\/it\/#\/schema\/person\/e040acb2856efaa1e114d0e7a92a3870\"},\"headline\":\"Posso rifiutare un&#8217;offerta di P\u00f4le Emploi?\",\"datePublished\":\"2012-05-16T13:37:47+00:00\",\"dateModified\":\"2023-09-01T11:14:11+00:00\",\"mainEntityOfPage\":{\"@id\":\"https:\/\/gregorydamy.niceavocats.fr\/it\/posso-rifiutare-unofferta-di-pole-emploi\/\"},\"wordCount\":764,\"commentCount\":0,\"publisher\":{\"@id\":\"https:\/\/gregorydamy.niceavocats.fr\/it\/#organization\"},\"image\":{\"@id\":\"https:\/\/gregorydamy.niceavocats.fr\/it\/posso-rifiutare-unofferta-di-pole-emploi\/#primaryimage\"},\"thumbnailUrl\":\"https:\/\/gregorydamy.niceavocats.fr\/wp-content\/uploads\/2012\/05\/student-849825_1280-2.jpg\",\"articleSection\":[\"Diritto del lavoro\"],\"inLanguage\":\"it-IT\",\"potentialAction\":[{\"@type\":\"CommentAction\",\"name\":\"Comment\",\"target\":[\"https:\/\/gregorydamy.niceavocats.fr\/it\/posso-rifiutare-unofferta-di-pole-emploi\/#respond\"]}]},{\"@type\":\"WebPage\",\"@id\":\"https:\/\/gregorydamy.niceavocats.fr\/it\/posso-rifiutare-unofferta-di-pole-emploi\/\",\"url\":\"https:\/\/gregorydamy.niceavocats.fr\/it\/posso-rifiutare-unofferta-di-pole-emploi\/\",\"name\":\"Posso rifiutare un'offerta di P\u00f4le Emploi? - Soci\u00e9t\u00e9 d&#039;avocats Damy\",\"isPartOf\":{\"@id\":\"https:\/\/gregorydamy.niceavocats.fr\/it\/#website\"},\"primaryImageOfPage\":{\"@id\":\"https:\/\/gregorydamy.niceavocats.fr\/it\/posso-rifiutare-unofferta-di-pole-emploi\/#primaryimage\"},\"image\":{\"@id\":\"https:\/\/gregorydamy.niceavocats.fr\/it\/posso-rifiutare-unofferta-di-pole-emploi\/#primaryimage\"},\"thumbnailUrl\":\"https:\/\/gregorydamy.niceavocats.fr\/wp-content\/uploads\/2012\/05\/student-849825_1280-2.jpg\",\"datePublished\":\"2012-05-16T13:37:47+00:00\",\"dateModified\":\"2023-09-01T11:14:11+00:00\",\"description\":\"Posso rifiutare un'offerta di P\u00f4le Emploi? 6.429.900 persone sono attualmente disoccupate in Francia, di cui 6.099.700\",\"breadcrumb\":{\"@id\":\"https:\/\/gregorydamy.niceavocats.fr\/it\/posso-rifiutare-unofferta-di-pole-emploi\/#breadcrumb\"},\"inLanguage\":\"it-IT\",\"potentialAction\":[{\"@type\":\"ReadAction\",\"target\":[\"https:\/\/gregorydamy.niceavocats.fr\/it\/posso-rifiutare-unofferta-di-pole-emploi\/\"]}]},{\"@type\":\"ImageObject\",\"inLanguage\":\"it-IT\",\"@id\":\"https:\/\/gregorydamy.niceavocats.fr\/it\/posso-rifiutare-unofferta-di-pole-emploi\/#primaryimage\",\"url\":\"https:\/\/gregorydamy.niceavocats.fr\/wp-content\/uploads\/2012\/05\/student-849825_1280-2.jpg\",\"contentUrl\":\"https:\/\/gregorydamy.niceavocats.fr\/wp-content\/uploads\/2012\/05\/student-849825_1280-2.jpg\",\"width\":1280,\"height\":853,\"caption\":\"Puis-je refuser une offre de P\u00f4le Emploi ?\"},{\"@type\":\"BreadcrumbList\",\"@id\":\"https:\/\/gregorydamy.niceavocats.fr\/it\/posso-rifiutare-unofferta-di-pole-emploi\/#breadcrumb\",\"itemListElement\":[{\"@type\":\"ListItem\",\"position\":1,\"name\":\"Accueil\",\"item\":\"https:\/\/gregorydamy.niceavocats.fr\/it\/\"},{\"@type\":\"ListItem\",\"position\":2,\"name\":\"Posso rifiutare un&rsquo;offerta di P\u00f4le Emploi?\"}]},{\"@type\":\"WebSite\",\"@id\":\"https:\/\/gregorydamy.niceavocats.fr\/it\/#website\",\"url\":\"https:\/\/gregorydamy.niceavocats.fr\/it\/\",\"name\":\"Soci\u00e9t\u00e9 d&#039;avocats Damy\",\"description\":\"Justice - Confiance - Efficacit\u00e9\",\"publisher\":{\"@id\":\"https:\/\/gregorydamy.niceavocats.fr\/it\/#organization\"},\"potentialAction\":[{\"@type\":\"SearchAction\",\"target\":{\"@type\":\"EntryPoint\",\"urlTemplate\":\"https:\/\/gregorydamy.niceavocats.fr\/it\/?s={search_term_string}\"},\"query-input\":{\"@type\":\"PropertyValueSpecification\",\"valueRequired\":true,\"valueName\":\"search_term_string\"}}],\"inLanguage\":\"it-IT\"},{\"@type\":\"Organization\",\"@id\":\"https:\/\/gregorydamy.niceavocats.fr\/it\/#organization\",\"name\":\"Soci\u00e9t\u00e9 d'Avocats DAMY\",\"alternateName\":\"Gr\u00e9gory DAMY\",\"url\":\"https:\/\/gregorydamy.niceavocats.fr\/it\/\",\"logo\":{\"@type\":\"ImageObject\",\"inLanguage\":\"it-IT\",\"@id\":\"https:\/\/gregorydamy.niceavocats.fr\/it\/#\/schema\/logo\/image\/\",\"url\":\"https:\/\/gregorydamy.niceavocats.fr\/wp-content\/uploads\/2023\/04\/damylogo-1.png\",\"contentUrl\":\"https:\/\/gregorydamy.niceavocats.fr\/wp-content\/uploads\/2023\/04\/damylogo-1.png\",\"width\":1890,\"height\":1417,\"caption\":\"Soci\u00e9t\u00e9 d'Avocats DAMY\"},\"image\":{\"@id\":\"https:\/\/gregorydamy.niceavocats.fr\/it\/#\/schema\/logo\/image\/\"},\"sameAs\":[\"https:\/\/www.facebook.com\/niceavocats.fr\/\"]},{\"@type\":\"Person\",\"@id\":\"https:\/\/gregorydamy.niceavocats.fr\/it\/#\/schema\/person\/e040acb2856efaa1e114d0e7a92a3870\",\"name\":\"Kevin\",\"url\":\"https:\/\/gregorydamy.niceavocats.fr\/it\/author\/kevin\/\"}]}<\/script>\n<!-- \/ Yoast SEO plugin. -->","yoast_head_json":{"title":"Posso rifiutare un'offerta di P\u00f4le Emploi? - Soci\u00e9t\u00e9 d&#039;avocats Damy","description":"Posso rifiutare un'offerta di P\u00f4le Emploi? 6.429.900 persone sono attualmente disoccupate in Francia, di cui 6.099.700","robots":{"index":"index","follow":"follow","max-snippet":"max-snippet:-1","max-image-preview":"max-image-preview:large","max-video-preview":"max-video-preview:-1"},"canonical":"https:\/\/gregorydamy.niceavocats.fr\/it\/posso-rifiutare-unofferta-di-pole-emploi\/","og_locale":"it_IT","og_type":"article","og_title":"Posso rifiutare un'offerta di P\u00f4le Emploi? - Soci\u00e9t\u00e9 d&#039;avocats Damy","og_description":"Posso rifiutare un'offerta di P\u00f4le Emploi? 6.429.900 persone sono attualmente disoccupate in Francia, di cui 6.099.700","og_url":"https:\/\/gregorydamy.niceavocats.fr\/it\/posso-rifiutare-unofferta-di-pole-emploi\/","og_site_name":"Soci\u00e9t\u00e9 d&#039;avocats Damy","article_publisher":"https:\/\/www.facebook.com\/niceavocats.fr\/","article_published_time":"2012-05-16T13:37:47+00:00","article_modified_time":"2023-09-01T11:14:11+00:00","og_image":[{"width":1280,"height":853,"url":"https:\/\/gregorydamy.niceavocats.fr\/wp-content\/uploads\/2012\/05\/student-849825_1280-2.jpg","type":"image\/jpeg"}],"author":"Kevin","twitter_card":"summary_large_image","twitter_misc":{"Scritto da":"Kevin","Tempo di lettura stimato":"3 minuti"},"schema":{"@context":"https:\/\/schema.org","@graph":[{"@type":"Article","@id":"https:\/\/gregorydamy.niceavocats.fr\/it\/posso-rifiutare-unofferta-di-pole-emploi\/#article","isPartOf":{"@id":"https:\/\/gregorydamy.niceavocats.fr\/it\/posso-rifiutare-unofferta-di-pole-emploi\/"},"author":{"name":"Kevin","@id":"https:\/\/gregorydamy.niceavocats.fr\/it\/#\/schema\/person\/e040acb2856efaa1e114d0e7a92a3870"},"headline":"Posso rifiutare un&#8217;offerta di P\u00f4le Emploi?","datePublished":"2012-05-16T13:37:47+00:00","dateModified":"2023-09-01T11:14:11+00:00","mainEntityOfPage":{"@id":"https:\/\/gregorydamy.niceavocats.fr\/it\/posso-rifiutare-unofferta-di-pole-emploi\/"},"wordCount":764,"commentCount":0,"publisher":{"@id":"https:\/\/gregorydamy.niceavocats.fr\/it\/#organization"},"image":{"@id":"https:\/\/gregorydamy.niceavocats.fr\/it\/posso-rifiutare-unofferta-di-pole-emploi\/#primaryimage"},"thumbnailUrl":"https:\/\/gregorydamy.niceavocats.fr\/wp-content\/uploads\/2012\/05\/student-849825_1280-2.jpg","articleSection":["Diritto del lavoro"],"inLanguage":"it-IT","potentialAction":[{"@type":"CommentAction","name":"Comment","target":["https:\/\/gregorydamy.niceavocats.fr\/it\/posso-rifiutare-unofferta-di-pole-emploi\/#respond"]}]},{"@type":"WebPage","@id":"https:\/\/gregorydamy.niceavocats.fr\/it\/posso-rifiutare-unofferta-di-pole-emploi\/","url":"https:\/\/gregorydamy.niceavocats.fr\/it\/posso-rifiutare-unofferta-di-pole-emploi\/","name":"Posso rifiutare un'offerta di P\u00f4le Emploi? - Soci\u00e9t\u00e9 d&#039;avocats Damy","isPartOf":{"@id":"https:\/\/gregorydamy.niceavocats.fr\/it\/#website"},"primaryImageOfPage":{"@id":"https:\/\/gregorydamy.niceavocats.fr\/it\/posso-rifiutare-unofferta-di-pole-emploi\/#primaryimage"},"image":{"@id":"https:\/\/gregorydamy.niceavocats.fr\/it\/posso-rifiutare-unofferta-di-pole-emploi\/#primaryimage"},"thumbnailUrl":"https:\/\/gregorydamy.niceavocats.fr\/wp-content\/uploads\/2012\/05\/student-849825_1280-2.jpg","datePublished":"2012-05-16T13:37:47+00:00","dateModified":"2023-09-01T11:14:11+00:00","description":"Posso rifiutare un'offerta di P\u00f4le Emploi? 6.429.900 persone sono attualmente disoccupate in Francia, di cui 6.099.700","breadcrumb":{"@id":"https:\/\/gregorydamy.niceavocats.fr\/it\/posso-rifiutare-unofferta-di-pole-emploi\/#breadcrumb"},"inLanguage":"it-IT","potentialAction":[{"@type":"ReadAction","target":["https:\/\/gregorydamy.niceavocats.fr\/it\/posso-rifiutare-unofferta-di-pole-emploi\/"]}]},{"@type":"ImageObject","inLanguage":"it-IT","@id":"https:\/\/gregorydamy.niceavocats.fr\/it\/posso-rifiutare-unofferta-di-pole-emploi\/#primaryimage","url":"https:\/\/gregorydamy.niceavocats.fr\/wp-content\/uploads\/2012\/05\/student-849825_1280-2.jpg","contentUrl":"https:\/\/gregorydamy.niceavocats.fr\/wp-content\/uploads\/2012\/05\/student-849825_1280-2.jpg","width":1280,"height":853,"caption":"Puis-je refuser une offre de P\u00f4le Emploi ?"},{"@type":"BreadcrumbList","@id":"https:\/\/gregorydamy.niceavocats.fr\/it\/posso-rifiutare-unofferta-di-pole-emploi\/#breadcrumb","itemListElement":[{"@type":"ListItem","position":1,"name":"Accueil","item":"https:\/\/gregorydamy.niceavocats.fr\/it\/"},{"@type":"ListItem","position":2,"name":"Posso rifiutare un&rsquo;offerta di P\u00f4le Emploi?"}]},{"@type":"WebSite","@id":"https:\/\/gregorydamy.niceavocats.fr\/it\/#website","url":"https:\/\/gregorydamy.niceavocats.fr\/it\/","name":"Soci\u00e9t\u00e9 d&#039;avocats Damy","description":"Justice - Confiance - Efficacit\u00e9","publisher":{"@id":"https:\/\/gregorydamy.niceavocats.fr\/it\/#organization"},"potentialAction":[{"@type":"SearchAction","target":{"@type":"EntryPoint","urlTemplate":"https:\/\/gregorydamy.niceavocats.fr\/it\/?s={search_term_string}"},"query-input":{"@type":"PropertyValueSpecification","valueRequired":true,"valueName":"search_term_string"}}],"inLanguage":"it-IT"},{"@type":"Organization","@id":"https:\/\/gregorydamy.niceavocats.fr\/it\/#organization","name":"Soci\u00e9t\u00e9 d'Avocats DAMY","alternateName":"Gr\u00e9gory DAMY","url":"https:\/\/gregorydamy.niceavocats.fr\/it\/","logo":{"@type":"ImageObject","inLanguage":"it-IT","@id":"https:\/\/gregorydamy.niceavocats.fr\/it\/#\/schema\/logo\/image\/","url":"https:\/\/gregorydamy.niceavocats.fr\/wp-content\/uploads\/2023\/04\/damylogo-1.png","contentUrl":"https:\/\/gregorydamy.niceavocats.fr\/wp-content\/uploads\/2023\/04\/damylogo-1.png","width":1890,"height":1417,"caption":"Soci\u00e9t\u00e9 d'Avocats DAMY"},"image":{"@id":"https:\/\/gregorydamy.niceavocats.fr\/it\/#\/schema\/logo\/image\/"},"sameAs":["https:\/\/www.facebook.com\/niceavocats.fr\/"]},{"@type":"Person","@id":"https:\/\/gregorydamy.niceavocats.fr\/it\/#\/schema\/person\/e040acb2856efaa1e114d0e7a92a3870","name":"Kevin","url":"https:\/\/gregorydamy.niceavocats.fr\/it\/author\/kevin\/"}]}},"_links":{"self":[{"href":"https:\/\/gregorydamy.niceavocats.fr\/it\/wp-json\/wp\/v2\/posts\/4665","targetHints":{"allow":["GET"]}}],"collection":[{"href":"https:\/\/gregorydamy.niceavocats.fr\/it\/wp-json\/wp\/v2\/posts"}],"about":[{"href":"https:\/\/gregorydamy.niceavocats.fr\/it\/wp-json\/wp\/v2\/types\/post"}],"author":[{"embeddable":true,"href":"https:\/\/gregorydamy.niceavocats.fr\/it\/wp-json\/wp\/v2\/users\/2"}],"replies":[{"embeddable":true,"href":"https:\/\/gregorydamy.niceavocats.fr\/it\/wp-json\/wp\/v2\/comments?post=4665"}],"version-history":[{"count":0,"href":"https:\/\/gregorydamy.niceavocats.fr\/it\/wp-json\/wp\/v2\/posts\/4665\/revisions"}],"wp:featuredmedia":[{"embeddable":true,"href":"https:\/\/gregorydamy.niceavocats.fr\/it\/wp-json\/wp\/v2\/media\/36462"}],"wp:attachment":[{"href":"https:\/\/gregorydamy.niceavocats.fr\/it\/wp-json\/wp\/v2\/media?parent=4665"}],"wp:term":[{"taxonomy":"category","embeddable":true,"href":"https:\/\/gregorydamy.niceavocats.fr\/it\/wp-json\/wp\/v2\/categories?post=4665"},{"taxonomy":"post_tag","embeddable":true,"href":"https:\/\/gregorydamy.niceavocats.fr\/it\/wp-json\/wp\/v2\/tags?post=4665"}],"curies":[{"name":"wp","href":"https:\/\/api.w.org\/{rel}","templated":true}]}}