{"id":4498,"date":"2012-05-22T07:40:21","date_gmt":"2012-05-22T07:40:21","guid":{"rendered":"https:\/\/gregorydamy.niceavocats.fr\/?p=4498"},"modified":"2023-08-28T05:33:47","modified_gmt":"2023-08-28T05:33:47","slug":"smistamento-dei-rifiuti","status":"publish","type":"post","link":"https:\/\/gregorydamy.niceavocats.fr\/it\/smistamento-dei-rifiuti\/","title":{"rendered":"Sono obbligato a differenziare i miei rifiuti?"},"content":{"rendered":"<p>[et_pb_section fb_built=&#8221;1&#8243; admin_label=&#8221;section&#8221; _builder_version=&#8221;4.19.5&#8243; custom_margin=&#8221;||0px||false|false&#8221; custom_padding=&#8221;||0px||false|false&#8221; locked=&#8221;off&#8221; global_colors_info=&#8221;{}&#8221;][et_pb_row column_structure=&#8221;1_3,1_3,1_3&#8243; _builder_version=&#8221;4.19.5&#8243; _module_preset=&#8221;default&#8221; background_enable_mask_style=&#8221;on&#8221; background_mask_style=&#8221;wave&#8221; background_mask_color=&#8221;rgba(0,0,0,0.08)&#8221; custom_padding=&#8221;||6px|||&#8221; locked=&#8221;off&#8221; global_colors_info=&#8221;{}&#8221;][et_pb_column type=&#8221;1_3&#8243; _builder_version=&#8221;4.19.5&#8243; _module_preset=&#8221;default&#8221; global_colors_info=&#8221;{}&#8221;][\/et_pb_column][et_pb_column type=&#8221;1_3&#8243; _builder_version=&#8221;4.19.5&#8243; _module_preset=&#8221;default&#8221; global_colors_info=&#8221;{}&#8221;][\/et_pb_column][et_pb_column type=&#8221;1_3&#8243; _builder_version=&#8221;4.19.5&#8243; _module_preset=&#8221;default&#8221; global_colors_info=&#8221;{}&#8221;][et_pb_circle_counter title=&#8221;Tempo di lettura stimato (in minuti)&#8221; number=&#8221;2&#8243; percent_sign=&#8221;off&#8221; _builder_version=&#8221;4.19.5&#8243; _module_preset=&#8221;default&#8221; title_font=&#8221;Amiri||||||||&#8221; max_width=&#8221;137px&#8221; global_colors_info=&#8221;{}&#8221;][\/et_pb_circle_counter][\/et_pb_column][\/et_pb_row][et_pb_row _builder_version=&#8221;4.19.5&#8243; _module_preset=&#8221;default&#8221; custom_margin=&#8221;||0px||false|false&#8221; custom_padding=&#8221;||0px||false|false&#8221; global_colors_info=&#8221;{}&#8221;][et_pb_column type=&#8221;4_4&#8243; _builder_version=&#8221;4.19.5&#8243; _module_preset=&#8221;default&#8221; global_colors_info=&#8221;{}&#8221;][et_pb_divider _builder_version=&#8221;4.19.5&#8243; _module_preset=&#8221;default&#8221; global_colors_info=&#8221;{}&#8221;][\/et_pb_divider][\/et_pb_column][\/et_pb_row][et_pb_row admin_label=&#8221;row&#8221; _builder_version=&#8221;4.16&#8243; background_size=&#8221;initial&#8221; background_position=&#8221;top_left&#8221; background_repeat=&#8221;repeat&#8221; global_colors_info=&#8221;{}&#8221;][et_pb_column type=&#8221;4_4&#8243; _builder_version=&#8221;4.16&#8243; custom_padding=&#8221;|||&#8221; global_colors_info=&#8221;{}&#8221; custom_padding__hover=&#8221;|||&#8221;][et_pb_image src=&#8221;https:\/\/gregorydamy.niceavocats.fr\/wp-content\/uploads\/2012\/05\/download-3.jpg&#8221; title_text=&#8221;download (3)&#8221; _builder_version=&#8221;4.21.0&#8243; _module_preset=&#8221;default&#8221; global_colors_info=&#8221;{}&#8221;][\/et_pb_image][et_pb_text admin_label=&#8221;Text&#8221; _builder_version=&#8221;4.21.0&#8243; text_font=&#8221;Amiri||||||||&#8221; header_2_font=&#8221;Amiri||||||||&#8221; header_3_font=&#8221;Amiri||||||||&#8221; background_size=&#8221;initial&#8221; background_position=&#8221;top_left&#8221; background_repeat=&#8221;repeat&#8221; hover_enabled=&#8221;0&#8243; global_colors_info=&#8221;{}&#8221; sticky_enabled=&#8221;0&#8243;]<\/p>\n<div class=\"entry-content\">\n<p><a href=\"https:\/\/www.ecologie.gouv.fr\/tri-des-dechets\"><span>La raccolta differenziata<\/span><\/a><span>\u00a0\u00a0\u00a0fa parte della nostra vita quotidiana, ma \u00e8 obbligatoria?\u00a0Possiamo essere sanzionati se gettiamo batterie, un divano sulla pubblica via?<\/span><\/p>\n<h2><span>RIFIUTI DOMESTICI<\/span><\/h2>\n<p><span>I rifiuti domestici, qualunque sia il loro imballaggio, sono soggetti a raccolta differenziata.\u00a0Lo prevede un regolamento sanitario dipartimentale.\u00a0Sono quindi previste disposizioni diverse in ogni citt\u00e0 con l&#8217;istituzione di contenitori colorati per la raccolta differenziata dei rifiuti.\u00a0Alcuni prodotti, come le bombolette spray, possono essere riciclati, altri, come i solventi, no.\u00a0I cittadini dovrebbero rispettare questo ordinamento ma senza minaccia di sanzioni.\u00a0Le autorit\u00e0 pubbliche contano sulla buona cittadinanza di tutti.\u00a0\u00c8 comunque vietato gettare oggetti ingombranti, come mobili, sulla pubblica via.\u00a0Rischi una multa di 150 euro.<\/span><\/p>\n<h2><span>RIFIUTI DI APPARECCHIATURE ELETTRICHE ED ELETTRONICHE<\/span><\/h2>\n<p><span>Dal 2006 \u00e8 vietato depositarli nella natura e nemmeno nei bidoni della spazzatura.\u00a0Rischiamo una multa di 150 euro, e 1500 euro se trasportiamo l&#8217;oggetto in auto.\u00a0Alcune apparecchiature, infatti, possono contenere prodotti molto pericolosi come il mercurio.\u00a0Dobbiamo quindi portarli al centro di riciclaggio, oppure al negozio se acquistiamo un dispositivo dello stesso tipo.<\/span><\/p>\n<h2><span>BATTERIE E ACCUMULATORI<\/span><\/h2>\n<p><span>Dal 2009 vieta lo smaltimento di batterie e accumulatori usati perch\u00e9 contengono componenti tossici.\u00a0Rischi una multa di 150 euro se vieni sorpreso a gettarli nella spazzatura o per strada.\u00a0Dovranno quindi essere restituiti al centro di riciclaggio o ad un distributore di pile o accumulatori.\u00a0Il distributore ha l&#8217;obbligo di ritiro e riciclaggio.\u00a0Se non la rispetta, incorre in una multa di 450 euro.<\/span><\/p>\n<p><span>Soci\u00e9t\u00e9 d&#8217;Avocats\u00a0\u00a0\u00a0<\/span><a href=\"https:\/\/gregorydamy.niceavocats.fr\/notre-equipe\/\"><span>DAMY<\/span><\/a><span>\u00a0\u00a0, Nizza, Sono obbligato a fare la raccolta differenziata?, Aggiornamento 2022<\/span><\/p>\n<\/div>\n<p>[\/et_pb_text][\/et_pb_column][\/et_pb_row][et_pb_row _builder_version=&#8221;4.19.5&#8243; _module_preset=&#8221;default&#8221; custom_margin=&#8221;||0px||false|false&#8221; custom_padding=&#8221;||0px||false|false&#8221; global_colors_info=&#8221;{}&#8221;][et_pb_column type=&#8221;4_4&#8243; _builder_version=&#8221;4.19.5&#8243; _module_preset=&#8221;default&#8221; global_colors_info=&#8221;{}&#8221;][et_pb_divider _builder_version=&#8221;4.19.5&#8243; _module_preset=&#8221;default&#8221; global_colors_info=&#8221;{}&#8221;][\/et_pb_divider][\/et_pb_column][\/et_pb_row][\/et_pb_section]<\/p>\n","protected":false},"excerpt":{"rendered":"<p>La raccolta differenziata\u00a0\u00a0\u00a0fa parte della nostra vita quotidiana, ma \u00e8 obbligatoria?\u00a0Possiamo essere sanzionati se gettiamo batterie, un divano sulla pubblica via? RIFIUTI DOMESTICI I rifiuti domestici, qualunque sia il loro imballaggio, sono soggetti a raccolta differenziata.\u00a0Lo prevede un regolamento sanitario dipartimentale.\u00a0Sono quindi previste disposizioni diverse in ogni citt\u00e0 con l&#8217;istituzione di contenitori colorati per la [&hellip;]<\/p>\n","protected":false},"author":2,"featured_media":0,"comment_status":"open","ping_status":"open","sticky":false,"template":"","format":"standard","meta":{"_et_pb_use_builder":"on","_et_pb_old_content":"","_et_gb_content_width":"","footnotes":""},"categories":[293],"tags":[],"class_list":["post-4498","post","type-post","status-publish","format-standard","hentry","category-diritto-civile"],"yoast_head":"<!-- This site is optimized with the Yoast SEO plugin v26.8 - https:\/\/yoast.com\/product\/yoast-seo-wordpress\/ -->\n<title>Sono obbligato a differenziare i miei rifiuti? - Soci\u00e9t\u00e9 d&#039;avocats Damy<\/title>\n<meta name=\"description\" content=\"smistamento dei rifiuti La raccolta differenziata fa parte della nostra quotidianit\u00e0 , ma \u00e8 obbligatoria? Si pu\u00f2 essere sanzionati se\" \/>\n<meta name=\"robots\" content=\"index, follow, max-snippet:-1, max-image-preview:large, max-video-preview:-1\" \/>\n<link rel=\"canonical\" href=\"https:\/\/gregorydamy.niceavocats.fr\/it\/smistamento-dei-rifiuti\/\" \/>\n<meta property=\"og:locale\" content=\"it_IT\" \/>\n<meta property=\"og:type\" content=\"article\" \/>\n<meta property=\"og:title\" content=\"Sono obbligato a differenziare i miei rifiuti? - Soci\u00e9t\u00e9 d&#039;avocats Damy\" \/>\n<meta property=\"og:description\" content=\"smistamento dei rifiuti La raccolta differenziata fa parte della nostra quotidianit\u00e0 , ma \u00e8 obbligatoria? Si pu\u00f2 essere sanzionati se\" \/>\n<meta property=\"og:url\" content=\"https:\/\/gregorydamy.niceavocats.fr\/it\/smistamento-dei-rifiuti\/\" \/>\n<meta property=\"og:site_name\" content=\"Soci\u00e9t\u00e9 d&#039;avocats Damy\" \/>\n<meta property=\"article:publisher\" content=\"https:\/\/www.facebook.com\/niceavocats.fr\/\" \/>\n<meta property=\"article:published_time\" content=\"2012-05-22T07:40:21+00:00\" \/>\n<meta property=\"article:modified_time\" content=\"2023-08-28T05:33:47+00:00\" \/>\n<meta name=\"author\" content=\"Kevin\" \/>\n<meta name=\"twitter:card\" content=\"summary_large_image\" \/>\n<meta name=\"twitter:label1\" content=\"Scritto da\" \/>\n\t<meta name=\"twitter:data1\" content=\"Kevin\" \/>\n\t<meta name=\"twitter:label2\" content=\"Tempo di lettura stimato\" \/>\n\t<meta name=\"twitter:data2\" content=\"2 minuti\" \/>\n<script type=\"application\/ld+json\" class=\"yoast-schema-graph\">{\"@context\":\"https:\/\/schema.org\",\"@graph\":[{\"@type\":\"Article\",\"@id\":\"https:\/\/gregorydamy.niceavocats.fr\/it\/smistamento-dei-rifiuti\/#article\",\"isPartOf\":{\"@id\":\"https:\/\/gregorydamy.niceavocats.fr\/it\/smistamento-dei-rifiuti\/\"},\"author\":{\"name\":\"Kevin\",\"@id\":\"https:\/\/gregorydamy.niceavocats.fr\/it\/#\/schema\/person\/e040acb2856efaa1e114d0e7a92a3870\"},\"headline\":\"Sono obbligato a differenziare i miei rifiuti?\",\"datePublished\":\"2012-05-22T07:40:21+00:00\",\"dateModified\":\"2023-08-28T05:33:47+00:00\",\"mainEntityOfPage\":{\"@id\":\"https:\/\/gregorydamy.niceavocats.fr\/it\/smistamento-dei-rifiuti\/\"},\"wordCount\":607,\"commentCount\":0,\"publisher\":{\"@id\":\"https:\/\/gregorydamy.niceavocats.fr\/it\/#organization\"},\"articleSection\":[\"Diritto civile\"],\"inLanguage\":\"it-IT\",\"potentialAction\":[{\"@type\":\"CommentAction\",\"name\":\"Comment\",\"target\":[\"https:\/\/gregorydamy.niceavocats.fr\/it\/smistamento-dei-rifiuti\/#respond\"]}]},{\"@type\":\"WebPage\",\"@id\":\"https:\/\/gregorydamy.niceavocats.fr\/it\/smistamento-dei-rifiuti\/\",\"url\":\"https:\/\/gregorydamy.niceavocats.fr\/it\/smistamento-dei-rifiuti\/\",\"name\":\"Sono obbligato a differenziare i miei rifiuti? - Soci\u00e9t\u00e9 d&#039;avocats Damy\",\"isPartOf\":{\"@id\":\"https:\/\/gregorydamy.niceavocats.fr\/it\/#website\"},\"datePublished\":\"2012-05-22T07:40:21+00:00\",\"dateModified\":\"2023-08-28T05:33:47+00:00\",\"description\":\"smistamento dei rifiuti La raccolta differenziata fa parte della nostra quotidianit\u00e0 , ma \u00e8 obbligatoria? Si pu\u00f2 essere sanzionati se\",\"breadcrumb\":{\"@id\":\"https:\/\/gregorydamy.niceavocats.fr\/it\/smistamento-dei-rifiuti\/#breadcrumb\"},\"inLanguage\":\"it-IT\",\"potentialAction\":[{\"@type\":\"ReadAction\",\"target\":[\"https:\/\/gregorydamy.niceavocats.fr\/it\/smistamento-dei-rifiuti\/\"]}]},{\"@type\":\"BreadcrumbList\",\"@id\":\"https:\/\/gregorydamy.niceavocats.fr\/it\/smistamento-dei-rifiuti\/#breadcrumb\",\"itemListElement\":[{\"@type\":\"ListItem\",\"position\":1,\"name\":\"Accueil\",\"item\":\"https:\/\/gregorydamy.niceavocats.fr\/it\/\"},{\"@type\":\"ListItem\",\"position\":2,\"name\":\"Sono obbligato a differenziare i miei rifiuti?\"}]},{\"@type\":\"WebSite\",\"@id\":\"https:\/\/gregorydamy.niceavocats.fr\/it\/#website\",\"url\":\"https:\/\/gregorydamy.niceavocats.fr\/it\/\",\"name\":\"Soci\u00e9t\u00e9 d&#039;avocats Damy\",\"description\":\"Justice - Confiance - Efficacit\u00e9\",\"publisher\":{\"@id\":\"https:\/\/gregorydamy.niceavocats.fr\/it\/#organization\"},\"potentialAction\":[{\"@type\":\"SearchAction\",\"target\":{\"@type\":\"EntryPoint\",\"urlTemplate\":\"https:\/\/gregorydamy.niceavocats.fr\/it\/?s={search_term_string}\"},\"query-input\":{\"@type\":\"PropertyValueSpecification\",\"valueRequired\":true,\"valueName\":\"search_term_string\"}}],\"inLanguage\":\"it-IT\"},{\"@type\":\"Organization\",\"@id\":\"https:\/\/gregorydamy.niceavocats.fr\/it\/#organization\",\"name\":\"Soci\u00e9t\u00e9 d'Avocats DAMY\",\"alternateName\":\"Gr\u00e9gory DAMY\",\"url\":\"https:\/\/gregorydamy.niceavocats.fr\/it\/\",\"logo\":{\"@type\":\"ImageObject\",\"inLanguage\":\"it-IT\",\"@id\":\"https:\/\/gregorydamy.niceavocats.fr\/it\/#\/schema\/logo\/image\/\",\"url\":\"https:\/\/gregorydamy.niceavocats.fr\/wp-content\/uploads\/2023\/04\/damylogo-1.png\",\"contentUrl\":\"https:\/\/gregorydamy.niceavocats.fr\/wp-content\/uploads\/2023\/04\/damylogo-1.png\",\"width\":1890,\"height\":1417,\"caption\":\"Soci\u00e9t\u00e9 d'Avocats DAMY\"},\"image\":{\"@id\":\"https:\/\/gregorydamy.niceavocats.fr\/it\/#\/schema\/logo\/image\/\"},\"sameAs\":[\"https:\/\/www.facebook.com\/niceavocats.fr\/\"]},{\"@type\":\"Person\",\"@id\":\"https:\/\/gregorydamy.niceavocats.fr\/it\/#\/schema\/person\/e040acb2856efaa1e114d0e7a92a3870\",\"name\":\"Kevin\",\"url\":\"https:\/\/gregorydamy.niceavocats.fr\/it\/author\/kevin\/\"}]}<\/script>\n<!-- \/ Yoast SEO plugin. -->","yoast_head_json":{"title":"Sono obbligato a differenziare i miei rifiuti? - Soci\u00e9t\u00e9 d&#039;avocats Damy","description":"smistamento dei rifiuti La raccolta differenziata fa parte della nostra quotidianit\u00e0 , ma \u00e8 obbligatoria? Si pu\u00f2 essere sanzionati se","robots":{"index":"index","follow":"follow","max-snippet":"max-snippet:-1","max-image-preview":"max-image-preview:large","max-video-preview":"max-video-preview:-1"},"canonical":"https:\/\/gregorydamy.niceavocats.fr\/it\/smistamento-dei-rifiuti\/","og_locale":"it_IT","og_type":"article","og_title":"Sono obbligato a differenziare i miei rifiuti? - Soci\u00e9t\u00e9 d&#039;avocats Damy","og_description":"smistamento dei rifiuti La raccolta differenziata fa parte della nostra quotidianit\u00e0 , ma \u00e8 obbligatoria? Si pu\u00f2 essere sanzionati se","og_url":"https:\/\/gregorydamy.niceavocats.fr\/it\/smistamento-dei-rifiuti\/","og_site_name":"Soci\u00e9t\u00e9 d&#039;avocats Damy","article_publisher":"https:\/\/www.facebook.com\/niceavocats.fr\/","article_published_time":"2012-05-22T07:40:21+00:00","article_modified_time":"2023-08-28T05:33:47+00:00","author":"Kevin","twitter_card":"summary_large_image","twitter_misc":{"Scritto da":"Kevin","Tempo di lettura stimato":"2 minuti"},"schema":{"@context":"https:\/\/schema.org","@graph":[{"@type":"Article","@id":"https:\/\/gregorydamy.niceavocats.fr\/it\/smistamento-dei-rifiuti\/#article","isPartOf":{"@id":"https:\/\/gregorydamy.niceavocats.fr\/it\/smistamento-dei-rifiuti\/"},"author":{"name":"Kevin","@id":"https:\/\/gregorydamy.niceavocats.fr\/it\/#\/schema\/person\/e040acb2856efaa1e114d0e7a92a3870"},"headline":"Sono obbligato a differenziare i miei rifiuti?","datePublished":"2012-05-22T07:40:21+00:00","dateModified":"2023-08-28T05:33:47+00:00","mainEntityOfPage":{"@id":"https:\/\/gregorydamy.niceavocats.fr\/it\/smistamento-dei-rifiuti\/"},"wordCount":607,"commentCount":0,"publisher":{"@id":"https:\/\/gregorydamy.niceavocats.fr\/it\/#organization"},"articleSection":["Diritto civile"],"inLanguage":"it-IT","potentialAction":[{"@type":"CommentAction","name":"Comment","target":["https:\/\/gregorydamy.niceavocats.fr\/it\/smistamento-dei-rifiuti\/#respond"]}]},{"@type":"WebPage","@id":"https:\/\/gregorydamy.niceavocats.fr\/it\/smistamento-dei-rifiuti\/","url":"https:\/\/gregorydamy.niceavocats.fr\/it\/smistamento-dei-rifiuti\/","name":"Sono obbligato a differenziare i miei rifiuti? - Soci\u00e9t\u00e9 d&#039;avocats Damy","isPartOf":{"@id":"https:\/\/gregorydamy.niceavocats.fr\/it\/#website"},"datePublished":"2012-05-22T07:40:21+00:00","dateModified":"2023-08-28T05:33:47+00:00","description":"smistamento dei rifiuti La raccolta differenziata fa parte della nostra quotidianit\u00e0 , ma \u00e8 obbligatoria? Si pu\u00f2 essere sanzionati se","breadcrumb":{"@id":"https:\/\/gregorydamy.niceavocats.fr\/it\/smistamento-dei-rifiuti\/#breadcrumb"},"inLanguage":"it-IT","potentialAction":[{"@type":"ReadAction","target":["https:\/\/gregorydamy.niceavocats.fr\/it\/smistamento-dei-rifiuti\/"]}]},{"@type":"BreadcrumbList","@id":"https:\/\/gregorydamy.niceavocats.fr\/it\/smistamento-dei-rifiuti\/#breadcrumb","itemListElement":[{"@type":"ListItem","position":1,"name":"Accueil","item":"https:\/\/gregorydamy.niceavocats.fr\/it\/"},{"@type":"ListItem","position":2,"name":"Sono obbligato a differenziare i miei rifiuti?"}]},{"@type":"WebSite","@id":"https:\/\/gregorydamy.niceavocats.fr\/it\/#website","url":"https:\/\/gregorydamy.niceavocats.fr\/it\/","name":"Soci\u00e9t\u00e9 d&#039;avocats Damy","description":"Justice - Confiance - Efficacit\u00e9","publisher":{"@id":"https:\/\/gregorydamy.niceavocats.fr\/it\/#organization"},"potentialAction":[{"@type":"SearchAction","target":{"@type":"EntryPoint","urlTemplate":"https:\/\/gregorydamy.niceavocats.fr\/it\/?s={search_term_string}"},"query-input":{"@type":"PropertyValueSpecification","valueRequired":true,"valueName":"search_term_string"}}],"inLanguage":"it-IT"},{"@type":"Organization","@id":"https:\/\/gregorydamy.niceavocats.fr\/it\/#organization","name":"Soci\u00e9t\u00e9 d'Avocats DAMY","alternateName":"Gr\u00e9gory DAMY","url":"https:\/\/gregorydamy.niceavocats.fr\/it\/","logo":{"@type":"ImageObject","inLanguage":"it-IT","@id":"https:\/\/gregorydamy.niceavocats.fr\/it\/#\/schema\/logo\/image\/","url":"https:\/\/gregorydamy.niceavocats.fr\/wp-content\/uploads\/2023\/04\/damylogo-1.png","contentUrl":"https:\/\/gregorydamy.niceavocats.fr\/wp-content\/uploads\/2023\/04\/damylogo-1.png","width":1890,"height":1417,"caption":"Soci\u00e9t\u00e9 d'Avocats DAMY"},"image":{"@id":"https:\/\/gregorydamy.niceavocats.fr\/it\/#\/schema\/logo\/image\/"},"sameAs":["https:\/\/www.facebook.com\/niceavocats.fr\/"]},{"@type":"Person","@id":"https:\/\/gregorydamy.niceavocats.fr\/it\/#\/schema\/person\/e040acb2856efaa1e114d0e7a92a3870","name":"Kevin","url":"https:\/\/gregorydamy.niceavocats.fr\/it\/author\/kevin\/"}]}},"_links":{"self":[{"href":"https:\/\/gregorydamy.niceavocats.fr\/it\/wp-json\/wp\/v2\/posts\/4498","targetHints":{"allow":["GET"]}}],"collection":[{"href":"https:\/\/gregorydamy.niceavocats.fr\/it\/wp-json\/wp\/v2\/posts"}],"about":[{"href":"https:\/\/gregorydamy.niceavocats.fr\/it\/wp-json\/wp\/v2\/types\/post"}],"author":[{"embeddable":true,"href":"https:\/\/gregorydamy.niceavocats.fr\/it\/wp-json\/wp\/v2\/users\/2"}],"replies":[{"embeddable":true,"href":"https:\/\/gregorydamy.niceavocats.fr\/it\/wp-json\/wp\/v2\/comments?post=4498"}],"version-history":[{"count":0,"href":"https:\/\/gregorydamy.niceavocats.fr\/it\/wp-json\/wp\/v2\/posts\/4498\/revisions"}],"wp:attachment":[{"href":"https:\/\/gregorydamy.niceavocats.fr\/it\/wp-json\/wp\/v2\/media?parent=4498"}],"wp:term":[{"taxonomy":"category","embeddable":true,"href":"https:\/\/gregorydamy.niceavocats.fr\/it\/wp-json\/wp\/v2\/categories?post=4498"},{"taxonomy":"post_tag","embeddable":true,"href":"https:\/\/gregorydamy.niceavocats.fr\/it\/wp-json\/wp\/v2\/tags?post=4498"}],"curies":[{"name":"wp","href":"https:\/\/api.w.org\/{rel}","templated":true}]}}