{"id":4191,"date":"2012-07-12T08:49:09","date_gmt":"2012-07-12T08:49:09","guid":{"rendered":"https:\/\/gregorydamy.niceavocats.fr\/?p=4191"},"modified":"2023-08-31T07:23:13","modified_gmt":"2023-08-31T07:23:13","slug":"aggiornamenti-sul-salario-minimo","status":"publish","type":"post","link":"https:\/\/gregorydamy.niceavocats.fr\/it\/aggiornamenti-sul-salario-minimo\/","title":{"rendered":"Aggiornamenti sul salario minimo"},"content":{"rendered":"<p>[et_pb_section fb_built=&#8221;1&#8243; admin_label=&#8221;section&#8221; _builder_version=&#8221;4.19.5&#8243; custom_margin=&#8221;||0px||false|false&#8221; custom_padding=&#8221;||0px||false|false&#8221; locked=&#8221;off&#8221; global_colors_info=&#8221;{}&#8221;][et_pb_row column_structure=&#8221;1_3,1_3,1_3&#8243; _builder_version=&#8221;4.19.5&#8243; _module_preset=&#8221;default&#8221; background_enable_mask_style=&#8221;on&#8221; background_mask_style=&#8221;wave&#8221; background_mask_color=&#8221;rgba(0,0,0,0.08)&#8221; custom_padding=&#8221;||6px|||&#8221; locked=&#8221;off&#8221; global_colors_info=&#8221;{}&#8221;][et_pb_column type=&#8221;1_3&#8243; _builder_version=&#8221;4.19.5&#8243; _module_preset=&#8221;default&#8221; global_colors_info=&#8221;{}&#8221;][\/et_pb_column][et_pb_column type=&#8221;1_3&#8243; _builder_version=&#8221;4.19.5&#8243; _module_preset=&#8221;default&#8221; global_colors_info=&#8221;{}&#8221;][\/et_pb_column][et_pb_column type=&#8221;1_3&#8243; _builder_version=&#8221;4.19.5&#8243; _module_preset=&#8221;default&#8221; global_colors_info=&#8221;{}&#8221;][et_pb_circle_counter title=&#8221; Temps de lecture estim\u00e9 (en minutes)&#8221; number=&#8221;2&#8243; percent_sign=&#8221;off&#8221; _builder_version=&#8221;4.19.5&#8243; _module_preset=&#8221;default&#8221; title_font=&#8221;Amiri||||||||&#8221; max_width=&#8221;137px&#8221; global_colors_info=&#8221;{}&#8221;][\/et_pb_circle_counter][\/et_pb_column][\/et_pb_row][et_pb_row _builder_version=&#8221;4.19.5&#8243; _module_preset=&#8221;default&#8221; custom_margin=&#8221;||0px||false|false&#8221; custom_padding=&#8221;||0px||false|false&#8221; global_colors_info=&#8221;{}&#8221;][et_pb_column type=&#8221;4_4&#8243; _builder_version=&#8221;4.19.5&#8243; _module_preset=&#8221;default&#8221; global_colors_info=&#8221;{}&#8221;][et_pb_divider _builder_version=&#8221;4.19.5&#8243; _module_preset=&#8221;default&#8221; global_colors_info=&#8221;{}&#8221;][\/et_pb_divider][\/et_pb_column][\/et_pb_row][et_pb_row admin_label=&#8221;row&#8221; _builder_version=&#8221;4.16&#8243; background_size=&#8221;initial&#8221; background_position=&#8221;top_left&#8221; background_repeat=&#8221;repeat&#8221; global_colors_info=&#8221;{}&#8221;][et_pb_column type=&#8221;4_4&#8243; _builder_version=&#8221;4.16&#8243; custom_padding=&#8221;|||&#8221; global_colors_info=&#8221;{}&#8221; custom_padding__hover=&#8221;|||&#8221;][et_pb_image src=&#8221;https:\/\/gregorydamy.niceavocats.fr\/wp-content\/uploads\/2023\/08\/graph-5459687_1280-2.png&#8221; title_text=&#8221;graph-5459687_1280-2&#8243; _builder_version=&#8221;4.21.0&#8243; _module_preset=&#8221;default&#8221; hover_enabled=&#8221;0&#8243; global_colors_info=&#8221;{}&#8221; sticky_enabled=&#8221;0&#8243;][\/et_pb_image][et_pb_text admin_label=&#8221;Text&#8221; _builder_version=&#8221;4.21.0&#8243; text_font=&#8221;Amiri||||||||&#8221; header_2_font=&#8221;Amiri||||||||&#8221; header_3_font=&#8221;Amiri||||||||&#8221; background_size=&#8221;initial&#8221; background_position=&#8221;top_left&#8221; background_repeat=&#8221;repeat&#8221; hover_enabled=&#8221;0&#8243; global_colors_info=&#8221;{}&#8221; sticky_enabled=&#8221;0&#8243;]<\/p>\n<div class=\"entry-content\">\n<h2><span>Impatto dell&#8217;aumento del salario minimo su stipendi e stipendi<\/span><\/h2>\n<p><span>Il 1 luglio 2012, il salario minimo francese (\u00a0<\/span><a href=\"https:\/\/www.service-public.fr\/particuliers\/vosdroits\/F2300\"><span>SMIC<\/span><\/a><span>\u00a0) ha registrato un notevole aumento da 9,22 euro a 9,40 euro, con un aumento dell&#8217;1,95%.\u00a0<\/span><span class=\"\"><span>Questo aggiustamento ha implicazioni significative per i datori di lavoro, poich\u00e9 impone loro di aumentare i salari che altrimenti scendono al di sotto della soglia del salario minimo.\u00a0<\/span><\/span><span>Il salario minimo mensile di base per una normale settimana lavorativa di 35 ore \u00e8 di 1.425,67 euro.<\/span><\/p>\n<p><span>Questo cambiamento non riguarda solo i dipendenti regolari ma ha conseguenze anche sulla retribuzione degli apprendisti.\u00a0Tuttavia, ci\u00f2 non influisce sulle basi forfettarie del 2012.\u00a0Questo adeguamento deve essere preso in considerazione dal datore di lavoro nel calcolo dell&#8217;annualizzazione della riduzione Fillon 2012 e di alcune altre esenzioni.\u00a0Inoltre, il salario minimo garantito, noto come \u201csalario minimo convenzionale\u201d nel settore alberghi-bar-ristoranti, aumenta da 3,44 euro a 3,49 euro.\u00a0Questo aggiustamento \u00e8 particolarmente rilevante quando si valuta il beneficio in natura per gli alimenti in questo\u00a0\u00a0<\/span><span>settore\u00a0<\/span><span>\u00a0.<\/span><\/p>\n<h2><span>Aumento significativo del salario minimo per il 2022<\/span><\/h2>\n<p><span>Nel 2022, il salario minimo in Francia ha visto un\u00a0\u00a0<\/span><span>aumento sostanziale\u00a0<\/span><span>\u00a0, raggiungendo i 10,85 euro lordi l\u2019ora, ovvero 1.645,58 euro lordi mensili.\u00a0Questo aumento segna il maggiore aumento del salario minimo dal 2012. L&#8217;aggiustamento mira a migliorare la retribuzione dei lavoratori e far fronte all&#8217;aumento del costo della vita.<\/span><\/p>\n<p><span>Gli esperti di diritto del lavoro, come\u00a0<\/span><a href=\"https:\/\/gregorydamy.niceavocats.fr\/\"><span>Me Gr\u00e9gory DAMY<\/span><\/a><span>\u00a0, riconoscono l&#8217;importanza di questo sviluppo nel mercato del lavoro.\u00a0Sottolinea l\u2019impegno a garantire una retribuzione equa e riconosce il panorama economico in evoluzione.\u00a0L\u2019aumento del salario minimo mira ad aumentare gli standard di vita dei lavoratori e a promuovere l\u2019equit\u00e0 sociale.<\/span><\/p>\n<p><span>I datori di lavoro dovrebbero essere consapevoli di questi cambiamenti e garantire il rispetto delle tariffe salariali minime aggiornate.\u00a0<span class=\"VIpgJd-yAWNEb-VIpgJd-fmcmS-sn54Q\">Il rispetto di queste normative \u00e8 essenziale per mantenere pratiche di lavoro eque e legali e promuovere un ambiente di lavoro sano.<\/span><\/span><\/p>\n<p><span>Nel complesso, questi aggiustamenti del salario minimo riflettono gli sforzi continui per bilanciare i diritti dei dipendenti e le considerazioni economiche.\u00a0Le revisioni mirano ad affrontare le disparit\u00e0 di reddito e a migliorare il benessere finanziario dei lavoratori, contribuendo cos\u00ec a una societ\u00e0 pi\u00f9 equa.<\/span><\/p>\n<\/div>\n<p>[\/et_pb_text][\/et_pb_column][\/et_pb_row][et_pb_row _builder_version=&#8221;4.19.5&#8243; _module_preset=&#8221;default&#8221; custom_margin=&#8221;||0px||false|false&#8221; custom_padding=&#8221;||0px||false|false&#8221; global_colors_info=&#8221;{}&#8221;][et_pb_column type=&#8221;4_4&#8243; _builder_version=&#8221;4.19.5&#8243; _module_preset=&#8221;default&#8221; global_colors_info=&#8221;{}&#8221;][et_pb_divider _builder_version=&#8221;4.19.5&#8243; _module_preset=&#8221;default&#8221; global_colors_info=&#8221;{}&#8221;][\/et_pb_divider][\/et_pb_column][\/et_pb_row][\/et_pb_section]<\/p>\n","protected":false},"excerpt":{"rendered":"<p>Impatto dell&#8217;aumento del salario minimo su stipendi e stipendi Il 1 luglio 2012, il salario minimo francese (\u00a0SMIC\u00a0) ha registrato un notevole aumento da 9,22 euro a 9,40 euro, con un aumento dell&#8217;1,95%.\u00a0Questo aggiustamento ha implicazioni significative per i datori di lavoro, poich\u00e9 impone loro di aumentare i salari che altrimenti scendono al di sotto [&hellip;]<\/p>\n","protected":false},"author":2,"featured_media":0,"comment_status":"open","ping_status":"open","sticky":false,"template":"","format":"standard","meta":{"_et_pb_use_builder":"on","_et_pb_old_content":"","_et_gb_content_width":"","footnotes":""},"categories":[316],"tags":[],"class_list":["post-4191","post","type-post","status-publish","format-standard","hentry","category-diritto-del-lavoro"],"yoast_head":"<!-- This site is optimized with the Yoast SEO plugin v26.8 - https:\/\/yoast.com\/product\/yoast-seo-wordpress\/ -->\n<title>Aggiornamenti sul salario minimo - Soci\u00e9t\u00e9 d&#039;avocats Damy<\/title>\n<meta name=\"description\" content=\"Aggiornamenti sul salario minimo Il 1 luglio 2012, il salario minimo francese (SMIC) ha visto un notevole aumento da 9,22 euro a 9,40 euro,\" \/>\n<meta name=\"robots\" content=\"index, follow, max-snippet:-1, max-image-preview:large, max-video-preview:-1\" \/>\n<link rel=\"canonical\" href=\"https:\/\/gregorydamy.niceavocats.fr\/it\/aggiornamenti-sul-salario-minimo\/\" \/>\n<meta property=\"og:locale\" content=\"it_IT\" \/>\n<meta property=\"og:type\" content=\"article\" \/>\n<meta property=\"og:title\" content=\"Aggiornamenti sul salario minimo - Soci\u00e9t\u00e9 d&#039;avocats Damy\" \/>\n<meta property=\"og:description\" content=\"Aggiornamenti sul salario minimo Il 1 luglio 2012, il salario minimo francese (SMIC) ha visto un notevole aumento da 9,22 euro a 9,40 euro,\" \/>\n<meta property=\"og:url\" content=\"https:\/\/gregorydamy.niceavocats.fr\/it\/aggiornamenti-sul-salario-minimo\/\" \/>\n<meta property=\"og:site_name\" content=\"Soci\u00e9t\u00e9 d&#039;avocats Damy\" \/>\n<meta property=\"article:publisher\" content=\"https:\/\/www.facebook.com\/niceavocats.fr\/\" \/>\n<meta property=\"article:published_time\" content=\"2012-07-12T08:49:09+00:00\" \/>\n<meta property=\"article:modified_time\" content=\"2023-08-31T07:23:13+00:00\" \/>\n<meta name=\"author\" content=\"Kevin\" \/>\n<meta name=\"twitter:card\" content=\"summary_large_image\" \/>\n<meta name=\"twitter:label1\" content=\"Scritto da\" \/>\n\t<meta name=\"twitter:data1\" content=\"Kevin\" \/>\n\t<meta name=\"twitter:label2\" content=\"Tempo di lettura stimato\" \/>\n\t<meta name=\"twitter:data2\" content=\"3 minuti\" \/>\n<script type=\"application\/ld+json\" class=\"yoast-schema-graph\">{\"@context\":\"https:\/\/schema.org\",\"@graph\":[{\"@type\":\"Article\",\"@id\":\"https:\/\/gregorydamy.niceavocats.fr\/it\/aggiornamenti-sul-salario-minimo\/#article\",\"isPartOf\":{\"@id\":\"https:\/\/gregorydamy.niceavocats.fr\/it\/aggiornamenti-sul-salario-minimo\/\"},\"author\":{\"name\":\"Kevin\",\"@id\":\"https:\/\/gregorydamy.niceavocats.fr\/it\/#\/schema\/person\/e040acb2856efaa1e114d0e7a92a3870\"},\"headline\":\"Aggiornamenti sul salario minimo\",\"datePublished\":\"2012-07-12T08:49:09+00:00\",\"dateModified\":\"2023-08-31T07:23:13+00:00\",\"mainEntityOfPage\":{\"@id\":\"https:\/\/gregorydamy.niceavocats.fr\/it\/aggiornamenti-sul-salario-minimo\/\"},\"wordCount\":712,\"commentCount\":0,\"publisher\":{\"@id\":\"https:\/\/gregorydamy.niceavocats.fr\/it\/#organization\"},\"articleSection\":[\"Diritto del lavoro\"],\"inLanguage\":\"it-IT\",\"potentialAction\":[{\"@type\":\"CommentAction\",\"name\":\"Comment\",\"target\":[\"https:\/\/gregorydamy.niceavocats.fr\/it\/aggiornamenti-sul-salario-minimo\/#respond\"]}]},{\"@type\":\"WebPage\",\"@id\":\"https:\/\/gregorydamy.niceavocats.fr\/it\/aggiornamenti-sul-salario-minimo\/\",\"url\":\"https:\/\/gregorydamy.niceavocats.fr\/it\/aggiornamenti-sul-salario-minimo\/\",\"name\":\"Aggiornamenti sul salario minimo - Soci\u00e9t\u00e9 d&#039;avocats Damy\",\"isPartOf\":{\"@id\":\"https:\/\/gregorydamy.niceavocats.fr\/it\/#website\"},\"datePublished\":\"2012-07-12T08:49:09+00:00\",\"dateModified\":\"2023-08-31T07:23:13+00:00\",\"description\":\"Aggiornamenti sul salario minimo Il 1 luglio 2012, il salario minimo francese (SMIC) ha visto un notevole aumento da 9,22 euro a 9,40 euro,\",\"breadcrumb\":{\"@id\":\"https:\/\/gregorydamy.niceavocats.fr\/it\/aggiornamenti-sul-salario-minimo\/#breadcrumb\"},\"inLanguage\":\"it-IT\",\"potentialAction\":[{\"@type\":\"ReadAction\",\"target\":[\"https:\/\/gregorydamy.niceavocats.fr\/it\/aggiornamenti-sul-salario-minimo\/\"]}]},{\"@type\":\"BreadcrumbList\",\"@id\":\"https:\/\/gregorydamy.niceavocats.fr\/it\/aggiornamenti-sul-salario-minimo\/#breadcrumb\",\"itemListElement\":[{\"@type\":\"ListItem\",\"position\":1,\"name\":\"Accueil\",\"item\":\"https:\/\/gregorydamy.niceavocats.fr\/it\/\"},{\"@type\":\"ListItem\",\"position\":2,\"name\":\"Aggiornamenti sul salario minimo\"}]},{\"@type\":\"WebSite\",\"@id\":\"https:\/\/gregorydamy.niceavocats.fr\/it\/#website\",\"url\":\"https:\/\/gregorydamy.niceavocats.fr\/it\/\",\"name\":\"Soci\u00e9t\u00e9 d&#039;avocats Damy\",\"description\":\"Justice - Confiance - Efficacit\u00e9\",\"publisher\":{\"@id\":\"https:\/\/gregorydamy.niceavocats.fr\/it\/#organization\"},\"potentialAction\":[{\"@type\":\"SearchAction\",\"target\":{\"@type\":\"EntryPoint\",\"urlTemplate\":\"https:\/\/gregorydamy.niceavocats.fr\/it\/?s={search_term_string}\"},\"query-input\":{\"@type\":\"PropertyValueSpecification\",\"valueRequired\":true,\"valueName\":\"search_term_string\"}}],\"inLanguage\":\"it-IT\"},{\"@type\":\"Organization\",\"@id\":\"https:\/\/gregorydamy.niceavocats.fr\/it\/#organization\",\"name\":\"Soci\u00e9t\u00e9 d'Avocats DAMY\",\"alternateName\":\"Gr\u00e9gory DAMY\",\"url\":\"https:\/\/gregorydamy.niceavocats.fr\/it\/\",\"logo\":{\"@type\":\"ImageObject\",\"inLanguage\":\"it-IT\",\"@id\":\"https:\/\/gregorydamy.niceavocats.fr\/it\/#\/schema\/logo\/image\/\",\"url\":\"https:\/\/gregorydamy.niceavocats.fr\/wp-content\/uploads\/2023\/04\/damylogo-1.png\",\"contentUrl\":\"https:\/\/gregorydamy.niceavocats.fr\/wp-content\/uploads\/2023\/04\/damylogo-1.png\",\"width\":1890,\"height\":1417,\"caption\":\"Soci\u00e9t\u00e9 d'Avocats DAMY\"},\"image\":{\"@id\":\"https:\/\/gregorydamy.niceavocats.fr\/it\/#\/schema\/logo\/image\/\"},\"sameAs\":[\"https:\/\/www.facebook.com\/niceavocats.fr\/\"]},{\"@type\":\"Person\",\"@id\":\"https:\/\/gregorydamy.niceavocats.fr\/it\/#\/schema\/person\/e040acb2856efaa1e114d0e7a92a3870\",\"name\":\"Kevin\",\"url\":\"https:\/\/gregorydamy.niceavocats.fr\/it\/author\/kevin\/\"}]}<\/script>\n<!-- \/ Yoast SEO plugin. -->","yoast_head_json":{"title":"Aggiornamenti sul salario minimo - Soci\u00e9t\u00e9 d&#039;avocats Damy","description":"Aggiornamenti sul salario minimo Il 1 luglio 2012, il salario minimo francese (SMIC) ha visto un notevole aumento da 9,22 euro a 9,40 euro,","robots":{"index":"index","follow":"follow","max-snippet":"max-snippet:-1","max-image-preview":"max-image-preview:large","max-video-preview":"max-video-preview:-1"},"canonical":"https:\/\/gregorydamy.niceavocats.fr\/it\/aggiornamenti-sul-salario-minimo\/","og_locale":"it_IT","og_type":"article","og_title":"Aggiornamenti sul salario minimo - Soci\u00e9t\u00e9 d&#039;avocats Damy","og_description":"Aggiornamenti sul salario minimo Il 1 luglio 2012, il salario minimo francese (SMIC) ha visto un notevole aumento da 9,22 euro a 9,40 euro,","og_url":"https:\/\/gregorydamy.niceavocats.fr\/it\/aggiornamenti-sul-salario-minimo\/","og_site_name":"Soci\u00e9t\u00e9 d&#039;avocats Damy","article_publisher":"https:\/\/www.facebook.com\/niceavocats.fr\/","article_published_time":"2012-07-12T08:49:09+00:00","article_modified_time":"2023-08-31T07:23:13+00:00","author":"Kevin","twitter_card":"summary_large_image","twitter_misc":{"Scritto da":"Kevin","Tempo di lettura stimato":"3 minuti"},"schema":{"@context":"https:\/\/schema.org","@graph":[{"@type":"Article","@id":"https:\/\/gregorydamy.niceavocats.fr\/it\/aggiornamenti-sul-salario-minimo\/#article","isPartOf":{"@id":"https:\/\/gregorydamy.niceavocats.fr\/it\/aggiornamenti-sul-salario-minimo\/"},"author":{"name":"Kevin","@id":"https:\/\/gregorydamy.niceavocats.fr\/it\/#\/schema\/person\/e040acb2856efaa1e114d0e7a92a3870"},"headline":"Aggiornamenti sul salario minimo","datePublished":"2012-07-12T08:49:09+00:00","dateModified":"2023-08-31T07:23:13+00:00","mainEntityOfPage":{"@id":"https:\/\/gregorydamy.niceavocats.fr\/it\/aggiornamenti-sul-salario-minimo\/"},"wordCount":712,"commentCount":0,"publisher":{"@id":"https:\/\/gregorydamy.niceavocats.fr\/it\/#organization"},"articleSection":["Diritto del lavoro"],"inLanguage":"it-IT","potentialAction":[{"@type":"CommentAction","name":"Comment","target":["https:\/\/gregorydamy.niceavocats.fr\/it\/aggiornamenti-sul-salario-minimo\/#respond"]}]},{"@type":"WebPage","@id":"https:\/\/gregorydamy.niceavocats.fr\/it\/aggiornamenti-sul-salario-minimo\/","url":"https:\/\/gregorydamy.niceavocats.fr\/it\/aggiornamenti-sul-salario-minimo\/","name":"Aggiornamenti sul salario minimo - Soci\u00e9t\u00e9 d&#039;avocats Damy","isPartOf":{"@id":"https:\/\/gregorydamy.niceavocats.fr\/it\/#website"},"datePublished":"2012-07-12T08:49:09+00:00","dateModified":"2023-08-31T07:23:13+00:00","description":"Aggiornamenti sul salario minimo Il 1 luglio 2012, il salario minimo francese (SMIC) ha visto un notevole aumento da 9,22 euro a 9,40 euro,","breadcrumb":{"@id":"https:\/\/gregorydamy.niceavocats.fr\/it\/aggiornamenti-sul-salario-minimo\/#breadcrumb"},"inLanguage":"it-IT","potentialAction":[{"@type":"ReadAction","target":["https:\/\/gregorydamy.niceavocats.fr\/it\/aggiornamenti-sul-salario-minimo\/"]}]},{"@type":"BreadcrumbList","@id":"https:\/\/gregorydamy.niceavocats.fr\/it\/aggiornamenti-sul-salario-minimo\/#breadcrumb","itemListElement":[{"@type":"ListItem","position":1,"name":"Accueil","item":"https:\/\/gregorydamy.niceavocats.fr\/it\/"},{"@type":"ListItem","position":2,"name":"Aggiornamenti sul salario minimo"}]},{"@type":"WebSite","@id":"https:\/\/gregorydamy.niceavocats.fr\/it\/#website","url":"https:\/\/gregorydamy.niceavocats.fr\/it\/","name":"Soci\u00e9t\u00e9 d&#039;avocats Damy","description":"Justice - Confiance - Efficacit\u00e9","publisher":{"@id":"https:\/\/gregorydamy.niceavocats.fr\/it\/#organization"},"potentialAction":[{"@type":"SearchAction","target":{"@type":"EntryPoint","urlTemplate":"https:\/\/gregorydamy.niceavocats.fr\/it\/?s={search_term_string}"},"query-input":{"@type":"PropertyValueSpecification","valueRequired":true,"valueName":"search_term_string"}}],"inLanguage":"it-IT"},{"@type":"Organization","@id":"https:\/\/gregorydamy.niceavocats.fr\/it\/#organization","name":"Soci\u00e9t\u00e9 d'Avocats DAMY","alternateName":"Gr\u00e9gory DAMY","url":"https:\/\/gregorydamy.niceavocats.fr\/it\/","logo":{"@type":"ImageObject","inLanguage":"it-IT","@id":"https:\/\/gregorydamy.niceavocats.fr\/it\/#\/schema\/logo\/image\/","url":"https:\/\/gregorydamy.niceavocats.fr\/wp-content\/uploads\/2023\/04\/damylogo-1.png","contentUrl":"https:\/\/gregorydamy.niceavocats.fr\/wp-content\/uploads\/2023\/04\/damylogo-1.png","width":1890,"height":1417,"caption":"Soci\u00e9t\u00e9 d'Avocats DAMY"},"image":{"@id":"https:\/\/gregorydamy.niceavocats.fr\/it\/#\/schema\/logo\/image\/"},"sameAs":["https:\/\/www.facebook.com\/niceavocats.fr\/"]},{"@type":"Person","@id":"https:\/\/gregorydamy.niceavocats.fr\/it\/#\/schema\/person\/e040acb2856efaa1e114d0e7a92a3870","name":"Kevin","url":"https:\/\/gregorydamy.niceavocats.fr\/it\/author\/kevin\/"}]}},"_links":{"self":[{"href":"https:\/\/gregorydamy.niceavocats.fr\/it\/wp-json\/wp\/v2\/posts\/4191","targetHints":{"allow":["GET"]}}],"collection":[{"href":"https:\/\/gregorydamy.niceavocats.fr\/it\/wp-json\/wp\/v2\/posts"}],"about":[{"href":"https:\/\/gregorydamy.niceavocats.fr\/it\/wp-json\/wp\/v2\/types\/post"}],"author":[{"embeddable":true,"href":"https:\/\/gregorydamy.niceavocats.fr\/it\/wp-json\/wp\/v2\/users\/2"}],"replies":[{"embeddable":true,"href":"https:\/\/gregorydamy.niceavocats.fr\/it\/wp-json\/wp\/v2\/comments?post=4191"}],"version-history":[{"count":0,"href":"https:\/\/gregorydamy.niceavocats.fr\/it\/wp-json\/wp\/v2\/posts\/4191\/revisions"}],"wp:attachment":[{"href":"https:\/\/gregorydamy.niceavocats.fr\/it\/wp-json\/wp\/v2\/media?parent=4191"}],"wp:term":[{"taxonomy":"category","embeddable":true,"href":"https:\/\/gregorydamy.niceavocats.fr\/it\/wp-json\/wp\/v2\/categories?post=4191"},{"taxonomy":"post_tag","embeddable":true,"href":"https:\/\/gregorydamy.niceavocats.fr\/it\/wp-json\/wp\/v2\/tags?post=4191"}],"curies":[{"name":"wp","href":"https:\/\/api.w.org\/{rel}","templated":true}]}}