{"id":4150,"date":"2012-06-12T12:44:56","date_gmt":"2012-06-12T12:44:56","guid":{"rendered":"https:\/\/gregorydamy.niceavocats.fr\/?p=4150"},"modified":"2023-05-09T14:17:36","modified_gmt":"2023-05-09T14:17:36","slug":"ci-si-puo-separare-da-un-dipendente-incapace","status":"publish","type":"post","link":"https:\/\/gregorydamy.niceavocats.fr\/it\/ci-si-puo-separare-da-un-dipendente-incapace\/","title":{"rendered":"Ci si pu\u00f2 separare da un dipendente incapace?"},"content":{"rendered":"<p>[et_pb_section fb_built=&#8221;1&#8243; theme_builder_area=&#8221;post_content&#8221; _builder_version=&#8221;4.20.2&#8243; _module_preset=&#8221;default&#8221;][et_pb_row column_structure=&#8221;1_3,1_3,1_3&#8243; _builder_version=&#8221;4.19.5&#8243; _module_preset=&#8221;default&#8221; background_enable_mask_style=&#8221;on&#8221; background_mask_style=&#8221;wave&#8221; background_mask_color=&#8221;rgba(0,0,0,0.08)&#8221; custom_padding=&#8221;||6px|||&#8221; locked=&#8221;off&#8221; global_colors_info=&#8221;{}&#8221; theme_builder_area=&#8221;post_content&#8221;][et_pb_column type=&#8221;1_3&#8243; _builder_version=&#8221;4.19.5&#8243; _module_preset=&#8221;default&#8221; global_colors_info=&#8221;{}&#8221; theme_builder_area=&#8221;post_content&#8221;][\/et_pb_column][et_pb_column type=&#8221;1_3&#8243; _builder_version=&#8221;4.19.5&#8243; _module_preset=&#8221;default&#8221; global_colors_info=&#8221;{}&#8221; theme_builder_area=&#8221;post_content&#8221;][\/et_pb_column][et_pb_column type=&#8221;1_3&#8243; _builder_version=&#8221;4.19.5&#8243; _module_preset=&#8221;default&#8221; global_colors_info=&#8221;{}&#8221; theme_builder_area=&#8221;post_content&#8221;][et_pb_circle_counter title=&#8221;Tempo di lettura stimato (in minuti)&#8221; number=&#8221;1&#8243; percent_sign=&#8221;off&#8221; _builder_version=&#8221;4.19.5&#8243; _module_preset=&#8221;default&#8221; title_font=&#8221;Amiri||||||||&#8221; max_width=&#8221;137px&#8221; global_colors_info=&#8221;{}&#8221; theme_builder_area=&#8221;post_content&#8221;][\/et_pb_circle_counter][\/et_pb_column][\/et_pb_row][et_pb_row _builder_version=&#8221;4.20.2&#8243; _module_preset=&#8221;default&#8221; theme_builder_area=&#8221;post_content&#8221;][et_pb_column _builder_version=&#8221;4.20.2&#8243; _module_preset=&#8221;default&#8221; type=&#8221;4_4&#8243; theme_builder_area=&#8221;post_content&#8221;][et_pb_divider _builder_version=&#8221;4.20.2&#8243; _module_preset=&#8221;default&#8221; theme_builder_area=&#8221;post_content&#8221; hover_enabled=&#8221;0&#8243; sticky_enabled=&#8221;0&#8243;][\/et_pb_divider][\/et_pb_column][\/et_pb_row][et_pb_row _builder_version=&#8221;4.20.2&#8243; _module_preset=&#8221;default&#8221; theme_builder_area=&#8221;post_content&#8221;][et_pb_column _builder_version=&#8221;4.20.2&#8243; _module_preset=&#8221;default&#8221; type=&#8221;4_4&#8243; theme_builder_area=&#8221;post_content&#8221;][et_pb_text _builder_version=&#8221;4.20.2&#8243; _module_preset=&#8221;default&#8221; theme_builder_area=&#8221;post_content&#8221; text_font=&#8221;Amiri||||||||&#8221; text_font_size=&#8221;20px&#8221; hover_enabled=&#8221;0&#8243; sticky_enabled=&#8221;0&#8243;]<\/p>\n<p>Cos\u2019\u00e8 l\u2019incapacit\u00e0? L\u2019azienda ha l\u2019obbligo di trovare un lavoro per un dipendente non idoneo? Qual \u00e8 il costo del licenziamento per incapacit\u00e0?<\/p>\n<p><strong>Cos\u2019\u00e8 l\u2019incapacit\u00e0?<\/strong><br \/>L\u2019incapacit\u00e0 \u00e8 l\u2019incapacit\u00e0 fisica o psichica del lavoratore a svolgere l\u2019incarico affidatogli. Tale incapacit\u00e0 pu\u00f2 avere origine professionale (infortunio professionale) o derivare dalla vita quotidiana (influenza, ecc.). Viene rilevato dal medico del lavoro che prende la sua decisione dopo aver esaminato la posizione secondo un iter ben definito con due diversi colloqui. La decisione definitiva pu\u00f2 essere impugnata dinanzi all\u2019ispettorato del lavoro, che a sua volta pu\u00f2 essere impugnata dinanzi al tribunale amministrativo. In nessun caso il datore di lavoro pu\u00f2 scoprire personalmente l\u2019incapacit\u00e0 di un dipendente.<\/p>\n<p><strong>Cosa fare se un dipendente viene dichiarato non idoneo?<\/strong><br \/>L\u2019impresa deve ricercare un riinquadramento in azienda o nel gruppo, e trovare un impiego compatibile con lo stato del dipendente consultando il medico del lavoro che ha l\u2019obbligo di dare indicazioni. Se il dipendente non \u00e8 idoneo, dovr\u00e0 essere licenziato entro un termine ragionevole. Se, per pi\u00f9 di un mese, non \u00e8 stata avviata alcuna procedura di licenziamento, il pagamento della retribuzione deve essere ripreso se \u00e8 stato sospeso.<\/p>\n<p><strong>Quanto costa il licenziamento per incapacit\u00e0?<\/strong><br \/>Il costo varia a seconda che l\u2019incapacit\u00e0 abbia o meno origine professionale. Se si \u00e8 in caso di infortunio sul lavoro, la legge prevede che si raddoppi l\u2019indennit\u00e0 di licenziamento e che si versi il preavviso. Se non si tratta di provenienza professionale, vale la solita regola: c\u2019\u00e8 il pagamento del TFR, e non del TFR in quanto il lavoratore non \u00e8 in grado di lavorare durante il suo preavviso.<br \/>Se il datore di lavoro non cerca di riqualificare il proprio dipendente, il licenziamento \u00e8 abusivo e vi \u00e8 quindi una sanzione, cio\u00e8 il risarcimento del danno e anche la nullit\u00e0 del licenziamento.<\/p>\n<p>Studio Legale DAMY, Nizza, Diritto del Lavoro-Incapacit\u00e0, Aggiornamento 2022<\/p>\n<p>[\/et_pb_text][\/et_pb_column][\/et_pb_row][et_pb_row _builder_version=&#8221;4.20.2&#8243; _module_preset=&#8221;default&#8221; theme_builder_area=&#8221;post_content&#8221;][et_pb_column _builder_version=&#8221;4.20.2&#8243; _module_preset=&#8221;default&#8221; type=&#8221;4_4&#8243; theme_builder_area=&#8221;post_content&#8221;][et_pb_divider _builder_version=&#8221;4.20.2&#8243; _module_preset=&#8221;default&#8221; theme_builder_area=&#8221;post_content&#8221; hover_enabled=&#8221;0&#8243; sticky_enabled=&#8221;0&#8243;][\/et_pb_divider][\/et_pb_column][\/et_pb_row][\/et_pb_section]<\/p>\n","protected":false},"excerpt":{"rendered":"<p>Cos\u2019\u00e8 l\u2019incapacit\u00e0? L\u2019azienda ha l\u2019obbligo di trovare un lavoro per un dipendente non idoneo? Qual \u00e8 il costo del licenziamento per incapacit\u00e0? Cos\u2019\u00e8 l\u2019incapacit\u00e0?L\u2019incapacit\u00e0 \u00e8 l\u2019incapacit\u00e0 fisica o psichica del lavoratore a svolgere l\u2019incarico affidatogli. Tale incapacit\u00e0 pu\u00f2 avere origine professionale (infortunio professionale) o derivare dalla vita quotidiana (influenza, ecc.). Viene rilevato dal medico del [&hellip;]<\/p>\n","protected":false},"author":2,"featured_media":0,"comment_status":"open","ping_status":"open","sticky":false,"template":"","format":"standard","meta":{"_et_pb_use_builder":"on","_et_pb_old_content":"","_et_gb_content_width":"","footnotes":""},"categories":[],"tags":[],"class_list":["post-4150","post","type-post","status-publish","format-standard","hentry"],"yoast_head":"<!-- This site is optimized with the Yoast SEO plugin v26.8 - https:\/\/yoast.com\/product\/yoast-seo-wordpress\/ -->\n<title>Ci si pu\u00f2 separare da un dipendente incapace? - Soci\u00e9t\u00e9 d&#039;avocats Damy<\/title>\n<meta name=\"robots\" content=\"index, follow, max-snippet:-1, max-image-preview:large, max-video-preview:-1\" \/>\n<link rel=\"canonical\" href=\"https:\/\/gregorydamy.niceavocats.fr\/it\/ci-si-puo-separare-da-un-dipendente-incapace\/\" \/>\n<meta property=\"og:locale\" content=\"it_IT\" \/>\n<meta property=\"og:type\" content=\"article\" \/>\n<meta property=\"og:title\" content=\"Ci si pu\u00f2 separare da un dipendente incapace? - Soci\u00e9t\u00e9 d&#039;avocats Damy\" \/>\n<meta property=\"og:description\" content=\"Cos\u2019\u00e8 l\u2019incapacit\u00e0? L\u2019azienda ha l\u2019obbligo di trovare un lavoro per un dipendente non idoneo? Qual \u00e8 il costo del licenziamento per incapacit\u00e0? Cos\u2019\u00e8 l\u2019incapacit\u00e0?L\u2019incapacit\u00e0 \u00e8 l\u2019incapacit\u00e0 fisica o psichica del lavoratore a svolgere l\u2019incarico affidatogli. Tale incapacit\u00e0 pu\u00f2 avere origine professionale (infortunio professionale) o derivare dalla vita quotidiana (influenza, ecc.). Viene rilevato dal medico del [&hellip;]\" \/>\n<meta property=\"og:url\" content=\"https:\/\/gregorydamy.niceavocats.fr\/it\/ci-si-puo-separare-da-un-dipendente-incapace\/\" \/>\n<meta property=\"og:site_name\" content=\"Soci\u00e9t\u00e9 d&#039;avocats Damy\" \/>\n<meta property=\"article:publisher\" content=\"https:\/\/www.facebook.com\/niceavocats.fr\/\" \/>\n<meta property=\"article:published_time\" content=\"2012-06-12T12:44:56+00:00\" \/>\n<meta property=\"article:modified_time\" content=\"2023-05-09T14:17:36+00:00\" \/>\n<meta name=\"author\" content=\"Kevin\" \/>\n<meta name=\"twitter:card\" content=\"summary_large_image\" \/>\n<meta name=\"twitter:label1\" content=\"Scritto da\" \/>\n\t<meta name=\"twitter:data1\" content=\"Kevin\" \/>\n\t<meta name=\"twitter:label2\" content=\"Tempo di lettura stimato\" \/>\n\t<meta name=\"twitter:data2\" content=\"2 minuti\" \/>\n<script type=\"application\/ld+json\" class=\"yoast-schema-graph\">{\"@context\":\"https:\/\/schema.org\",\"@graph\":[{\"@type\":\"Article\",\"@id\":\"https:\/\/gregorydamy.niceavocats.fr\/it\/ci-si-puo-separare-da-un-dipendente-incapace\/#article\",\"isPartOf\":{\"@id\":\"https:\/\/gregorydamy.niceavocats.fr\/it\/ci-si-puo-separare-da-un-dipendente-incapace\/\"},\"author\":{\"name\":\"Kevin\",\"@id\":\"https:\/\/gregorydamy.niceavocats.fr\/it\/#\/schema\/person\/e040acb2856efaa1e114d0e7a92a3870\"},\"headline\":\"Ci si pu\u00f2 separare da un dipendente incapace?\",\"datePublished\":\"2012-06-12T12:44:56+00:00\",\"dateModified\":\"2023-05-09T14:17:36+00:00\",\"mainEntityOfPage\":{\"@id\":\"https:\/\/gregorydamy.niceavocats.fr\/it\/ci-si-puo-separare-da-un-dipendente-incapace\/\"},\"wordCount\":639,\"commentCount\":0,\"publisher\":{\"@id\":\"https:\/\/gregorydamy.niceavocats.fr\/it\/#organization\"},\"inLanguage\":\"it-IT\",\"potentialAction\":[{\"@type\":\"CommentAction\",\"name\":\"Comment\",\"target\":[\"https:\/\/gregorydamy.niceavocats.fr\/it\/ci-si-puo-separare-da-un-dipendente-incapace\/#respond\"]}]},{\"@type\":\"WebPage\",\"@id\":\"https:\/\/gregorydamy.niceavocats.fr\/it\/ci-si-puo-separare-da-un-dipendente-incapace\/\",\"url\":\"https:\/\/gregorydamy.niceavocats.fr\/it\/ci-si-puo-separare-da-un-dipendente-incapace\/\",\"name\":\"Ci si pu\u00f2 separare da un dipendente incapace? - Soci\u00e9t\u00e9 d&#039;avocats Damy\",\"isPartOf\":{\"@id\":\"https:\/\/gregorydamy.niceavocats.fr\/it\/#website\"},\"datePublished\":\"2012-06-12T12:44:56+00:00\",\"dateModified\":\"2023-05-09T14:17:36+00:00\",\"breadcrumb\":{\"@id\":\"https:\/\/gregorydamy.niceavocats.fr\/it\/ci-si-puo-separare-da-un-dipendente-incapace\/#breadcrumb\"},\"inLanguage\":\"it-IT\",\"potentialAction\":[{\"@type\":\"ReadAction\",\"target\":[\"https:\/\/gregorydamy.niceavocats.fr\/it\/ci-si-puo-separare-da-un-dipendente-incapace\/\"]}]},{\"@type\":\"BreadcrumbList\",\"@id\":\"https:\/\/gregorydamy.niceavocats.fr\/it\/ci-si-puo-separare-da-un-dipendente-incapace\/#breadcrumb\",\"itemListElement\":[{\"@type\":\"ListItem\",\"position\":1,\"name\":\"Accueil\",\"item\":\"https:\/\/gregorydamy.niceavocats.fr\/it\/\"},{\"@type\":\"ListItem\",\"position\":2,\"name\":\"Ci si pu\u00f2 separare da un dipendente incapace?\"}]},{\"@type\":\"WebSite\",\"@id\":\"https:\/\/gregorydamy.niceavocats.fr\/it\/#website\",\"url\":\"https:\/\/gregorydamy.niceavocats.fr\/it\/\",\"name\":\"Soci\u00e9t\u00e9 d&#039;avocats Damy\",\"description\":\"Justice - Confiance - Efficacit\u00e9\",\"publisher\":{\"@id\":\"https:\/\/gregorydamy.niceavocats.fr\/it\/#organization\"},\"potentialAction\":[{\"@type\":\"SearchAction\",\"target\":{\"@type\":\"EntryPoint\",\"urlTemplate\":\"https:\/\/gregorydamy.niceavocats.fr\/it\/?s={search_term_string}\"},\"query-input\":{\"@type\":\"PropertyValueSpecification\",\"valueRequired\":true,\"valueName\":\"search_term_string\"}}],\"inLanguage\":\"it-IT\"},{\"@type\":\"Organization\",\"@id\":\"https:\/\/gregorydamy.niceavocats.fr\/it\/#organization\",\"name\":\"Soci\u00e9t\u00e9 d'Avocats DAMY\",\"alternateName\":\"Gr\u00e9gory DAMY\",\"url\":\"https:\/\/gregorydamy.niceavocats.fr\/it\/\",\"logo\":{\"@type\":\"ImageObject\",\"inLanguage\":\"it-IT\",\"@id\":\"https:\/\/gregorydamy.niceavocats.fr\/it\/#\/schema\/logo\/image\/\",\"url\":\"https:\/\/gregorydamy.niceavocats.fr\/wp-content\/uploads\/2023\/04\/damylogo-1.png\",\"contentUrl\":\"https:\/\/gregorydamy.niceavocats.fr\/wp-content\/uploads\/2023\/04\/damylogo-1.png\",\"width\":1890,\"height\":1417,\"caption\":\"Soci\u00e9t\u00e9 d'Avocats DAMY\"},\"image\":{\"@id\":\"https:\/\/gregorydamy.niceavocats.fr\/it\/#\/schema\/logo\/image\/\"},\"sameAs\":[\"https:\/\/www.facebook.com\/niceavocats.fr\/\"]},{\"@type\":\"Person\",\"@id\":\"https:\/\/gregorydamy.niceavocats.fr\/it\/#\/schema\/person\/e040acb2856efaa1e114d0e7a92a3870\",\"name\":\"Kevin\",\"url\":\"https:\/\/gregorydamy.niceavocats.fr\/it\/author\/kevin\/\"}]}<\/script>\n<!-- \/ Yoast SEO plugin. -->","yoast_head_json":{"title":"Ci si pu\u00f2 separare da un dipendente incapace? - Soci\u00e9t\u00e9 d&#039;avocats Damy","robots":{"index":"index","follow":"follow","max-snippet":"max-snippet:-1","max-image-preview":"max-image-preview:large","max-video-preview":"max-video-preview:-1"},"canonical":"https:\/\/gregorydamy.niceavocats.fr\/it\/ci-si-puo-separare-da-un-dipendente-incapace\/","og_locale":"it_IT","og_type":"article","og_title":"Ci si pu\u00f2 separare da un dipendente incapace? - Soci\u00e9t\u00e9 d&#039;avocats Damy","og_description":"Cos\u2019\u00e8 l\u2019incapacit\u00e0? L\u2019azienda ha l\u2019obbligo di trovare un lavoro per un dipendente non idoneo? Qual \u00e8 il costo del licenziamento per incapacit\u00e0? Cos\u2019\u00e8 l\u2019incapacit\u00e0?L\u2019incapacit\u00e0 \u00e8 l\u2019incapacit\u00e0 fisica o psichica del lavoratore a svolgere l\u2019incarico affidatogli. Tale incapacit\u00e0 pu\u00f2 avere origine professionale (infortunio professionale) o derivare dalla vita quotidiana (influenza, ecc.). Viene rilevato dal medico del [&hellip;]","og_url":"https:\/\/gregorydamy.niceavocats.fr\/it\/ci-si-puo-separare-da-un-dipendente-incapace\/","og_site_name":"Soci\u00e9t\u00e9 d&#039;avocats Damy","article_publisher":"https:\/\/www.facebook.com\/niceavocats.fr\/","article_published_time":"2012-06-12T12:44:56+00:00","article_modified_time":"2023-05-09T14:17:36+00:00","author":"Kevin","twitter_card":"summary_large_image","twitter_misc":{"Scritto da":"Kevin","Tempo di lettura stimato":"2 minuti"},"schema":{"@context":"https:\/\/schema.org","@graph":[{"@type":"Article","@id":"https:\/\/gregorydamy.niceavocats.fr\/it\/ci-si-puo-separare-da-un-dipendente-incapace\/#article","isPartOf":{"@id":"https:\/\/gregorydamy.niceavocats.fr\/it\/ci-si-puo-separare-da-un-dipendente-incapace\/"},"author":{"name":"Kevin","@id":"https:\/\/gregorydamy.niceavocats.fr\/it\/#\/schema\/person\/e040acb2856efaa1e114d0e7a92a3870"},"headline":"Ci si pu\u00f2 separare da un dipendente incapace?","datePublished":"2012-06-12T12:44:56+00:00","dateModified":"2023-05-09T14:17:36+00:00","mainEntityOfPage":{"@id":"https:\/\/gregorydamy.niceavocats.fr\/it\/ci-si-puo-separare-da-un-dipendente-incapace\/"},"wordCount":639,"commentCount":0,"publisher":{"@id":"https:\/\/gregorydamy.niceavocats.fr\/it\/#organization"},"inLanguage":"it-IT","potentialAction":[{"@type":"CommentAction","name":"Comment","target":["https:\/\/gregorydamy.niceavocats.fr\/it\/ci-si-puo-separare-da-un-dipendente-incapace\/#respond"]}]},{"@type":"WebPage","@id":"https:\/\/gregorydamy.niceavocats.fr\/it\/ci-si-puo-separare-da-un-dipendente-incapace\/","url":"https:\/\/gregorydamy.niceavocats.fr\/it\/ci-si-puo-separare-da-un-dipendente-incapace\/","name":"Ci si pu\u00f2 separare da un dipendente incapace? - Soci\u00e9t\u00e9 d&#039;avocats Damy","isPartOf":{"@id":"https:\/\/gregorydamy.niceavocats.fr\/it\/#website"},"datePublished":"2012-06-12T12:44:56+00:00","dateModified":"2023-05-09T14:17:36+00:00","breadcrumb":{"@id":"https:\/\/gregorydamy.niceavocats.fr\/it\/ci-si-puo-separare-da-un-dipendente-incapace\/#breadcrumb"},"inLanguage":"it-IT","potentialAction":[{"@type":"ReadAction","target":["https:\/\/gregorydamy.niceavocats.fr\/it\/ci-si-puo-separare-da-un-dipendente-incapace\/"]}]},{"@type":"BreadcrumbList","@id":"https:\/\/gregorydamy.niceavocats.fr\/it\/ci-si-puo-separare-da-un-dipendente-incapace\/#breadcrumb","itemListElement":[{"@type":"ListItem","position":1,"name":"Accueil","item":"https:\/\/gregorydamy.niceavocats.fr\/it\/"},{"@type":"ListItem","position":2,"name":"Ci si pu\u00f2 separare da un dipendente incapace?"}]},{"@type":"WebSite","@id":"https:\/\/gregorydamy.niceavocats.fr\/it\/#website","url":"https:\/\/gregorydamy.niceavocats.fr\/it\/","name":"Soci\u00e9t\u00e9 d&#039;avocats Damy","description":"Justice - Confiance - Efficacit\u00e9","publisher":{"@id":"https:\/\/gregorydamy.niceavocats.fr\/it\/#organization"},"potentialAction":[{"@type":"SearchAction","target":{"@type":"EntryPoint","urlTemplate":"https:\/\/gregorydamy.niceavocats.fr\/it\/?s={search_term_string}"},"query-input":{"@type":"PropertyValueSpecification","valueRequired":true,"valueName":"search_term_string"}}],"inLanguage":"it-IT"},{"@type":"Organization","@id":"https:\/\/gregorydamy.niceavocats.fr\/it\/#organization","name":"Soci\u00e9t\u00e9 d'Avocats DAMY","alternateName":"Gr\u00e9gory DAMY","url":"https:\/\/gregorydamy.niceavocats.fr\/it\/","logo":{"@type":"ImageObject","inLanguage":"it-IT","@id":"https:\/\/gregorydamy.niceavocats.fr\/it\/#\/schema\/logo\/image\/","url":"https:\/\/gregorydamy.niceavocats.fr\/wp-content\/uploads\/2023\/04\/damylogo-1.png","contentUrl":"https:\/\/gregorydamy.niceavocats.fr\/wp-content\/uploads\/2023\/04\/damylogo-1.png","width":1890,"height":1417,"caption":"Soci\u00e9t\u00e9 d'Avocats DAMY"},"image":{"@id":"https:\/\/gregorydamy.niceavocats.fr\/it\/#\/schema\/logo\/image\/"},"sameAs":["https:\/\/www.facebook.com\/niceavocats.fr\/"]},{"@type":"Person","@id":"https:\/\/gregorydamy.niceavocats.fr\/it\/#\/schema\/person\/e040acb2856efaa1e114d0e7a92a3870","name":"Kevin","url":"https:\/\/gregorydamy.niceavocats.fr\/it\/author\/kevin\/"}]}},"_links":{"self":[{"href":"https:\/\/gregorydamy.niceavocats.fr\/it\/wp-json\/wp\/v2\/posts\/4150","targetHints":{"allow":["GET"]}}],"collection":[{"href":"https:\/\/gregorydamy.niceavocats.fr\/it\/wp-json\/wp\/v2\/posts"}],"about":[{"href":"https:\/\/gregorydamy.niceavocats.fr\/it\/wp-json\/wp\/v2\/types\/post"}],"author":[{"embeddable":true,"href":"https:\/\/gregorydamy.niceavocats.fr\/it\/wp-json\/wp\/v2\/users\/2"}],"replies":[{"embeddable":true,"href":"https:\/\/gregorydamy.niceavocats.fr\/it\/wp-json\/wp\/v2\/comments?post=4150"}],"version-history":[{"count":0,"href":"https:\/\/gregorydamy.niceavocats.fr\/it\/wp-json\/wp\/v2\/posts\/4150\/revisions"}],"wp:attachment":[{"href":"https:\/\/gregorydamy.niceavocats.fr\/it\/wp-json\/wp\/v2\/media?parent=4150"}],"wp:term":[{"taxonomy":"category","embeddable":true,"href":"https:\/\/gregorydamy.niceavocats.fr\/it\/wp-json\/wp\/v2\/categories?post=4150"},{"taxonomy":"post_tag","embeddable":true,"href":"https:\/\/gregorydamy.niceavocats.fr\/it\/wp-json\/wp\/v2\/tags?post=4150"}],"curies":[{"name":"wp","href":"https:\/\/api.w.org\/{rel}","templated":true}]}}