{"id":37799,"date":"2023-12-20T10:26:51","date_gmt":"2023-12-20T10:26:51","guid":{"rendered":"https:\/\/gregorydamy.niceavocats.fr\/?p=37799"},"modified":"2023-12-20T10:42:53","modified_gmt":"2023-12-20T10:42:53","slug":"azione-collettiva-uno-studio-di-diritto-comparato","status":"publish","type":"post","link":"https:\/\/gregorydamy.niceavocats.fr\/it\/azione-collettiva-uno-studio-di-diritto-comparato\/","title":{"rendered":"Azione collettiva: uno studio di diritto comparato"},"content":{"rendered":"<p>[et_pb_section fb_built=&#8221;1&#8243; admin_label=&#8221;section&#8221; _builder_version=&#8221;4.16&#8243; global_colors_info=&#8221;{}&#8221;][et_pb_row admin_label=&#8221;row&#8221; _builder_version=&#8221;4.16&#8243; background_size=&#8221;initial&#8221; background_position=&#8221;top_left&#8221; background_repeat=&#8221;repeat&#8221; global_colors_info=&#8221;{}&#8221;][et_pb_column type=&#8221;4_4&#8243; _builder_version=&#8221;4.16&#8243; custom_padding=&#8221;|||&#8221; global_colors_info=&#8221;{}&#8221; custom_padding__hover=&#8221;|||&#8221;][et_pb_image src=&#8221;https:\/\/gregorydamy.niceavocats.fr\/wp-content\/uploads\/2023\/12\/2-12b92391-c5e3-48e4-813a-26d713dae986-512&#215;512.jpg&#8221; _builder_version=&#8221;4.23.1&#8243; _module_preset=&#8221;default&#8221; title_text=&#8221;2-12b92391-c5e3-48e4-813a-26d713dae986-512&#215;512&#8243; hover_enabled=&#8221;0&#8243; sticky_enabled=&#8221;0&#8243; align=&#8221;center&#8221;][\/et_pb_image][et_pb_text _builder_version=&#8221;4.23.1&#8243; _module_preset=&#8221;default&#8221; hover_enabled=&#8221;0&#8243; global_colors_info=&#8221;{}&#8221; sticky_enabled=&#8221;0&#8243;]<\/p>\n<h1>Azione collettiva: uno studio di diritto comparato<\/h1>\n<h1>\u00a0<\/h1>\n<p style=\"text-align: justify;\">Il concetto di azione collettiva \u00e8 entrato in vigore in Francia nel 2014.\u00a0<\/p>\n<p style=\"text-align: justify;\">L&#8217;azione di classe \u00e8 definita come la possibilit\u00e0 per diverse vittime di danni identici causati dalla stessa azienda o dallo stesso professionista di intentare un&#8217;azione comune davanti ai tribunali.<\/p>\n<p style=\"text-align: justify;\">L&#8217;azione collettiva \u00e8 stata inizialmente concepita per aiutare i consumatori che avevano subito un danno in questo settore.<\/p>\n<p style=\"text-align: justify;\">L&#8217;azione collettiva \u00e8 stata ora estesa ad altri settori, tra cui la salute, l&#8217;ambiente, la discriminazione, la protezione dei dati personali, la locazione di immobili e le pratiche anticoncorrenziali.<\/p>\n<p style=\"text-align: justify;\">Per poter avviare un&#8217;azione collettiva \u00e8 necessario soddisfare una serie di condizioni:<\/p>\n<p style=\"text-align: justify;\">\u00a0&#8211; Almeno due consumatori devono voler intentare l&#8217;azione;<\/p>\n<p style=\"text-align: justify;\">&#8211; l&#8217;obiettivo dell&#8217;azione deve essere la riparazione di un danno materiale;<\/p>\n<p style=\"text-align: justify;\">&#8211; i consumatori devono essere rappresentati da un avvocato.<\/p>\n<p style=\"text-align: justify;\">Mentre queste condizioni sono abbastanza semplici da soddisfare, una \u00e8 pi\u00f9 difficile.<\/p>\n<p style=\"text-align: justify;\">Si tratta della condizione relativa alla legittimazione ad agire.<\/p>\n<p style=\"text-align: justify;\">Solo le associazioni di consumatori riconosciute hanno la legittimazione ad agire.<\/p>\n<p style=\"text-align: justify;\">In altre parole, per poter avviare un&#8217;azione collettiva, un&#8217;associazione di consumatori deve accettare di avviare l&#8217;azione per suo conto.<\/p>\n<p style=\"text-align: justify;\">Tuttavia, nella pratica, le associazioni dei consumatori non sono interessate ad attuare queste azioni, il che blocca l&#8217;efficacia di questo meccanismo.<\/p>\n<p style=\"text-align: justify;\">Per questo motivo, dalla sua entrata in vigore nel 2014, sono state avviate solo 32 azioni collettive.<\/p>\n<p style=\"text-align: justify;\">Al contrario, la class action americana non impone tale condizione.<\/p>\n<p style=\"text-align: justify;\">Pi\u00f9 precisamente, negli Stati Uniti gli avvocati possono avviare azioni collettive.<\/p>\n<p style=\"text-align: justify;\">Ci\u00f2 semplifica l&#8217;accesso a questo meccanismo per i contendenti.<\/p>\n<p style=\"text-align: justify;\">Allo stesso modo, anche nel Regno Unito le azioni collettive sono pi\u00f9 facilmente accessibili perch\u00e9 non ci sono condizioni di legittimazione ad agire.<\/p>\n<p style=\"text-align: justify;\">Ad oggi, lo studio legale DAMY sta collaborando con uno studio legale americano nell&#8217;ambito di una &#8220;class action&#8221; che ha avviato negli Stati Uniti per difendere gli interessi delle vittime di truffe con criptovalute.<\/p>\n<p style=\"text-align: justify;\">Avete subito un danno per mano di un&#8217;azienda o di un professionista? Pensate che il vostro caso non sia isolato? Non esitate a contattare Ma\u00eetre DAMY per farvi assistere in una class action in Francia, negli Stati Uniti o nel Regno Unito.<\/p>\n<p>&nbsp;<\/p>\n<p>[\/et_pb_text][\/et_pb_column][\/et_pb_row][\/et_pb_section]<\/p>\n","protected":false},"excerpt":{"rendered":"<p>Azione collettiva: uno studio di diritto comparato \u00a0 Il concetto di azione collettiva \u00e8 entrato in vigore in Francia nel 2014.\u00a0 L&#8217;azione di classe \u00e8 definita come la possibilit\u00e0 per diverse vittime di danni identici causati dalla stessa azienda o dallo stesso professionista di intentare un&#8217;azione comune davanti ai tribunali. L&#8217;azione collettiva \u00e8 stata inizialmente [&hellip;]<\/p>\n","protected":false},"author":1,"featured_media":0,"comment_status":"closed","ping_status":"open","sticky":false,"template":"","format":"standard","meta":{"_et_pb_use_builder":"on","_et_pb_old_content":"","_et_gb_content_width":"","footnotes":""},"categories":[],"tags":[],"class_list":["post-37799","post","type-post","status-publish","format-standard","hentry"],"yoast_head":"<!-- This site is optimized with the Yoast SEO plugin v26.8 - https:\/\/yoast.com\/product\/yoast-seo-wordpress\/ -->\n<title>Azione collettiva: uno studio di diritto comparato - Soci\u00e9t\u00e9 d&#039;avocats Damy<\/title>\n<meta name=\"description\" content=\"Azione collettiva: uno studio di diritto comparato\" \/>\n<meta name=\"robots\" content=\"index, follow, max-snippet:-1, max-image-preview:large, max-video-preview:-1\" \/>\n<link rel=\"canonical\" href=\"https:\/\/gregorydamy.niceavocats.fr\/it\/azione-collettiva-uno-studio-di-diritto-comparato\/\" \/>\n<meta property=\"og:locale\" content=\"it_IT\" \/>\n<meta property=\"og:type\" content=\"article\" \/>\n<meta property=\"og:title\" content=\"Azione collettiva: uno studio di diritto comparato - Soci\u00e9t\u00e9 d&#039;avocats Damy\" \/>\n<meta property=\"og:description\" content=\"Azione collettiva: uno studio di diritto comparato\" \/>\n<meta property=\"og:url\" content=\"https:\/\/gregorydamy.niceavocats.fr\/it\/azione-collettiva-uno-studio-di-diritto-comparato\/\" \/>\n<meta property=\"og:site_name\" content=\"Soci\u00e9t\u00e9 d&#039;avocats Damy\" \/>\n<meta property=\"article:publisher\" content=\"https:\/\/www.facebook.com\/niceavocats.fr\/\" \/>\n<meta property=\"article:published_time\" content=\"2023-12-20T10:26:51+00:00\" \/>\n<meta property=\"article:modified_time\" content=\"2023-12-20T10:42:53+00:00\" \/>\n<meta name=\"author\" content=\"admin\" \/>\n<meta name=\"twitter:card\" content=\"summary_large_image\" \/>\n<meta name=\"twitter:label1\" content=\"Scritto da\" \/>\n\t<meta name=\"twitter:data1\" content=\"admin\" \/>\n<script type=\"application\/ld+json\" class=\"yoast-schema-graph\">{\"@context\":\"https:\/\/schema.org\",\"@graph\":[{\"@type\":\"Article\",\"@id\":\"https:\/\/gregorydamy.niceavocats.fr\/it\/azione-collettiva-uno-studio-di-diritto-comparato\/#article\",\"isPartOf\":{\"@id\":\"https:\/\/gregorydamy.niceavocats.fr\/it\/azione-collettiva-uno-studio-di-diritto-comparato\/\"},\"author\":{\"name\":\"admin\",\"@id\":\"https:\/\/gregorydamy.niceavocats.fr\/it\/#\/schema\/person\/64c9f9acb07431f6b55f72278b4a5d57\"},\"headline\":\"Azione collettiva: uno studio di diritto comparato\",\"datePublished\":\"2023-12-20T10:26:51+00:00\",\"dateModified\":\"2023-12-20T10:42:53+00:00\",\"mainEntityOfPage\":{\"@id\":\"https:\/\/gregorydamy.niceavocats.fr\/it\/azione-collettiva-uno-studio-di-diritto-comparato\/\"},\"wordCount\":496,\"publisher\":{\"@id\":\"https:\/\/gregorydamy.niceavocats.fr\/it\/#organization\"},\"inLanguage\":\"it-IT\"},{\"@type\":\"WebPage\",\"@id\":\"https:\/\/gregorydamy.niceavocats.fr\/it\/azione-collettiva-uno-studio-di-diritto-comparato\/\",\"url\":\"https:\/\/gregorydamy.niceavocats.fr\/it\/azione-collettiva-uno-studio-di-diritto-comparato\/\",\"name\":\"Azione collettiva: uno studio di diritto comparato - Soci\u00e9t\u00e9 d&#039;avocats Damy\",\"isPartOf\":{\"@id\":\"https:\/\/gregorydamy.niceavocats.fr\/it\/#website\"},\"datePublished\":\"2023-12-20T10:26:51+00:00\",\"dateModified\":\"2023-12-20T10:42:53+00:00\",\"description\":\"Azione collettiva: uno studio di diritto comparato\",\"breadcrumb\":{\"@id\":\"https:\/\/gregorydamy.niceavocats.fr\/it\/azione-collettiva-uno-studio-di-diritto-comparato\/#breadcrumb\"},\"inLanguage\":\"it-IT\",\"potentialAction\":[{\"@type\":\"ReadAction\",\"target\":[\"https:\/\/gregorydamy.niceavocats.fr\/it\/azione-collettiva-uno-studio-di-diritto-comparato\/\"]}]},{\"@type\":\"BreadcrumbList\",\"@id\":\"https:\/\/gregorydamy.niceavocats.fr\/it\/azione-collettiva-uno-studio-di-diritto-comparato\/#breadcrumb\",\"itemListElement\":[{\"@type\":\"ListItem\",\"position\":1,\"name\":\"Accueil\",\"item\":\"https:\/\/gregorydamy.niceavocats.fr\/it\/\"},{\"@type\":\"ListItem\",\"position\":2,\"name\":\"Azione collettiva: uno studio di diritto comparato\"}]},{\"@type\":\"WebSite\",\"@id\":\"https:\/\/gregorydamy.niceavocats.fr\/it\/#website\",\"url\":\"https:\/\/gregorydamy.niceavocats.fr\/it\/\",\"name\":\"Soci\u00e9t\u00e9 d&#039;avocats Damy\",\"description\":\"Justice - Confiance - Efficacit\u00e9\",\"publisher\":{\"@id\":\"https:\/\/gregorydamy.niceavocats.fr\/it\/#organization\"},\"potentialAction\":[{\"@type\":\"SearchAction\",\"target\":{\"@type\":\"EntryPoint\",\"urlTemplate\":\"https:\/\/gregorydamy.niceavocats.fr\/it\/?s={search_term_string}\"},\"query-input\":{\"@type\":\"PropertyValueSpecification\",\"valueRequired\":true,\"valueName\":\"search_term_string\"}}],\"inLanguage\":\"it-IT\"},{\"@type\":\"Organization\",\"@id\":\"https:\/\/gregorydamy.niceavocats.fr\/it\/#organization\",\"name\":\"Soci\u00e9t\u00e9 d'Avocats DAMY\",\"alternateName\":\"Gr\u00e9gory DAMY\",\"url\":\"https:\/\/gregorydamy.niceavocats.fr\/it\/\",\"logo\":{\"@type\":\"ImageObject\",\"inLanguage\":\"it-IT\",\"@id\":\"https:\/\/gregorydamy.niceavocats.fr\/it\/#\/schema\/logo\/image\/\",\"url\":\"https:\/\/gregorydamy.niceavocats.fr\/wp-content\/uploads\/2023\/04\/damylogo-1.png\",\"contentUrl\":\"https:\/\/gregorydamy.niceavocats.fr\/wp-content\/uploads\/2023\/04\/damylogo-1.png\",\"width\":1890,\"height\":1417,\"caption\":\"Soci\u00e9t\u00e9 d'Avocats DAMY\"},\"image\":{\"@id\":\"https:\/\/gregorydamy.niceavocats.fr\/it\/#\/schema\/logo\/image\/\"},\"sameAs\":[\"https:\/\/www.facebook.com\/niceavocats.fr\/\"]},{\"@type\":\"Person\",\"@id\":\"https:\/\/gregorydamy.niceavocats.fr\/it\/#\/schema\/person\/64c9f9acb07431f6b55f72278b4a5d57\",\"name\":\"admin\",\"sameAs\":[\"https:\/\/gregorydamy.niceavocats.fr\"],\"url\":\"https:\/\/gregorydamy.niceavocats.fr\/it\/author\/admin_34\/\"}]}<\/script>\n<!-- \/ Yoast SEO plugin. -->","yoast_head_json":{"title":"Azione collettiva: uno studio di diritto comparato - Soci\u00e9t\u00e9 d&#039;avocats Damy","description":"Azione collettiva: uno studio di diritto comparato","robots":{"index":"index","follow":"follow","max-snippet":"max-snippet:-1","max-image-preview":"max-image-preview:large","max-video-preview":"max-video-preview:-1"},"canonical":"https:\/\/gregorydamy.niceavocats.fr\/it\/azione-collettiva-uno-studio-di-diritto-comparato\/","og_locale":"it_IT","og_type":"article","og_title":"Azione collettiva: uno studio di diritto comparato - Soci\u00e9t\u00e9 d&#039;avocats Damy","og_description":"Azione collettiva: uno studio di diritto comparato","og_url":"https:\/\/gregorydamy.niceavocats.fr\/it\/azione-collettiva-uno-studio-di-diritto-comparato\/","og_site_name":"Soci\u00e9t\u00e9 d&#039;avocats Damy","article_publisher":"https:\/\/www.facebook.com\/niceavocats.fr\/","article_published_time":"2023-12-20T10:26:51+00:00","article_modified_time":"2023-12-20T10:42:53+00:00","author":"admin","twitter_card":"summary_large_image","twitter_misc":{"Scritto da":"admin"},"schema":{"@context":"https:\/\/schema.org","@graph":[{"@type":"Article","@id":"https:\/\/gregorydamy.niceavocats.fr\/it\/azione-collettiva-uno-studio-di-diritto-comparato\/#article","isPartOf":{"@id":"https:\/\/gregorydamy.niceavocats.fr\/it\/azione-collettiva-uno-studio-di-diritto-comparato\/"},"author":{"name":"admin","@id":"https:\/\/gregorydamy.niceavocats.fr\/it\/#\/schema\/person\/64c9f9acb07431f6b55f72278b4a5d57"},"headline":"Azione collettiva: uno studio di diritto comparato","datePublished":"2023-12-20T10:26:51+00:00","dateModified":"2023-12-20T10:42:53+00:00","mainEntityOfPage":{"@id":"https:\/\/gregorydamy.niceavocats.fr\/it\/azione-collettiva-uno-studio-di-diritto-comparato\/"},"wordCount":496,"publisher":{"@id":"https:\/\/gregorydamy.niceavocats.fr\/it\/#organization"},"inLanguage":"it-IT"},{"@type":"WebPage","@id":"https:\/\/gregorydamy.niceavocats.fr\/it\/azione-collettiva-uno-studio-di-diritto-comparato\/","url":"https:\/\/gregorydamy.niceavocats.fr\/it\/azione-collettiva-uno-studio-di-diritto-comparato\/","name":"Azione collettiva: uno studio di diritto comparato - Soci\u00e9t\u00e9 d&#039;avocats Damy","isPartOf":{"@id":"https:\/\/gregorydamy.niceavocats.fr\/it\/#website"},"datePublished":"2023-12-20T10:26:51+00:00","dateModified":"2023-12-20T10:42:53+00:00","description":"Azione collettiva: uno studio di diritto comparato","breadcrumb":{"@id":"https:\/\/gregorydamy.niceavocats.fr\/it\/azione-collettiva-uno-studio-di-diritto-comparato\/#breadcrumb"},"inLanguage":"it-IT","potentialAction":[{"@type":"ReadAction","target":["https:\/\/gregorydamy.niceavocats.fr\/it\/azione-collettiva-uno-studio-di-diritto-comparato\/"]}]},{"@type":"BreadcrumbList","@id":"https:\/\/gregorydamy.niceavocats.fr\/it\/azione-collettiva-uno-studio-di-diritto-comparato\/#breadcrumb","itemListElement":[{"@type":"ListItem","position":1,"name":"Accueil","item":"https:\/\/gregorydamy.niceavocats.fr\/it\/"},{"@type":"ListItem","position":2,"name":"Azione collettiva: uno studio di diritto comparato"}]},{"@type":"WebSite","@id":"https:\/\/gregorydamy.niceavocats.fr\/it\/#website","url":"https:\/\/gregorydamy.niceavocats.fr\/it\/","name":"Soci\u00e9t\u00e9 d&#039;avocats Damy","description":"Justice - Confiance - Efficacit\u00e9","publisher":{"@id":"https:\/\/gregorydamy.niceavocats.fr\/it\/#organization"},"potentialAction":[{"@type":"SearchAction","target":{"@type":"EntryPoint","urlTemplate":"https:\/\/gregorydamy.niceavocats.fr\/it\/?s={search_term_string}"},"query-input":{"@type":"PropertyValueSpecification","valueRequired":true,"valueName":"search_term_string"}}],"inLanguage":"it-IT"},{"@type":"Organization","@id":"https:\/\/gregorydamy.niceavocats.fr\/it\/#organization","name":"Soci\u00e9t\u00e9 d'Avocats DAMY","alternateName":"Gr\u00e9gory DAMY","url":"https:\/\/gregorydamy.niceavocats.fr\/it\/","logo":{"@type":"ImageObject","inLanguage":"it-IT","@id":"https:\/\/gregorydamy.niceavocats.fr\/it\/#\/schema\/logo\/image\/","url":"https:\/\/gregorydamy.niceavocats.fr\/wp-content\/uploads\/2023\/04\/damylogo-1.png","contentUrl":"https:\/\/gregorydamy.niceavocats.fr\/wp-content\/uploads\/2023\/04\/damylogo-1.png","width":1890,"height":1417,"caption":"Soci\u00e9t\u00e9 d'Avocats DAMY"},"image":{"@id":"https:\/\/gregorydamy.niceavocats.fr\/it\/#\/schema\/logo\/image\/"},"sameAs":["https:\/\/www.facebook.com\/niceavocats.fr\/"]},{"@type":"Person","@id":"https:\/\/gregorydamy.niceavocats.fr\/it\/#\/schema\/person\/64c9f9acb07431f6b55f72278b4a5d57","name":"admin","sameAs":["https:\/\/gregorydamy.niceavocats.fr"],"url":"https:\/\/gregorydamy.niceavocats.fr\/it\/author\/admin_34\/"}]}},"_links":{"self":[{"href":"https:\/\/gregorydamy.niceavocats.fr\/it\/wp-json\/wp\/v2\/posts\/37799","targetHints":{"allow":["GET"]}}],"collection":[{"href":"https:\/\/gregorydamy.niceavocats.fr\/it\/wp-json\/wp\/v2\/posts"}],"about":[{"href":"https:\/\/gregorydamy.niceavocats.fr\/it\/wp-json\/wp\/v2\/types\/post"}],"author":[{"embeddable":true,"href":"https:\/\/gregorydamy.niceavocats.fr\/it\/wp-json\/wp\/v2\/users\/1"}],"replies":[{"embeddable":true,"href":"https:\/\/gregorydamy.niceavocats.fr\/it\/wp-json\/wp\/v2\/comments?post=37799"}],"version-history":[{"count":0,"href":"https:\/\/gregorydamy.niceavocats.fr\/it\/wp-json\/wp\/v2\/posts\/37799\/revisions"}],"wp:attachment":[{"href":"https:\/\/gregorydamy.niceavocats.fr\/it\/wp-json\/wp\/v2\/media?parent=37799"}],"wp:term":[{"taxonomy":"category","embeddable":true,"href":"https:\/\/gregorydamy.niceavocats.fr\/it\/wp-json\/wp\/v2\/categories?post=37799"},{"taxonomy":"post_tag","embeddable":true,"href":"https:\/\/gregorydamy.niceavocats.fr\/it\/wp-json\/wp\/v2\/tags?post=37799"}],"curies":[{"name":"wp","href":"https:\/\/api.w.org\/{rel}","templated":true}]}}