{"id":37679,"date":"2023-09-29T14:31:41","date_gmt":"2023-09-29T14:31:41","guid":{"rendered":"https:\/\/gregorydamy.niceavocats.fr\/?p=37679"},"modified":"2023-09-29T16:50:23","modified_gmt":"2023-09-29T16:50:23","slug":"laccertamento-della-responsabilita-del-medico-la-sentenza-mercier","status":"publish","type":"post","link":"https:\/\/gregorydamy.niceavocats.fr\/it\/laccertamento-della-responsabilita-del-medico-la-sentenza-mercier\/","title":{"rendered":"L&#8217;accertamento della responsabilit\u00e0 del medico: la sentenza Mercier"},"content":{"rendered":"<p><strong>L&#8217;accertamento della responsabilit\u00e0 del medico: la sentenza Mercier<\/strong><br \/>\nLa responsabilit\u00e0 del medico \u00e8 stata stabilita nel 1936 con la sentenza &#8220;Mercier&#8221;.<br \/>\nQuesta sentenza ha posto le basi della responsabilit\u00e0 medica contrattuale.<br \/>\n&#8220;Tra il medico e il suo cliente si forma un vero e proprio contratto, che comporta l&#8217;impegno da parte del medico [&#8230;] di prestare al cliente cure [&#8230;] coscienziose, attente e, salvo circostanze eccezionali, conformi alle pi\u00f9 recenti conoscenze scientifiche; [&#8230;] la violazione, anche involontaria, di tale obbligo contrattuale \u00e8 punita con una responsabilit\u00e0 della stessa natura, anch&#8217;essa contrattuale&#8221;.<br \/>\nCass. civ. 1. 20 maggio 1936, Dott. N. contro \u00c9px Mercier<br \/>\nQuesta sentenza d\u00e0 quindi origine alla nozione di contratto medico riconoscendo la natura contrattuale del rapporto tra medico e paziente.<br \/>\nSecondo questo principio, un vero e proprio contratto si forma quando il paziente si rivolge al medico, creando un accordo tra i due che d\u00e0 luogo a obblighi.<br \/>\nLa responsabilit\u00e0 contrattuale del medico significa che il medico deve al paziente un&#8217;obbligazione di mezzi.<br \/>\nPur non impegnandosi a curare, deve fornire cure &#8220;non arbitrarie&#8221;, ma coscienziose, secondo le migliori conoscenze scientifiche disponibili.<br \/>\nL&#8217;obbligo di fare del proprio meglio obbliga il debitore a utilizzare tutti i mezzi ragionevoli nell&#8217;ambito della sua pratica per raggiungere lo scopo della prestazione, l&#8217;oggetto del contratto.<br \/>\nIl medico pu\u00f2 quindi essere ritenuto responsabile se si dimostra che ha violato l&#8217;obbligo di usare mezzi ragionevoli, ad esempio dimostrando negligenza.<br \/>\nL&#8217;onere della prova spetta al paziente che sostiene di essere stato vittima di negligenza medica.<br \/>\nQuesto obbligo di mezzi esclude dall&#8217;ambito degli obblighi contrattuali il risarcimento delle conseguenze del rischio e del pericolo, a meno che non si applichi un&#8217;eccezione.<br \/>\n&#8220;Il risarcimento delle conseguenze di un rischio terapeutico non rientra nell&#8217;ambito degli obblighi contrattuali del medico nei confronti del suo paziente&#8221;.<br \/>\nCass. civ. 1, 8 novembre 2000, n. 99-11.735<br \/>\nSiete vittime di negligenza medica? Lo Studio Legale DAMY, che si occupa regolarmente di questo tipo di controversie, pu\u00f2 aiutarvi.<br \/>\nNon esitate a contattarci per discutere della vostra situazione.<\/p>\n","protected":false},"excerpt":{"rendered":"<p>L&#8217;accertamento della responsabilit\u00e0 del medico: la sentenza Mercier La responsabilit\u00e0 del medico \u00e8 stata stabilita nel 1936 con la sentenza &#8220;Mercier&#8221;. Questa sentenza ha posto le basi della responsabilit\u00e0 medica contrattuale. &#8220;Tra il medico e il suo cliente si forma un vero e proprio contratto, che comporta l&#8217;impegno da parte del medico [&#8230;] di prestare [&hellip;]<\/p>\n","protected":false},"author":1,"featured_media":0,"comment_status":"closed","ping_status":"open","sticky":false,"template":"","format":"standard","meta":{"_et_pb_use_builder":"on","_et_pb_old_content":"<strong>L'accertamento della responsabilit\u00e0 del medico: la sentenza Mercier<\/strong>\r\nLa responsabilit\u00e0 del medico \u00e8 stata stabilita nel 1936 con la sentenza \"Mercier\".\r\nQuesta sentenza ha posto le basi della responsabilit\u00e0 medica contrattuale.\r\n\"Tra il medico e il suo cliente si forma un vero e proprio contratto, che comporta l'impegno da parte del medico [...] di prestare al cliente cure [...] coscienziose, attente e, salvo circostanze eccezionali, conformi alle pi\u00f9 recenti conoscenze scientifiche; [...] la violazione, anche involontaria, di tale obbligo contrattuale \u00e8 punita con una responsabilit\u00e0 della stessa natura, anch'essa contrattuale\".\r\nCass. civ. 1. 20 maggio 1936, Dott. N. contro \u00c9px Mercier\r\nQuesta sentenza d\u00e0 quindi origine alla nozione di contratto medico riconoscendo la natura contrattuale del rapporto tra medico e paziente.\r\nSecondo questo principio, un vero e proprio contratto si forma quando il paziente si rivolge al medico, creando un accordo tra i due che d\u00e0 luogo a obblighi.\r\nLa responsabilit\u00e0 contrattuale del medico significa che il medico deve al paziente un'obbligazione di mezzi.\r\nPur non impegnandosi a curare, deve fornire cure \"non arbitrarie\", ma coscienziose, secondo le migliori conoscenze scientifiche disponibili.\r\nL'obbligo di fare del proprio meglio obbliga il debitore a utilizzare tutti i mezzi ragionevoli nell'ambito della sua pratica per raggiungere lo scopo della prestazione, l'oggetto del contratto.\r\nIl medico pu\u00f2 quindi essere ritenuto responsabile se si dimostra che ha violato l'obbligo di usare mezzi ragionevoli, ad esempio dimostrando negligenza.\r\nL'onere della prova spetta al paziente che sostiene di essere stato vittima di negligenza medica.\r\nQuesto obbligo di mezzi esclude dall'ambito degli obblighi contrattuali il risarcimento delle conseguenze del rischio e del pericolo, a meno che non si applichi un'eccezione.\r\n\"Il risarcimento delle conseguenze di un rischio terapeutico non rientra nell'ambito degli obblighi contrattuali del medico nei confronti del suo paziente\".\r\nCass. civ. 1, 8 novembre 2000, n. 99-11.735\r\nSiete vittime di negligenza medica? Lo Studio Legale DAMY, che si occupa regolarmente di questo tipo di controversie, pu\u00f2 aiutarvi.\r\nNon esitate a contattarci per discutere della vostra situazione.","_et_gb_content_width":"","footnotes":""},"categories":[],"tags":[],"class_list":["post-37679","post","type-post","status-publish","format-standard","hentry"],"yoast_head":"<!-- This site is optimized with the Yoast SEO plugin v26.8 - https:\/\/yoast.com\/product\/yoast-seo-wordpress\/ -->\n<title>- Soci\u00e9t\u00e9 d&#039;avocats Damy L&#039;accertamento della responsabilit\u00e0 del medico<\/title>\n<meta name=\"description\" content=\"Questa sentenza ha posto le basi della responsabilit\u00e0 medica contrattuale.\" \/>\n<meta name=\"robots\" content=\"index, follow, max-snippet:-1, max-image-preview:large, max-video-preview:-1\" \/>\n<link rel=\"canonical\" href=\"https:\/\/gregorydamy.niceavocats.fr\/it\/laccertamento-della-responsabilita-del-medico-la-sentenza-mercier\/\" \/>\n<meta property=\"og:locale\" content=\"it_IT\" \/>\n<meta property=\"og:type\" content=\"article\" \/>\n<meta property=\"og:title\" content=\"- Soci\u00e9t\u00e9 d&#039;avocats Damy L&#039;accertamento della responsabilit\u00e0 del medico\" \/>\n<meta property=\"og:description\" content=\"Questa sentenza ha posto le basi della responsabilit\u00e0 medica contrattuale.\" \/>\n<meta property=\"og:url\" content=\"https:\/\/gregorydamy.niceavocats.fr\/it\/laccertamento-della-responsabilita-del-medico-la-sentenza-mercier\/\" \/>\n<meta property=\"og:site_name\" content=\"Soci\u00e9t\u00e9 d&#039;avocats Damy\" \/>\n<meta property=\"article:publisher\" content=\"https:\/\/www.facebook.com\/niceavocats.fr\/\" \/>\n<meta property=\"article:published_time\" content=\"2023-09-29T14:31:41+00:00\" \/>\n<meta property=\"article:modified_time\" content=\"2023-09-29T16:50:23+00:00\" \/>\n<meta name=\"author\" content=\"admin\" \/>\n<meta name=\"twitter:card\" content=\"summary_large_image\" \/>\n<meta name=\"twitter:label1\" content=\"Scritto da\" \/>\n\t<meta name=\"twitter:data1\" content=\"admin\" \/>\n\t<meta name=\"twitter:label2\" content=\"Tempo di lettura stimato\" \/>\n\t<meta name=\"twitter:data2\" content=\"2 minuti\" \/>\n<script type=\"application\/ld+json\" class=\"yoast-schema-graph\">{\"@context\":\"https:\/\/schema.org\",\"@graph\":[{\"@type\":\"Article\",\"@id\":\"https:\/\/gregorydamy.niceavocats.fr\/it\/laccertamento-della-responsabilita-del-medico-la-sentenza-mercier\/#article\",\"isPartOf\":{\"@id\":\"https:\/\/gregorydamy.niceavocats.fr\/it\/laccertamento-della-responsabilita-del-medico-la-sentenza-mercier\/\"},\"author\":{\"name\":\"admin\",\"@id\":\"https:\/\/gregorydamy.niceavocats.fr\/it\/#\/schema\/person\/64c9f9acb07431f6b55f72278b4a5d57\"},\"headline\":\"L&#8217;accertamento della responsabilit\u00e0 del medico: la sentenza Mercier\",\"datePublished\":\"2023-09-29T14:31:41+00:00\",\"dateModified\":\"2023-09-29T16:50:23+00:00\",\"mainEntityOfPage\":{\"@id\":\"https:\/\/gregorydamy.niceavocats.fr\/it\/laccertamento-della-responsabilita-del-medico-la-sentenza-mercier\/\"},\"wordCount\":339,\"publisher\":{\"@id\":\"https:\/\/gregorydamy.niceavocats.fr\/it\/#organization\"},\"inLanguage\":\"it-IT\"},{\"@type\":\"WebPage\",\"@id\":\"https:\/\/gregorydamy.niceavocats.fr\/it\/laccertamento-della-responsabilita-del-medico-la-sentenza-mercier\/\",\"url\":\"https:\/\/gregorydamy.niceavocats.fr\/it\/laccertamento-della-responsabilita-del-medico-la-sentenza-mercier\/\",\"name\":\"- Soci\u00e9t\u00e9 d&#039;avocats Damy L'accertamento della responsabilit\u00e0 del medico\",\"isPartOf\":{\"@id\":\"https:\/\/gregorydamy.niceavocats.fr\/it\/#website\"},\"datePublished\":\"2023-09-29T14:31:41+00:00\",\"dateModified\":\"2023-09-29T16:50:23+00:00\",\"description\":\"Questa sentenza ha posto le basi della responsabilit\u00e0 medica contrattuale.\",\"breadcrumb\":{\"@id\":\"https:\/\/gregorydamy.niceavocats.fr\/it\/laccertamento-della-responsabilita-del-medico-la-sentenza-mercier\/#breadcrumb\"},\"inLanguage\":\"it-IT\",\"potentialAction\":[{\"@type\":\"ReadAction\",\"target\":[\"https:\/\/gregorydamy.niceavocats.fr\/it\/laccertamento-della-responsabilita-del-medico-la-sentenza-mercier\/\"]}]},{\"@type\":\"BreadcrumbList\",\"@id\":\"https:\/\/gregorydamy.niceavocats.fr\/it\/laccertamento-della-responsabilita-del-medico-la-sentenza-mercier\/#breadcrumb\",\"itemListElement\":[{\"@type\":\"ListItem\",\"position\":1,\"name\":\"Accueil\",\"item\":\"https:\/\/gregorydamy.niceavocats.fr\/it\/\"},{\"@type\":\"ListItem\",\"position\":2,\"name\":\"L&rsquo;accertamento della responsabilit\u00e0 del medico: la sentenza Mercier\"}]},{\"@type\":\"WebSite\",\"@id\":\"https:\/\/gregorydamy.niceavocats.fr\/it\/#website\",\"url\":\"https:\/\/gregorydamy.niceavocats.fr\/it\/\",\"name\":\"Soci\u00e9t\u00e9 d&#039;avocats Damy\",\"description\":\"Justice - Confiance - Efficacit\u00e9\",\"publisher\":{\"@id\":\"https:\/\/gregorydamy.niceavocats.fr\/it\/#organization\"},\"potentialAction\":[{\"@type\":\"SearchAction\",\"target\":{\"@type\":\"EntryPoint\",\"urlTemplate\":\"https:\/\/gregorydamy.niceavocats.fr\/it\/?s={search_term_string}\"},\"query-input\":{\"@type\":\"PropertyValueSpecification\",\"valueRequired\":true,\"valueName\":\"search_term_string\"}}],\"inLanguage\":\"it-IT\"},{\"@type\":\"Organization\",\"@id\":\"https:\/\/gregorydamy.niceavocats.fr\/it\/#organization\",\"name\":\"Soci\u00e9t\u00e9 d'Avocats DAMY\",\"alternateName\":\"Gr\u00e9gory DAMY\",\"url\":\"https:\/\/gregorydamy.niceavocats.fr\/it\/\",\"logo\":{\"@type\":\"ImageObject\",\"inLanguage\":\"it-IT\",\"@id\":\"https:\/\/gregorydamy.niceavocats.fr\/it\/#\/schema\/logo\/image\/\",\"url\":\"https:\/\/gregorydamy.niceavocats.fr\/wp-content\/uploads\/2023\/04\/damylogo-1.png\",\"contentUrl\":\"https:\/\/gregorydamy.niceavocats.fr\/wp-content\/uploads\/2023\/04\/damylogo-1.png\",\"width\":1890,\"height\":1417,\"caption\":\"Soci\u00e9t\u00e9 d'Avocats DAMY\"},\"image\":{\"@id\":\"https:\/\/gregorydamy.niceavocats.fr\/it\/#\/schema\/logo\/image\/\"},\"sameAs\":[\"https:\/\/www.facebook.com\/niceavocats.fr\/\"]},{\"@type\":\"Person\",\"@id\":\"https:\/\/gregorydamy.niceavocats.fr\/it\/#\/schema\/person\/64c9f9acb07431f6b55f72278b4a5d57\",\"name\":\"admin\",\"sameAs\":[\"https:\/\/gregorydamy.niceavocats.fr\"],\"url\":\"https:\/\/gregorydamy.niceavocats.fr\/it\/author\/admin_34\/\"}]}<\/script>\n<!-- \/ Yoast SEO plugin. -->","yoast_head_json":{"title":"- Soci\u00e9t\u00e9 d&#039;avocats Damy L'accertamento della responsabilit\u00e0 del medico","description":"Questa sentenza ha posto le basi della responsabilit\u00e0 medica contrattuale.","robots":{"index":"index","follow":"follow","max-snippet":"max-snippet:-1","max-image-preview":"max-image-preview:large","max-video-preview":"max-video-preview:-1"},"canonical":"https:\/\/gregorydamy.niceavocats.fr\/it\/laccertamento-della-responsabilita-del-medico-la-sentenza-mercier\/","og_locale":"it_IT","og_type":"article","og_title":"- Soci\u00e9t\u00e9 d&#039;avocats Damy L'accertamento della responsabilit\u00e0 del medico","og_description":"Questa sentenza ha posto le basi della responsabilit\u00e0 medica contrattuale.","og_url":"https:\/\/gregorydamy.niceavocats.fr\/it\/laccertamento-della-responsabilita-del-medico-la-sentenza-mercier\/","og_site_name":"Soci\u00e9t\u00e9 d&#039;avocats Damy","article_publisher":"https:\/\/www.facebook.com\/niceavocats.fr\/","article_published_time":"2023-09-29T14:31:41+00:00","article_modified_time":"2023-09-29T16:50:23+00:00","author":"admin","twitter_card":"summary_large_image","twitter_misc":{"Scritto da":"admin","Tempo di lettura stimato":"2 minuti"},"schema":{"@context":"https:\/\/schema.org","@graph":[{"@type":"Article","@id":"https:\/\/gregorydamy.niceavocats.fr\/it\/laccertamento-della-responsabilita-del-medico-la-sentenza-mercier\/#article","isPartOf":{"@id":"https:\/\/gregorydamy.niceavocats.fr\/it\/laccertamento-della-responsabilita-del-medico-la-sentenza-mercier\/"},"author":{"name":"admin","@id":"https:\/\/gregorydamy.niceavocats.fr\/it\/#\/schema\/person\/64c9f9acb07431f6b55f72278b4a5d57"},"headline":"L&#8217;accertamento della responsabilit\u00e0 del medico: la sentenza Mercier","datePublished":"2023-09-29T14:31:41+00:00","dateModified":"2023-09-29T16:50:23+00:00","mainEntityOfPage":{"@id":"https:\/\/gregorydamy.niceavocats.fr\/it\/laccertamento-della-responsabilita-del-medico-la-sentenza-mercier\/"},"wordCount":339,"publisher":{"@id":"https:\/\/gregorydamy.niceavocats.fr\/it\/#organization"},"inLanguage":"it-IT"},{"@type":"WebPage","@id":"https:\/\/gregorydamy.niceavocats.fr\/it\/laccertamento-della-responsabilita-del-medico-la-sentenza-mercier\/","url":"https:\/\/gregorydamy.niceavocats.fr\/it\/laccertamento-della-responsabilita-del-medico-la-sentenza-mercier\/","name":"- Soci\u00e9t\u00e9 d&#039;avocats Damy L'accertamento della responsabilit\u00e0 del medico","isPartOf":{"@id":"https:\/\/gregorydamy.niceavocats.fr\/it\/#website"},"datePublished":"2023-09-29T14:31:41+00:00","dateModified":"2023-09-29T16:50:23+00:00","description":"Questa sentenza ha posto le basi della responsabilit\u00e0 medica contrattuale.","breadcrumb":{"@id":"https:\/\/gregorydamy.niceavocats.fr\/it\/laccertamento-della-responsabilita-del-medico-la-sentenza-mercier\/#breadcrumb"},"inLanguage":"it-IT","potentialAction":[{"@type":"ReadAction","target":["https:\/\/gregorydamy.niceavocats.fr\/it\/laccertamento-della-responsabilita-del-medico-la-sentenza-mercier\/"]}]},{"@type":"BreadcrumbList","@id":"https:\/\/gregorydamy.niceavocats.fr\/it\/laccertamento-della-responsabilita-del-medico-la-sentenza-mercier\/#breadcrumb","itemListElement":[{"@type":"ListItem","position":1,"name":"Accueil","item":"https:\/\/gregorydamy.niceavocats.fr\/it\/"},{"@type":"ListItem","position":2,"name":"L&rsquo;accertamento della responsabilit\u00e0 del medico: la sentenza Mercier"}]},{"@type":"WebSite","@id":"https:\/\/gregorydamy.niceavocats.fr\/it\/#website","url":"https:\/\/gregorydamy.niceavocats.fr\/it\/","name":"Soci\u00e9t\u00e9 d&#039;avocats Damy","description":"Justice - Confiance - Efficacit\u00e9","publisher":{"@id":"https:\/\/gregorydamy.niceavocats.fr\/it\/#organization"},"potentialAction":[{"@type":"SearchAction","target":{"@type":"EntryPoint","urlTemplate":"https:\/\/gregorydamy.niceavocats.fr\/it\/?s={search_term_string}"},"query-input":{"@type":"PropertyValueSpecification","valueRequired":true,"valueName":"search_term_string"}}],"inLanguage":"it-IT"},{"@type":"Organization","@id":"https:\/\/gregorydamy.niceavocats.fr\/it\/#organization","name":"Soci\u00e9t\u00e9 d'Avocats DAMY","alternateName":"Gr\u00e9gory DAMY","url":"https:\/\/gregorydamy.niceavocats.fr\/it\/","logo":{"@type":"ImageObject","inLanguage":"it-IT","@id":"https:\/\/gregorydamy.niceavocats.fr\/it\/#\/schema\/logo\/image\/","url":"https:\/\/gregorydamy.niceavocats.fr\/wp-content\/uploads\/2023\/04\/damylogo-1.png","contentUrl":"https:\/\/gregorydamy.niceavocats.fr\/wp-content\/uploads\/2023\/04\/damylogo-1.png","width":1890,"height":1417,"caption":"Soci\u00e9t\u00e9 d'Avocats DAMY"},"image":{"@id":"https:\/\/gregorydamy.niceavocats.fr\/it\/#\/schema\/logo\/image\/"},"sameAs":["https:\/\/www.facebook.com\/niceavocats.fr\/"]},{"@type":"Person","@id":"https:\/\/gregorydamy.niceavocats.fr\/it\/#\/schema\/person\/64c9f9acb07431f6b55f72278b4a5d57","name":"admin","sameAs":["https:\/\/gregorydamy.niceavocats.fr"],"url":"https:\/\/gregorydamy.niceavocats.fr\/it\/author\/admin_34\/"}]}},"_links":{"self":[{"href":"https:\/\/gregorydamy.niceavocats.fr\/it\/wp-json\/wp\/v2\/posts\/37679","targetHints":{"allow":["GET"]}}],"collection":[{"href":"https:\/\/gregorydamy.niceavocats.fr\/it\/wp-json\/wp\/v2\/posts"}],"about":[{"href":"https:\/\/gregorydamy.niceavocats.fr\/it\/wp-json\/wp\/v2\/types\/post"}],"author":[{"embeddable":true,"href":"https:\/\/gregorydamy.niceavocats.fr\/it\/wp-json\/wp\/v2\/users\/1"}],"replies":[{"embeddable":true,"href":"https:\/\/gregorydamy.niceavocats.fr\/it\/wp-json\/wp\/v2\/comments?post=37679"}],"version-history":[{"count":0,"href":"https:\/\/gregorydamy.niceavocats.fr\/it\/wp-json\/wp\/v2\/posts\/37679\/revisions"}],"wp:attachment":[{"href":"https:\/\/gregorydamy.niceavocats.fr\/it\/wp-json\/wp\/v2\/media?parent=37679"}],"wp:term":[{"taxonomy":"category","embeddable":true,"href":"https:\/\/gregorydamy.niceavocats.fr\/it\/wp-json\/wp\/v2\/categories?post=37679"},{"taxonomy":"post_tag","embeddable":true,"href":"https:\/\/gregorydamy.niceavocats.fr\/it\/wp-json\/wp\/v2\/tags?post=37679"}],"curies":[{"name":"wp","href":"https:\/\/api.w.org\/{rel}","templated":true}]}}