{"id":37667,"date":"2023-09-29T15:15:49","date_gmt":"2023-09-29T15:15:49","guid":{"rendered":"https:\/\/gregorydamy.niceavocats.fr\/?p=37667"},"modified":"2023-09-29T16:45:01","modified_gmt":"2023-09-29T16:45:01","slug":"la-responsabilita-contrattuale-delle-strutture-sanitarie-private","status":"publish","type":"post","link":"https:\/\/gregorydamy.niceavocats.fr\/it\/la-responsabilita-contrattuale-delle-strutture-sanitarie-private\/","title":{"rendered":"La responsabilit\u00e0 contrattuale delle strutture sanitarie private"},"content":{"rendered":"<p><strong>La responsabilit\u00e0 contrattuale delle strutture sanitarie private<\/strong><br \/>\nLe strutture sanitarie private sono vincolate da numerosi obblighi di natura contrattuale.<br \/>\n&#8220;Ma considerando che, in primo luogo, in virt\u00f9 del contratto di ricovero e cura che la lega al suo paziente, una struttura sanitaria privata \u00e8 tenuta a fornire al paziente un&#8217;assistenza qualificata, in particolare mettendo a disposizione medici in grado di intervenire entro i limiti di tempo imposti dalla loro condizione [&#8230;] ;<\/p>\n<p>E considerando, poi, che la Corte d&#8217;Appello, avendo rilevato che il ritardo dell&#8217;anestesista, imputabile alla mancanza di organizzazione della clinica, aveva comportato una mancanza di ossigeno per il bambino, causando una sofferenza cerebrale e i suoi postumi, ha potuto decidere che la sua colpa era legata all&#8217;intero danno del bambino&#8221;.<\/p>\n<p>Cass.civ.1, 15 dicembre 1999 n\u00b097-22.652<br \/>\nPertanto, una struttura sanitaria \u00e8 responsabile per la sua colpa nell&#8217;organizzazione del servizio.<br \/>\nInoltre, la struttura sanitaria non \u00e8 esonerata dalle colpe commesse nel suo servizio dal fatto che anche il medico potrebbe aver commesso delle colpe.<br \/>\nCi\u00f2 significa che il paziente pu\u00f2 invocare la responsabilit\u00e0 cumulativa dei vari soggetti coinvolti e farli ritenere entrambi responsabili, con il giudice che deve valutare l&#8217;entit\u00e0 della responsabilit\u00e0 di ciascuno.<br \/>\nPer garantire un&#8217;adeguata organizzazione delle cure, le strutture sanitarie devono mettere a disposizione dei pazienti un numero sufficiente di personale qualificato.<br \/>\nInoltre, il personale deve essere addestrato all&#8217;uso delle attrezzature della clinica:<br \/>\n&#8220;Inoltre, la Commissione ha constatato che, sebbene la clinica disponesse di attrezzature tecniche conformi alla pi\u00f9 recente scienza ostetrica, il personale messo a disposizione delle partorienti non aveva ricevuto una formazione sufficiente per consentirne l&#8217;uso; ha quindi constatato che la signora B aveva difficolt\u00e0 a leggere un tracciato di monitoraggio; che era quindi giustificato ritenere che questa mancanza di organizzazione costituisse una colpa della clinica; che, infine, caratterizzava il nesso di causalit\u00e0 tra la colpa cos\u00ec riconosciuta e il danno subito, nella misura in cui rilevava che l&#8217;ostetrica aveva somministrato farmaci senza un monitoraggio che avrebbe consentito di rilevare la sofferenza fetale&#8221;.<br \/>\nCass. civ. 1, 7 luglio 1998, n. 97-10.869<br \/>\nSe siete stati vittime di una negligenza organizzativa da parte di una struttura sanitaria privata, DAMY pu\u00f2 aiutarvi.<\/p>\n","protected":false},"excerpt":{"rendered":"<p>La responsabilit\u00e0 contrattuale delle strutture sanitarie private Le strutture sanitarie private sono vincolate da numerosi obblighi di natura contrattuale. &#8220;Ma considerando che, in primo luogo, in virt\u00f9 del contratto di ricovero e cura che la lega al suo paziente, una struttura sanitaria privata \u00e8 tenuta a fornire al paziente un&#8217;assistenza qualificata, in particolare mettendo a [&hellip;]<\/p>\n","protected":false},"author":1,"featured_media":0,"comment_status":"closed","ping_status":"open","sticky":false,"template":"","format":"standard","meta":{"_et_pb_use_builder":"on","_et_pb_old_content":"<strong>La responsabilit\u00e0 contrattuale delle strutture sanitarie private<\/strong>\r\nLe strutture sanitarie private sono vincolate da numerosi obblighi di natura contrattuale.\r\n\"Ma considerando che, in primo luogo, in virt\u00f9 del contratto di ricovero e cura che la lega al suo paziente, una struttura sanitaria privata \u00e8 tenuta a fornire al paziente un'assistenza qualificata, in particolare mettendo a disposizione medici in grado di intervenire entro i limiti di tempo imposti dalla loro condizione [...] ;\r\n\r\nE considerando, poi, che la Corte d'Appello, avendo rilevato che il ritardo dell'anestesista, imputabile alla mancanza di organizzazione della clinica, aveva comportato una mancanza di ossigeno per il bambino, causando una sofferenza cerebrale e i suoi postumi, ha potuto decidere che la sua colpa era legata all'intero danno del bambino\".\r\n\r\nCass.civ.1, 15 dicembre 1999 n\u00b097-22.652\r\nPertanto, una struttura sanitaria \u00e8 responsabile per la sua colpa nell'organizzazione del servizio.\r\nInoltre, la struttura sanitaria non \u00e8 esonerata dalle colpe commesse nel suo servizio dal fatto che anche il medico potrebbe aver commesso delle colpe.\r\nCi\u00f2 significa che il paziente pu\u00f2 invocare la responsabilit\u00e0 cumulativa dei vari soggetti coinvolti e farli ritenere entrambi responsabili, con il giudice che deve valutare l'entit\u00e0 della responsabilit\u00e0 di ciascuno.\r\nPer garantire un'adeguata organizzazione delle cure, le strutture sanitarie devono mettere a disposizione dei pazienti un numero sufficiente di personale qualificato.\r\nInoltre, il personale deve essere addestrato all'uso delle attrezzature della clinica:\r\n\"Inoltre, la Commissione ha constatato che, sebbene la clinica disponesse di attrezzature tecniche conformi alla pi\u00f9 recente scienza ostetrica, il personale messo a disposizione delle partorienti non aveva ricevuto una formazione sufficiente per consentirne l'uso; ha quindi constatato che la signora B aveva difficolt\u00e0 a leggere un tracciato di monitoraggio; che era quindi giustificato ritenere che questa mancanza di organizzazione costituisse una colpa della clinica; che, infine, caratterizzava il nesso di causalit\u00e0 tra la colpa cos\u00ec riconosciuta e il danno subito, nella misura in cui rilevava che l'ostetrica aveva somministrato farmaci senza un monitoraggio che avrebbe consentito di rilevare la sofferenza fetale\".\r\nCass. civ. 1, 7 luglio 1998, n. 97-10.869\r\nSe siete stati vittime di una negligenza organizzativa da parte di una struttura sanitaria privata, DAMY pu\u00f2 aiutarvi.","_et_gb_content_width":"","footnotes":""},"categories":[],"tags":[],"class_list":["post-37667","post","type-post","status-publish","format-standard","hentry"],"yoast_head":"<!-- This site is optimized with the Yoast SEO plugin v26.8 - https:\/\/yoast.com\/product\/yoast-seo-wordpress\/ -->\n<title>La responsabilit\u00e0 contrattuale delle strutture sanitarie private - Soci\u00e9t\u00e9 d&#039;avocats Damy<\/title>\n<meta name=\"description\" content=\"Le strutture sanitarie private sono vincolate da numerosi obblighi di natura contrattuale.\" \/>\n<meta name=\"robots\" content=\"index, follow, max-snippet:-1, max-image-preview:large, max-video-preview:-1\" \/>\n<link rel=\"canonical\" href=\"https:\/\/gregorydamy.niceavocats.fr\/it\/la-responsabilita-contrattuale-delle-strutture-sanitarie-private\/\" \/>\n<meta property=\"og:locale\" content=\"it_IT\" \/>\n<meta property=\"og:type\" content=\"article\" \/>\n<meta property=\"og:title\" content=\"La responsabilit\u00e0 contrattuale delle strutture sanitarie private - Soci\u00e9t\u00e9 d&#039;avocats Damy\" \/>\n<meta property=\"og:description\" content=\"Le strutture sanitarie private sono vincolate da numerosi obblighi di natura contrattuale.\" \/>\n<meta property=\"og:url\" content=\"https:\/\/gregorydamy.niceavocats.fr\/it\/la-responsabilita-contrattuale-delle-strutture-sanitarie-private\/\" \/>\n<meta property=\"og:site_name\" content=\"Soci\u00e9t\u00e9 d&#039;avocats Damy\" \/>\n<meta property=\"article:publisher\" content=\"https:\/\/www.facebook.com\/niceavocats.fr\/\" \/>\n<meta property=\"article:published_time\" content=\"2023-09-29T15:15:49+00:00\" \/>\n<meta property=\"article:modified_time\" content=\"2023-09-29T16:45:01+00:00\" \/>\n<meta name=\"author\" content=\"admin\" \/>\n<meta name=\"twitter:card\" content=\"summary_large_image\" \/>\n<meta name=\"twitter:label1\" content=\"Scritto da\" \/>\n\t<meta name=\"twitter:data1\" content=\"admin\" \/>\n\t<meta name=\"twitter:label2\" content=\"Tempo di lettura stimato\" \/>\n\t<meta name=\"twitter:data2\" content=\"2 minuti\" \/>\n<script type=\"application\/ld+json\" class=\"yoast-schema-graph\">{\"@context\":\"https:\/\/schema.org\",\"@graph\":[{\"@type\":\"Article\",\"@id\":\"https:\/\/gregorydamy.niceavocats.fr\/it\/la-responsabilita-contrattuale-delle-strutture-sanitarie-private\/#article\",\"isPartOf\":{\"@id\":\"https:\/\/gregorydamy.niceavocats.fr\/it\/la-responsabilita-contrattuale-delle-strutture-sanitarie-private\/\"},\"author\":{\"name\":\"admin\",\"@id\":\"https:\/\/gregorydamy.niceavocats.fr\/it\/#\/schema\/person\/64c9f9acb07431f6b55f72278b4a5d57\"},\"headline\":\"La responsabilit\u00e0 contrattuale delle strutture sanitarie private\",\"datePublished\":\"2023-09-29T15:15:49+00:00\",\"dateModified\":\"2023-09-29T16:45:01+00:00\",\"mainEntityOfPage\":{\"@id\":\"https:\/\/gregorydamy.niceavocats.fr\/it\/la-responsabilita-contrattuale-delle-strutture-sanitarie-private\/\"},\"wordCount\":363,\"publisher\":{\"@id\":\"https:\/\/gregorydamy.niceavocats.fr\/it\/#organization\"},\"inLanguage\":\"it-IT\"},{\"@type\":\"WebPage\",\"@id\":\"https:\/\/gregorydamy.niceavocats.fr\/it\/la-responsabilita-contrattuale-delle-strutture-sanitarie-private\/\",\"url\":\"https:\/\/gregorydamy.niceavocats.fr\/it\/la-responsabilita-contrattuale-delle-strutture-sanitarie-private\/\",\"name\":\"La responsabilit\u00e0 contrattuale delle strutture sanitarie private - Soci\u00e9t\u00e9 d&#039;avocats Damy\",\"isPartOf\":{\"@id\":\"https:\/\/gregorydamy.niceavocats.fr\/it\/#website\"},\"datePublished\":\"2023-09-29T15:15:49+00:00\",\"dateModified\":\"2023-09-29T16:45:01+00:00\",\"description\":\"Le strutture sanitarie private sono vincolate da numerosi obblighi di natura contrattuale.\",\"breadcrumb\":{\"@id\":\"https:\/\/gregorydamy.niceavocats.fr\/it\/la-responsabilita-contrattuale-delle-strutture-sanitarie-private\/#breadcrumb\"},\"inLanguage\":\"it-IT\",\"potentialAction\":[{\"@type\":\"ReadAction\",\"target\":[\"https:\/\/gregorydamy.niceavocats.fr\/it\/la-responsabilita-contrattuale-delle-strutture-sanitarie-private\/\"]}]},{\"@type\":\"BreadcrumbList\",\"@id\":\"https:\/\/gregorydamy.niceavocats.fr\/it\/la-responsabilita-contrattuale-delle-strutture-sanitarie-private\/#breadcrumb\",\"itemListElement\":[{\"@type\":\"ListItem\",\"position\":1,\"name\":\"Accueil\",\"item\":\"https:\/\/gregorydamy.niceavocats.fr\/it\/\"},{\"@type\":\"ListItem\",\"position\":2,\"name\":\"La responsabilit\u00e0 contrattuale delle strutture sanitarie private\"}]},{\"@type\":\"WebSite\",\"@id\":\"https:\/\/gregorydamy.niceavocats.fr\/it\/#website\",\"url\":\"https:\/\/gregorydamy.niceavocats.fr\/it\/\",\"name\":\"Soci\u00e9t\u00e9 d&#039;avocats Damy\",\"description\":\"Justice - Confiance - Efficacit\u00e9\",\"publisher\":{\"@id\":\"https:\/\/gregorydamy.niceavocats.fr\/it\/#organization\"},\"potentialAction\":[{\"@type\":\"SearchAction\",\"target\":{\"@type\":\"EntryPoint\",\"urlTemplate\":\"https:\/\/gregorydamy.niceavocats.fr\/it\/?s={search_term_string}\"},\"query-input\":{\"@type\":\"PropertyValueSpecification\",\"valueRequired\":true,\"valueName\":\"search_term_string\"}}],\"inLanguage\":\"it-IT\"},{\"@type\":\"Organization\",\"@id\":\"https:\/\/gregorydamy.niceavocats.fr\/it\/#organization\",\"name\":\"Soci\u00e9t\u00e9 d'Avocats DAMY\",\"alternateName\":\"Gr\u00e9gory DAMY\",\"url\":\"https:\/\/gregorydamy.niceavocats.fr\/it\/\",\"logo\":{\"@type\":\"ImageObject\",\"inLanguage\":\"it-IT\",\"@id\":\"https:\/\/gregorydamy.niceavocats.fr\/it\/#\/schema\/logo\/image\/\",\"url\":\"https:\/\/gregorydamy.niceavocats.fr\/wp-content\/uploads\/2023\/04\/damylogo-1.png\",\"contentUrl\":\"https:\/\/gregorydamy.niceavocats.fr\/wp-content\/uploads\/2023\/04\/damylogo-1.png\",\"width\":1890,\"height\":1417,\"caption\":\"Soci\u00e9t\u00e9 d'Avocats DAMY\"},\"image\":{\"@id\":\"https:\/\/gregorydamy.niceavocats.fr\/it\/#\/schema\/logo\/image\/\"},\"sameAs\":[\"https:\/\/www.facebook.com\/niceavocats.fr\/\"]},{\"@type\":\"Person\",\"@id\":\"https:\/\/gregorydamy.niceavocats.fr\/it\/#\/schema\/person\/64c9f9acb07431f6b55f72278b4a5d57\",\"name\":\"admin\",\"sameAs\":[\"https:\/\/gregorydamy.niceavocats.fr\"],\"url\":\"https:\/\/gregorydamy.niceavocats.fr\/it\/author\/admin_34\/\"}]}<\/script>\n<!-- \/ Yoast SEO plugin. -->","yoast_head_json":{"title":"La responsabilit\u00e0 contrattuale delle strutture sanitarie private - Soci\u00e9t\u00e9 d&#039;avocats Damy","description":"Le strutture sanitarie private sono vincolate da numerosi obblighi di natura contrattuale.","robots":{"index":"index","follow":"follow","max-snippet":"max-snippet:-1","max-image-preview":"max-image-preview:large","max-video-preview":"max-video-preview:-1"},"canonical":"https:\/\/gregorydamy.niceavocats.fr\/it\/la-responsabilita-contrattuale-delle-strutture-sanitarie-private\/","og_locale":"it_IT","og_type":"article","og_title":"La responsabilit\u00e0 contrattuale delle strutture sanitarie private - Soci\u00e9t\u00e9 d&#039;avocats Damy","og_description":"Le strutture sanitarie private sono vincolate da numerosi obblighi di natura contrattuale.","og_url":"https:\/\/gregorydamy.niceavocats.fr\/it\/la-responsabilita-contrattuale-delle-strutture-sanitarie-private\/","og_site_name":"Soci\u00e9t\u00e9 d&#039;avocats Damy","article_publisher":"https:\/\/www.facebook.com\/niceavocats.fr\/","article_published_time":"2023-09-29T15:15:49+00:00","article_modified_time":"2023-09-29T16:45:01+00:00","author":"admin","twitter_card":"summary_large_image","twitter_misc":{"Scritto da":"admin","Tempo di lettura stimato":"2 minuti"},"schema":{"@context":"https:\/\/schema.org","@graph":[{"@type":"Article","@id":"https:\/\/gregorydamy.niceavocats.fr\/it\/la-responsabilita-contrattuale-delle-strutture-sanitarie-private\/#article","isPartOf":{"@id":"https:\/\/gregorydamy.niceavocats.fr\/it\/la-responsabilita-contrattuale-delle-strutture-sanitarie-private\/"},"author":{"name":"admin","@id":"https:\/\/gregorydamy.niceavocats.fr\/it\/#\/schema\/person\/64c9f9acb07431f6b55f72278b4a5d57"},"headline":"La responsabilit\u00e0 contrattuale delle strutture sanitarie private","datePublished":"2023-09-29T15:15:49+00:00","dateModified":"2023-09-29T16:45:01+00:00","mainEntityOfPage":{"@id":"https:\/\/gregorydamy.niceavocats.fr\/it\/la-responsabilita-contrattuale-delle-strutture-sanitarie-private\/"},"wordCount":363,"publisher":{"@id":"https:\/\/gregorydamy.niceavocats.fr\/it\/#organization"},"inLanguage":"it-IT"},{"@type":"WebPage","@id":"https:\/\/gregorydamy.niceavocats.fr\/it\/la-responsabilita-contrattuale-delle-strutture-sanitarie-private\/","url":"https:\/\/gregorydamy.niceavocats.fr\/it\/la-responsabilita-contrattuale-delle-strutture-sanitarie-private\/","name":"La responsabilit\u00e0 contrattuale delle strutture sanitarie private - Soci\u00e9t\u00e9 d&#039;avocats Damy","isPartOf":{"@id":"https:\/\/gregorydamy.niceavocats.fr\/it\/#website"},"datePublished":"2023-09-29T15:15:49+00:00","dateModified":"2023-09-29T16:45:01+00:00","description":"Le strutture sanitarie private sono vincolate da numerosi obblighi di natura contrattuale.","breadcrumb":{"@id":"https:\/\/gregorydamy.niceavocats.fr\/it\/la-responsabilita-contrattuale-delle-strutture-sanitarie-private\/#breadcrumb"},"inLanguage":"it-IT","potentialAction":[{"@type":"ReadAction","target":["https:\/\/gregorydamy.niceavocats.fr\/it\/la-responsabilita-contrattuale-delle-strutture-sanitarie-private\/"]}]},{"@type":"BreadcrumbList","@id":"https:\/\/gregorydamy.niceavocats.fr\/it\/la-responsabilita-contrattuale-delle-strutture-sanitarie-private\/#breadcrumb","itemListElement":[{"@type":"ListItem","position":1,"name":"Accueil","item":"https:\/\/gregorydamy.niceavocats.fr\/it\/"},{"@type":"ListItem","position":2,"name":"La responsabilit\u00e0 contrattuale delle strutture sanitarie private"}]},{"@type":"WebSite","@id":"https:\/\/gregorydamy.niceavocats.fr\/it\/#website","url":"https:\/\/gregorydamy.niceavocats.fr\/it\/","name":"Soci\u00e9t\u00e9 d&#039;avocats Damy","description":"Justice - Confiance - Efficacit\u00e9","publisher":{"@id":"https:\/\/gregorydamy.niceavocats.fr\/it\/#organization"},"potentialAction":[{"@type":"SearchAction","target":{"@type":"EntryPoint","urlTemplate":"https:\/\/gregorydamy.niceavocats.fr\/it\/?s={search_term_string}"},"query-input":{"@type":"PropertyValueSpecification","valueRequired":true,"valueName":"search_term_string"}}],"inLanguage":"it-IT"},{"@type":"Organization","@id":"https:\/\/gregorydamy.niceavocats.fr\/it\/#organization","name":"Soci\u00e9t\u00e9 d'Avocats DAMY","alternateName":"Gr\u00e9gory DAMY","url":"https:\/\/gregorydamy.niceavocats.fr\/it\/","logo":{"@type":"ImageObject","inLanguage":"it-IT","@id":"https:\/\/gregorydamy.niceavocats.fr\/it\/#\/schema\/logo\/image\/","url":"https:\/\/gregorydamy.niceavocats.fr\/wp-content\/uploads\/2023\/04\/damylogo-1.png","contentUrl":"https:\/\/gregorydamy.niceavocats.fr\/wp-content\/uploads\/2023\/04\/damylogo-1.png","width":1890,"height":1417,"caption":"Soci\u00e9t\u00e9 d'Avocats DAMY"},"image":{"@id":"https:\/\/gregorydamy.niceavocats.fr\/it\/#\/schema\/logo\/image\/"},"sameAs":["https:\/\/www.facebook.com\/niceavocats.fr\/"]},{"@type":"Person","@id":"https:\/\/gregorydamy.niceavocats.fr\/it\/#\/schema\/person\/64c9f9acb07431f6b55f72278b4a5d57","name":"admin","sameAs":["https:\/\/gregorydamy.niceavocats.fr"],"url":"https:\/\/gregorydamy.niceavocats.fr\/it\/author\/admin_34\/"}]}},"_links":{"self":[{"href":"https:\/\/gregorydamy.niceavocats.fr\/it\/wp-json\/wp\/v2\/posts\/37667","targetHints":{"allow":["GET"]}}],"collection":[{"href":"https:\/\/gregorydamy.niceavocats.fr\/it\/wp-json\/wp\/v2\/posts"}],"about":[{"href":"https:\/\/gregorydamy.niceavocats.fr\/it\/wp-json\/wp\/v2\/types\/post"}],"author":[{"embeddable":true,"href":"https:\/\/gregorydamy.niceavocats.fr\/it\/wp-json\/wp\/v2\/users\/1"}],"replies":[{"embeddable":true,"href":"https:\/\/gregorydamy.niceavocats.fr\/it\/wp-json\/wp\/v2\/comments?post=37667"}],"version-history":[{"count":0,"href":"https:\/\/gregorydamy.niceavocats.fr\/it\/wp-json\/wp\/v2\/posts\/37667\/revisions"}],"wp:attachment":[{"href":"https:\/\/gregorydamy.niceavocats.fr\/it\/wp-json\/wp\/v2\/media?parent=37667"}],"wp:term":[{"taxonomy":"category","embeddable":true,"href":"https:\/\/gregorydamy.niceavocats.fr\/it\/wp-json\/wp\/v2\/categories?post=37667"},{"taxonomy":"post_tag","embeddable":true,"href":"https:\/\/gregorydamy.niceavocats.fr\/it\/wp-json\/wp\/v2\/tags?post=37667"}],"curies":[{"name":"wp","href":"https:\/\/api.w.org\/{rel}","templated":true}]}}