{"id":37661,"date":"2023-09-29T15:23:14","date_gmt":"2023-09-29T15:23:14","guid":{"rendered":"https:\/\/gregorydamy.niceavocats.fr\/?p=37661"},"modified":"2023-09-29T16:41:59","modified_gmt":"2023-09-29T16:41:59","slug":"responsabilita-civile-delle-strutture-sanitarie-private","status":"publish","type":"post","link":"https:\/\/gregorydamy.niceavocats.fr\/it\/responsabilita-civile-delle-strutture-sanitarie-private\/","title":{"rendered":"Responsabilit\u00e0 civile delle strutture sanitarie private"},"content":{"rendered":"<p><strong>Responsabilit\u00e0 civile delle strutture sanitarie private<\/strong><br \/>\nOltre alla responsabilit\u00e0 contrattuale, le strutture sanitarie private possono essere ritenute responsabili anche per fatto illecito.<br \/>\nIn particolare, in caso di caduta, possono essere responsabili nei confronti di terzi visitatori:<br \/>\n&#8220;Considerando che, secondo le dichiarazioni contenute nella sentenza di conferma, F., uscendo dalla clinica Geoffroy Saint-Hilaire, dove si era recato in visita, \u00e8 caduto sulle scale e si \u00e8 ferito; ha attribuito la caduta alle condizioni anomale della scala, alla sua forma a chiocciola, ai suoi gradini irregolari e stretti, alla sua mancanza di illuminazione e alla sua scarsa manutenzione, e ha citato in giudizio la clinica e la compagnia di assicurazione Concorde, sulla base degli articoli 1382 e 1384, comma 1, del Codice civile, per ottenere il risarcimento del danno; [&#8230; Alla luce di queste affermazioni, la Corte d&#8217;Appello, che [&#8230;] giustificava giuridicamente la sua decisione con queste motivazioni. &#8221;<br \/>\nCass. civ. 2, 3 giugno 1970, n. 68-14.242<br \/>\nA meno che non venga accertata la colpa della vittima.<br \/>\nInoltre, una struttura sanitaria privata sarebbe responsabile anche per le colpe commesse dai suoi dipendenti.<br \/>\nLe colpe commesse all&#8217;interno della struttura dal suo personale dipendente fanno sorgere la responsabilit\u00e0 civile di tale struttura per illecito civile sulla base delle disposizioni dell&#8217;articolo 1242 del Codice Civile.<br \/>\nL&#8217;istituto ospedaliero privato \u00e8 quindi responsabile per le proprie colpe, per quelle dei suoi dipendenti, ma anche per le cose che utilizzano.<br \/>\nAd esempio, anche la colpa di un medico dipendente potrebbe far sorgere la responsabilit\u00e0 civile dell&#8217;istituto:<br \/>\n&#8220;Pertanto, se, nonostante l&#8217;inalienabile indipendenza professionale di cui gode il medico nell&#8217;esercizio della sua arte, una struttura sanitaria pu\u00f2, senza pregiudizio dell&#8217;azione di regresso, essere dichiarata responsabile per le colpe commesse da un medico nel corso di atti di indagine o di cura praticati su un paziente, ci\u00f2 avviene a condizione che tale medico sia un suo dipendente&#8221;.<\/p>\n<p>Cass. civ. 1, 26 maggio 1999, n. 97-15.608<br \/>\nNon esitate a contattare il nostro studio per verificare se siete stati vittime di una colpa in questo contesto.<\/p>\n","protected":false},"excerpt":{"rendered":"<p>Responsabilit\u00e0 civile delle strutture sanitarie private Oltre alla responsabilit\u00e0 contrattuale, le strutture sanitarie private possono essere ritenute responsabili anche per fatto illecito. In particolare, in caso di caduta, possono essere responsabili nei confronti di terzi visitatori: &#8220;Considerando che, secondo le dichiarazioni contenute nella sentenza di conferma, F., uscendo dalla clinica Geoffroy Saint-Hilaire, dove si era [&hellip;]<\/p>\n","protected":false},"author":1,"featured_media":0,"comment_status":"closed","ping_status":"open","sticky":false,"template":"","format":"standard","meta":{"_et_pb_use_builder":"on","_et_pb_old_content":"<strong>Responsabilit\u00e0 civile delle strutture sanitarie private<\/strong>\r\nOltre alla responsabilit\u00e0 contrattuale, le strutture sanitarie private possono essere ritenute responsabili anche per fatto illecito.\r\nIn particolare, in caso di caduta, possono essere responsabili nei confronti di terzi visitatori:\r\n\"Considerando che, secondo le dichiarazioni contenute nella sentenza di conferma, F., uscendo dalla clinica Geoffroy Saint-Hilaire, dove si era recato in visita, \u00e8 caduto sulle scale e si \u00e8 ferito; ha attribuito la caduta alle condizioni anomale della scala, alla sua forma a chiocciola, ai suoi gradini irregolari e stretti, alla sua mancanza di illuminazione e alla sua scarsa manutenzione, e ha citato in giudizio la clinica e la compagnia di assicurazione Concorde, sulla base degli articoli 1382 e 1384, comma 1, del Codice civile, per ottenere il risarcimento del danno; [... Alla luce di queste affermazioni, la Corte d'Appello, che [...] giustificava giuridicamente la sua decisione con queste motivazioni. \"\r\nCass. civ. 2, 3 giugno 1970, n. 68-14.242\r\nA meno che non venga accertata la colpa della vittima.\r\nInoltre, una struttura sanitaria privata sarebbe responsabile anche per le colpe commesse dai suoi dipendenti.\r\nLe colpe commesse all'interno della struttura dal suo personale dipendente fanno sorgere la responsabilit\u00e0 civile di tale struttura per illecito civile sulla base delle disposizioni dell'articolo 1242 del Codice Civile.\r\nL'istituto ospedaliero privato \u00e8 quindi responsabile per le proprie colpe, per quelle dei suoi dipendenti, ma anche per le cose che utilizzano.\r\nAd esempio, anche la colpa di un medico dipendente potrebbe far sorgere la responsabilit\u00e0 civile dell'istituto:\r\n\"Pertanto, se, nonostante l'inalienabile indipendenza professionale di cui gode il medico nell'esercizio della sua arte, una struttura sanitaria pu\u00f2, senza pregiudizio dell'azione di regresso, essere dichiarata responsabile per le colpe commesse da un medico nel corso di atti di indagine o di cura praticati su un paziente, ci\u00f2 avviene a condizione che tale medico sia un suo dipendente\".\r\n\r\nCass. civ. 1, 26 maggio 1999, n. 97-15.608\r\nNon esitate a contattare il nostro studio per verificare se siete stati vittime di una colpa in questo contesto.","_et_gb_content_width":"","footnotes":""},"categories":[],"tags":[],"class_list":["post-37661","post","type-post","status-publish","format-standard","hentry"],"yoast_head":"<!-- This site is optimized with the Yoast SEO plugin v26.8 - https:\/\/yoast.com\/product\/yoast-seo-wordpress\/ -->\n<title>Responsabilit\u00e0 civile delle strutture sanitarie private - Soci\u00e9t\u00e9 d&#039;avocats Damy<\/title>\n<meta name=\"description\" content=\"Oltre alla responsabilit\u00e0 contrattuale, le strutture sanitarie private possono essere ritenute responsabili anche per fatto illecito.\" \/>\n<meta name=\"robots\" content=\"index, follow, max-snippet:-1, max-image-preview:large, max-video-preview:-1\" \/>\n<link rel=\"canonical\" href=\"https:\/\/gregorydamy.niceavocats.fr\/it\/responsabilita-civile-delle-strutture-sanitarie-private\/\" \/>\n<meta property=\"og:locale\" content=\"it_IT\" \/>\n<meta property=\"og:type\" content=\"article\" \/>\n<meta property=\"og:title\" content=\"Responsabilit\u00e0 civile delle strutture sanitarie private - Soci\u00e9t\u00e9 d&#039;avocats Damy\" \/>\n<meta property=\"og:description\" content=\"Oltre alla responsabilit\u00e0 contrattuale, le strutture sanitarie private possono essere ritenute responsabili anche per fatto illecito.\" \/>\n<meta property=\"og:url\" content=\"https:\/\/gregorydamy.niceavocats.fr\/it\/responsabilita-civile-delle-strutture-sanitarie-private\/\" \/>\n<meta property=\"og:site_name\" content=\"Soci\u00e9t\u00e9 d&#039;avocats Damy\" \/>\n<meta property=\"article:publisher\" content=\"https:\/\/www.facebook.com\/niceavocats.fr\/\" \/>\n<meta property=\"article:published_time\" content=\"2023-09-29T15:23:14+00:00\" \/>\n<meta property=\"article:modified_time\" content=\"2023-09-29T16:41:59+00:00\" \/>\n<meta name=\"author\" content=\"admin\" \/>\n<meta name=\"twitter:card\" content=\"summary_large_image\" \/>\n<meta name=\"twitter:label1\" content=\"Scritto da\" \/>\n\t<meta name=\"twitter:data1\" content=\"admin\" \/>\n\t<meta name=\"twitter:label2\" content=\"Tempo di lettura stimato\" \/>\n\t<meta name=\"twitter:data2\" content=\"2 minuti\" \/>\n<script type=\"application\/ld+json\" class=\"yoast-schema-graph\">{\"@context\":\"https:\/\/schema.org\",\"@graph\":[{\"@type\":\"Article\",\"@id\":\"https:\/\/gregorydamy.niceavocats.fr\/it\/responsabilita-civile-delle-strutture-sanitarie-private\/#article\",\"isPartOf\":{\"@id\":\"https:\/\/gregorydamy.niceavocats.fr\/it\/responsabilita-civile-delle-strutture-sanitarie-private\/\"},\"author\":{\"name\":\"admin\",\"@id\":\"https:\/\/gregorydamy.niceavocats.fr\/it\/#\/schema\/person\/64c9f9acb07431f6b55f72278b4a5d57\"},\"headline\":\"Responsabilit\u00e0 civile delle strutture sanitarie private\",\"datePublished\":\"2023-09-29T15:23:14+00:00\",\"dateModified\":\"2023-09-29T16:41:59+00:00\",\"mainEntityOfPage\":{\"@id\":\"https:\/\/gregorydamy.niceavocats.fr\/it\/responsabilita-civile-delle-strutture-sanitarie-private\/\"},\"wordCount\":331,\"publisher\":{\"@id\":\"https:\/\/gregorydamy.niceavocats.fr\/it\/#organization\"},\"inLanguage\":\"it-IT\"},{\"@type\":\"WebPage\",\"@id\":\"https:\/\/gregorydamy.niceavocats.fr\/it\/responsabilita-civile-delle-strutture-sanitarie-private\/\",\"url\":\"https:\/\/gregorydamy.niceavocats.fr\/it\/responsabilita-civile-delle-strutture-sanitarie-private\/\",\"name\":\"Responsabilit\u00e0 civile delle strutture sanitarie private - Soci\u00e9t\u00e9 d&#039;avocats Damy\",\"isPartOf\":{\"@id\":\"https:\/\/gregorydamy.niceavocats.fr\/it\/#website\"},\"datePublished\":\"2023-09-29T15:23:14+00:00\",\"dateModified\":\"2023-09-29T16:41:59+00:00\",\"description\":\"Oltre alla responsabilit\u00e0 contrattuale, le strutture sanitarie private possono essere ritenute responsabili anche per fatto illecito.\",\"breadcrumb\":{\"@id\":\"https:\/\/gregorydamy.niceavocats.fr\/it\/responsabilita-civile-delle-strutture-sanitarie-private\/#breadcrumb\"},\"inLanguage\":\"it-IT\",\"potentialAction\":[{\"@type\":\"ReadAction\",\"target\":[\"https:\/\/gregorydamy.niceavocats.fr\/it\/responsabilita-civile-delle-strutture-sanitarie-private\/\"]}]},{\"@type\":\"BreadcrumbList\",\"@id\":\"https:\/\/gregorydamy.niceavocats.fr\/it\/responsabilita-civile-delle-strutture-sanitarie-private\/#breadcrumb\",\"itemListElement\":[{\"@type\":\"ListItem\",\"position\":1,\"name\":\"Accueil\",\"item\":\"https:\/\/gregorydamy.niceavocats.fr\/it\/\"},{\"@type\":\"ListItem\",\"position\":2,\"name\":\"Responsabilit\u00e0 civile delle strutture sanitarie private\"}]},{\"@type\":\"WebSite\",\"@id\":\"https:\/\/gregorydamy.niceavocats.fr\/it\/#website\",\"url\":\"https:\/\/gregorydamy.niceavocats.fr\/it\/\",\"name\":\"Soci\u00e9t\u00e9 d&#039;avocats Damy\",\"description\":\"Justice - Confiance - Efficacit\u00e9\",\"publisher\":{\"@id\":\"https:\/\/gregorydamy.niceavocats.fr\/it\/#organization\"},\"potentialAction\":[{\"@type\":\"SearchAction\",\"target\":{\"@type\":\"EntryPoint\",\"urlTemplate\":\"https:\/\/gregorydamy.niceavocats.fr\/it\/?s={search_term_string}\"},\"query-input\":{\"@type\":\"PropertyValueSpecification\",\"valueRequired\":true,\"valueName\":\"search_term_string\"}}],\"inLanguage\":\"it-IT\"},{\"@type\":\"Organization\",\"@id\":\"https:\/\/gregorydamy.niceavocats.fr\/it\/#organization\",\"name\":\"Soci\u00e9t\u00e9 d'Avocats DAMY\",\"alternateName\":\"Gr\u00e9gory DAMY\",\"url\":\"https:\/\/gregorydamy.niceavocats.fr\/it\/\",\"logo\":{\"@type\":\"ImageObject\",\"inLanguage\":\"it-IT\",\"@id\":\"https:\/\/gregorydamy.niceavocats.fr\/it\/#\/schema\/logo\/image\/\",\"url\":\"https:\/\/gregorydamy.niceavocats.fr\/wp-content\/uploads\/2023\/04\/damylogo-1.png\",\"contentUrl\":\"https:\/\/gregorydamy.niceavocats.fr\/wp-content\/uploads\/2023\/04\/damylogo-1.png\",\"width\":1890,\"height\":1417,\"caption\":\"Soci\u00e9t\u00e9 d'Avocats DAMY\"},\"image\":{\"@id\":\"https:\/\/gregorydamy.niceavocats.fr\/it\/#\/schema\/logo\/image\/\"},\"sameAs\":[\"https:\/\/www.facebook.com\/niceavocats.fr\/\"]},{\"@type\":\"Person\",\"@id\":\"https:\/\/gregorydamy.niceavocats.fr\/it\/#\/schema\/person\/64c9f9acb07431f6b55f72278b4a5d57\",\"name\":\"admin\",\"sameAs\":[\"https:\/\/gregorydamy.niceavocats.fr\"],\"url\":\"https:\/\/gregorydamy.niceavocats.fr\/it\/author\/admin_34\/\"}]}<\/script>\n<!-- \/ Yoast SEO plugin. -->","yoast_head_json":{"title":"Responsabilit\u00e0 civile delle strutture sanitarie private - Soci\u00e9t\u00e9 d&#039;avocats Damy","description":"Oltre alla responsabilit\u00e0 contrattuale, le strutture sanitarie private possono essere ritenute responsabili anche per fatto illecito.","robots":{"index":"index","follow":"follow","max-snippet":"max-snippet:-1","max-image-preview":"max-image-preview:large","max-video-preview":"max-video-preview:-1"},"canonical":"https:\/\/gregorydamy.niceavocats.fr\/it\/responsabilita-civile-delle-strutture-sanitarie-private\/","og_locale":"it_IT","og_type":"article","og_title":"Responsabilit\u00e0 civile delle strutture sanitarie private - Soci\u00e9t\u00e9 d&#039;avocats Damy","og_description":"Oltre alla responsabilit\u00e0 contrattuale, le strutture sanitarie private possono essere ritenute responsabili anche per fatto illecito.","og_url":"https:\/\/gregorydamy.niceavocats.fr\/it\/responsabilita-civile-delle-strutture-sanitarie-private\/","og_site_name":"Soci\u00e9t\u00e9 d&#039;avocats Damy","article_publisher":"https:\/\/www.facebook.com\/niceavocats.fr\/","article_published_time":"2023-09-29T15:23:14+00:00","article_modified_time":"2023-09-29T16:41:59+00:00","author":"admin","twitter_card":"summary_large_image","twitter_misc":{"Scritto da":"admin","Tempo di lettura stimato":"2 minuti"},"schema":{"@context":"https:\/\/schema.org","@graph":[{"@type":"Article","@id":"https:\/\/gregorydamy.niceavocats.fr\/it\/responsabilita-civile-delle-strutture-sanitarie-private\/#article","isPartOf":{"@id":"https:\/\/gregorydamy.niceavocats.fr\/it\/responsabilita-civile-delle-strutture-sanitarie-private\/"},"author":{"name":"admin","@id":"https:\/\/gregorydamy.niceavocats.fr\/it\/#\/schema\/person\/64c9f9acb07431f6b55f72278b4a5d57"},"headline":"Responsabilit\u00e0 civile delle strutture sanitarie private","datePublished":"2023-09-29T15:23:14+00:00","dateModified":"2023-09-29T16:41:59+00:00","mainEntityOfPage":{"@id":"https:\/\/gregorydamy.niceavocats.fr\/it\/responsabilita-civile-delle-strutture-sanitarie-private\/"},"wordCount":331,"publisher":{"@id":"https:\/\/gregorydamy.niceavocats.fr\/it\/#organization"},"inLanguage":"it-IT"},{"@type":"WebPage","@id":"https:\/\/gregorydamy.niceavocats.fr\/it\/responsabilita-civile-delle-strutture-sanitarie-private\/","url":"https:\/\/gregorydamy.niceavocats.fr\/it\/responsabilita-civile-delle-strutture-sanitarie-private\/","name":"Responsabilit\u00e0 civile delle strutture sanitarie private - Soci\u00e9t\u00e9 d&#039;avocats Damy","isPartOf":{"@id":"https:\/\/gregorydamy.niceavocats.fr\/it\/#website"},"datePublished":"2023-09-29T15:23:14+00:00","dateModified":"2023-09-29T16:41:59+00:00","description":"Oltre alla responsabilit\u00e0 contrattuale, le strutture sanitarie private possono essere ritenute responsabili anche per fatto illecito.","breadcrumb":{"@id":"https:\/\/gregorydamy.niceavocats.fr\/it\/responsabilita-civile-delle-strutture-sanitarie-private\/#breadcrumb"},"inLanguage":"it-IT","potentialAction":[{"@type":"ReadAction","target":["https:\/\/gregorydamy.niceavocats.fr\/it\/responsabilita-civile-delle-strutture-sanitarie-private\/"]}]},{"@type":"BreadcrumbList","@id":"https:\/\/gregorydamy.niceavocats.fr\/it\/responsabilita-civile-delle-strutture-sanitarie-private\/#breadcrumb","itemListElement":[{"@type":"ListItem","position":1,"name":"Accueil","item":"https:\/\/gregorydamy.niceavocats.fr\/it\/"},{"@type":"ListItem","position":2,"name":"Responsabilit\u00e0 civile delle strutture sanitarie private"}]},{"@type":"WebSite","@id":"https:\/\/gregorydamy.niceavocats.fr\/it\/#website","url":"https:\/\/gregorydamy.niceavocats.fr\/it\/","name":"Soci\u00e9t\u00e9 d&#039;avocats Damy","description":"Justice - Confiance - Efficacit\u00e9","publisher":{"@id":"https:\/\/gregorydamy.niceavocats.fr\/it\/#organization"},"potentialAction":[{"@type":"SearchAction","target":{"@type":"EntryPoint","urlTemplate":"https:\/\/gregorydamy.niceavocats.fr\/it\/?s={search_term_string}"},"query-input":{"@type":"PropertyValueSpecification","valueRequired":true,"valueName":"search_term_string"}}],"inLanguage":"it-IT"},{"@type":"Organization","@id":"https:\/\/gregorydamy.niceavocats.fr\/it\/#organization","name":"Soci\u00e9t\u00e9 d'Avocats DAMY","alternateName":"Gr\u00e9gory DAMY","url":"https:\/\/gregorydamy.niceavocats.fr\/it\/","logo":{"@type":"ImageObject","inLanguage":"it-IT","@id":"https:\/\/gregorydamy.niceavocats.fr\/it\/#\/schema\/logo\/image\/","url":"https:\/\/gregorydamy.niceavocats.fr\/wp-content\/uploads\/2023\/04\/damylogo-1.png","contentUrl":"https:\/\/gregorydamy.niceavocats.fr\/wp-content\/uploads\/2023\/04\/damylogo-1.png","width":1890,"height":1417,"caption":"Soci\u00e9t\u00e9 d'Avocats DAMY"},"image":{"@id":"https:\/\/gregorydamy.niceavocats.fr\/it\/#\/schema\/logo\/image\/"},"sameAs":["https:\/\/www.facebook.com\/niceavocats.fr\/"]},{"@type":"Person","@id":"https:\/\/gregorydamy.niceavocats.fr\/it\/#\/schema\/person\/64c9f9acb07431f6b55f72278b4a5d57","name":"admin","sameAs":["https:\/\/gregorydamy.niceavocats.fr"],"url":"https:\/\/gregorydamy.niceavocats.fr\/it\/author\/admin_34\/"}]}},"_links":{"self":[{"href":"https:\/\/gregorydamy.niceavocats.fr\/it\/wp-json\/wp\/v2\/posts\/37661","targetHints":{"allow":["GET"]}}],"collection":[{"href":"https:\/\/gregorydamy.niceavocats.fr\/it\/wp-json\/wp\/v2\/posts"}],"about":[{"href":"https:\/\/gregorydamy.niceavocats.fr\/it\/wp-json\/wp\/v2\/types\/post"}],"author":[{"embeddable":true,"href":"https:\/\/gregorydamy.niceavocats.fr\/it\/wp-json\/wp\/v2\/users\/1"}],"replies":[{"embeddable":true,"href":"https:\/\/gregorydamy.niceavocats.fr\/it\/wp-json\/wp\/v2\/comments?post=37661"}],"version-history":[{"count":0,"href":"https:\/\/gregorydamy.niceavocats.fr\/it\/wp-json\/wp\/v2\/posts\/37661\/revisions"}],"wp:attachment":[{"href":"https:\/\/gregorydamy.niceavocats.fr\/it\/wp-json\/wp\/v2\/media?parent=37661"}],"wp:term":[{"taxonomy":"category","embeddable":true,"href":"https:\/\/gregorydamy.niceavocats.fr\/it\/wp-json\/wp\/v2\/categories?post=37661"},{"taxonomy":"post_tag","embeddable":true,"href":"https:\/\/gregorydamy.niceavocats.fr\/it\/wp-json\/wp\/v2\/tags?post=37661"}],"curies":[{"name":"wp","href":"https:\/\/api.w.org\/{rel}","templated":true}]}}