{"id":3675,"date":"2012-07-27T14:35:30","date_gmt":"2012-07-27T14:35:30","guid":{"rendered":"https:\/\/gregorydamy.niceavocats.fr\/?p=3675"},"modified":"2023-08-30T11:53:49","modified_gmt":"2023-08-30T11:53:49","slug":"veicolo-aziendale-quali-sono-i-diritti-del-dipendente","status":"publish","type":"post","link":"https:\/\/gregorydamy.niceavocats.fr\/it\/veicolo-aziendale-quali-sono-i-diritti-del-dipendente\/","title":{"rendered":"Veicolo aziendale: quali sono i diritti del dipendente?"},"content":{"rendered":"<p>[et_pb_section fb_built=&#8221;1&#8243; admin_label=&#8221;section&#8221; _builder_version=&#8221;4.19.5&#8243; custom_margin=&#8221;||0px||false|false&#8221; custom_padding=&#8221;||0px||false|false&#8221; locked=&#8221;off&#8221; global_colors_info=&#8221;{}&#8221;][et_pb_row column_structure=&#8221;1_3,1_3,1_3&#8243; _builder_version=&#8221;4.19.5&#8243; _module_preset=&#8221;default&#8221; background_enable_mask_style=&#8221;on&#8221; background_mask_style=&#8221;wave&#8221; background_mask_color=&#8221;rgba(0,0,0,0.08)&#8221; custom_padding=&#8221;||6px|||&#8221; locked=&#8221;off&#8221; global_colors_info=&#8221;{}&#8221;][et_pb_column type=&#8221;1_3&#8243; _builder_version=&#8221;4.19.5&#8243; _module_preset=&#8221;default&#8221; global_colors_info=&#8221;{}&#8221;][\/et_pb_column][et_pb_column type=&#8221;1_3&#8243; _builder_version=&#8221;4.19.5&#8243; _module_preset=&#8221;default&#8221; global_colors_info=&#8221;{}&#8221;][\/et_pb_column][et_pb_column type=&#8221;1_3&#8243; _builder_version=&#8221;4.19.5&#8243; _module_preset=&#8221;default&#8221; global_colors_info=&#8221;{}&#8221;][et_pb_circle_counter title=&#8221;Tempo di lettura stimato (in minuti)&#8221; number=&#8221;2&#8243; percent_sign=&#8221;off&#8221; _builder_version=&#8221;4.19.5&#8243; _module_preset=&#8221;default&#8221; title_font=&#8221;Amiri||||||||&#8221; max_width=&#8221;137px&#8221; global_colors_info=&#8221;{}&#8221;][\/et_pb_circle_counter][\/et_pb_column][\/et_pb_row][et_pb_row _builder_version=&#8221;4.19.5&#8243; _module_preset=&#8221;default&#8221; custom_margin=&#8221;||0px||false|false&#8221; custom_padding=&#8221;||0px||false|false&#8221; global_colors_info=&#8221;{}&#8221;][et_pb_column type=&#8221;4_4&#8243; _builder_version=&#8221;4.19.5&#8243; _module_preset=&#8221;default&#8221; global_colors_info=&#8221;{}&#8221;][et_pb_divider _builder_version=&#8221;4.19.5&#8243; _module_preset=&#8221;default&#8221; global_colors_info=&#8221;{}&#8221;][\/et_pb_divider][\/et_pb_column][\/et_pb_row][et_pb_row admin_label=&#8221;row&#8221; _builder_version=&#8221;4.16&#8243; background_size=&#8221;initial&#8221; background_position=&#8221;top_left&#8221; background_repeat=&#8221;repeat&#8221; global_colors_info=&#8221;{}&#8221;][et_pb_column type=&#8221;4_4&#8243; _builder_version=&#8221;4.16&#8243; custom_padding=&#8221;|||&#8221; global_colors_info=&#8221;{}&#8221; custom_padding__hover=&#8221;|||&#8221;][et_pb_image src=&#8221;https:\/\/gregorydamy.niceavocats.fr\/wp-content\/uploads\/2023\/08\/formula-1-2701335_1280-2.jpg&#8221; title_text=&#8221;formula-1-2701335_1280-2&#8243; _builder_version=&#8221;4.21.0&#8243; _module_preset=&#8221;default&#8221; hover_enabled=&#8221;0&#8243; global_colors_info=&#8221;{}&#8221; sticky_enabled=&#8221;0&#8243;][\/et_pb_image][et_pb_text admin_label=&#8221;Text&#8221; _builder_version=&#8221;4.21.0&#8243; text_font=&#8221;Amiri||||||||&#8221; header_2_font=&#8221;Amiri||||||||&#8221; header_3_font=&#8221;Amiri||||||||&#8221; background_size=&#8221;initial&#8221; background_position=&#8221;top_left&#8221; background_repeat=&#8221;repeat&#8221; hover_enabled=&#8221;0&#8243; global_colors_info=&#8221;{}&#8221; sticky_enabled=&#8221;0&#8243;]<\/p>\n<div class=\"entry-content\">\n<div class=\"et_pb_row et_pb_row_2\">\n<div class=\"et_pb_column et_pb_column_4_4 et_pb_column_4  et_pb_css_mix_blend_mode_passthrough et-last-child\">\n<div class=\"et_pb_module et_pb_text et_pb_text_0  et_pb_text_align_left et_pb_bg_layout_light\">\n<div class=\"et_pb_text_inner\">\n<div class=\"entry-content\">\n<div class=\"et_pb_row et_pb_row_2\">\n<div class=\"et_pb_column et_pb_column_4_4 et_pb_column_4  et_pb_css_mix_blend_mode_passthrough et-last-child\">\n<div class=\"et_pb_module et_pb_text et_pb_text_0  et_pb_text_align_left et_pb_bg_layout_light\">\n<div class=\"et_pb_text_inner\">\n<div class=\"entry-content\">\n<h2><span>Diritto del dipendente di trattenere l&#8217;autoveicolo aziendale durante il periodo di preavviso<\/span><\/h2>\n<p><span>Nel caso in cui un dipendente sia titolare di un veicolo aziendale sia per uso professionale che personale, ha diritto di trattenerlo per tutta la durata del periodo di preavviso, anche se esente dal preavviso (Cass. soc. 8 marzo 2000\u00a0<\/span><a href=\"https:\/\/www.legifrance.gouv.fr\/juri\/id\/JURITEXT000007042366\/\"><span>, n\u00b0 99-43091<\/span><\/a><span>\u00a0, BC V n\u00b0 92).\u00a0Tuttavia, ci sono stati casi in cui i datori di lavoro hanno tentato di aggirare questa regola inserendo clausole specifiche nel\u00a0 contratto\u00a0<\/span><span>di lavoro\u00a0<\/span><span>\u00a0.<\/span><\/p>\n<p><span>Una di queste clausole prevedeva che qualora il dipendente rinunciasse al termine di preavviso, fosse tenuto a restituire l&#8217;autoveicolo aziendale al momento della notifica di licenziamento.\u00a0Tale clausola \u00e8 stata per\u00f2 ritenuta inefficace dalla Corte di Cassazione.\u00a0Secondo il tribunale, qualunque siano le disposizioni del contratto di lavoro, l&#8217;esenzione dal preavviso non deve comportare alcuna riduzione della retribuzione e dei benefici che il dipendente avrebbe ricevuto se avesse continuato a lavorare.<\/span><\/p>\n<h2><span>Diritti del lavoratore e obblighi del datore di lavoro<\/span><\/h2>\n<p><span>Di conseguenza, il datore di lavoro era tenuto a risarcire il lavoratore per averlo illecitamente privato del suo veicolo aziendale durante il periodo di preavviso.\u00a0\u00c8 fondamentale notare che questa particolare soluzione si applica ai veicoli aziendali utilizzati sia per scopi aziendali che personali.\u00a0Tuttavia, se il veicolo \u00e8 destinato esclusivamente all&#8217;uso professionale, l&#8217;azienda pu\u00f2 chiederne la restituzione non appena il dipendente esonerato cessa dal servizio (cass. soc. 17 dicembre 1987, n. 85-41350 D).<\/span><\/p>\n<p><span class=\"\"><span>In sintesi, quando un dipendente possiede un veicolo aziendale sia per uso professionale che personale, ha diritto a trattenerlo per tutta la durata del periodo di preavviso, anche in caso di rinuncia al preavviso.\u00a0<\/span><\/span><span>Ogni tentativo da parte del datore di lavoro di derogare a tale diritto mediante clausole contrattuali \u00e8 ritenuto inefficace dalla Corte di Cassazione.\u00a0I datori di lavoro non devono\u00a0\u00a0<\/span><span>ridurre\u00a0<\/span><span>\u00a0lo stipendio e i benefici del dipendente durante il periodo di preavviso, indipendentemente dalle disposizioni contrattuali.\u00a0In caso di inottemperanza, il datore di lavoro pu\u00f2 essere tenuto a risarcire il dipendente per l\u2019illecita privazione dell\u2019autoveicolo aziendale.\u00a0Tuttavia, se il veicolo \u00e8 ad uso esclusivamente professionale, l&#8217;azienda pu\u00f2 richiederne la restituzione quando il dipendente esente dal preavviso cessa dal servizio.\u00a0<\/span><\/p>\n<p><a href=\"https:\/\/gregorydamy.niceavocats.fr\/\"><span>Studio Legale DAMY<\/span><\/a><span>\u00a0.\u00a0<\/span><\/p>\n<\/div>\n<\/div>\n<\/div>\n<\/div>\n<\/div>\n<div class=\"et_pb_row et_pb_row_3\">\n<div class=\"et_pb_column et_pb_column_4_4 et_pb_column_5  et_pb_css_mix_blend_mode_passthrough et-last-child\">\u00a0<\/div>\n<\/div>\n<\/div>\n<\/div>\n<\/div>\n<\/div>\n<\/div>\n<div class=\"et_pb_row et_pb_row_3\">\n<div class=\"et_pb_column et_pb_column_4_4 et_pb_column_5  et_pb_css_mix_blend_mode_passthrough et-last-child\">\u00a0<\/div>\n<\/div>\n<\/div>\n<p>[\/et_pb_text][\/et_pb_column][\/et_pb_row][et_pb_row _builder_version=&#8221;4.19.5&#8243; _module_preset=&#8221;default&#8221; custom_margin=&#8221;||0px||false|false&#8221; custom_padding=&#8221;||0px||false|false&#8221; global_colors_info=&#8221;{}&#8221;][et_pb_column type=&#8221;4_4&#8243; _builder_version=&#8221;4.19.5&#8243; _module_preset=&#8221;default&#8221; global_colors_info=&#8221;{}&#8221;][et_pb_divider _builder_version=&#8221;4.19.5&#8243; _module_preset=&#8221;default&#8221; global_colors_info=&#8221;{}&#8221;][\/et_pb_divider][\/et_pb_column][\/et_pb_row][\/et_pb_section]<\/p>\n","protected":false},"excerpt":{"rendered":"<p>Diritto del dipendente di trattenere l&#8217;autoveicolo aziendale durante il periodo di preavviso Nel caso in cui un dipendente sia titolare di un veicolo aziendale sia per uso professionale che personale, ha diritto di trattenerlo per tutta la durata del periodo di preavviso, anche se esente dal preavviso (Cass. soc. 8 marzo 2000\u00a0, n\u00b0 99-43091\u00a0, BC [&hellip;]<\/p>\n","protected":false},"author":2,"featured_media":0,"comment_status":"open","ping_status":"open","sticky":false,"template":"","format":"standard","meta":{"_et_pb_use_builder":"on","_et_pb_old_content":"","_et_gb_content_width":"","footnotes":""},"categories":[316],"tags":[],"class_list":["post-3675","post","type-post","status-publish","format-standard","hentry","category-diritto-del-lavoro"],"yoast_head":"<!-- This site is optimized with the Yoast SEO plugin v26.8 - https:\/\/yoast.com\/product\/yoast-seo-wordpress\/ -->\n<title>Veicolo aziendale: quali sono i diritti del dipendente? - Soci\u00e9t\u00e9 d&#039;avocats Damy<\/title>\n<meta name=\"description\" content=\"Veicolo aziendale: quali sono i diritti del dipendente? In sintesi, quando un dipendente dispone di un veicolo aziendale sia per\" \/>\n<meta name=\"robots\" content=\"index, follow, max-snippet:-1, max-image-preview:large, max-video-preview:-1\" \/>\n<link rel=\"canonical\" href=\"https:\/\/gregorydamy.niceavocats.fr\/it\/veicolo-aziendale-quali-sono-i-diritti-del-dipendente\/\" \/>\n<meta property=\"og:locale\" content=\"it_IT\" \/>\n<meta property=\"og:type\" content=\"article\" \/>\n<meta property=\"og:title\" content=\"Veicolo aziendale: quali sono i diritti del dipendente? - Soci\u00e9t\u00e9 d&#039;avocats Damy\" \/>\n<meta property=\"og:description\" content=\"Veicolo aziendale: quali sono i diritti del dipendente? In sintesi, quando un dipendente dispone di un veicolo aziendale sia per\" \/>\n<meta property=\"og:url\" content=\"https:\/\/gregorydamy.niceavocats.fr\/it\/veicolo-aziendale-quali-sono-i-diritti-del-dipendente\/\" \/>\n<meta property=\"og:site_name\" content=\"Soci\u00e9t\u00e9 d&#039;avocats Damy\" \/>\n<meta property=\"article:publisher\" content=\"https:\/\/www.facebook.com\/niceavocats.fr\/\" \/>\n<meta property=\"article:published_time\" content=\"2012-07-27T14:35:30+00:00\" \/>\n<meta property=\"article:modified_time\" content=\"2023-08-30T11:53:49+00:00\" \/>\n<meta name=\"author\" content=\"Kevin\" \/>\n<meta name=\"twitter:card\" content=\"summary_large_image\" \/>\n<meta name=\"twitter:label1\" content=\"Scritto da\" \/>\n\t<meta name=\"twitter:data1\" content=\"Kevin\" \/>\n\t<meta name=\"twitter:label2\" content=\"Tempo di lettura stimato\" \/>\n\t<meta name=\"twitter:data2\" content=\"3 minuti\" \/>\n<script type=\"application\/ld+json\" class=\"yoast-schema-graph\">{\"@context\":\"https:\/\/schema.org\",\"@graph\":[{\"@type\":\"Article\",\"@id\":\"https:\/\/gregorydamy.niceavocats.fr\/it\/veicolo-aziendale-quali-sono-i-diritti-del-dipendente\/#article\",\"isPartOf\":{\"@id\":\"https:\/\/gregorydamy.niceavocats.fr\/it\/veicolo-aziendale-quali-sono-i-diritti-del-dipendente\/\"},\"author\":{\"name\":\"Kevin\",\"@id\":\"https:\/\/gregorydamy.niceavocats.fr\/it\/#\/schema\/person\/e040acb2856efaa1e114d0e7a92a3870\"},\"headline\":\"Veicolo aziendale: quali sono i diritti del dipendente?\",\"datePublished\":\"2012-07-27T14:35:30+00:00\",\"dateModified\":\"2023-08-30T11:53:49+00:00\",\"mainEntityOfPage\":{\"@id\":\"https:\/\/gregorydamy.niceavocats.fr\/it\/veicolo-aziendale-quali-sono-i-diritti-del-dipendente\/\"},\"wordCount\":726,\"commentCount\":0,\"publisher\":{\"@id\":\"https:\/\/gregorydamy.niceavocats.fr\/it\/#organization\"},\"articleSection\":[\"Diritto del lavoro\"],\"inLanguage\":\"it-IT\",\"potentialAction\":[{\"@type\":\"CommentAction\",\"name\":\"Comment\",\"target\":[\"https:\/\/gregorydamy.niceavocats.fr\/it\/veicolo-aziendale-quali-sono-i-diritti-del-dipendente\/#respond\"]}]},{\"@type\":\"WebPage\",\"@id\":\"https:\/\/gregorydamy.niceavocats.fr\/it\/veicolo-aziendale-quali-sono-i-diritti-del-dipendente\/\",\"url\":\"https:\/\/gregorydamy.niceavocats.fr\/it\/veicolo-aziendale-quali-sono-i-diritti-del-dipendente\/\",\"name\":\"Veicolo aziendale: quali sono i diritti del dipendente? - Soci\u00e9t\u00e9 d&#039;avocats Damy\",\"isPartOf\":{\"@id\":\"https:\/\/gregorydamy.niceavocats.fr\/it\/#website\"},\"datePublished\":\"2012-07-27T14:35:30+00:00\",\"dateModified\":\"2023-08-30T11:53:49+00:00\",\"description\":\"Veicolo aziendale: quali sono i diritti del dipendente? In sintesi, quando un dipendente dispone di un veicolo aziendale sia per\",\"breadcrumb\":{\"@id\":\"https:\/\/gregorydamy.niceavocats.fr\/it\/veicolo-aziendale-quali-sono-i-diritti-del-dipendente\/#breadcrumb\"},\"inLanguage\":\"it-IT\",\"potentialAction\":[{\"@type\":\"ReadAction\",\"target\":[\"https:\/\/gregorydamy.niceavocats.fr\/it\/veicolo-aziendale-quali-sono-i-diritti-del-dipendente\/\"]}]},{\"@type\":\"BreadcrumbList\",\"@id\":\"https:\/\/gregorydamy.niceavocats.fr\/it\/veicolo-aziendale-quali-sono-i-diritti-del-dipendente\/#breadcrumb\",\"itemListElement\":[{\"@type\":\"ListItem\",\"position\":1,\"name\":\"Accueil\",\"item\":\"https:\/\/gregorydamy.niceavocats.fr\/it\/\"},{\"@type\":\"ListItem\",\"position\":2,\"name\":\"Veicolo aziendale: quali sono i diritti del dipendente?\"}]},{\"@type\":\"WebSite\",\"@id\":\"https:\/\/gregorydamy.niceavocats.fr\/it\/#website\",\"url\":\"https:\/\/gregorydamy.niceavocats.fr\/it\/\",\"name\":\"Soci\u00e9t\u00e9 d&#039;avocats Damy\",\"description\":\"Justice - Confiance - Efficacit\u00e9\",\"publisher\":{\"@id\":\"https:\/\/gregorydamy.niceavocats.fr\/it\/#organization\"},\"potentialAction\":[{\"@type\":\"SearchAction\",\"target\":{\"@type\":\"EntryPoint\",\"urlTemplate\":\"https:\/\/gregorydamy.niceavocats.fr\/it\/?s={search_term_string}\"},\"query-input\":{\"@type\":\"PropertyValueSpecification\",\"valueRequired\":true,\"valueName\":\"search_term_string\"}}],\"inLanguage\":\"it-IT\"},{\"@type\":\"Organization\",\"@id\":\"https:\/\/gregorydamy.niceavocats.fr\/it\/#organization\",\"name\":\"Soci\u00e9t\u00e9 d'Avocats DAMY\",\"alternateName\":\"Gr\u00e9gory DAMY\",\"url\":\"https:\/\/gregorydamy.niceavocats.fr\/it\/\",\"logo\":{\"@type\":\"ImageObject\",\"inLanguage\":\"it-IT\",\"@id\":\"https:\/\/gregorydamy.niceavocats.fr\/it\/#\/schema\/logo\/image\/\",\"url\":\"https:\/\/gregorydamy.niceavocats.fr\/wp-content\/uploads\/2023\/04\/damylogo-1.png\",\"contentUrl\":\"https:\/\/gregorydamy.niceavocats.fr\/wp-content\/uploads\/2023\/04\/damylogo-1.png\",\"width\":1890,\"height\":1417,\"caption\":\"Soci\u00e9t\u00e9 d'Avocats DAMY\"},\"image\":{\"@id\":\"https:\/\/gregorydamy.niceavocats.fr\/it\/#\/schema\/logo\/image\/\"},\"sameAs\":[\"https:\/\/www.facebook.com\/niceavocats.fr\/\"]},{\"@type\":\"Person\",\"@id\":\"https:\/\/gregorydamy.niceavocats.fr\/it\/#\/schema\/person\/e040acb2856efaa1e114d0e7a92a3870\",\"name\":\"Kevin\",\"url\":\"https:\/\/gregorydamy.niceavocats.fr\/it\/author\/kevin\/\"}]}<\/script>\n<!-- \/ Yoast SEO plugin. -->","yoast_head_json":{"title":"Veicolo aziendale: quali sono i diritti del dipendente? - Soci\u00e9t\u00e9 d&#039;avocats Damy","description":"Veicolo aziendale: quali sono i diritti del dipendente? In sintesi, quando un dipendente dispone di un veicolo aziendale sia per","robots":{"index":"index","follow":"follow","max-snippet":"max-snippet:-1","max-image-preview":"max-image-preview:large","max-video-preview":"max-video-preview:-1"},"canonical":"https:\/\/gregorydamy.niceavocats.fr\/it\/veicolo-aziendale-quali-sono-i-diritti-del-dipendente\/","og_locale":"it_IT","og_type":"article","og_title":"Veicolo aziendale: quali sono i diritti del dipendente? - Soci\u00e9t\u00e9 d&#039;avocats Damy","og_description":"Veicolo aziendale: quali sono i diritti del dipendente? In sintesi, quando un dipendente dispone di un veicolo aziendale sia per","og_url":"https:\/\/gregorydamy.niceavocats.fr\/it\/veicolo-aziendale-quali-sono-i-diritti-del-dipendente\/","og_site_name":"Soci\u00e9t\u00e9 d&#039;avocats Damy","article_publisher":"https:\/\/www.facebook.com\/niceavocats.fr\/","article_published_time":"2012-07-27T14:35:30+00:00","article_modified_time":"2023-08-30T11:53:49+00:00","author":"Kevin","twitter_card":"summary_large_image","twitter_misc":{"Scritto da":"Kevin","Tempo di lettura stimato":"3 minuti"},"schema":{"@context":"https:\/\/schema.org","@graph":[{"@type":"Article","@id":"https:\/\/gregorydamy.niceavocats.fr\/it\/veicolo-aziendale-quali-sono-i-diritti-del-dipendente\/#article","isPartOf":{"@id":"https:\/\/gregorydamy.niceavocats.fr\/it\/veicolo-aziendale-quali-sono-i-diritti-del-dipendente\/"},"author":{"name":"Kevin","@id":"https:\/\/gregorydamy.niceavocats.fr\/it\/#\/schema\/person\/e040acb2856efaa1e114d0e7a92a3870"},"headline":"Veicolo aziendale: quali sono i diritti del dipendente?","datePublished":"2012-07-27T14:35:30+00:00","dateModified":"2023-08-30T11:53:49+00:00","mainEntityOfPage":{"@id":"https:\/\/gregorydamy.niceavocats.fr\/it\/veicolo-aziendale-quali-sono-i-diritti-del-dipendente\/"},"wordCount":726,"commentCount":0,"publisher":{"@id":"https:\/\/gregorydamy.niceavocats.fr\/it\/#organization"},"articleSection":["Diritto del lavoro"],"inLanguage":"it-IT","potentialAction":[{"@type":"CommentAction","name":"Comment","target":["https:\/\/gregorydamy.niceavocats.fr\/it\/veicolo-aziendale-quali-sono-i-diritti-del-dipendente\/#respond"]}]},{"@type":"WebPage","@id":"https:\/\/gregorydamy.niceavocats.fr\/it\/veicolo-aziendale-quali-sono-i-diritti-del-dipendente\/","url":"https:\/\/gregorydamy.niceavocats.fr\/it\/veicolo-aziendale-quali-sono-i-diritti-del-dipendente\/","name":"Veicolo aziendale: quali sono i diritti del dipendente? - Soci\u00e9t\u00e9 d&#039;avocats Damy","isPartOf":{"@id":"https:\/\/gregorydamy.niceavocats.fr\/it\/#website"},"datePublished":"2012-07-27T14:35:30+00:00","dateModified":"2023-08-30T11:53:49+00:00","description":"Veicolo aziendale: quali sono i diritti del dipendente? In sintesi, quando un dipendente dispone di un veicolo aziendale sia per","breadcrumb":{"@id":"https:\/\/gregorydamy.niceavocats.fr\/it\/veicolo-aziendale-quali-sono-i-diritti-del-dipendente\/#breadcrumb"},"inLanguage":"it-IT","potentialAction":[{"@type":"ReadAction","target":["https:\/\/gregorydamy.niceavocats.fr\/it\/veicolo-aziendale-quali-sono-i-diritti-del-dipendente\/"]}]},{"@type":"BreadcrumbList","@id":"https:\/\/gregorydamy.niceavocats.fr\/it\/veicolo-aziendale-quali-sono-i-diritti-del-dipendente\/#breadcrumb","itemListElement":[{"@type":"ListItem","position":1,"name":"Accueil","item":"https:\/\/gregorydamy.niceavocats.fr\/it\/"},{"@type":"ListItem","position":2,"name":"Veicolo aziendale: quali sono i diritti del dipendente?"}]},{"@type":"WebSite","@id":"https:\/\/gregorydamy.niceavocats.fr\/it\/#website","url":"https:\/\/gregorydamy.niceavocats.fr\/it\/","name":"Soci\u00e9t\u00e9 d&#039;avocats Damy","description":"Justice - Confiance - Efficacit\u00e9","publisher":{"@id":"https:\/\/gregorydamy.niceavocats.fr\/it\/#organization"},"potentialAction":[{"@type":"SearchAction","target":{"@type":"EntryPoint","urlTemplate":"https:\/\/gregorydamy.niceavocats.fr\/it\/?s={search_term_string}"},"query-input":{"@type":"PropertyValueSpecification","valueRequired":true,"valueName":"search_term_string"}}],"inLanguage":"it-IT"},{"@type":"Organization","@id":"https:\/\/gregorydamy.niceavocats.fr\/it\/#organization","name":"Soci\u00e9t\u00e9 d'Avocats DAMY","alternateName":"Gr\u00e9gory DAMY","url":"https:\/\/gregorydamy.niceavocats.fr\/it\/","logo":{"@type":"ImageObject","inLanguage":"it-IT","@id":"https:\/\/gregorydamy.niceavocats.fr\/it\/#\/schema\/logo\/image\/","url":"https:\/\/gregorydamy.niceavocats.fr\/wp-content\/uploads\/2023\/04\/damylogo-1.png","contentUrl":"https:\/\/gregorydamy.niceavocats.fr\/wp-content\/uploads\/2023\/04\/damylogo-1.png","width":1890,"height":1417,"caption":"Soci\u00e9t\u00e9 d'Avocats DAMY"},"image":{"@id":"https:\/\/gregorydamy.niceavocats.fr\/it\/#\/schema\/logo\/image\/"},"sameAs":["https:\/\/www.facebook.com\/niceavocats.fr\/"]},{"@type":"Person","@id":"https:\/\/gregorydamy.niceavocats.fr\/it\/#\/schema\/person\/e040acb2856efaa1e114d0e7a92a3870","name":"Kevin","url":"https:\/\/gregorydamy.niceavocats.fr\/it\/author\/kevin\/"}]}},"_links":{"self":[{"href":"https:\/\/gregorydamy.niceavocats.fr\/it\/wp-json\/wp\/v2\/posts\/3675","targetHints":{"allow":["GET"]}}],"collection":[{"href":"https:\/\/gregorydamy.niceavocats.fr\/it\/wp-json\/wp\/v2\/posts"}],"about":[{"href":"https:\/\/gregorydamy.niceavocats.fr\/it\/wp-json\/wp\/v2\/types\/post"}],"author":[{"embeddable":true,"href":"https:\/\/gregorydamy.niceavocats.fr\/it\/wp-json\/wp\/v2\/users\/2"}],"replies":[{"embeddable":true,"href":"https:\/\/gregorydamy.niceavocats.fr\/it\/wp-json\/wp\/v2\/comments?post=3675"}],"version-history":[{"count":0,"href":"https:\/\/gregorydamy.niceavocats.fr\/it\/wp-json\/wp\/v2\/posts\/3675\/revisions"}],"wp:attachment":[{"href":"https:\/\/gregorydamy.niceavocats.fr\/it\/wp-json\/wp\/v2\/media?parent=3675"}],"wp:term":[{"taxonomy":"category","embeddable":true,"href":"https:\/\/gregorydamy.niceavocats.fr\/it\/wp-json\/wp\/v2\/categories?post=3675"},{"taxonomy":"post_tag","embeddable":true,"href":"https:\/\/gregorydamy.niceavocats.fr\/it\/wp-json\/wp\/v2\/tags?post=3675"}],"curies":[{"name":"wp","href":"https:\/\/api.w.org\/{rel}","templated":true}]}}