{"id":3668,"date":"2012-08-10T17:47:02","date_gmt":"2012-08-10T17:47:02","guid":{"rendered":"https:\/\/gregorydamy.niceavocats.fr\/?p=3668"},"modified":"2023-08-30T11:22:09","modified_gmt":"2023-08-30T11:22:09","slug":"esiste-una-priorita-per-le-assunzioni-a-tempo-indeterminato","status":"publish","type":"post","link":"https:\/\/gregorydamy.niceavocats.fr\/it\/esiste-una-priorita-per-le-assunzioni-a-tempo-indeterminato\/","title":{"rendered":"Esiste una priorit\u00e0 per le assunzioni a tempo indeterminato?"},"content":{"rendered":"<p>[et_pb_section fb_built=&#8221;1&#8243; admin_label=&#8221;section&#8221; _builder_version=&#8221;4.19.5&#8243; custom_margin=&#8221;||0px||false|false&#8221; custom_padding=&#8221;||0px||false|false&#8221; locked=&#8221;off&#8221; global_colors_info=&#8221;{}&#8221;][et_pb_row column_structure=&#8221;1_3,1_3,1_3&#8243; _builder_version=&#8221;4.19.5&#8243; _module_preset=&#8221;default&#8221; background_enable_mask_style=&#8221;on&#8221; background_mask_style=&#8221;wave&#8221; background_mask_color=&#8221;rgba(0,0,0,0.08)&#8221; custom_padding=&#8221;||6px|||&#8221; locked=&#8221;off&#8221; global_colors_info=&#8221;{}&#8221;][et_pb_column type=&#8221;1_3&#8243; _builder_version=&#8221;4.19.5&#8243; _module_preset=&#8221;default&#8221; global_colors_info=&#8221;{}&#8221;][\/et_pb_column][et_pb_column type=&#8221;1_3&#8243; _builder_version=&#8221;4.19.5&#8243; _module_preset=&#8221;default&#8221; global_colors_info=&#8221;{}&#8221;][\/et_pb_column][et_pb_column type=&#8221;1_3&#8243; _builder_version=&#8221;4.19.5&#8243; _module_preset=&#8221;default&#8221; global_colors_info=&#8221;{}&#8221;][et_pb_circle_counter title=&#8221;Tempo di lettura stimato (in minuti)&#8221; number=&#8221;2&#8243; percent_sign=&#8221;off&#8221; _builder_version=&#8221;4.20.2&#8243; _module_preset=&#8221;default&#8221; title_font=&#8221;Amiri||||||||&#8221; max_width=&#8221;137px&#8221; global_colors_info=&#8221;{}&#8221;][\/et_pb_circle_counter][\/et_pb_column][\/et_pb_row][et_pb_row _builder_version=&#8221;4.19.5&#8243; _module_preset=&#8221;default&#8221; custom_margin=&#8221;||0px||false|false&#8221; custom_padding=&#8221;||0px||false|false&#8221; global_colors_info=&#8221;{}&#8221;][et_pb_column type=&#8221;4_4&#8243; _builder_version=&#8221;4.19.5&#8243; _module_preset=&#8221;default&#8221; global_colors_info=&#8221;{}&#8221;][et_pb_divider _builder_version=&#8221;4.19.5&#8243; _module_preset=&#8221;default&#8221; global_colors_info=&#8221;{}&#8221;][\/et_pb_divider][\/et_pb_column][\/et_pb_row][et_pb_row admin_label=&#8221;row&#8221; _builder_version=&#8221;4.16&#8243; background_size=&#8221;initial&#8221; background_position=&#8221;top_left&#8221; background_repeat=&#8221;repeat&#8221; global_colors_info=&#8221;{}&#8221;][et_pb_column type=&#8221;4_4&#8243; _builder_version=&#8221;4.16&#8243; custom_padding=&#8221;|||&#8221; global_colors_info=&#8221;{}&#8221; custom_padding__hover=&#8221;|||&#8221;][et_pb_image src=&#8221;https:\/\/gregorydamy.niceavocats.fr\/wp-content\/uploads\/2023\/08\/resume-6627200_1280-2.jpg&#8221; title_text=&#8221;resume-6627200_1280-2&#8243; _builder_version=&#8221;4.21.0&#8243; _module_preset=&#8221;default&#8221; hover_enabled=&#8221;0&#8243; global_colors_info=&#8221;{}&#8221; sticky_enabled=&#8221;0&#8243;][\/et_pb_image][et_pb_text admin_label=&#8221;Text&#8221; _builder_version=&#8221;4.21.0&#8243; text_font=&#8221;Amiri||||||||&#8221; header_2_font=&#8221;Amiri||||||||&#8221; header_3_font=&#8221;Amiri||||||||&#8221; background_size=&#8221;initial&#8221; background_position=&#8221;top_left&#8221; background_repeat=&#8221;repeat&#8221; hover_enabled=&#8221;0&#8243; global_colors_info=&#8221;{}&#8221; sticky_enabled=&#8221;0&#8243;]<\/p>\n<div class=\"entry-content\">\n<p><span>Priorit\u00e0 al contratto a tempo indeterminato Se lavori regolarmente per un&#8217;azienda a tempo determinato o temporaneo, hai la priorit\u00e0 per l&#8217;assunzione a tempo indeterminato?\u00a0<\/span><span class=\"\"><span>Il datore di lavoro \u00e8 libero di assumere chi vuole?<\/span><\/span><\/p>\n<h2><span>No, non c&#8217;\u00e8 alcuna priorit\u00e0<\/span><\/h2>\n<p><span>Non \u00e8 prevista alcuna\u00a0\u00a0<\/span><span>priorit\u00e0 di assunzione a tempo indeterminato\u00a0<\/span><span>\u00a0, indipendentemente dalla tipologia di contratto e indipendentemente dalla posizione.\u00a0Il datore di lavoro \u00e8 quindi libero di assumere chi vuole.\u00a0Anche se lavori regolarmente per l&#8217;azienda, non hai diritti di priorit\u00e0 per la creazione di posti di lavoro o la sostituzione permanente.\u00a0Inoltre, non vi \u00e8 alcun obbligo per il datore di lavoro di informare i dipendenti con\u00a0<\/span><a href=\"https:\/\/www.service-public.fr\/particuliers\/vosdroits\/F36\"><span>contratto a tempo determinato<\/span><\/a><span>\u00a0e i lavoratori temporanei della loro volont\u00e0 di assumere internamente.\u00a0Uniche eccezioni: se il caso \u00e8 stato espressamente previsto dal contratto collettivo, dagli accordi aziendali e dalle pratiche specifiche.\u00a0Ma questi sono casi molto rari.<\/span><\/p>\n<h2><span>La riclassificazione di un CDD in un CDI<\/span><\/h2>\n<div class=\"group w-full text-gray-800 dark:text-gray-100 border-b border-black\/10 dark:border-gray-900\/50 bg-gray-50 dark:bg-[#444654]\">\n<div class=\"flex p-4 gap-4 text-base md:gap-6 md:max-w-2xl lg:max-w-[38rem] xl:max-w-3xl md:py-6 lg:px-0 m-auto\">\n<div class=\"relative flex w-[calc(100%-50px)] flex-col gap-1 md:gap-3 lg:w-[calc(100%-115px)]\">\n<div class=\"flex flex-grow flex-col gap-3\">\n<div class=\"min-h-[20px] flex items-start overflow-x-auto whitespace-pre-wrap break-words flex-col gap-4\">\n<div class=\"markdown prose w-full break-words dark:prose-invert light\">\n<p><span>Di fronte alla mancanza di priority\u00e0 nell&#8217;ottenimento di un posto a tempo indeterminato (CDI), le persone possono valutare di richiedere la riclassificazione del proprio CDD in CDI.\u00a0All this is an important notary for the conversion and it is possible only under certain conditions.\u00a0A certain condition depends on the user of the contract at a time determined by the permanent position of a person on a\u00a0<\/span><span>road<\/span><span>\u00a0legato alle attivit\u00e0 regolari e di lungo termine dell&#8217;azienda.\u00a0La riqualificazione \u00e8 applicabile anche nel caso in cui esistano irregolarit\u00e0 nel contratto a tempo determinato, come termini poco chiari, durate minime o massime irregolari, o il mancato rispetto delle condizioni di rinnovo.\u00a0\u00c8 fondamentale riconoscere che un datore di lavoro non pu\u00f2 sempre fare affidamento su contratti a tempo determinato come pratica standard di gestione della forza lavoro.<\/span><\/p>\n<p><span>Per procedere al riinquadramento da un contratto a tempo determinato, il soggetto deve valutare se la propria situazione lavorativa soddisfa i criteri sopra esposti.\u00a0Se l&#8217;utilizzo di contratti a tempo determinato indica una necessit\u00e0 permanente nell&#8217;ambito dell&#8217;usuale funzionamento dell&#8217;impresa, o se il contratto a tempo determinato stesso presenta irregolarit\u00e0, pu\u00f2 essere possibile richiedere la riclassificazione in contratto a tempo indeterminato.<\/span><\/p>\n<p><span>Le irregolarit\u00e0 nei contratti a tempo determinato possono manifestarsi in vari modi.\u00a0Ad esempio, if it contracted not \u00e8 precise riguardo alla durata del finished, if the specificaturated durata not nothing will not limit it agreed on all the legge o se le condizioni di rinnovo stabilite nel contratto non vengono rispettate.\u00a0Queste irregolarit\u00e0 minano la legittimit\u00e0 dei contratti a tempo determinato come contratti temporanei e giustificano una richiesta di riclassificazione.<\/span><\/p>\n<p><span>It is essential to understand that the qualifying process depends on the individual circumstances and the legged slab on the application of the giurisdizione.\u00a0Please contact a legal advisor or consult a specialized professional who can advise you on your specific situation and guarantee compliance with the applicable standards.<\/span><\/p>\n<p><span>Contrastando l\u2019abuso dei contratti a tempo determinato e ricercando la riqualificazione, gli individui possono far valere i propri diritti e cercare un trattamento equo nel loro lavoro.\u00a0L&#8217;obiettivo \u00e8 impedire ai datori di lavoro di sfruttare i contratti a tempo determinato come una modalit\u00e0 comune di gestione della propria forza lavoro, garantendo che i lavoratori godano della necessaria sicurezza e stabilit\u00e0 del lavoro che &#8220;meritano&#8221;.<\/span><\/p>\n<p><span>In sintesi, la riclassificazione di un CDD in un CDI \u00e8 possibile a determinate condizioni.\u00a0Rientrano tra questi i casi in cui il ricorso a contratti a tempo determinato porta ad un impiego a tempo indeterminato in funzioni legate alle attivit\u00e0 regolari e di lungo termine dell&#8217;azienda o in cui sono presenti irregolarit\u00e0 nel contratto a tempo determinato.\u00a0Gli individui dovrebbero valutare le loro circostanze uniche e consultarsi con professionisti legali per affrontare in modo efficace il processo di riqualificazione.\u00a0In tal modo, i singoli individui possono contrastare l\u2019abuso dei contratti a tempo determinato e lottare per un trattamento equo nel loro lavoro.<\/span><\/p>\n<\/div>\n<\/div>\n<\/div>\n<\/div>\n<\/div>\n<\/div>\n<div class=\"group w-full text-gray-800 dark:text-gray-100 border-b border-black\/10 dark:border-gray-900\/50 bg-gray-50 dark:bg-[#444654]\">\n<div class=\"flex p-4 gap-4 text-base md:gap-6 md:max-w-2xl lg:max-w-[38rem] xl:max-w-3xl md:py-6 lg:px-0 m-auto\">\n<div class=\"relative flex w-[calc(100%-50px)] flex-col gap-1 md:gap-3 lg:w-[calc(100%-115px)]\">\n<div class=\"flex flex-grow flex-col gap-3\">\n<div class=\"min-h-[20px] flex items-start overflow-x-auto whitespace-pre-wrap break-words flex-col gap-4\">\n<div class=\"markdown prose w-full break-words dark:prose-invert light\"><a href=\"https:\/\/gregorydamy.niceavocats.fr\/\"><span>Studio Legale DAMY<\/span><\/a><span>\u00a0.<\/span><\/div>\n<\/div>\n<\/div>\n<\/div>\n<\/div>\n<\/div>\n<div class=\"group w-full text-gray-800 dark:text-gray-100 border-b border-black\/10 dark:border-gray-900\/50 bg-gray-50 dark:bg-[#444654]\">\n<div class=\"flex p-4 gap-4 text-base md:gap-6 md:max-w-2xl lg:max-w-[38rem] xl:max-w-3xl md:py-6 lg:px-0 m-auto\">\n<div class=\"relative flex w-[calc(100%-50px)] flex-col gap-1 md:gap-3 lg:w-[calc(100%-115px)]\">\n<div class=\"flex flex-grow flex-col gap-3\">\n<div class=\"min-h-[20px] flex items-start overflow-x-auto whitespace-pre-wrap break-words flex-col gap-4\">\n<div class=\"markdown prose w-full break-words dark:prose-invert light\">\u00a0<\/div>\n<\/div>\n<\/div>\n<\/div>\n<\/div>\n<\/div>\n<\/div>\n<p>[\/et_pb_text][\/et_pb_column][\/et_pb_row][et_pb_row _builder_version=&#8221;4.19.5&#8243; _module_preset=&#8221;default&#8221; custom_margin=&#8221;||0px||false|false&#8221; custom_padding=&#8221;||0px||false|false&#8221; global_colors_info=&#8221;{}&#8221;][et_pb_column type=&#8221;4_4&#8243; _builder_version=&#8221;4.19.5&#8243; _module_preset=&#8221;default&#8221; global_colors_info=&#8221;{}&#8221;][et_pb_divider _builder_version=&#8221;4.19.5&#8243; _module_preset=&#8221;default&#8221; global_colors_info=&#8221;{}&#8221;][\/et_pb_divider][\/et_pb_column][\/et_pb_row][\/et_pb_section]<\/p>\n","protected":false},"excerpt":{"rendered":"<p>Priorit\u00e0 al contratto a tempo indeterminato Se lavori regolarmente per un&#8217;azienda a tempo determinato o temporaneo, hai la priorit\u00e0 per l&#8217;assunzione a tempo indeterminato?\u00a0Il datore di lavoro \u00e8 libero di assumere chi vuole? No, non c&#8217;\u00e8 alcuna priorit\u00e0 Non \u00e8 prevista alcuna\u00a0\u00a0priorit\u00e0 di assunzione a tempo indeterminato\u00a0\u00a0, indipendentemente dalla tipologia di contratto e indipendentemente dalla [&hellip;]<\/p>\n","protected":false},"author":2,"featured_media":0,"comment_status":"open","ping_status":"open","sticky":false,"template":"","format":"standard","meta":{"_et_pb_use_builder":"on","_et_pb_old_content":"","_et_gb_content_width":"","footnotes":""},"categories":[316],"tags":[],"class_list":["post-3668","post","type-post","status-publish","format-standard","hentry","category-diritto-del-lavoro"],"yoast_head":"<!-- This site is optimized with the Yoast SEO plugin v26.8 - https:\/\/yoast.com\/product\/yoast-seo-wordpress\/ -->\n<title>Esiste una priorit\u00e0 per le assunzioni a tempo indeterminato? - Soci\u00e9t\u00e9 d&#039;avocats Damy<\/title>\n<meta name=\"description\" content=\"Esiste una priorit\u00e0 per le assunzioni a tempo indeterminato? Se lavori regolarmente per un&#039;azienda con un contratto a tempo determinato\" \/>\n<meta name=\"robots\" content=\"index, follow, max-snippet:-1, max-image-preview:large, max-video-preview:-1\" \/>\n<link rel=\"canonical\" href=\"https:\/\/gregorydamy.niceavocats.fr\/it\/esiste-una-priorita-per-le-assunzioni-a-tempo-indeterminato\/\" \/>\n<meta property=\"og:locale\" content=\"it_IT\" \/>\n<meta property=\"og:type\" content=\"article\" \/>\n<meta property=\"og:title\" content=\"Esiste una priorit\u00e0 per le assunzioni a tempo indeterminato? - Soci\u00e9t\u00e9 d&#039;avocats Damy\" \/>\n<meta property=\"og:description\" content=\"Esiste una priorit\u00e0 per le assunzioni a tempo indeterminato? Se lavori regolarmente per un&#039;azienda con un contratto a tempo determinato\" \/>\n<meta property=\"og:url\" content=\"https:\/\/gregorydamy.niceavocats.fr\/it\/esiste-una-priorita-per-le-assunzioni-a-tempo-indeterminato\/\" \/>\n<meta property=\"og:site_name\" content=\"Soci\u00e9t\u00e9 d&#039;avocats Damy\" \/>\n<meta property=\"article:publisher\" content=\"https:\/\/www.facebook.com\/niceavocats.fr\/\" \/>\n<meta property=\"article:published_time\" content=\"2012-08-10T17:47:02+00:00\" \/>\n<meta property=\"article:modified_time\" content=\"2023-08-30T11:22:09+00:00\" \/>\n<meta name=\"author\" content=\"Kevin\" \/>\n<meta name=\"twitter:card\" content=\"summary_large_image\" \/>\n<meta name=\"twitter:label1\" content=\"Scritto da\" \/>\n\t<meta name=\"twitter:data1\" content=\"Kevin\" \/>\n\t<meta name=\"twitter:label2\" content=\"Tempo di lettura stimato\" \/>\n\t<meta name=\"twitter:data2\" content=\"4 minuti\" \/>\n<script type=\"application\/ld+json\" class=\"yoast-schema-graph\">{\"@context\":\"https:\/\/schema.org\",\"@graph\":[{\"@type\":\"Article\",\"@id\":\"https:\/\/gregorydamy.niceavocats.fr\/it\/esiste-una-priorita-per-le-assunzioni-a-tempo-indeterminato\/#article\",\"isPartOf\":{\"@id\":\"https:\/\/gregorydamy.niceavocats.fr\/it\/esiste-una-priorita-per-le-assunzioni-a-tempo-indeterminato\/\"},\"author\":{\"name\":\"Kevin\",\"@id\":\"https:\/\/gregorydamy.niceavocats.fr\/it\/#\/schema\/person\/e040acb2856efaa1e114d0e7a92a3870\"},\"headline\":\"Esiste una priorit\u00e0 per le assunzioni a tempo indeterminato?\",\"datePublished\":\"2012-08-10T17:47:02+00:00\",\"dateModified\":\"2023-08-30T11:22:09+00:00\",\"mainEntityOfPage\":{\"@id\":\"https:\/\/gregorydamy.niceavocats.fr\/it\/esiste-una-priorita-per-le-assunzioni-a-tempo-indeterminato\/\"},\"wordCount\":1009,\"commentCount\":0,\"publisher\":{\"@id\":\"https:\/\/gregorydamy.niceavocats.fr\/it\/#organization\"},\"articleSection\":[\"Diritto del lavoro\"],\"inLanguage\":\"it-IT\",\"potentialAction\":[{\"@type\":\"CommentAction\",\"name\":\"Comment\",\"target\":[\"https:\/\/gregorydamy.niceavocats.fr\/it\/esiste-una-priorita-per-le-assunzioni-a-tempo-indeterminato\/#respond\"]}]},{\"@type\":\"WebPage\",\"@id\":\"https:\/\/gregorydamy.niceavocats.fr\/it\/esiste-una-priorita-per-le-assunzioni-a-tempo-indeterminato\/\",\"url\":\"https:\/\/gregorydamy.niceavocats.fr\/it\/esiste-una-priorita-per-le-assunzioni-a-tempo-indeterminato\/\",\"name\":\"Esiste una priorit\u00e0 per le assunzioni a tempo indeterminato? - Soci\u00e9t\u00e9 d&#039;avocats Damy\",\"isPartOf\":{\"@id\":\"https:\/\/gregorydamy.niceavocats.fr\/it\/#website\"},\"datePublished\":\"2012-08-10T17:47:02+00:00\",\"dateModified\":\"2023-08-30T11:22:09+00:00\",\"description\":\"Esiste una priorit\u00e0 per le assunzioni a tempo indeterminato? Se lavori regolarmente per un'azienda con un contratto a tempo determinato\",\"breadcrumb\":{\"@id\":\"https:\/\/gregorydamy.niceavocats.fr\/it\/esiste-una-priorita-per-le-assunzioni-a-tempo-indeterminato\/#breadcrumb\"},\"inLanguage\":\"it-IT\",\"potentialAction\":[{\"@type\":\"ReadAction\",\"target\":[\"https:\/\/gregorydamy.niceavocats.fr\/it\/esiste-una-priorita-per-le-assunzioni-a-tempo-indeterminato\/\"]}]},{\"@type\":\"BreadcrumbList\",\"@id\":\"https:\/\/gregorydamy.niceavocats.fr\/it\/esiste-una-priorita-per-le-assunzioni-a-tempo-indeterminato\/#breadcrumb\",\"itemListElement\":[{\"@type\":\"ListItem\",\"position\":1,\"name\":\"Accueil\",\"item\":\"https:\/\/gregorydamy.niceavocats.fr\/it\/\"},{\"@type\":\"ListItem\",\"position\":2,\"name\":\"Esiste una priorit\u00e0 per le assunzioni a tempo indeterminato?\"}]},{\"@type\":\"WebSite\",\"@id\":\"https:\/\/gregorydamy.niceavocats.fr\/it\/#website\",\"url\":\"https:\/\/gregorydamy.niceavocats.fr\/it\/\",\"name\":\"Soci\u00e9t\u00e9 d&#039;avocats Damy\",\"description\":\"Justice - Confiance - Efficacit\u00e9\",\"publisher\":{\"@id\":\"https:\/\/gregorydamy.niceavocats.fr\/it\/#organization\"},\"potentialAction\":[{\"@type\":\"SearchAction\",\"target\":{\"@type\":\"EntryPoint\",\"urlTemplate\":\"https:\/\/gregorydamy.niceavocats.fr\/it\/?s={search_term_string}\"},\"query-input\":{\"@type\":\"PropertyValueSpecification\",\"valueRequired\":true,\"valueName\":\"search_term_string\"}}],\"inLanguage\":\"it-IT\"},{\"@type\":\"Organization\",\"@id\":\"https:\/\/gregorydamy.niceavocats.fr\/it\/#organization\",\"name\":\"Soci\u00e9t\u00e9 d'Avocats DAMY\",\"alternateName\":\"Gr\u00e9gory DAMY\",\"url\":\"https:\/\/gregorydamy.niceavocats.fr\/it\/\",\"logo\":{\"@type\":\"ImageObject\",\"inLanguage\":\"it-IT\",\"@id\":\"https:\/\/gregorydamy.niceavocats.fr\/it\/#\/schema\/logo\/image\/\",\"url\":\"https:\/\/gregorydamy.niceavocats.fr\/wp-content\/uploads\/2023\/04\/damylogo-1.png\",\"contentUrl\":\"https:\/\/gregorydamy.niceavocats.fr\/wp-content\/uploads\/2023\/04\/damylogo-1.png\",\"width\":1890,\"height\":1417,\"caption\":\"Soci\u00e9t\u00e9 d'Avocats DAMY\"},\"image\":{\"@id\":\"https:\/\/gregorydamy.niceavocats.fr\/it\/#\/schema\/logo\/image\/\"},\"sameAs\":[\"https:\/\/www.facebook.com\/niceavocats.fr\/\"]},{\"@type\":\"Person\",\"@id\":\"https:\/\/gregorydamy.niceavocats.fr\/it\/#\/schema\/person\/e040acb2856efaa1e114d0e7a92a3870\",\"name\":\"Kevin\",\"url\":\"https:\/\/gregorydamy.niceavocats.fr\/it\/author\/kevin\/\"}]}<\/script>\n<!-- \/ Yoast SEO plugin. -->","yoast_head_json":{"title":"Esiste una priorit\u00e0 per le assunzioni a tempo indeterminato? - Soci\u00e9t\u00e9 d&#039;avocats Damy","description":"Esiste una priorit\u00e0 per le assunzioni a tempo indeterminato? Se lavori regolarmente per un'azienda con un contratto a tempo determinato","robots":{"index":"index","follow":"follow","max-snippet":"max-snippet:-1","max-image-preview":"max-image-preview:large","max-video-preview":"max-video-preview:-1"},"canonical":"https:\/\/gregorydamy.niceavocats.fr\/it\/esiste-una-priorita-per-le-assunzioni-a-tempo-indeterminato\/","og_locale":"it_IT","og_type":"article","og_title":"Esiste una priorit\u00e0 per le assunzioni a tempo indeterminato? - Soci\u00e9t\u00e9 d&#039;avocats Damy","og_description":"Esiste una priorit\u00e0 per le assunzioni a tempo indeterminato? Se lavori regolarmente per un'azienda con un contratto a tempo determinato","og_url":"https:\/\/gregorydamy.niceavocats.fr\/it\/esiste-una-priorita-per-le-assunzioni-a-tempo-indeterminato\/","og_site_name":"Soci\u00e9t\u00e9 d&#039;avocats Damy","article_publisher":"https:\/\/www.facebook.com\/niceavocats.fr\/","article_published_time":"2012-08-10T17:47:02+00:00","article_modified_time":"2023-08-30T11:22:09+00:00","author":"Kevin","twitter_card":"summary_large_image","twitter_misc":{"Scritto da":"Kevin","Tempo di lettura stimato":"4 minuti"},"schema":{"@context":"https:\/\/schema.org","@graph":[{"@type":"Article","@id":"https:\/\/gregorydamy.niceavocats.fr\/it\/esiste-una-priorita-per-le-assunzioni-a-tempo-indeterminato\/#article","isPartOf":{"@id":"https:\/\/gregorydamy.niceavocats.fr\/it\/esiste-una-priorita-per-le-assunzioni-a-tempo-indeterminato\/"},"author":{"name":"Kevin","@id":"https:\/\/gregorydamy.niceavocats.fr\/it\/#\/schema\/person\/e040acb2856efaa1e114d0e7a92a3870"},"headline":"Esiste una priorit\u00e0 per le assunzioni a tempo indeterminato?","datePublished":"2012-08-10T17:47:02+00:00","dateModified":"2023-08-30T11:22:09+00:00","mainEntityOfPage":{"@id":"https:\/\/gregorydamy.niceavocats.fr\/it\/esiste-una-priorita-per-le-assunzioni-a-tempo-indeterminato\/"},"wordCount":1009,"commentCount":0,"publisher":{"@id":"https:\/\/gregorydamy.niceavocats.fr\/it\/#organization"},"articleSection":["Diritto del lavoro"],"inLanguage":"it-IT","potentialAction":[{"@type":"CommentAction","name":"Comment","target":["https:\/\/gregorydamy.niceavocats.fr\/it\/esiste-una-priorita-per-le-assunzioni-a-tempo-indeterminato\/#respond"]}]},{"@type":"WebPage","@id":"https:\/\/gregorydamy.niceavocats.fr\/it\/esiste-una-priorita-per-le-assunzioni-a-tempo-indeterminato\/","url":"https:\/\/gregorydamy.niceavocats.fr\/it\/esiste-una-priorita-per-le-assunzioni-a-tempo-indeterminato\/","name":"Esiste una priorit\u00e0 per le assunzioni a tempo indeterminato? - Soci\u00e9t\u00e9 d&#039;avocats Damy","isPartOf":{"@id":"https:\/\/gregorydamy.niceavocats.fr\/it\/#website"},"datePublished":"2012-08-10T17:47:02+00:00","dateModified":"2023-08-30T11:22:09+00:00","description":"Esiste una priorit\u00e0 per le assunzioni a tempo indeterminato? Se lavori regolarmente per un'azienda con un contratto a tempo determinato","breadcrumb":{"@id":"https:\/\/gregorydamy.niceavocats.fr\/it\/esiste-una-priorita-per-le-assunzioni-a-tempo-indeterminato\/#breadcrumb"},"inLanguage":"it-IT","potentialAction":[{"@type":"ReadAction","target":["https:\/\/gregorydamy.niceavocats.fr\/it\/esiste-una-priorita-per-le-assunzioni-a-tempo-indeterminato\/"]}]},{"@type":"BreadcrumbList","@id":"https:\/\/gregorydamy.niceavocats.fr\/it\/esiste-una-priorita-per-le-assunzioni-a-tempo-indeterminato\/#breadcrumb","itemListElement":[{"@type":"ListItem","position":1,"name":"Accueil","item":"https:\/\/gregorydamy.niceavocats.fr\/it\/"},{"@type":"ListItem","position":2,"name":"Esiste una priorit\u00e0 per le assunzioni a tempo indeterminato?"}]},{"@type":"WebSite","@id":"https:\/\/gregorydamy.niceavocats.fr\/it\/#website","url":"https:\/\/gregorydamy.niceavocats.fr\/it\/","name":"Soci\u00e9t\u00e9 d&#039;avocats Damy","description":"Justice - Confiance - Efficacit\u00e9","publisher":{"@id":"https:\/\/gregorydamy.niceavocats.fr\/it\/#organization"},"potentialAction":[{"@type":"SearchAction","target":{"@type":"EntryPoint","urlTemplate":"https:\/\/gregorydamy.niceavocats.fr\/it\/?s={search_term_string}"},"query-input":{"@type":"PropertyValueSpecification","valueRequired":true,"valueName":"search_term_string"}}],"inLanguage":"it-IT"},{"@type":"Organization","@id":"https:\/\/gregorydamy.niceavocats.fr\/it\/#organization","name":"Soci\u00e9t\u00e9 d'Avocats DAMY","alternateName":"Gr\u00e9gory DAMY","url":"https:\/\/gregorydamy.niceavocats.fr\/it\/","logo":{"@type":"ImageObject","inLanguage":"it-IT","@id":"https:\/\/gregorydamy.niceavocats.fr\/it\/#\/schema\/logo\/image\/","url":"https:\/\/gregorydamy.niceavocats.fr\/wp-content\/uploads\/2023\/04\/damylogo-1.png","contentUrl":"https:\/\/gregorydamy.niceavocats.fr\/wp-content\/uploads\/2023\/04\/damylogo-1.png","width":1890,"height":1417,"caption":"Soci\u00e9t\u00e9 d'Avocats DAMY"},"image":{"@id":"https:\/\/gregorydamy.niceavocats.fr\/it\/#\/schema\/logo\/image\/"},"sameAs":["https:\/\/www.facebook.com\/niceavocats.fr\/"]},{"@type":"Person","@id":"https:\/\/gregorydamy.niceavocats.fr\/it\/#\/schema\/person\/e040acb2856efaa1e114d0e7a92a3870","name":"Kevin","url":"https:\/\/gregorydamy.niceavocats.fr\/it\/author\/kevin\/"}]}},"_links":{"self":[{"href":"https:\/\/gregorydamy.niceavocats.fr\/it\/wp-json\/wp\/v2\/posts\/3668","targetHints":{"allow":["GET"]}}],"collection":[{"href":"https:\/\/gregorydamy.niceavocats.fr\/it\/wp-json\/wp\/v2\/posts"}],"about":[{"href":"https:\/\/gregorydamy.niceavocats.fr\/it\/wp-json\/wp\/v2\/types\/post"}],"author":[{"embeddable":true,"href":"https:\/\/gregorydamy.niceavocats.fr\/it\/wp-json\/wp\/v2\/users\/2"}],"replies":[{"embeddable":true,"href":"https:\/\/gregorydamy.niceavocats.fr\/it\/wp-json\/wp\/v2\/comments?post=3668"}],"version-history":[{"count":0,"href":"https:\/\/gregorydamy.niceavocats.fr\/it\/wp-json\/wp\/v2\/posts\/3668\/revisions"}],"wp:attachment":[{"href":"https:\/\/gregorydamy.niceavocats.fr\/it\/wp-json\/wp\/v2\/media?parent=3668"}],"wp:term":[{"taxonomy":"category","embeddable":true,"href":"https:\/\/gregorydamy.niceavocats.fr\/it\/wp-json\/wp\/v2\/categories?post=3668"},{"taxonomy":"post_tag","embeddable":true,"href":"https:\/\/gregorydamy.niceavocats.fr\/it\/wp-json\/wp\/v2\/tags?post=3668"}],"curies":[{"name":"wp","href":"https:\/\/api.w.org\/{rel}","templated":true}]}}