{"id":3647,"date":"2012-08-10T18:08:13","date_gmt":"2012-08-10T18:08:13","guid":{"rendered":"https:\/\/gregorydamy.niceavocats.fr\/?p=3647"},"modified":"2023-08-30T11:04:14","modified_gmt":"2023-08-30T11:04:14","slug":"permessi-e-malattie-retribuiti","status":"publish","type":"post","link":"https:\/\/gregorydamy.niceavocats.fr\/it\/permessi-e-malattie-retribuiti\/","title":{"rendered":"Permessi e malattie retribuiti"},"content":{"rendered":"<p>[et_pb_section fb_built=&#8221;1&#8243; admin_label=&#8221;section&#8221; _builder_version=&#8221;4.19.5&#8243; custom_margin=&#8221;||0px||false|false&#8221; custom_padding=&#8221;||0px||false|false&#8221; locked=&#8221;off&#8221; global_colors_info=&#8221;{}&#8221;][et_pb_row column_structure=&#8221;1_3,1_3,1_3&#8243; _builder_version=&#8221;4.19.5&#8243; _module_preset=&#8221;default&#8221; background_enable_mask_style=&#8221;on&#8221; background_mask_style=&#8221;wave&#8221; background_mask_color=&#8221;rgba(0,0,0,0.08)&#8221; custom_padding=&#8221;||6px|||&#8221; locked=&#8221;off&#8221; global_colors_info=&#8221;{}&#8221;][et_pb_column type=&#8221;1_3&#8243; _builder_version=&#8221;4.19.5&#8243; _module_preset=&#8221;default&#8221; global_colors_info=&#8221;{}&#8221;][\/et_pb_column][et_pb_column type=&#8221;1_3&#8243; _builder_version=&#8221;4.19.5&#8243; _module_preset=&#8221;default&#8221; global_colors_info=&#8221;{}&#8221;][\/et_pb_column][et_pb_column type=&#8221;1_3&#8243; _builder_version=&#8221;4.19.5&#8243; _module_preset=&#8221;default&#8221; global_colors_info=&#8221;{}&#8221;][et_pb_circle_counter title=&#8221;Tempo di lettura stimato (in minuti)&#8221; number=&#8221;2&#8243; percent_sign=&#8221;off&#8221; _builder_version=&#8221;4.19.5&#8243; _module_preset=&#8221;default&#8221; title_font=&#8221;Amiri||||||||&#8221; max_width=&#8221;137px&#8221; global_colors_info=&#8221;{}&#8221;][\/et_pb_circle_counter][\/et_pb_column][\/et_pb_row][et_pb_row _builder_version=&#8221;4.19.5&#8243; _module_preset=&#8221;default&#8221; custom_margin=&#8221;||0px||false|false&#8221; custom_padding=&#8221;||0px||false|false&#8221; global_colors_info=&#8221;{}&#8221;][et_pb_column type=&#8221;4_4&#8243; _builder_version=&#8221;4.19.5&#8243; _module_preset=&#8221;default&#8221; global_colors_info=&#8221;{}&#8221;][et_pb_divider _builder_version=&#8221;4.19.5&#8243; _module_preset=&#8221;default&#8221; global_colors_info=&#8221;{}&#8221;][\/et_pb_divider][\/et_pb_column][\/et_pb_row][et_pb_row admin_label=&#8221;row&#8221; _builder_version=&#8221;4.16&#8243; background_size=&#8221;initial&#8221; background_position=&#8221;top_left&#8221; background_repeat=&#8221;repeat&#8221; global_colors_info=&#8221;{}&#8221;][et_pb_column type=&#8221;4_4&#8243; _builder_version=&#8221;4.16&#8243; custom_padding=&#8221;|||&#8221; global_colors_info=&#8221;{}&#8221; custom_padding__hover=&#8221;|||&#8221;][et_pb_image src=&#8221;https:\/\/gregorydamy.niceavocats.fr\/wp-content\/uploads\/2023\/08\/stomach-pain-2821941_1280-2.jpg&#8221; title_text=&#8221;stomach-pain-2821941_1280-2&#8243; _builder_version=&#8221;4.21.0&#8243; _module_preset=&#8221;default&#8221; hover_enabled=&#8221;0&#8243; global_colors_info=&#8221;{}&#8221; sticky_enabled=&#8221;0&#8243;][\/et_pb_image][et_pb_text admin_label=&#8221;Text&#8221; _builder_version=&#8221;4.21.0&#8243; text_font=&#8221;Amiri||||||||&#8221; header_2_font=&#8221;Amiri||||||||&#8221; header_3_font=&#8221;Amiri||||||||&#8221; background_size=&#8221;initial&#8221; background_position=&#8221;top_left&#8221; background_repeat=&#8221;repeat&#8221; hover_enabled=&#8221;0&#8243; global_colors_info=&#8221;{}&#8221; sticky_enabled=&#8221;0&#8243;]<\/p>\n<h3><span class=\"\"><span>Congedo retribuito e congedo per malattia Quando si ha un congedo per malattia lungo, sorge la questione del congedo retribuito&#8230; In effetti, cosa succede?\u00a0<\/span><\/span><span>Possiamo denunciarli?\u00a0<\/span><span class=\"\"><span>Posso beneficiare del pagamento delle ferie retribuite?<\/span><\/span><\/h3>\n<p>&nbsp;<\/p>\n<h2><span>Continuiamo ad acquisire giorni?<\/span><\/h2>\n<p><span>Quando il lavoratore \u00e8 in\u00a0<\/span><a href=\"https:\/\/www.service-public.fr\/particuliers\/vosdroits\/F3053\"><span>malattia<\/span><\/a><span>\u00a0, l&#8217;acquisizione dei giorni di riposo dipende dal motivo della sua assenza.\u00a0Se \u00e8 assente per malattia non professionale, cio\u00e8 per malattia non derivante dalla sua attivit\u00e0 professionale, non matura un giorno di ferie retribuite per tutta la durata dell&#8217;assenza.\u00a0\u00c8 tuttavia necessario guardare al contratto collettivo perch\u00e9 potrebbe essere pi\u00f9 favorevole e assimilare queste assenze all&#8217;orario di lavoro effettivo.\u00a0Se \u00e8 assente a causa di infortunio sul lavoro o di malattia professionale riconosciuta, continua ad acquisire giorni di ferie per un anno a partire dalla prima interruzione del lavoro.\u00a0In questo anno vengono conteggiate anche le assenze per recidiva.\u00a0Oltre un anno di assenza ininterrotta, il\u00a0\u00a0<\/span><span>dipendente<\/span><span>\u00a0non acquisisce pi\u00f9 giorni liberi.<\/span><\/p>\n<h2><span>Puoi posticipare la data del tuo congedo retribuito?<\/span><\/h2>\n<p><span>Se sei in congedo per malattia alla data in cui normalmente saresti andato via, non perdi il beneficio dei giorni di riposo.\u00a0Devi chiedere al tuo datore di lavoro di riportare i giorni di ferie che non hai potuto usufruire a causa della tua malattia.\u00a0Non sei libero di scegliere la data di\u00a0\u00a0<\/span><span>rinvio\u00a0<\/span><span>\u00a0del tuo congedo, ed \u00e8 il datore di lavoro che pu\u00f2 decidere da solo la data.\u00a0D&#8217;altro canto, se ti ammali mentre sei gi\u00e0 in congedo retribuito, non puoi posticipare i giorni di riposo e nemmeno prolungare la durata del congedo retribuito per la durata del congedo per malattia.<\/span><\/p>\n<h2><span>Quando dovrei ricevere il pagamento delle ferie?<\/span><\/h2>\n<p><span>Se non puoi usufruire del congedo retribuito a causa di malattia, non riceverai alcuna indennit\u00e0 per l&#8217;intera durata del congedo per malattia.\u00a0Solo al termine del congedo per malattia e quando il dipendente \u00e8 effettivamente in ferie il datore di lavoro gli verser\u00e0 un&#8217;indennit\u00e0 di ferie retribuita.\u00a0Se ti ammali durante il congedo retribuito, riceverai l&#8217;indennit\u00e0 per ferie retribuite nella data inizialmente prevista.\u00a0Questa indennit\u00e0 pu\u00f2 essere cumulata con le indennit\u00e0 giornaliere versate dalla previdenza sociale.\u00a0Se il contratto di lavoro viene risolto prima che il lavoratore possa beneficiare delle ferie retribuite, il datore di lavoro \u00e8 tenuto a corrispondergli un&#8217;indennit\u00e0 sostitutiva delle ferie retribuite per compensare la perdita di questi giorni di ferie.<\/span><\/p>\n<h2><strong><span>In caso di disaccordo con il datore di lavoro<\/span><\/strong><\/h2>\n<p><span>Se, al tuo ritorno da un congedo per malattia, il tuo datore di lavoro rifiuta di rinviare il tuo congedo retribuito o in caso di disaccordo sulla data di partenza per il congedo, non devi andare in congedo senza aver ottenuto la previa autorizzazione del tuo datore di lavoro.\u00a0In effetti, quando si tratta di ferie retribuite, il datore di lavoro rimane il decisore finale.\u00a0Ci\u00f2 costituirebbe un reato punibile con sanzioni disciplinari fino al licenziamento per colpa grave.\u00a0Se le decisioni del datore di lavoro in materia di ferie retribuite ti sembrano abusive, puoi inviargli una lettera raccomandata con avviso di ricevimento rivendicando il suo diritto alle ferie.\u00a0Se questa lettera rimane senza risposta, \u00e8 necessario rivolgersi al tribunale del lavoro, da solo o con l&#8217;assistenza di un avvocato.<\/span><\/p>\n<p><a href=\"https:\/\/gregorydamy.niceavocats.fr\/\"><span>Studio legale DAMY<\/span><\/a><span>\u00a0, Nizza, Permessi retribuiti e permessi per malattia, Aggiornato al 2022<\/span><\/p>\n<p>[\/et_pb_text][\/et_pb_column][\/et_pb_row][et_pb_row _builder_version=&#8221;4.19.5&#8243; _module_preset=&#8221;default&#8221; custom_margin=&#8221;||0px||false|false&#8221; custom_padding=&#8221;||0px||false|false&#8221; global_colors_info=&#8221;{}&#8221;][et_pb_column type=&#8221;4_4&#8243; _builder_version=&#8221;4.19.5&#8243; _module_preset=&#8221;default&#8221; global_colors_info=&#8221;{}&#8221;][et_pb_divider _builder_version=&#8221;4.19.5&#8243; _module_preset=&#8221;default&#8221; global_colors_info=&#8221;{}&#8221;][\/et_pb_divider][\/et_pb_column][\/et_pb_row][\/et_pb_section]<\/p>\n","protected":false},"excerpt":{"rendered":"<p>Congedo retribuito e congedo per malattia Quando si ha un congedo per malattia lungo, sorge la questione del congedo retribuito&#8230; In effetti, cosa succede?\u00a0Possiamo denunciarli?\u00a0Posso beneficiare del pagamento delle ferie retribuite? &nbsp; Continuiamo ad acquisire giorni? Quando il lavoratore \u00e8 in\u00a0malattia\u00a0, l&#8217;acquisizione dei giorni di riposo dipende dal motivo della sua assenza.\u00a0Se \u00e8 assente per [&hellip;]<\/p>\n","protected":false},"author":2,"featured_media":0,"comment_status":"open","ping_status":"open","sticky":false,"template":"","format":"standard","meta":{"_et_pb_use_builder":"on","_et_pb_old_content":"","_et_gb_content_width":"","footnotes":""},"categories":[316],"tags":[],"class_list":["post-3647","post","type-post","status-publish","format-standard","hentry","category-diritto-del-lavoro"],"yoast_head":"<!-- This site is optimized with the Yoast SEO plugin v26.8 - https:\/\/yoast.com\/product\/yoast-seo-wordpress\/ -->\n<title>Permessi e malattie retribuiti - Soci\u00e9t\u00e9 d&#039;avocats Damy<\/title>\n<meta name=\"description\" content=\"Permessi e malattie retribuiti Quando hai un lungo congedo per malattia, allora si pone la questione delle ferie pagate... In effetti,\" \/>\n<meta name=\"robots\" content=\"index, follow, max-snippet:-1, max-image-preview:large, max-video-preview:-1\" \/>\n<link rel=\"canonical\" href=\"https:\/\/gregorydamy.niceavocats.fr\/it\/permessi-e-malattie-retribuiti\/\" \/>\n<meta property=\"og:locale\" content=\"it_IT\" \/>\n<meta property=\"og:type\" content=\"article\" \/>\n<meta property=\"og:title\" content=\"Permessi e malattie retribuiti - Soci\u00e9t\u00e9 d&#039;avocats Damy\" \/>\n<meta property=\"og:description\" content=\"Permessi e malattie retribuiti Quando hai un lungo congedo per malattia, allora si pone la questione delle ferie pagate... In effetti,\" \/>\n<meta property=\"og:url\" content=\"https:\/\/gregorydamy.niceavocats.fr\/it\/permessi-e-malattie-retribuiti\/\" \/>\n<meta property=\"og:site_name\" content=\"Soci\u00e9t\u00e9 d&#039;avocats Damy\" \/>\n<meta property=\"article:publisher\" content=\"https:\/\/www.facebook.com\/niceavocats.fr\/\" \/>\n<meta property=\"article:published_time\" content=\"2012-08-10T18:08:13+00:00\" \/>\n<meta property=\"article:modified_time\" content=\"2023-08-30T11:04:14+00:00\" \/>\n<meta name=\"author\" content=\"Kevin\" \/>\n<meta name=\"twitter:card\" content=\"summary_large_image\" \/>\n<meta name=\"twitter:label1\" content=\"Scritto da\" \/>\n\t<meta name=\"twitter:data1\" content=\"Kevin\" \/>\n\t<meta name=\"twitter:label2\" content=\"Tempo di lettura stimato\" \/>\n\t<meta name=\"twitter:data2\" content=\"4 minuti\" \/>\n<script type=\"application\/ld+json\" class=\"yoast-schema-graph\">{\"@context\":\"https:\/\/schema.org\",\"@graph\":[{\"@type\":\"Article\",\"@id\":\"https:\/\/gregorydamy.niceavocats.fr\/it\/permessi-e-malattie-retribuiti\/#article\",\"isPartOf\":{\"@id\":\"https:\/\/gregorydamy.niceavocats.fr\/it\/permessi-e-malattie-retribuiti\/\"},\"author\":{\"name\":\"Kevin\",\"@id\":\"https:\/\/gregorydamy.niceavocats.fr\/it\/#\/schema\/person\/e040acb2856efaa1e114d0e7a92a3870\"},\"headline\":\"Permessi e malattie retribuiti\",\"datePublished\":\"2012-08-10T18:08:13+00:00\",\"dateModified\":\"2023-08-30T11:04:14+00:00\",\"mainEntityOfPage\":{\"@id\":\"https:\/\/gregorydamy.niceavocats.fr\/it\/permessi-e-malattie-retribuiti\/\"},\"wordCount\":900,\"commentCount\":0,\"publisher\":{\"@id\":\"https:\/\/gregorydamy.niceavocats.fr\/it\/#organization\"},\"articleSection\":[\"Diritto del lavoro\"],\"inLanguage\":\"it-IT\",\"potentialAction\":[{\"@type\":\"CommentAction\",\"name\":\"Comment\",\"target\":[\"https:\/\/gregorydamy.niceavocats.fr\/it\/permessi-e-malattie-retribuiti\/#respond\"]}]},{\"@type\":\"WebPage\",\"@id\":\"https:\/\/gregorydamy.niceavocats.fr\/it\/permessi-e-malattie-retribuiti\/\",\"url\":\"https:\/\/gregorydamy.niceavocats.fr\/it\/permessi-e-malattie-retribuiti\/\",\"name\":\"Permessi e malattie retribuiti - Soci\u00e9t\u00e9 d&#039;avocats Damy\",\"isPartOf\":{\"@id\":\"https:\/\/gregorydamy.niceavocats.fr\/it\/#website\"},\"datePublished\":\"2012-08-10T18:08:13+00:00\",\"dateModified\":\"2023-08-30T11:04:14+00:00\",\"description\":\"Permessi e malattie retribuiti Quando hai un lungo congedo per malattia, allora si pone la questione delle ferie pagate... In effetti,\",\"breadcrumb\":{\"@id\":\"https:\/\/gregorydamy.niceavocats.fr\/it\/permessi-e-malattie-retribuiti\/#breadcrumb\"},\"inLanguage\":\"it-IT\",\"potentialAction\":[{\"@type\":\"ReadAction\",\"target\":[\"https:\/\/gregorydamy.niceavocats.fr\/it\/permessi-e-malattie-retribuiti\/\"]}]},{\"@type\":\"BreadcrumbList\",\"@id\":\"https:\/\/gregorydamy.niceavocats.fr\/it\/permessi-e-malattie-retribuiti\/#breadcrumb\",\"itemListElement\":[{\"@type\":\"ListItem\",\"position\":1,\"name\":\"Accueil\",\"item\":\"https:\/\/gregorydamy.niceavocats.fr\/it\/\"},{\"@type\":\"ListItem\",\"position\":2,\"name\":\"Permessi e malattie retribuiti\"}]},{\"@type\":\"WebSite\",\"@id\":\"https:\/\/gregorydamy.niceavocats.fr\/it\/#website\",\"url\":\"https:\/\/gregorydamy.niceavocats.fr\/it\/\",\"name\":\"Soci\u00e9t\u00e9 d&#039;avocats Damy\",\"description\":\"Justice - Confiance - Efficacit\u00e9\",\"publisher\":{\"@id\":\"https:\/\/gregorydamy.niceavocats.fr\/it\/#organization\"},\"potentialAction\":[{\"@type\":\"SearchAction\",\"target\":{\"@type\":\"EntryPoint\",\"urlTemplate\":\"https:\/\/gregorydamy.niceavocats.fr\/it\/?s={search_term_string}\"},\"query-input\":{\"@type\":\"PropertyValueSpecification\",\"valueRequired\":true,\"valueName\":\"search_term_string\"}}],\"inLanguage\":\"it-IT\"},{\"@type\":\"Organization\",\"@id\":\"https:\/\/gregorydamy.niceavocats.fr\/it\/#organization\",\"name\":\"Soci\u00e9t\u00e9 d'Avocats DAMY\",\"alternateName\":\"Gr\u00e9gory DAMY\",\"url\":\"https:\/\/gregorydamy.niceavocats.fr\/it\/\",\"logo\":{\"@type\":\"ImageObject\",\"inLanguage\":\"it-IT\",\"@id\":\"https:\/\/gregorydamy.niceavocats.fr\/it\/#\/schema\/logo\/image\/\",\"url\":\"https:\/\/gregorydamy.niceavocats.fr\/wp-content\/uploads\/2023\/04\/damylogo-1.png\",\"contentUrl\":\"https:\/\/gregorydamy.niceavocats.fr\/wp-content\/uploads\/2023\/04\/damylogo-1.png\",\"width\":1890,\"height\":1417,\"caption\":\"Soci\u00e9t\u00e9 d'Avocats DAMY\"},\"image\":{\"@id\":\"https:\/\/gregorydamy.niceavocats.fr\/it\/#\/schema\/logo\/image\/\"},\"sameAs\":[\"https:\/\/www.facebook.com\/niceavocats.fr\/\"]},{\"@type\":\"Person\",\"@id\":\"https:\/\/gregorydamy.niceavocats.fr\/it\/#\/schema\/person\/e040acb2856efaa1e114d0e7a92a3870\",\"name\":\"Kevin\",\"url\":\"https:\/\/gregorydamy.niceavocats.fr\/it\/author\/kevin\/\"}]}<\/script>\n<!-- \/ Yoast SEO plugin. -->","yoast_head_json":{"title":"Permessi e malattie retribuiti - Soci\u00e9t\u00e9 d&#039;avocats Damy","description":"Permessi e malattie retribuiti Quando hai un lungo congedo per malattia, allora si pone la questione delle ferie pagate... In effetti,","robots":{"index":"index","follow":"follow","max-snippet":"max-snippet:-1","max-image-preview":"max-image-preview:large","max-video-preview":"max-video-preview:-1"},"canonical":"https:\/\/gregorydamy.niceavocats.fr\/it\/permessi-e-malattie-retribuiti\/","og_locale":"it_IT","og_type":"article","og_title":"Permessi e malattie retribuiti - Soci\u00e9t\u00e9 d&#039;avocats Damy","og_description":"Permessi e malattie retribuiti Quando hai un lungo congedo per malattia, allora si pone la questione delle ferie pagate... In effetti,","og_url":"https:\/\/gregorydamy.niceavocats.fr\/it\/permessi-e-malattie-retribuiti\/","og_site_name":"Soci\u00e9t\u00e9 d&#039;avocats Damy","article_publisher":"https:\/\/www.facebook.com\/niceavocats.fr\/","article_published_time":"2012-08-10T18:08:13+00:00","article_modified_time":"2023-08-30T11:04:14+00:00","author":"Kevin","twitter_card":"summary_large_image","twitter_misc":{"Scritto da":"Kevin","Tempo di lettura stimato":"4 minuti"},"schema":{"@context":"https:\/\/schema.org","@graph":[{"@type":"Article","@id":"https:\/\/gregorydamy.niceavocats.fr\/it\/permessi-e-malattie-retribuiti\/#article","isPartOf":{"@id":"https:\/\/gregorydamy.niceavocats.fr\/it\/permessi-e-malattie-retribuiti\/"},"author":{"name":"Kevin","@id":"https:\/\/gregorydamy.niceavocats.fr\/it\/#\/schema\/person\/e040acb2856efaa1e114d0e7a92a3870"},"headline":"Permessi e malattie retribuiti","datePublished":"2012-08-10T18:08:13+00:00","dateModified":"2023-08-30T11:04:14+00:00","mainEntityOfPage":{"@id":"https:\/\/gregorydamy.niceavocats.fr\/it\/permessi-e-malattie-retribuiti\/"},"wordCount":900,"commentCount":0,"publisher":{"@id":"https:\/\/gregorydamy.niceavocats.fr\/it\/#organization"},"articleSection":["Diritto del lavoro"],"inLanguage":"it-IT","potentialAction":[{"@type":"CommentAction","name":"Comment","target":["https:\/\/gregorydamy.niceavocats.fr\/it\/permessi-e-malattie-retribuiti\/#respond"]}]},{"@type":"WebPage","@id":"https:\/\/gregorydamy.niceavocats.fr\/it\/permessi-e-malattie-retribuiti\/","url":"https:\/\/gregorydamy.niceavocats.fr\/it\/permessi-e-malattie-retribuiti\/","name":"Permessi e malattie retribuiti - Soci\u00e9t\u00e9 d&#039;avocats Damy","isPartOf":{"@id":"https:\/\/gregorydamy.niceavocats.fr\/it\/#website"},"datePublished":"2012-08-10T18:08:13+00:00","dateModified":"2023-08-30T11:04:14+00:00","description":"Permessi e malattie retribuiti Quando hai un lungo congedo per malattia, allora si pone la questione delle ferie pagate... In effetti,","breadcrumb":{"@id":"https:\/\/gregorydamy.niceavocats.fr\/it\/permessi-e-malattie-retribuiti\/#breadcrumb"},"inLanguage":"it-IT","potentialAction":[{"@type":"ReadAction","target":["https:\/\/gregorydamy.niceavocats.fr\/it\/permessi-e-malattie-retribuiti\/"]}]},{"@type":"BreadcrumbList","@id":"https:\/\/gregorydamy.niceavocats.fr\/it\/permessi-e-malattie-retribuiti\/#breadcrumb","itemListElement":[{"@type":"ListItem","position":1,"name":"Accueil","item":"https:\/\/gregorydamy.niceavocats.fr\/it\/"},{"@type":"ListItem","position":2,"name":"Permessi e malattie retribuiti"}]},{"@type":"WebSite","@id":"https:\/\/gregorydamy.niceavocats.fr\/it\/#website","url":"https:\/\/gregorydamy.niceavocats.fr\/it\/","name":"Soci\u00e9t\u00e9 d&#039;avocats Damy","description":"Justice - Confiance - Efficacit\u00e9","publisher":{"@id":"https:\/\/gregorydamy.niceavocats.fr\/it\/#organization"},"potentialAction":[{"@type":"SearchAction","target":{"@type":"EntryPoint","urlTemplate":"https:\/\/gregorydamy.niceavocats.fr\/it\/?s={search_term_string}"},"query-input":{"@type":"PropertyValueSpecification","valueRequired":true,"valueName":"search_term_string"}}],"inLanguage":"it-IT"},{"@type":"Organization","@id":"https:\/\/gregorydamy.niceavocats.fr\/it\/#organization","name":"Soci\u00e9t\u00e9 d'Avocats DAMY","alternateName":"Gr\u00e9gory DAMY","url":"https:\/\/gregorydamy.niceavocats.fr\/it\/","logo":{"@type":"ImageObject","inLanguage":"it-IT","@id":"https:\/\/gregorydamy.niceavocats.fr\/it\/#\/schema\/logo\/image\/","url":"https:\/\/gregorydamy.niceavocats.fr\/wp-content\/uploads\/2023\/04\/damylogo-1.png","contentUrl":"https:\/\/gregorydamy.niceavocats.fr\/wp-content\/uploads\/2023\/04\/damylogo-1.png","width":1890,"height":1417,"caption":"Soci\u00e9t\u00e9 d'Avocats DAMY"},"image":{"@id":"https:\/\/gregorydamy.niceavocats.fr\/it\/#\/schema\/logo\/image\/"},"sameAs":["https:\/\/www.facebook.com\/niceavocats.fr\/"]},{"@type":"Person","@id":"https:\/\/gregorydamy.niceavocats.fr\/it\/#\/schema\/person\/e040acb2856efaa1e114d0e7a92a3870","name":"Kevin","url":"https:\/\/gregorydamy.niceavocats.fr\/it\/author\/kevin\/"}]}},"_links":{"self":[{"href":"https:\/\/gregorydamy.niceavocats.fr\/it\/wp-json\/wp\/v2\/posts\/3647","targetHints":{"allow":["GET"]}}],"collection":[{"href":"https:\/\/gregorydamy.niceavocats.fr\/it\/wp-json\/wp\/v2\/posts"}],"about":[{"href":"https:\/\/gregorydamy.niceavocats.fr\/it\/wp-json\/wp\/v2\/types\/post"}],"author":[{"embeddable":true,"href":"https:\/\/gregorydamy.niceavocats.fr\/it\/wp-json\/wp\/v2\/users\/2"}],"replies":[{"embeddable":true,"href":"https:\/\/gregorydamy.niceavocats.fr\/it\/wp-json\/wp\/v2\/comments?post=3647"}],"version-history":[{"count":0,"href":"https:\/\/gregorydamy.niceavocats.fr\/it\/wp-json\/wp\/v2\/posts\/3647\/revisions"}],"wp:attachment":[{"href":"https:\/\/gregorydamy.niceavocats.fr\/it\/wp-json\/wp\/v2\/media?parent=3647"}],"wp:term":[{"taxonomy":"category","embeddable":true,"href":"https:\/\/gregorydamy.niceavocats.fr\/it\/wp-json\/wp\/v2\/categories?post=3647"},{"taxonomy":"post_tag","embeddable":true,"href":"https:\/\/gregorydamy.niceavocats.fr\/it\/wp-json\/wp\/v2\/tags?post=3647"}],"curies":[{"name":"wp","href":"https:\/\/api.w.org\/{rel}","templated":true}]}}