{"id":3576,"date":"2015-04-09T19:57:28","date_gmt":"2015-04-09T19:57:28","guid":{"rendered":"https:\/\/gregorydamy.niceavocats.fr\/?p=3576"},"modified":"2023-06-15T06:08:32","modified_gmt":"2023-06-15T06:08:32","slug":"decisione-fiscale","status":"publish","type":"post","link":"https:\/\/gregorydamy.niceavocats.fr\/it\/decisione-fiscale\/","title":{"rendered":"Decisione fiscale"},"content":{"rendered":"<p>[et_pb_section fb_built=&#8221;1&#8243; admin_label=&#8221;section&#8221; _builder_version=&#8221;4.19.5&#8243; custom_margin=&#8221;||0px||false|false&#8221; custom_padding=&#8221;||0px||false|false&#8221; locked=&#8221;off&#8221; global_colors_info=&#8221;{}&#8221;][et_pb_row column_structure=&#8221;1_3,1_3,1_3&#8243; _builder_version=&#8221;4.19.5&#8243; _module_preset=&#8221;default&#8221; background_enable_mask_style=&#8221;on&#8221; background_mask_style=&#8221;wave&#8221; background_mask_color=&#8221;rgba(0,0,0,0.08)&#8221; custom_padding=&#8221;||6px|||&#8221; locked=&#8221;off&#8221; global_colors_info=&#8221;{}&#8221;][et_pb_column type=&#8221;1_3&#8243; _builder_version=&#8221;4.19.5&#8243; _module_preset=&#8221;default&#8221; global_colors_info=&#8221;{}&#8221;][\/et_pb_column][et_pb_column type=&#8221;1_3&#8243; _builder_version=&#8221;4.19.5&#8243; _module_preset=&#8221;default&#8221; global_colors_info=&#8221;{}&#8221;][\/et_pb_column][et_pb_column type=&#8221;1_3&#8243; _builder_version=&#8221;4.19.5&#8243; _module_preset=&#8221;default&#8221; global_colors_info=&#8221;{}&#8221;][et_pb_circle_counter title=&#8221;Temps de lecture estim\u00e9 (en minutes)&#8221; number=&#8221;2&#8243; percent_sign=&#8221;off&#8221; _builder_version=&#8221;4.20.2&#8243; _module_preset=&#8221;default&#8221; title_font=&#8221;Amiri||||||||&#8221; max_width=&#8221;137px&#8221; global_colors_info=&#8221;{}&#8221;][\/et_pb_circle_counter][\/et_pb_column][\/et_pb_row][et_pb_row _builder_version=&#8221;4.19.5&#8243; _module_preset=&#8221;default&#8221; custom_margin=&#8221;||0px||false|false&#8221; custom_padding=&#8221;||0px||false|false&#8221; global_colors_info=&#8221;{}&#8221;][et_pb_column type=&#8221;4_4&#8243; _builder_version=&#8221;4.19.5&#8243; _module_preset=&#8221;default&#8221; global_colors_info=&#8221;{}&#8221;][et_pb_divider _builder_version=&#8221;4.19.5&#8243; _module_preset=&#8221;default&#8221; global_colors_info=&#8221;{}&#8221;][\/et_pb_divider][et_pb_image src=&#8221;https:\/\/gregorydamy.niceavocats.fr\/wp-content\/uploads\/2023\/06\/40454-scaled.jpg&#8221; _builder_version=&#8221;4.21.0&#8243; _module_preset=&#8221;default&#8221; title_text=&#8221;Print&#8221; hover_enabled=&#8221;0&#8243; sticky_enabled=&#8221;0&#8243;][\/et_pb_image][\/et_pb_column][\/et_pb_row][et_pb_row admin_label=&#8221;row&#8221; _builder_version=&#8221;4.16&#8243; background_size=&#8221;initial&#8221; background_position=&#8221;top_left&#8221; background_repeat=&#8221;repeat&#8221; global_colors_info=&#8221;{}&#8221;][et_pb_column type=&#8221;4_4&#8243; _builder_version=&#8221;4.16&#8243; custom_padding=&#8221;|||&#8221; global_colors_info=&#8221;{}&#8221; custom_padding__hover=&#8221;|||&#8221;][et_pb_text admin_label=&#8221;Text&#8221; _builder_version=&#8221;4.21.0&#8243; text_font=&#8221;Amiri||||||||&#8221; header_2_font=&#8221;Amiri||||||||&#8221; header_3_font=&#8221;Amiri||||||||&#8221; background_size=&#8221;initial&#8221; background_position=&#8221;top_left&#8221; background_repeat=&#8221;repeat&#8221; hover_enabled=&#8221;0&#8243; global_colors_info=&#8221;{}&#8221; sticky_enabled=&#8221;0&#8243;]<\/p>\n<div class=\"entry-content\">\n<p><span><span class=\"\">Sentenza fiscale la Corte di Giustizia dell&#8217;Unione Europea si \u00e8 pronunciata contro la Francia in merito all&#8217;imposizione del CSG e del CRDS sui redditi patrimoniali dei contribuenti non residenti, francesi e stranieri.\u00a0<\/span>Possono chiedere il rimborso entro due anni dal pagamento dei\u00a0<\/span><a href=\"https:\/\/gregorydamy.niceavocats.fr\/en\/terminating-a-disabled-employee\/\"><span>contributi<\/span><\/a><span>\u00a0previdenziali .<\/span><\/p>\n<h2><span>CGUE vs Francia su CSG e CRDS per reddito da non residenti:-<\/span><\/h2>\n<p><span>La Francia non ha il diritto di addebitare contributi previdenziali a persone che non beneficiano di previdenza sociale.\u00a0La Corte di giustizia dell&#8217;Unione europea (CGUE) si \u00e8 pronunciata in tal senso gioved\u00ec 26 febbraio 2015. L&#8217;autorit\u00e0 giudiziaria ha stabilito che la Francia non ha il diritto di detrarre CSG e CRDS dal reddito dei contribuenti non residenti domiciliati in Francia.\u00a0In particolare, la Corte si \u00e8 pronunciata contro la Francia nei confronti di un cittadino olandese che lavora nei Paesi Bassi ma domiciliato in Francia al quale ha applicato contributi previdenziali su rendite vitalizie stipulate nei Paesi Bassi.<\/span><\/p>\n<p><span>Secondo la giurisprudenza europea, un contribuente non deve versare contributi sociali da diversi paesi su questo reddito.\u00a0In altre parole, \u00e8 tenuto a rendere conto a una sola previdenza sociale: concretamente, un lavoratore transfrontaliero francese che lavora in Germania e il cui reddito \u00e8 gi\u00e0 soggetto a contributi previdenziali oltre Reno non \u00e8 tenuto a versare i contributi previdenziali francesi.\u00a0Un divieto valido per i redditi da lavoro e sostitutivi (stipendi, pensioni, indennit\u00e0, ecc.) dal 2000 e che ora si applica ufficialmente ai redditi da patrimonio (redditi patrimoniali, interessi da un contratto di assicurazione sulla vita, ecc.).\u00a0).<\/span><\/p>\n<h2><span>RIMBORSO E PRESCRIZIONE:-<\/span><\/h2>\n<p><span>Il conflitto risolto dalla CGUE risale all&#8217;estate del 2012. La prima legge finanziaria del mandato di Fran\u00e7ois Hollande ha introdotto l&#8217;applicazione di contributi previdenziali al 15,5% sui redditi da capitale dei non residenti nonch\u00e9 sulle loro plusvalenze immobiliari.\u00a0Da allora il provvedimento \u00e8 stato fortemente contestato, in particolare dai professionisti della gestione patrimoniale o persino da Fr\u00e9d\u00e9ric Lefebvre, deputato dell&#8217;UMP per gli espatriati francesi in Nord America.<\/span><\/p>\n<p><span>Per effetto della sentenza emessa dal tribunale lussemburghese, i contribuenti che hanno dovuto versare contributi previdenziali dall&#8217;entrata in vigore del provvedimento possono chiedere il rimborso.\u00a0Si noti, tuttavia, che per i reclami si applica un termine di prescrizione di due anni.\u00a0decorre dalla data di versamento dei contributi previdenziali.\u00a0<span class=\"\">Alcuni contribuenti, infatti, non possono pi\u00f9 ottenere indennizzi: \u00e8 stato quindi necessario presentare istanza di rimborso entro il 31 dicembre 2014 per le plusvalenze immobiliari realizzate nel 2013. Viceversa, i contributi previdenziali sui redditi da capitale riscossi nel 2012 e tassati nel 2013 possono essere comunque rimborsato.\u00a0<\/span>In tal caso la richiesta dovr\u00e0 essere inviata entro il 31 dicembre 2015.<\/span><\/p>\n<p><span>La nostra azienda vi assiste con i reclami al fine di garantire il vostro\u00a0<\/span><a href=\"https:\/\/www.justice.fr\/\"><span>rimborso<\/span><\/a><span>\u00a0.<\/span><\/p>\n<\/div>\n<p>[\/et_pb_text][\/et_pb_column][\/et_pb_row][et_pb_row _builder_version=&#8221;4.19.5&#8243; _module_preset=&#8221;default&#8221; custom_margin=&#8221;||0px||false|false&#8221; custom_padding=&#8221;||0px||false|false&#8221; global_colors_info=&#8221;{}&#8221;][et_pb_column type=&#8221;4_4&#8243; _builder_version=&#8221;4.19.5&#8243; _module_preset=&#8221;default&#8221; global_colors_info=&#8221;{}&#8221;][et_pb_divider _builder_version=&#8221;4.19.5&#8243; _module_preset=&#8221;default&#8221; global_colors_info=&#8221;{}&#8221;][\/et_pb_divider][\/et_pb_column][\/et_pb_row][\/et_pb_section]<\/p>\n","protected":false},"excerpt":{"rendered":"<p>Sentenza fiscale la Corte di Giustizia dell&#8217;Unione Europea si \u00e8 pronunciata contro la Francia in merito all&#8217;imposizione del CSG e del CRDS sui redditi patrimoniali dei contribuenti non residenti, francesi e stranieri.\u00a0Possono chiedere il rimborso entro due anni dal pagamento dei\u00a0contributi\u00a0previdenziali . CGUE vs Francia su CSG e CRDS per reddito da non residenti:- La [&hellip;]<\/p>\n","protected":false},"author":2,"featured_media":0,"comment_status":"open","ping_status":"open","sticky":false,"template":"","format":"standard","meta":{"_et_pb_use_builder":"on","_et_pb_old_content":"","_et_gb_content_width":"","footnotes":""},"categories":[286,327],"tags":[],"class_list":["post-3576","post","type-post","status-publish","format-standard","hentry","category-autres","category-diritto-tributario"],"yoast_head":"<!-- This site is optimized with the Yoast SEO plugin v26.8 - https:\/\/yoast.com\/product\/yoast-seo-wordpress\/ -->\n<title>Decisione fiscale - Soci\u00e9t\u00e9 d&#039;avocats Damy<\/title>\n<meta name=\"description\" content=\"Decisione fiscale la Corte di giustizia dell&#039;Unione europea si \u00e8 pronunciata contro la Francia in merito al prelievo del CSG e del CRDS\" \/>\n<meta name=\"robots\" content=\"index, follow, max-snippet:-1, max-image-preview:large, max-video-preview:-1\" \/>\n<link rel=\"canonical\" href=\"https:\/\/gregorydamy.niceavocats.fr\/it\/decisione-fiscale\/\" \/>\n<meta property=\"og:locale\" content=\"it_IT\" \/>\n<meta property=\"og:type\" content=\"article\" \/>\n<meta property=\"og:title\" content=\"Decisione fiscale - Soci\u00e9t\u00e9 d&#039;avocats Damy\" \/>\n<meta property=\"og:description\" content=\"Decisione fiscale la Corte di giustizia dell&#039;Unione europea si \u00e8 pronunciata contro la Francia in merito al prelievo del CSG e del CRDS\" \/>\n<meta property=\"og:url\" content=\"https:\/\/gregorydamy.niceavocats.fr\/it\/decisione-fiscale\/\" \/>\n<meta property=\"og:site_name\" content=\"Soci\u00e9t\u00e9 d&#039;avocats Damy\" \/>\n<meta property=\"article:publisher\" content=\"https:\/\/www.facebook.com\/niceavocats.fr\/\" \/>\n<meta property=\"article:published_time\" content=\"2015-04-09T19:57:28+00:00\" \/>\n<meta property=\"article:modified_time\" content=\"2023-06-15T06:08:32+00:00\" \/>\n<meta name=\"author\" content=\"Kevin\" \/>\n<meta name=\"twitter:card\" content=\"summary_large_image\" \/>\n<meta name=\"twitter:label1\" content=\"Scritto da\" \/>\n\t<meta name=\"twitter:data1\" content=\"Kevin\" \/>\n\t<meta name=\"twitter:label2\" content=\"Tempo di lettura stimato\" \/>\n\t<meta name=\"twitter:data2\" content=\"3 minuti\" \/>\n<script type=\"application\/ld+json\" class=\"yoast-schema-graph\">{\"@context\":\"https:\/\/schema.org\",\"@graph\":[{\"@type\":\"Article\",\"@id\":\"https:\/\/gregorydamy.niceavocats.fr\/it\/decisione-fiscale\/#article\",\"isPartOf\":{\"@id\":\"https:\/\/gregorydamy.niceavocats.fr\/it\/decisione-fiscale\/\"},\"author\":{\"name\":\"Kevin\",\"@id\":\"https:\/\/gregorydamy.niceavocats.fr\/it\/#\/schema\/person\/e040acb2856efaa1e114d0e7a92a3870\"},\"headline\":\"Decisione fiscale\",\"datePublished\":\"2015-04-09T19:57:28+00:00\",\"dateModified\":\"2023-06-15T06:08:32+00:00\",\"mainEntityOfPage\":{\"@id\":\"https:\/\/gregorydamy.niceavocats.fr\/it\/decisione-fiscale\/\"},\"wordCount\":791,\"commentCount\":0,\"publisher\":{\"@id\":\"https:\/\/gregorydamy.niceavocats.fr\/it\/#organization\"},\"articleSection\":[\"Autres\",\"Diritto tributario\"],\"inLanguage\":\"it-IT\",\"potentialAction\":[{\"@type\":\"CommentAction\",\"name\":\"Comment\",\"target\":[\"https:\/\/gregorydamy.niceavocats.fr\/it\/decisione-fiscale\/#respond\"]}]},{\"@type\":\"WebPage\",\"@id\":\"https:\/\/gregorydamy.niceavocats.fr\/it\/decisione-fiscale\/\",\"url\":\"https:\/\/gregorydamy.niceavocats.fr\/it\/decisione-fiscale\/\",\"name\":\"Decisione fiscale - Soci\u00e9t\u00e9 d&#039;avocats Damy\",\"isPartOf\":{\"@id\":\"https:\/\/gregorydamy.niceavocats.fr\/it\/#website\"},\"datePublished\":\"2015-04-09T19:57:28+00:00\",\"dateModified\":\"2023-06-15T06:08:32+00:00\",\"description\":\"Decisione fiscale la Corte di giustizia dell'Unione europea si \u00e8 pronunciata contro la Francia in merito al prelievo del CSG e del CRDS\",\"breadcrumb\":{\"@id\":\"https:\/\/gregorydamy.niceavocats.fr\/it\/decisione-fiscale\/#breadcrumb\"},\"inLanguage\":\"it-IT\",\"potentialAction\":[{\"@type\":\"ReadAction\",\"target\":[\"https:\/\/gregorydamy.niceavocats.fr\/it\/decisione-fiscale\/\"]}]},{\"@type\":\"BreadcrumbList\",\"@id\":\"https:\/\/gregorydamy.niceavocats.fr\/it\/decisione-fiscale\/#breadcrumb\",\"itemListElement\":[{\"@type\":\"ListItem\",\"position\":1,\"name\":\"Accueil\",\"item\":\"https:\/\/gregorydamy.niceavocats.fr\/it\/\"},{\"@type\":\"ListItem\",\"position\":2,\"name\":\"Decisione fiscale\"}]},{\"@type\":\"WebSite\",\"@id\":\"https:\/\/gregorydamy.niceavocats.fr\/it\/#website\",\"url\":\"https:\/\/gregorydamy.niceavocats.fr\/it\/\",\"name\":\"Soci\u00e9t\u00e9 d&#039;avocats Damy\",\"description\":\"Justice - Confiance - Efficacit\u00e9\",\"publisher\":{\"@id\":\"https:\/\/gregorydamy.niceavocats.fr\/it\/#organization\"},\"potentialAction\":[{\"@type\":\"SearchAction\",\"target\":{\"@type\":\"EntryPoint\",\"urlTemplate\":\"https:\/\/gregorydamy.niceavocats.fr\/it\/?s={search_term_string}\"},\"query-input\":{\"@type\":\"PropertyValueSpecification\",\"valueRequired\":true,\"valueName\":\"search_term_string\"}}],\"inLanguage\":\"it-IT\"},{\"@type\":\"Organization\",\"@id\":\"https:\/\/gregorydamy.niceavocats.fr\/it\/#organization\",\"name\":\"Soci\u00e9t\u00e9 d'Avocats DAMY\",\"alternateName\":\"Gr\u00e9gory DAMY\",\"url\":\"https:\/\/gregorydamy.niceavocats.fr\/it\/\",\"logo\":{\"@type\":\"ImageObject\",\"inLanguage\":\"it-IT\",\"@id\":\"https:\/\/gregorydamy.niceavocats.fr\/it\/#\/schema\/logo\/image\/\",\"url\":\"https:\/\/gregorydamy.niceavocats.fr\/wp-content\/uploads\/2023\/04\/damylogo-1.png\",\"contentUrl\":\"https:\/\/gregorydamy.niceavocats.fr\/wp-content\/uploads\/2023\/04\/damylogo-1.png\",\"width\":1890,\"height\":1417,\"caption\":\"Soci\u00e9t\u00e9 d'Avocats DAMY\"},\"image\":{\"@id\":\"https:\/\/gregorydamy.niceavocats.fr\/it\/#\/schema\/logo\/image\/\"},\"sameAs\":[\"https:\/\/www.facebook.com\/niceavocats.fr\/\"]},{\"@type\":\"Person\",\"@id\":\"https:\/\/gregorydamy.niceavocats.fr\/it\/#\/schema\/person\/e040acb2856efaa1e114d0e7a92a3870\",\"name\":\"Kevin\",\"url\":\"https:\/\/gregorydamy.niceavocats.fr\/it\/author\/kevin\/\"}]}<\/script>\n<!-- \/ Yoast SEO plugin. -->","yoast_head_json":{"title":"Decisione fiscale - Soci\u00e9t\u00e9 d&#039;avocats Damy","description":"Decisione fiscale la Corte di giustizia dell'Unione europea si \u00e8 pronunciata contro la Francia in merito al prelievo del CSG e del CRDS","robots":{"index":"index","follow":"follow","max-snippet":"max-snippet:-1","max-image-preview":"max-image-preview:large","max-video-preview":"max-video-preview:-1"},"canonical":"https:\/\/gregorydamy.niceavocats.fr\/it\/decisione-fiscale\/","og_locale":"it_IT","og_type":"article","og_title":"Decisione fiscale - Soci\u00e9t\u00e9 d&#039;avocats Damy","og_description":"Decisione fiscale la Corte di giustizia dell'Unione europea si \u00e8 pronunciata contro la Francia in merito al prelievo del CSG e del CRDS","og_url":"https:\/\/gregorydamy.niceavocats.fr\/it\/decisione-fiscale\/","og_site_name":"Soci\u00e9t\u00e9 d&#039;avocats Damy","article_publisher":"https:\/\/www.facebook.com\/niceavocats.fr\/","article_published_time":"2015-04-09T19:57:28+00:00","article_modified_time":"2023-06-15T06:08:32+00:00","author":"Kevin","twitter_card":"summary_large_image","twitter_misc":{"Scritto da":"Kevin","Tempo di lettura stimato":"3 minuti"},"schema":{"@context":"https:\/\/schema.org","@graph":[{"@type":"Article","@id":"https:\/\/gregorydamy.niceavocats.fr\/it\/decisione-fiscale\/#article","isPartOf":{"@id":"https:\/\/gregorydamy.niceavocats.fr\/it\/decisione-fiscale\/"},"author":{"name":"Kevin","@id":"https:\/\/gregorydamy.niceavocats.fr\/it\/#\/schema\/person\/e040acb2856efaa1e114d0e7a92a3870"},"headline":"Decisione fiscale","datePublished":"2015-04-09T19:57:28+00:00","dateModified":"2023-06-15T06:08:32+00:00","mainEntityOfPage":{"@id":"https:\/\/gregorydamy.niceavocats.fr\/it\/decisione-fiscale\/"},"wordCount":791,"commentCount":0,"publisher":{"@id":"https:\/\/gregorydamy.niceavocats.fr\/it\/#organization"},"articleSection":["Autres","Diritto tributario"],"inLanguage":"it-IT","potentialAction":[{"@type":"CommentAction","name":"Comment","target":["https:\/\/gregorydamy.niceavocats.fr\/it\/decisione-fiscale\/#respond"]}]},{"@type":"WebPage","@id":"https:\/\/gregorydamy.niceavocats.fr\/it\/decisione-fiscale\/","url":"https:\/\/gregorydamy.niceavocats.fr\/it\/decisione-fiscale\/","name":"Decisione fiscale - Soci\u00e9t\u00e9 d&#039;avocats Damy","isPartOf":{"@id":"https:\/\/gregorydamy.niceavocats.fr\/it\/#website"},"datePublished":"2015-04-09T19:57:28+00:00","dateModified":"2023-06-15T06:08:32+00:00","description":"Decisione fiscale la Corte di giustizia dell'Unione europea si \u00e8 pronunciata contro la Francia in merito al prelievo del CSG e del CRDS","breadcrumb":{"@id":"https:\/\/gregorydamy.niceavocats.fr\/it\/decisione-fiscale\/#breadcrumb"},"inLanguage":"it-IT","potentialAction":[{"@type":"ReadAction","target":["https:\/\/gregorydamy.niceavocats.fr\/it\/decisione-fiscale\/"]}]},{"@type":"BreadcrumbList","@id":"https:\/\/gregorydamy.niceavocats.fr\/it\/decisione-fiscale\/#breadcrumb","itemListElement":[{"@type":"ListItem","position":1,"name":"Accueil","item":"https:\/\/gregorydamy.niceavocats.fr\/it\/"},{"@type":"ListItem","position":2,"name":"Decisione fiscale"}]},{"@type":"WebSite","@id":"https:\/\/gregorydamy.niceavocats.fr\/it\/#website","url":"https:\/\/gregorydamy.niceavocats.fr\/it\/","name":"Soci\u00e9t\u00e9 d&#039;avocats Damy","description":"Justice - Confiance - Efficacit\u00e9","publisher":{"@id":"https:\/\/gregorydamy.niceavocats.fr\/it\/#organization"},"potentialAction":[{"@type":"SearchAction","target":{"@type":"EntryPoint","urlTemplate":"https:\/\/gregorydamy.niceavocats.fr\/it\/?s={search_term_string}"},"query-input":{"@type":"PropertyValueSpecification","valueRequired":true,"valueName":"search_term_string"}}],"inLanguage":"it-IT"},{"@type":"Organization","@id":"https:\/\/gregorydamy.niceavocats.fr\/it\/#organization","name":"Soci\u00e9t\u00e9 d'Avocats DAMY","alternateName":"Gr\u00e9gory DAMY","url":"https:\/\/gregorydamy.niceavocats.fr\/it\/","logo":{"@type":"ImageObject","inLanguage":"it-IT","@id":"https:\/\/gregorydamy.niceavocats.fr\/it\/#\/schema\/logo\/image\/","url":"https:\/\/gregorydamy.niceavocats.fr\/wp-content\/uploads\/2023\/04\/damylogo-1.png","contentUrl":"https:\/\/gregorydamy.niceavocats.fr\/wp-content\/uploads\/2023\/04\/damylogo-1.png","width":1890,"height":1417,"caption":"Soci\u00e9t\u00e9 d'Avocats DAMY"},"image":{"@id":"https:\/\/gregorydamy.niceavocats.fr\/it\/#\/schema\/logo\/image\/"},"sameAs":["https:\/\/www.facebook.com\/niceavocats.fr\/"]},{"@type":"Person","@id":"https:\/\/gregorydamy.niceavocats.fr\/it\/#\/schema\/person\/e040acb2856efaa1e114d0e7a92a3870","name":"Kevin","url":"https:\/\/gregorydamy.niceavocats.fr\/it\/author\/kevin\/"}]}},"_links":{"self":[{"href":"https:\/\/gregorydamy.niceavocats.fr\/it\/wp-json\/wp\/v2\/posts\/3576","targetHints":{"allow":["GET"]}}],"collection":[{"href":"https:\/\/gregorydamy.niceavocats.fr\/it\/wp-json\/wp\/v2\/posts"}],"about":[{"href":"https:\/\/gregorydamy.niceavocats.fr\/it\/wp-json\/wp\/v2\/types\/post"}],"author":[{"embeddable":true,"href":"https:\/\/gregorydamy.niceavocats.fr\/it\/wp-json\/wp\/v2\/users\/2"}],"replies":[{"embeddable":true,"href":"https:\/\/gregorydamy.niceavocats.fr\/it\/wp-json\/wp\/v2\/comments?post=3576"}],"version-history":[{"count":0,"href":"https:\/\/gregorydamy.niceavocats.fr\/it\/wp-json\/wp\/v2\/posts\/3576\/revisions"}],"wp:attachment":[{"href":"https:\/\/gregorydamy.niceavocats.fr\/it\/wp-json\/wp\/v2\/media?parent=3576"}],"wp:term":[{"taxonomy":"category","embeddable":true,"href":"https:\/\/gregorydamy.niceavocats.fr\/it\/wp-json\/wp\/v2\/categories?post=3576"},{"taxonomy":"post_tag","embeddable":true,"href":"https:\/\/gregorydamy.niceavocats.fr\/it\/wp-json\/wp\/v2\/tags?post=3576"}],"curies":[{"name":"wp","href":"https:\/\/api.w.org\/{rel}","templated":true}]}}