{"id":3284,"date":"2012-08-20T07:38:40","date_gmt":"2012-08-20T07:38:40","guid":{"rendered":"https:\/\/gregorydamy.niceavocats.fr\/?p=3284"},"modified":"2023-08-30T09:01:26","modified_gmt":"2023-08-30T09:01:26","slug":"sindacato-giurisdizionale-sui-licenziamenti-per-eta","status":"publish","type":"post","link":"https:\/\/gregorydamy.niceavocats.fr\/it\/sindacato-giurisdizionale-sui-licenziamenti-per-eta\/","title":{"rendered":"Sindacato giurisdizionale sui licenziamenti per et\u00e0"},"content":{"rendered":"<p>[et_pb_section fb_built=&#8221;1&#8243; _builder_version=&#8221;4.19.5&#8243; _module_preset=&#8221;default&#8221; global_colors_info=&#8221;{}&#8221;][et_pb_row column_structure=&#8221;1_3,1_3,1_3&#8243; _builder_version=&#8221;4.19.5&#8243; _module_preset=&#8221;default&#8221; background_enable_mask_style=&#8221;on&#8221; background_mask_style=&#8221;wave&#8221; background_mask_color=&#8221;rgba(0,0,0,0.08)&#8221; custom_padding=&#8221;||6px|||&#8221; locked=&#8221;off&#8221; global_colors_info=&#8221;{}&#8221;][et_pb_column type=&#8221;1_3&#8243; _builder_version=&#8221;4.19.5&#8243; _module_preset=&#8221;default&#8221; global_colors_info=&#8221;{}&#8221;][\/et_pb_column][et_pb_column type=&#8221;1_3&#8243; _builder_version=&#8221;4.19.5&#8243; _module_preset=&#8221;default&#8221; global_colors_info=&#8221;{}&#8221;][\/et_pb_column][et_pb_column type=&#8221;1_3&#8243; _builder_version=&#8221;4.19.5&#8243; _module_preset=&#8221;default&#8221; global_colors_info=&#8221;{}&#8221;][et_pb_circle_counter title=&#8221;Tempo di lettura stimato (in minuti)&#8221; number=&#8221;1&#8243; percent_sign=&#8221;off&#8221; _builder_version=&#8221;4.19.5&#8243; _module_preset=&#8221;default&#8221; title_font=&#8221;Amiri||||||||&#8221; max_width=&#8221;137px&#8221; global_colors_info=&#8221;{}&#8221;][\/et_pb_circle_counter][\/et_pb_column][\/et_pb_row][et_pb_row _builder_version=&#8221;4.19.5&#8243; _module_preset=&#8221;default&#8221; global_colors_info=&#8221;{}&#8221;][et_pb_column type=&#8221;4_4&#8243; _builder_version=&#8221;4.19.5&#8243; _module_preset=&#8221;default&#8221; global_colors_info=&#8221;{}&#8221;][et_pb_divider _builder_version=&#8221;4.19.5&#8243; _module_preset=&#8221;default&#8221; global_colors_info=&#8221;{}&#8221;][\/et_pb_divider][\/et_pb_column][\/et_pb_row][et_pb_row _builder_version=&#8221;4.19.5&#8243; _module_preset=&#8221;default&#8221; global_colors_info=&#8221;{}&#8221;][et_pb_column type=&#8221;4_4&#8243; _builder_version=&#8221;4.19.5&#8243; _module_preset=&#8221;default&#8221; global_colors_info=&#8221;{}&#8221;][et_pb_image src=&#8221;https:\/\/gregorydamy.niceavocats.fr\/wp-content\/uploads\/2023\/08\/the-plane-3352694_1280-2.jpg&#8221; title_text=&#8221;the-plane-3352694_1280-2&#8243; _builder_version=&#8221;4.21.0&#8243; _module_preset=&#8221;default&#8221; hover_enabled=&#8221;0&#8243; global_colors_info=&#8221;{}&#8221; sticky_enabled=&#8221;0&#8243;][\/et_pb_image][et_pb_text _builder_version=&#8221;4.21.0&#8243; _module_preset=&#8221;default&#8221; text_font=&#8221;Amiri||||||||&#8221; hover_enabled=&#8221;0&#8243; global_colors_info=&#8221;{}&#8221; sticky_enabled=&#8221;0&#8243;]<\/p>\n<p><span class=\"\"><span>Sindacato giurisdizionale, vista la limitazione a 60 anni dell&#8217;esercizio della professione di pilota di aereo, derivante dall&#8217;articolo L. 421-9 del Codice dell&#8217;aviazione civile, allora in vigore, la Corte di Cassazione ha ritenuto che tale disposizione non fosse conforme conformit\u00e0 alla\u00a0<\/span><a href=\"https:\/\/www.legifrance.gouv.fr\/jorf\/id\/JORFTEXT000000883358\"><span>Direttiva europea n. 2000\/78\/CE del 27 novembre 2000<\/span><\/a><span>\u00a0, nella misura in cui non era n\u00e9 essenziale per il raggiungimento dell&#8217;obiettivo di sicurezza aerea, n\u00e9 appropriato e necessario nel contesto di una politica dell&#8217;occupazione.\u00a0<\/span><\/span><span>Di conseguenza, la risoluzione del contratto di lavoro del pilota, avvenuta per raggiungimento di tale limite di et\u00e0, deve ritenersi\u00a0\u00a0<\/span><span>nulla\u00a0<\/span><span>\u00a0.<\/span><\/p>\n<h2><span>Limiti di et\u00e0 e non discriminazione nell\u2019esercizio delle professioni: \u2013<\/span><\/h2>\n<p><span>Per non costituire discriminazione, le limitazioni all&#8217;esercizio di una professione basate sull&#8217;et\u00e0 devono essere oggettivamente giustificate da un obiettivo legittimo, soprattutto in termini di politica dell&#8217;occupazione.<\/span><\/p>\n<p><span>Per garantire il rispetto dei principi di non discriminazione, la Corte di Cassazione ha esaminato casi di limitazioni di et\u00e0 nell&#8217;esercizio di alcune professioni.\u00a0\u00c8 il caso, ad esempio, della limitazione imposta ai piloti di aerei, prevista dall&#8217;articolo L. 421-9 del Codice dell&#8217;aviazione civile (all&#8217;epoca in vigore).<\/span><\/p>\n<p><span>La Corte di Cassazione ha stabilito che il limite di et\u00e0 di 60 anni per i piloti di aerei non era conforme alla Direttiva europea n. 2000\/78\/CE del 27 novembre 2000. Ha ritenuto che il limite di et\u00e0 non fosse n\u00e9 essenziale per la sicurezza aerea n\u00e9 appropriato e necessario nel contesto della politica occupazionale.\u00a0Pertanto, la risoluzione del contratto di lavoro del pilota per raggiungimento del limite di et\u00e0 deve ritenersi nulla.<\/span><\/p>\n<h2><span>Controllo giurisdizionale dei licenziamenti in base all\u2019et\u00e0: \u2013<\/span><\/h2>\n<p><span>The decision was made if it followed a previous sentence of 11 March 2010, in which the Court of Cassation had to verify the necessity of stopping the operation based on a determination and at the moment of the resolution of the labor report.\u00a0The control will guarantee that the risk of damage is actually necessary for the proper handling of the equipment to be carried out.<\/span><\/p>\n<p><span>Richiedendo ai giudici di valutare la necessit\u00e0 dei licensenziamenti en base all&#8217;et\u00e0, la Corte di Cassazione sottolinea l&#8217;importanza di conciliare obiettivi vititimi con il principio di non-discriminazione.\u00a0It is not intended to be used as an arbitrary or irrelevant criterion for the resolution of the labor contract.<\/span><\/p>\n<p><span>Attraverso queste sentenze la Corte di Cassazione rafforza il principio secondo cui i limiti di et\u00e0 nell&#8217;esercizio delle professioni devono essere oggettivamente giustificati e proporzionati alle finalit\u00e0 perseguite.\u00a0L\u2019accento \u00e8 posto sulla garanzia che le politiche occupazionali non siano discriminatorie e che i licenziamenti basati sull\u2019et\u00e0 siano realmente necessari piuttosto che basati su\u00a0\u00a0<\/span><span>presupposti arbitrari o infondati\u00a0<\/span><span>\u00a0.<\/span><\/p>\n<p><span>In conclusion, it is important to take care of the impegno della Corte di Cassazione to protect the parity of treatment and the non-discrimination on the job, in particular in termini of limits of and for the exercise of the profession.\u00a0It is important to note the need for legitimate action when it is limited and it is important to note the importance of the balance sheet of interests and interests in the politics of occupation.\u00a0<\/span><\/p>\n<p><a href=\"https:\/\/gregorydamy.niceavocats.fr\/\"><span>DAMY Legal Studio<\/span><\/a><span>\u00a0.\u00a0<\/span><\/p>\n<p>[\/et_pb_text][\/et_pb_column][\/et_pb_row][et_pb_row _builder_version=&#8221;4.19.5&#8243; _module_preset=&#8221;default&#8221; global_colors_info=&#8221;{}&#8221;][et_pb_column type=&#8221;4_4&#8243; _builder_version=&#8221;4.19.5&#8243; _module_preset=&#8221;default&#8221; global_colors_info=&#8221;{}&#8221;][et_pb_divider _builder_version=&#8221;4.19.5&#8243; _module_preset=&#8221;default&#8221; global_colors_info=&#8221;{}&#8221;][\/et_pb_divider][\/et_pb_column][\/et_pb_row][\/et_pb_section]<\/p>\n","protected":false},"excerpt":{"rendered":"<p>Sindacato giurisdizionale, vista la limitazione a 60 anni dell&#8217;esercizio della professione di pilota di aereo, derivante dall&#8217;articolo L. 421-9 del Codice dell&#8217;aviazione civile, allora in vigore, la Corte di Cassazione ha ritenuto che tale disposizione non fosse conforme conformit\u00e0 alla\u00a0Direttiva europea n. 2000\/78\/CE del 27 novembre 2000\u00a0, nella misura in cui non era n\u00e9 essenziale [&hellip;]<\/p>\n","protected":false},"author":2,"featured_media":0,"comment_status":"open","ping_status":"open","sticky":false,"template":"","format":"standard","meta":{"_et_pb_use_builder":"on","_et_pb_old_content":"","_et_gb_content_width":"","footnotes":""},"categories":[316],"tags":[],"class_list":["post-3284","post","type-post","status-publish","format-standard","hentry","category-diritto-del-lavoro"],"yoast_head":"<!-- This site is optimized with the Yoast SEO plugin v26.8 - https:\/\/yoast.com\/product\/yoast-seo-wordpress\/ -->\n<title>Sindacato giurisdizionale sui licenziamenti per et\u00e0 - Soci\u00e9t\u00e9 d&#039;avocats Damy<\/title>\n<meta name=\"description\" content=\"Sindacato giurisdizionale sui licenziamenti per et\u00e0, in merito al limite di 60 anni per l&#039;esercizio della professione di pilota d&#039;aeroplano,\" \/>\n<meta name=\"robots\" content=\"index, follow, max-snippet:-1, max-image-preview:large, max-video-preview:-1\" \/>\n<link rel=\"canonical\" href=\"https:\/\/gregorydamy.niceavocats.fr\/it\/sindacato-giurisdizionale-sui-licenziamenti-per-eta\/\" \/>\n<meta property=\"og:locale\" content=\"it_IT\" \/>\n<meta property=\"og:type\" content=\"article\" \/>\n<meta property=\"og:title\" content=\"Sindacato giurisdizionale sui licenziamenti per et\u00e0 - Soci\u00e9t\u00e9 d&#039;avocats Damy\" \/>\n<meta property=\"og:description\" content=\"Sindacato giurisdizionale sui licenziamenti per et\u00e0, in merito al limite di 60 anni per l&#039;esercizio della professione di pilota d&#039;aeroplano,\" \/>\n<meta property=\"og:url\" content=\"https:\/\/gregorydamy.niceavocats.fr\/it\/sindacato-giurisdizionale-sui-licenziamenti-per-eta\/\" \/>\n<meta property=\"og:site_name\" content=\"Soci\u00e9t\u00e9 d&#039;avocats Damy\" \/>\n<meta property=\"article:publisher\" content=\"https:\/\/www.facebook.com\/niceavocats.fr\/\" \/>\n<meta property=\"article:published_time\" content=\"2012-08-20T07:38:40+00:00\" \/>\n<meta property=\"article:modified_time\" content=\"2023-08-30T09:01:26+00:00\" \/>\n<meta name=\"author\" content=\"Kevin\" \/>\n<meta name=\"twitter:card\" content=\"summary_large_image\" \/>\n<meta name=\"twitter:label1\" content=\"Scritto da\" \/>\n\t<meta name=\"twitter:data1\" content=\"Kevin\" \/>\n\t<meta name=\"twitter:label2\" content=\"Tempo di lettura stimato\" \/>\n\t<meta name=\"twitter:data2\" content=\"3 minuti\" \/>\n<script type=\"application\/ld+json\" class=\"yoast-schema-graph\">{\"@context\":\"https:\/\/schema.org\",\"@graph\":[{\"@type\":\"Article\",\"@id\":\"https:\/\/gregorydamy.niceavocats.fr\/it\/sindacato-giurisdizionale-sui-licenziamenti-per-eta\/#article\",\"isPartOf\":{\"@id\":\"https:\/\/gregorydamy.niceavocats.fr\/it\/sindacato-giurisdizionale-sui-licenziamenti-per-eta\/\"},\"author\":{\"name\":\"Kevin\",\"@id\":\"https:\/\/gregorydamy.niceavocats.fr\/it\/#\/schema\/person\/e040acb2856efaa1e114d0e7a92a3870\"},\"headline\":\"Sindacato giurisdizionale sui licenziamenti per et\u00e0\",\"datePublished\":\"2012-08-20T07:38:40+00:00\",\"dateModified\":\"2023-08-30T09:01:26+00:00\",\"mainEntityOfPage\":{\"@id\":\"https:\/\/gregorydamy.niceavocats.fr\/it\/sindacato-giurisdizionale-sui-licenziamenti-per-eta\/\"},\"wordCount\":817,\"commentCount\":0,\"publisher\":{\"@id\":\"https:\/\/gregorydamy.niceavocats.fr\/it\/#organization\"},\"articleSection\":[\"Diritto del lavoro\"],\"inLanguage\":\"it-IT\",\"potentialAction\":[{\"@type\":\"CommentAction\",\"name\":\"Comment\",\"target\":[\"https:\/\/gregorydamy.niceavocats.fr\/it\/sindacato-giurisdizionale-sui-licenziamenti-per-eta\/#respond\"]}]},{\"@type\":\"WebPage\",\"@id\":\"https:\/\/gregorydamy.niceavocats.fr\/it\/sindacato-giurisdizionale-sui-licenziamenti-per-eta\/\",\"url\":\"https:\/\/gregorydamy.niceavocats.fr\/it\/sindacato-giurisdizionale-sui-licenziamenti-per-eta\/\",\"name\":\"Sindacato giurisdizionale sui licenziamenti per et\u00e0 - Soci\u00e9t\u00e9 d&#039;avocats Damy\",\"isPartOf\":{\"@id\":\"https:\/\/gregorydamy.niceavocats.fr\/it\/#website\"},\"datePublished\":\"2012-08-20T07:38:40+00:00\",\"dateModified\":\"2023-08-30T09:01:26+00:00\",\"description\":\"Sindacato giurisdizionale sui licenziamenti per et\u00e0, in merito al limite di 60 anni per l'esercizio della professione di pilota d'aeroplano,\",\"breadcrumb\":{\"@id\":\"https:\/\/gregorydamy.niceavocats.fr\/it\/sindacato-giurisdizionale-sui-licenziamenti-per-eta\/#breadcrumb\"},\"inLanguage\":\"it-IT\",\"potentialAction\":[{\"@type\":\"ReadAction\",\"target\":[\"https:\/\/gregorydamy.niceavocats.fr\/it\/sindacato-giurisdizionale-sui-licenziamenti-per-eta\/\"]}]},{\"@type\":\"BreadcrumbList\",\"@id\":\"https:\/\/gregorydamy.niceavocats.fr\/it\/sindacato-giurisdizionale-sui-licenziamenti-per-eta\/#breadcrumb\",\"itemListElement\":[{\"@type\":\"ListItem\",\"position\":1,\"name\":\"Accueil\",\"item\":\"https:\/\/gregorydamy.niceavocats.fr\/it\/\"},{\"@type\":\"ListItem\",\"position\":2,\"name\":\"Sindacato giurisdizionale sui licenziamenti per et\u00e0\"}]},{\"@type\":\"WebSite\",\"@id\":\"https:\/\/gregorydamy.niceavocats.fr\/it\/#website\",\"url\":\"https:\/\/gregorydamy.niceavocats.fr\/it\/\",\"name\":\"Soci\u00e9t\u00e9 d&#039;avocats Damy\",\"description\":\"Justice - Confiance - Efficacit\u00e9\",\"publisher\":{\"@id\":\"https:\/\/gregorydamy.niceavocats.fr\/it\/#organization\"},\"potentialAction\":[{\"@type\":\"SearchAction\",\"target\":{\"@type\":\"EntryPoint\",\"urlTemplate\":\"https:\/\/gregorydamy.niceavocats.fr\/it\/?s={search_term_string}\"},\"query-input\":{\"@type\":\"PropertyValueSpecification\",\"valueRequired\":true,\"valueName\":\"search_term_string\"}}],\"inLanguage\":\"it-IT\"},{\"@type\":\"Organization\",\"@id\":\"https:\/\/gregorydamy.niceavocats.fr\/it\/#organization\",\"name\":\"Soci\u00e9t\u00e9 d'Avocats DAMY\",\"alternateName\":\"Gr\u00e9gory DAMY\",\"url\":\"https:\/\/gregorydamy.niceavocats.fr\/it\/\",\"logo\":{\"@type\":\"ImageObject\",\"inLanguage\":\"it-IT\",\"@id\":\"https:\/\/gregorydamy.niceavocats.fr\/it\/#\/schema\/logo\/image\/\",\"url\":\"https:\/\/gregorydamy.niceavocats.fr\/wp-content\/uploads\/2023\/04\/damylogo-1.png\",\"contentUrl\":\"https:\/\/gregorydamy.niceavocats.fr\/wp-content\/uploads\/2023\/04\/damylogo-1.png\",\"width\":1890,\"height\":1417,\"caption\":\"Soci\u00e9t\u00e9 d'Avocats DAMY\"},\"image\":{\"@id\":\"https:\/\/gregorydamy.niceavocats.fr\/it\/#\/schema\/logo\/image\/\"},\"sameAs\":[\"https:\/\/www.facebook.com\/niceavocats.fr\/\"]},{\"@type\":\"Person\",\"@id\":\"https:\/\/gregorydamy.niceavocats.fr\/it\/#\/schema\/person\/e040acb2856efaa1e114d0e7a92a3870\",\"name\":\"Kevin\",\"url\":\"https:\/\/gregorydamy.niceavocats.fr\/it\/author\/kevin\/\"}]}<\/script>\n<!-- \/ Yoast SEO plugin. -->","yoast_head_json":{"title":"Sindacato giurisdizionale sui licenziamenti per et\u00e0 - Soci\u00e9t\u00e9 d&#039;avocats Damy","description":"Sindacato giurisdizionale sui licenziamenti per et\u00e0, in merito al limite di 60 anni per l'esercizio della professione di pilota d'aeroplano,","robots":{"index":"index","follow":"follow","max-snippet":"max-snippet:-1","max-image-preview":"max-image-preview:large","max-video-preview":"max-video-preview:-1"},"canonical":"https:\/\/gregorydamy.niceavocats.fr\/it\/sindacato-giurisdizionale-sui-licenziamenti-per-eta\/","og_locale":"it_IT","og_type":"article","og_title":"Sindacato giurisdizionale sui licenziamenti per et\u00e0 - Soci\u00e9t\u00e9 d&#039;avocats Damy","og_description":"Sindacato giurisdizionale sui licenziamenti per et\u00e0, in merito al limite di 60 anni per l'esercizio della professione di pilota d'aeroplano,","og_url":"https:\/\/gregorydamy.niceavocats.fr\/it\/sindacato-giurisdizionale-sui-licenziamenti-per-eta\/","og_site_name":"Soci\u00e9t\u00e9 d&#039;avocats Damy","article_publisher":"https:\/\/www.facebook.com\/niceavocats.fr\/","article_published_time":"2012-08-20T07:38:40+00:00","article_modified_time":"2023-08-30T09:01:26+00:00","author":"Kevin","twitter_card":"summary_large_image","twitter_misc":{"Scritto da":"Kevin","Tempo di lettura stimato":"3 minuti"},"schema":{"@context":"https:\/\/schema.org","@graph":[{"@type":"Article","@id":"https:\/\/gregorydamy.niceavocats.fr\/it\/sindacato-giurisdizionale-sui-licenziamenti-per-eta\/#article","isPartOf":{"@id":"https:\/\/gregorydamy.niceavocats.fr\/it\/sindacato-giurisdizionale-sui-licenziamenti-per-eta\/"},"author":{"name":"Kevin","@id":"https:\/\/gregorydamy.niceavocats.fr\/it\/#\/schema\/person\/e040acb2856efaa1e114d0e7a92a3870"},"headline":"Sindacato giurisdizionale sui licenziamenti per et\u00e0","datePublished":"2012-08-20T07:38:40+00:00","dateModified":"2023-08-30T09:01:26+00:00","mainEntityOfPage":{"@id":"https:\/\/gregorydamy.niceavocats.fr\/it\/sindacato-giurisdizionale-sui-licenziamenti-per-eta\/"},"wordCount":817,"commentCount":0,"publisher":{"@id":"https:\/\/gregorydamy.niceavocats.fr\/it\/#organization"},"articleSection":["Diritto del lavoro"],"inLanguage":"it-IT","potentialAction":[{"@type":"CommentAction","name":"Comment","target":["https:\/\/gregorydamy.niceavocats.fr\/it\/sindacato-giurisdizionale-sui-licenziamenti-per-eta\/#respond"]}]},{"@type":"WebPage","@id":"https:\/\/gregorydamy.niceavocats.fr\/it\/sindacato-giurisdizionale-sui-licenziamenti-per-eta\/","url":"https:\/\/gregorydamy.niceavocats.fr\/it\/sindacato-giurisdizionale-sui-licenziamenti-per-eta\/","name":"Sindacato giurisdizionale sui licenziamenti per et\u00e0 - Soci\u00e9t\u00e9 d&#039;avocats Damy","isPartOf":{"@id":"https:\/\/gregorydamy.niceavocats.fr\/it\/#website"},"datePublished":"2012-08-20T07:38:40+00:00","dateModified":"2023-08-30T09:01:26+00:00","description":"Sindacato giurisdizionale sui licenziamenti per et\u00e0, in merito al limite di 60 anni per l'esercizio della professione di pilota d'aeroplano,","breadcrumb":{"@id":"https:\/\/gregorydamy.niceavocats.fr\/it\/sindacato-giurisdizionale-sui-licenziamenti-per-eta\/#breadcrumb"},"inLanguage":"it-IT","potentialAction":[{"@type":"ReadAction","target":["https:\/\/gregorydamy.niceavocats.fr\/it\/sindacato-giurisdizionale-sui-licenziamenti-per-eta\/"]}]},{"@type":"BreadcrumbList","@id":"https:\/\/gregorydamy.niceavocats.fr\/it\/sindacato-giurisdizionale-sui-licenziamenti-per-eta\/#breadcrumb","itemListElement":[{"@type":"ListItem","position":1,"name":"Accueil","item":"https:\/\/gregorydamy.niceavocats.fr\/it\/"},{"@type":"ListItem","position":2,"name":"Sindacato giurisdizionale sui licenziamenti per et\u00e0"}]},{"@type":"WebSite","@id":"https:\/\/gregorydamy.niceavocats.fr\/it\/#website","url":"https:\/\/gregorydamy.niceavocats.fr\/it\/","name":"Soci\u00e9t\u00e9 d&#039;avocats Damy","description":"Justice - Confiance - Efficacit\u00e9","publisher":{"@id":"https:\/\/gregorydamy.niceavocats.fr\/it\/#organization"},"potentialAction":[{"@type":"SearchAction","target":{"@type":"EntryPoint","urlTemplate":"https:\/\/gregorydamy.niceavocats.fr\/it\/?s={search_term_string}"},"query-input":{"@type":"PropertyValueSpecification","valueRequired":true,"valueName":"search_term_string"}}],"inLanguage":"it-IT"},{"@type":"Organization","@id":"https:\/\/gregorydamy.niceavocats.fr\/it\/#organization","name":"Soci\u00e9t\u00e9 d'Avocats DAMY","alternateName":"Gr\u00e9gory DAMY","url":"https:\/\/gregorydamy.niceavocats.fr\/it\/","logo":{"@type":"ImageObject","inLanguage":"it-IT","@id":"https:\/\/gregorydamy.niceavocats.fr\/it\/#\/schema\/logo\/image\/","url":"https:\/\/gregorydamy.niceavocats.fr\/wp-content\/uploads\/2023\/04\/damylogo-1.png","contentUrl":"https:\/\/gregorydamy.niceavocats.fr\/wp-content\/uploads\/2023\/04\/damylogo-1.png","width":1890,"height":1417,"caption":"Soci\u00e9t\u00e9 d'Avocats DAMY"},"image":{"@id":"https:\/\/gregorydamy.niceavocats.fr\/it\/#\/schema\/logo\/image\/"},"sameAs":["https:\/\/www.facebook.com\/niceavocats.fr\/"]},{"@type":"Person","@id":"https:\/\/gregorydamy.niceavocats.fr\/it\/#\/schema\/person\/e040acb2856efaa1e114d0e7a92a3870","name":"Kevin","url":"https:\/\/gregorydamy.niceavocats.fr\/it\/author\/kevin\/"}]}},"_links":{"self":[{"href":"https:\/\/gregorydamy.niceavocats.fr\/it\/wp-json\/wp\/v2\/posts\/3284","targetHints":{"allow":["GET"]}}],"collection":[{"href":"https:\/\/gregorydamy.niceavocats.fr\/it\/wp-json\/wp\/v2\/posts"}],"about":[{"href":"https:\/\/gregorydamy.niceavocats.fr\/it\/wp-json\/wp\/v2\/types\/post"}],"author":[{"embeddable":true,"href":"https:\/\/gregorydamy.niceavocats.fr\/it\/wp-json\/wp\/v2\/users\/2"}],"replies":[{"embeddable":true,"href":"https:\/\/gregorydamy.niceavocats.fr\/it\/wp-json\/wp\/v2\/comments?post=3284"}],"version-history":[{"count":0,"href":"https:\/\/gregorydamy.niceavocats.fr\/it\/wp-json\/wp\/v2\/posts\/3284\/revisions"}],"wp:attachment":[{"href":"https:\/\/gregorydamy.niceavocats.fr\/it\/wp-json\/wp\/v2\/media?parent=3284"}],"wp:term":[{"taxonomy":"category","embeddable":true,"href":"https:\/\/gregorydamy.niceavocats.fr\/it\/wp-json\/wp\/v2\/categories?post=3284"},{"taxonomy":"post_tag","embeddable":true,"href":"https:\/\/gregorydamy.niceavocats.fr\/it\/wp-json\/wp\/v2\/tags?post=3284"}],"curies":[{"name":"wp","href":"https:\/\/api.w.org\/{rel}","templated":true}]}}