{"id":3141,"date":"2012-08-30T13:22:10","date_gmt":"2012-08-30T13:22:10","guid":{"rendered":"https:\/\/gregorydamy.niceavocats.fr\/?p=3141"},"modified":"2023-05-05T15:26:12","modified_gmt":"2023-05-05T15:26:12","slug":"calo-simbolico-dei-prezzi-del-carburante-per-3-mesi","status":"publish","type":"post","link":"https:\/\/gregorydamy.niceavocats.fr\/it\/calo-simbolico-dei-prezzi-del-carburante-per-3-mesi\/","title":{"rendered":"Calo simbolico dei prezzi del carburante per 3 mesi"},"content":{"rendered":"<p>[et_pb_section fb_built=&#8221;1&#8243; admin_label=&#8221;section&#8221; _builder_version=&#8221;4.19.5&#8243; custom_margin=&#8221;||0px||false|false&#8221; custom_padding=&#8221;||0px||false|false&#8221; locked=&#8221;off&#8221; global_colors_info=&#8221;{}&#8221; theme_builder_area=&#8221;post_content&#8221;][et_pb_row column_structure=&#8221;1_3,1_3,1_3&#8243; _builder_version=&#8221;4.19.5&#8243; _module_preset=&#8221;default&#8221; background_enable_mask_style=&#8221;on&#8221; background_mask_style=&#8221;wave&#8221; background_mask_color=&#8221;rgba(0,0,0,0.08)&#8221; custom_padding=&#8221;||6px|||&#8221; locked=&#8221;off&#8221; global_colors_info=&#8221;{}&#8221; theme_builder_area=&#8221;et_header_layout&#8221;][et_pb_column type=&#8221;1_3&#8243; _builder_version=&#8221;4.19.5&#8243; _module_preset=&#8221;default&#8221; global_colors_info=&#8221;{}&#8221; theme_builder_area=&#8221;et_header_layout&#8221;][\/et_pb_column][et_pb_column type=&#8221;1_3&#8243; _builder_version=&#8221;4.19.5&#8243; _module_preset=&#8221;default&#8221; global_colors_info=&#8221;{}&#8221; theme_builder_area=&#8221;et_header_layout&#8221;][\/et_pb_column][et_pb_column type=&#8221;1_3&#8243; _builder_version=&#8221;4.19.5&#8243; _module_preset=&#8221;default&#8221; global_colors_info=&#8221;{}&#8221; theme_builder_area=&#8221;et_header_layout&#8221;][et_pb_circle_counter title=&#8221;Tempo di lettura stimato (in minuti)&#8221; number=&#8221;2&#8243; percent_sign=&#8221;off&#8221; _builder_version=&#8221;4.20.2&#8243; _module_preset=&#8221;default&#8221; title_font=&#8221;Amiri||||||||&#8221; max_width=&#8221;137px&#8221; hover_enabled=&#8221;0&#8243; global_colors_info=&#8221;{}&#8221; theme_builder_area=&#8221;et_header_layout&#8221; sticky_enabled=&#8221;0&#8243;][\/et_pb_circle_counter][\/et_pb_column][\/et_pb_row][et_pb_row _builder_version=&#8221;4.19.5&#8243; _module_preset=&#8221;default&#8221; custom_margin=&#8221;||0px||false|false&#8221; custom_padding=&#8221;||0px||false|false&#8221; global_colors_info=&#8221;{}&#8221; theme_builder_area=&#8221;et_header_layout&#8221;][et_pb_column type=&#8221;4_4&#8243; _builder_version=&#8221;4.19.5&#8243; _module_preset=&#8221;default&#8221; global_colors_info=&#8221;{}&#8221; theme_builder_area=&#8221;et_header_layout&#8221;][et_pb_divider _builder_version=&#8221;4.19.5&#8243; _module_preset=&#8221;default&#8221; global_colors_info=&#8221;{}&#8221; theme_builder_area=&#8221;et_header_layout&#8221;][\/et_pb_divider][\/et_pb_column][\/et_pb_row][et_pb_row admin_label=&#8221;row&#8221; _builder_version=&#8221;4.16&#8243; background_size=&#8221;initial&#8221; background_position=&#8221;top_left&#8221; background_repeat=&#8221;repeat&#8221; global_colors_info=&#8221;{}&#8221; theme_builder_area=&#8221;et_header_layout&#8221;][et_pb_column type=&#8221;4_4&#8243; _builder_version=&#8221;4.16&#8243; custom_padding=&#8221;|||&#8221; global_colors_info=&#8221;{}&#8221; custom_padding__hover=&#8221;|||&#8221; theme_builder_area=&#8221;et_header_layout&#8221;][et_pb_text admin_label=&#8221;Text&#8221; _builder_version=&#8221;4.20.2&#8243; text_font=&#8221;Amiri||||||||&#8221; text_font_size=&#8221;20px&#8221; header_2_font=&#8221;Amiri||||||||&#8221; header_3_font=&#8221;Amiri||||||||&#8221; background_size=&#8221;initial&#8221; background_position=&#8221;top_left&#8221; background_repeat=&#8221;repeat&#8221; hover_enabled=&#8221;0&#8243; global_colors_info=&#8221;{}&#8221; theme_builder_area=&#8221;et_header_layout&#8221; sticky_enabled=&#8221;0&#8243;]<\/p>\n<div class=\"entry-content\">\n<p>Minimo sforzo dello Stato nei confronti dei consumatori con l\u2019annuncio di una plusvalenza di 3 euro per pieno da 50 litri fino a fine novembre 2012, ma a quale prezzo? \u201cI prezzi alla pompa scenderanno fino a 6 centesimi di euro\u201d, ha annunciato il 28 agosto il ministro dell\u2019Economia e delle Finanze, Pierre Moscovici, a seguito dell\u2019impegno assunto dallo Stato di abbassare le tasse sul greggio di 3 centesimi di euro. Il resto del calo \u00e8 a carico delle petroliere.<br \/>Questa misura \u00e8 \u201capplicabile entro 24 ore\u201d, ha annunciato il ministro che ha voluto manifestare la sua determinazione a veder applicata la misura recandosi personalmente in un distributore di benzina per verificarla dal 29 luglio.<br \/>\u201cIn concreto, sar\u00e0 di 1,50 euro inferiore in bolletta per 25 litri nel serbatoio\u201d, per una bolletta di \u201coltre 300 milioni di euro\u201d a carico del bilancio dello Stato.<br \/>Questo annuncio segue la sessione di negoziazione del 28 agosto con produttori e distributori di carburante. Le compagnie petrolifere si sono impegnate a dare \u201cun freno all\u2019aumento dei prezzi con uno sforzo di riduzione comune, significativo, condiviso tra lo Stato e le compagnie petrolifere\u201d. Per quanto riguarda i distributori, hanno accettato di \u201cridurre i loro margini. Tuttavia<br \/>, nei quattro dipartimenti d\u2019oltremare in cui vige il controllo dei prezzi, e in attesa degli esiti di queste trattative, non ci saranno variazioni dei prezzi dei carburanti, ha precisato il ministro degli Esteri.<br \/>Entro la fine di novembre, quando scadr\u00e0 l\u2019accordo, ci saranno nuove trattative per rivedere \u201cle cose\u201d \u201cin modo pi\u00f9 strutturale\u201d. Chiaramente il Governo si concederebbe 3 mesi per creare un nuovo modello di tassazione sui prodotti energetici.<br \/>\u201cTre mesi sono il modo per darci il tempo di mettere in atto un meccanismo pi\u00f9 sostenibile (\u2026) Perch\u00e9 \u00e8 un cambiamento della societ\u00e0 verso il quale dobbiamo andare. Una societ\u00e0 di sobriet\u00e0 che dobbiamo costruire insieme\u201d, ha detto.<br \/>E a proposito di \u201csobriet\u00e0\u201d, il Governo annuncia gi\u00e0 il colore. Le tasse sui carburanti non sono destinate a scomparire, n\u00e9 ad essere definitivamente ridotte.<br \/>Potrebbero anche essere variabili in futuro a seconda della quantit\u00e0 di carburante consumato. Cos\u00ec il consumatore che guida un 4X4 molto energivoro a benzina verrebbe tassato di pi\u00f9 rispetto al consumatore che guida una piccola city car dotata di \u201cstop and go\u201d. Potremmo allora assistere al moltiplicarsi di pompe di benzina con portata limitata a 25 litri di carburante, per esempio, a un dato prezzo al litro, e altre pompe di benzina a portata illimitata con un prezzo al litro pi\u00f9 alto?<br \/>Per i distributori, questa misura non avrebbe alcun costo e sarebbe immediatamente applicabile, quasi ovunque sul territorio, perch\u00e9 in periodi di penuria di carburante (ad esempio, a seguito dello sciopero degli autotrasportatori di carburante), i sistemi informatici che gestiscono le pompe potrebbero gi\u00e0 fissato un limite di debito.<\/p>\n<p>Societ\u00e0 di Avvocati, maestro DAMY, avvocato del foro di Nizza \u2013 Costa Azzurra.<\/p>\n<p>Per meditare\u2026<\/p>\n<\/div>\n<p>[\/et_pb_text][\/et_pb_column][\/et_pb_row][et_pb_row _builder_version=&#8221;4.19.5&#8243; _module_preset=&#8221;default&#8221; custom_margin=&#8221;||0px||false|false&#8221; custom_padding=&#8221;||0px||false|false&#8221; global_colors_info=&#8221;{}&#8221; theme_builder_area=&#8221;et_header_layout&#8221;][et_pb_column type=&#8221;4_4&#8243; _builder_version=&#8221;4.19.5&#8243; _module_preset=&#8221;default&#8221; global_colors_info=&#8221;{}&#8221; theme_builder_area=&#8221;et_header_layout&#8221;][et_pb_divider _builder_version=&#8221;4.19.5&#8243; _module_preset=&#8221;default&#8221; global_colors_info=&#8221;{}&#8221; theme_builder_area=&#8221;et_header_layout&#8221;][\/et_pb_divider][\/et_pb_column][\/et_pb_row][\/et_pb_section]<\/p>\n","protected":false},"excerpt":{"rendered":"<p>Minimo sforzo dello Stato nei confronti dei consumatori con l\u2019annuncio di una plusvalenza di 3 euro per pieno da 50 litri fino a fine novembre 2012, ma a quale prezzo? \u201cI prezzi alla pompa scenderanno fino a 6 centesimi di euro\u201d, ha annunciato il 28 agosto il ministro dell\u2019Economia e delle Finanze, Pierre Moscovici, a [&hellip;]<\/p>\n","protected":false},"author":2,"featured_media":0,"comment_status":"open","ping_status":"open","sticky":false,"template":"","format":"standard","meta":{"_et_pb_use_builder":"on","_et_pb_old_content":"","_et_gb_content_width":"","footnotes":""},"categories":[],"tags":[],"class_list":["post-3141","post","type-post","status-publish","format-standard","hentry"],"yoast_head":"<!-- This site is optimized with the Yoast SEO plugin v26.8 - https:\/\/yoast.com\/product\/yoast-seo-wordpress\/ -->\n<title>Calo simbolico dei prezzi del carburante per 3 mesi - Soci\u00e9t\u00e9 d&#039;avocats Damy<\/title>\n<meta name=\"robots\" content=\"index, follow, max-snippet:-1, max-image-preview:large, max-video-preview:-1\" \/>\n<link rel=\"canonical\" href=\"https:\/\/gregorydamy.niceavocats.fr\/it\/calo-simbolico-dei-prezzi-del-carburante-per-3-mesi\/\" \/>\n<meta property=\"og:locale\" content=\"it_IT\" \/>\n<meta property=\"og:type\" content=\"article\" \/>\n<meta property=\"og:title\" content=\"Calo simbolico dei prezzi del carburante per 3 mesi - Soci\u00e9t\u00e9 d&#039;avocats Damy\" \/>\n<meta property=\"og:description\" content=\"Minimo sforzo dello Stato nei confronti dei consumatori con l\u2019annuncio di una plusvalenza di 3 euro per pieno da 50 litri fino a fine novembre 2012, ma a quale prezzo? \u201cI prezzi alla pompa scenderanno fino a 6 centesimi di euro\u201d, ha annunciato il 28 agosto il ministro dell\u2019Economia e delle Finanze, Pierre Moscovici, a [&hellip;]\" \/>\n<meta property=\"og:url\" content=\"https:\/\/gregorydamy.niceavocats.fr\/it\/calo-simbolico-dei-prezzi-del-carburante-per-3-mesi\/\" \/>\n<meta property=\"og:site_name\" content=\"Soci\u00e9t\u00e9 d&#039;avocats Damy\" \/>\n<meta property=\"article:publisher\" content=\"https:\/\/www.facebook.com\/niceavocats.fr\/\" \/>\n<meta property=\"article:published_time\" content=\"2012-08-30T13:22:10+00:00\" \/>\n<meta property=\"article:modified_time\" content=\"2023-05-05T15:26:12+00:00\" \/>\n<meta name=\"author\" content=\"Kevin\" \/>\n<meta name=\"twitter:card\" content=\"summary_large_image\" \/>\n<meta name=\"twitter:label1\" content=\"Scritto da\" \/>\n\t<meta name=\"twitter:data1\" content=\"Kevin\" \/>\n\t<meta name=\"twitter:label2\" content=\"Tempo di lettura stimato\" \/>\n\t<meta name=\"twitter:data2\" content=\"3 minuti\" \/>\n<script type=\"application\/ld+json\" class=\"yoast-schema-graph\">{\"@context\":\"https:\/\/schema.org\",\"@graph\":[{\"@type\":\"Article\",\"@id\":\"https:\/\/gregorydamy.niceavocats.fr\/it\/calo-simbolico-dei-prezzi-del-carburante-per-3-mesi\/#article\",\"isPartOf\":{\"@id\":\"https:\/\/gregorydamy.niceavocats.fr\/it\/calo-simbolico-dei-prezzi-del-carburante-per-3-mesi\/\"},\"author\":{\"name\":\"Kevin\",\"@id\":\"https:\/\/gregorydamy.niceavocats.fr\/it\/#\/schema\/person\/e040acb2856efaa1e114d0e7a92a3870\"},\"headline\":\"Calo simbolico dei prezzi del carburante per 3 mesi\",\"datePublished\":\"2012-08-30T13:22:10+00:00\",\"dateModified\":\"2023-05-05T15:26:12+00:00\",\"mainEntityOfPage\":{\"@id\":\"https:\/\/gregorydamy.niceavocats.fr\/it\/calo-simbolico-dei-prezzi-del-carburante-per-3-mesi\/\"},\"wordCount\":896,\"commentCount\":0,\"publisher\":{\"@id\":\"https:\/\/gregorydamy.niceavocats.fr\/it\/#organization\"},\"inLanguage\":\"it-IT\",\"potentialAction\":[{\"@type\":\"CommentAction\",\"name\":\"Comment\",\"target\":[\"https:\/\/gregorydamy.niceavocats.fr\/it\/calo-simbolico-dei-prezzi-del-carburante-per-3-mesi\/#respond\"]}]},{\"@type\":\"WebPage\",\"@id\":\"https:\/\/gregorydamy.niceavocats.fr\/it\/calo-simbolico-dei-prezzi-del-carburante-per-3-mesi\/\",\"url\":\"https:\/\/gregorydamy.niceavocats.fr\/it\/calo-simbolico-dei-prezzi-del-carburante-per-3-mesi\/\",\"name\":\"Calo simbolico dei prezzi del carburante per 3 mesi - Soci\u00e9t\u00e9 d&#039;avocats Damy\",\"isPartOf\":{\"@id\":\"https:\/\/gregorydamy.niceavocats.fr\/it\/#website\"},\"datePublished\":\"2012-08-30T13:22:10+00:00\",\"dateModified\":\"2023-05-05T15:26:12+00:00\",\"breadcrumb\":{\"@id\":\"https:\/\/gregorydamy.niceavocats.fr\/it\/calo-simbolico-dei-prezzi-del-carburante-per-3-mesi\/#breadcrumb\"},\"inLanguage\":\"it-IT\",\"potentialAction\":[{\"@type\":\"ReadAction\",\"target\":[\"https:\/\/gregorydamy.niceavocats.fr\/it\/calo-simbolico-dei-prezzi-del-carburante-per-3-mesi\/\"]}]},{\"@type\":\"BreadcrumbList\",\"@id\":\"https:\/\/gregorydamy.niceavocats.fr\/it\/calo-simbolico-dei-prezzi-del-carburante-per-3-mesi\/#breadcrumb\",\"itemListElement\":[{\"@type\":\"ListItem\",\"position\":1,\"name\":\"Accueil\",\"item\":\"https:\/\/gregorydamy.niceavocats.fr\/it\/\"},{\"@type\":\"ListItem\",\"position\":2,\"name\":\"Calo simbolico dei prezzi del carburante per 3 mesi\"}]},{\"@type\":\"WebSite\",\"@id\":\"https:\/\/gregorydamy.niceavocats.fr\/it\/#website\",\"url\":\"https:\/\/gregorydamy.niceavocats.fr\/it\/\",\"name\":\"Soci\u00e9t\u00e9 d&#039;avocats Damy\",\"description\":\"Justice - Confiance - Efficacit\u00e9\",\"publisher\":{\"@id\":\"https:\/\/gregorydamy.niceavocats.fr\/it\/#organization\"},\"potentialAction\":[{\"@type\":\"SearchAction\",\"target\":{\"@type\":\"EntryPoint\",\"urlTemplate\":\"https:\/\/gregorydamy.niceavocats.fr\/it\/?s={search_term_string}\"},\"query-input\":{\"@type\":\"PropertyValueSpecification\",\"valueRequired\":true,\"valueName\":\"search_term_string\"}}],\"inLanguage\":\"it-IT\"},{\"@type\":\"Organization\",\"@id\":\"https:\/\/gregorydamy.niceavocats.fr\/it\/#organization\",\"name\":\"Soci\u00e9t\u00e9 d'Avocats DAMY\",\"alternateName\":\"Gr\u00e9gory DAMY\",\"url\":\"https:\/\/gregorydamy.niceavocats.fr\/it\/\",\"logo\":{\"@type\":\"ImageObject\",\"inLanguage\":\"it-IT\",\"@id\":\"https:\/\/gregorydamy.niceavocats.fr\/it\/#\/schema\/logo\/image\/\",\"url\":\"https:\/\/gregorydamy.niceavocats.fr\/wp-content\/uploads\/2023\/04\/damylogo-1.png\",\"contentUrl\":\"https:\/\/gregorydamy.niceavocats.fr\/wp-content\/uploads\/2023\/04\/damylogo-1.png\",\"width\":1890,\"height\":1417,\"caption\":\"Soci\u00e9t\u00e9 d'Avocats DAMY\"},\"image\":{\"@id\":\"https:\/\/gregorydamy.niceavocats.fr\/it\/#\/schema\/logo\/image\/\"},\"sameAs\":[\"https:\/\/www.facebook.com\/niceavocats.fr\/\"]},{\"@type\":\"Person\",\"@id\":\"https:\/\/gregorydamy.niceavocats.fr\/it\/#\/schema\/person\/e040acb2856efaa1e114d0e7a92a3870\",\"name\":\"Kevin\",\"url\":\"https:\/\/gregorydamy.niceavocats.fr\/it\/author\/kevin\/\"}]}<\/script>\n<!-- \/ Yoast SEO plugin. -->","yoast_head_json":{"title":"Calo simbolico dei prezzi del carburante per 3 mesi - Soci\u00e9t\u00e9 d&#039;avocats Damy","robots":{"index":"index","follow":"follow","max-snippet":"max-snippet:-1","max-image-preview":"max-image-preview:large","max-video-preview":"max-video-preview:-1"},"canonical":"https:\/\/gregorydamy.niceavocats.fr\/it\/calo-simbolico-dei-prezzi-del-carburante-per-3-mesi\/","og_locale":"it_IT","og_type":"article","og_title":"Calo simbolico dei prezzi del carburante per 3 mesi - Soci\u00e9t\u00e9 d&#039;avocats Damy","og_description":"Minimo sforzo dello Stato nei confronti dei consumatori con l\u2019annuncio di una plusvalenza di 3 euro per pieno da 50 litri fino a fine novembre 2012, ma a quale prezzo? \u201cI prezzi alla pompa scenderanno fino a 6 centesimi di euro\u201d, ha annunciato il 28 agosto il ministro dell\u2019Economia e delle Finanze, Pierre Moscovici, a [&hellip;]","og_url":"https:\/\/gregorydamy.niceavocats.fr\/it\/calo-simbolico-dei-prezzi-del-carburante-per-3-mesi\/","og_site_name":"Soci\u00e9t\u00e9 d&#039;avocats Damy","article_publisher":"https:\/\/www.facebook.com\/niceavocats.fr\/","article_published_time":"2012-08-30T13:22:10+00:00","article_modified_time":"2023-05-05T15:26:12+00:00","author":"Kevin","twitter_card":"summary_large_image","twitter_misc":{"Scritto da":"Kevin","Tempo di lettura stimato":"3 minuti"},"schema":{"@context":"https:\/\/schema.org","@graph":[{"@type":"Article","@id":"https:\/\/gregorydamy.niceavocats.fr\/it\/calo-simbolico-dei-prezzi-del-carburante-per-3-mesi\/#article","isPartOf":{"@id":"https:\/\/gregorydamy.niceavocats.fr\/it\/calo-simbolico-dei-prezzi-del-carburante-per-3-mesi\/"},"author":{"name":"Kevin","@id":"https:\/\/gregorydamy.niceavocats.fr\/it\/#\/schema\/person\/e040acb2856efaa1e114d0e7a92a3870"},"headline":"Calo simbolico dei prezzi del carburante per 3 mesi","datePublished":"2012-08-30T13:22:10+00:00","dateModified":"2023-05-05T15:26:12+00:00","mainEntityOfPage":{"@id":"https:\/\/gregorydamy.niceavocats.fr\/it\/calo-simbolico-dei-prezzi-del-carburante-per-3-mesi\/"},"wordCount":896,"commentCount":0,"publisher":{"@id":"https:\/\/gregorydamy.niceavocats.fr\/it\/#organization"},"inLanguage":"it-IT","potentialAction":[{"@type":"CommentAction","name":"Comment","target":["https:\/\/gregorydamy.niceavocats.fr\/it\/calo-simbolico-dei-prezzi-del-carburante-per-3-mesi\/#respond"]}]},{"@type":"WebPage","@id":"https:\/\/gregorydamy.niceavocats.fr\/it\/calo-simbolico-dei-prezzi-del-carburante-per-3-mesi\/","url":"https:\/\/gregorydamy.niceavocats.fr\/it\/calo-simbolico-dei-prezzi-del-carburante-per-3-mesi\/","name":"Calo simbolico dei prezzi del carburante per 3 mesi - Soci\u00e9t\u00e9 d&#039;avocats Damy","isPartOf":{"@id":"https:\/\/gregorydamy.niceavocats.fr\/it\/#website"},"datePublished":"2012-08-30T13:22:10+00:00","dateModified":"2023-05-05T15:26:12+00:00","breadcrumb":{"@id":"https:\/\/gregorydamy.niceavocats.fr\/it\/calo-simbolico-dei-prezzi-del-carburante-per-3-mesi\/#breadcrumb"},"inLanguage":"it-IT","potentialAction":[{"@type":"ReadAction","target":["https:\/\/gregorydamy.niceavocats.fr\/it\/calo-simbolico-dei-prezzi-del-carburante-per-3-mesi\/"]}]},{"@type":"BreadcrumbList","@id":"https:\/\/gregorydamy.niceavocats.fr\/it\/calo-simbolico-dei-prezzi-del-carburante-per-3-mesi\/#breadcrumb","itemListElement":[{"@type":"ListItem","position":1,"name":"Accueil","item":"https:\/\/gregorydamy.niceavocats.fr\/it\/"},{"@type":"ListItem","position":2,"name":"Calo simbolico dei prezzi del carburante per 3 mesi"}]},{"@type":"WebSite","@id":"https:\/\/gregorydamy.niceavocats.fr\/it\/#website","url":"https:\/\/gregorydamy.niceavocats.fr\/it\/","name":"Soci\u00e9t\u00e9 d&#039;avocats Damy","description":"Justice - Confiance - Efficacit\u00e9","publisher":{"@id":"https:\/\/gregorydamy.niceavocats.fr\/it\/#organization"},"potentialAction":[{"@type":"SearchAction","target":{"@type":"EntryPoint","urlTemplate":"https:\/\/gregorydamy.niceavocats.fr\/it\/?s={search_term_string}"},"query-input":{"@type":"PropertyValueSpecification","valueRequired":true,"valueName":"search_term_string"}}],"inLanguage":"it-IT"},{"@type":"Organization","@id":"https:\/\/gregorydamy.niceavocats.fr\/it\/#organization","name":"Soci\u00e9t\u00e9 d'Avocats DAMY","alternateName":"Gr\u00e9gory DAMY","url":"https:\/\/gregorydamy.niceavocats.fr\/it\/","logo":{"@type":"ImageObject","inLanguage":"it-IT","@id":"https:\/\/gregorydamy.niceavocats.fr\/it\/#\/schema\/logo\/image\/","url":"https:\/\/gregorydamy.niceavocats.fr\/wp-content\/uploads\/2023\/04\/damylogo-1.png","contentUrl":"https:\/\/gregorydamy.niceavocats.fr\/wp-content\/uploads\/2023\/04\/damylogo-1.png","width":1890,"height":1417,"caption":"Soci\u00e9t\u00e9 d'Avocats DAMY"},"image":{"@id":"https:\/\/gregorydamy.niceavocats.fr\/it\/#\/schema\/logo\/image\/"},"sameAs":["https:\/\/www.facebook.com\/niceavocats.fr\/"]},{"@type":"Person","@id":"https:\/\/gregorydamy.niceavocats.fr\/it\/#\/schema\/person\/e040acb2856efaa1e114d0e7a92a3870","name":"Kevin","url":"https:\/\/gregorydamy.niceavocats.fr\/it\/author\/kevin\/"}]}},"_links":{"self":[{"href":"https:\/\/gregorydamy.niceavocats.fr\/it\/wp-json\/wp\/v2\/posts\/3141","targetHints":{"allow":["GET"]}}],"collection":[{"href":"https:\/\/gregorydamy.niceavocats.fr\/it\/wp-json\/wp\/v2\/posts"}],"about":[{"href":"https:\/\/gregorydamy.niceavocats.fr\/it\/wp-json\/wp\/v2\/types\/post"}],"author":[{"embeddable":true,"href":"https:\/\/gregorydamy.niceavocats.fr\/it\/wp-json\/wp\/v2\/users\/2"}],"replies":[{"embeddable":true,"href":"https:\/\/gregorydamy.niceavocats.fr\/it\/wp-json\/wp\/v2\/comments?post=3141"}],"version-history":[{"count":0,"href":"https:\/\/gregorydamy.niceavocats.fr\/it\/wp-json\/wp\/v2\/posts\/3141\/revisions"}],"wp:attachment":[{"href":"https:\/\/gregorydamy.niceavocats.fr\/it\/wp-json\/wp\/v2\/media?parent=3141"}],"wp:term":[{"taxonomy":"category","embeddable":true,"href":"https:\/\/gregorydamy.niceavocats.fr\/it\/wp-json\/wp\/v2\/categories?post=3141"},{"taxonomy":"post_tag","embeddable":true,"href":"https:\/\/gregorydamy.niceavocats.fr\/it\/wp-json\/wp\/v2\/tags?post=3141"}],"curies":[{"name":"wp","href":"https:\/\/api.w.org\/{rel}","templated":true}]}}