{"id":3126,"date":"2012-08-22T08:47:50","date_gmt":"2012-08-22T08:47:50","guid":{"rendered":"https:\/\/gregorydamy.niceavocats.fr\/?p=3126"},"modified":"2023-08-30T07:54:13","modified_gmt":"2023-08-30T07:54:13","slug":"obbligo-di-riclassificazione-del-lavoratore-dichiarato-inidoneo","status":"publish","type":"post","link":"https:\/\/gregorydamy.niceavocats.fr\/it\/obbligo-di-riclassificazione-del-lavoratore-dichiarato-inidoneo\/","title":{"rendered":"Obbligo di riclassificazione del lavoratore dichiarato inidoneo"},"content":{"rendered":"<p>[et_pb_section fb_built=&#8221;1&#8243; _builder_version=&#8221;4.19.5&#8243; _module_preset=&#8221;default&#8221; global_colors_info=&#8221;{}&#8221;][et_pb_row column_structure=&#8221;1_3,1_3,1_3&#8243; _builder_version=&#8221;4.19.5&#8243; _module_preset=&#8221;default&#8221; background_enable_mask_style=&#8221;on&#8221; background_mask_style=&#8221;wave&#8221; background_mask_color=&#8221;rgba(0,0,0,0.08)&#8221; custom_padding=&#8221;||6px|||&#8221; locked=&#8221;off&#8221; global_colors_info=&#8221;{}&#8221;][et_pb_column type=&#8221;1_3&#8243; _builder_version=&#8221;4.19.5&#8243; _module_preset=&#8221;default&#8221; global_colors_info=&#8221;{}&#8221;][\/et_pb_column][et_pb_column type=&#8221;1_3&#8243; _builder_version=&#8221;4.19.5&#8243; _module_preset=&#8221;default&#8221; global_colors_info=&#8221;{}&#8221;][\/et_pb_column][et_pb_column type=&#8221;1_3&#8243; _builder_version=&#8221;4.19.5&#8243; _module_preset=&#8221;default&#8221; global_colors_info=&#8221;{}&#8221;][et_pb_circle_counter title=&#8221;Tempo di lettura stimato (in minuti)&#8221; number=&#8221;1&#8243; percent_sign=&#8221;off&#8221; _builder_version=&#8221;4.19.5&#8243; _module_preset=&#8221;default&#8221; title_font=&#8221;Amiri||||||||&#8221; max_width=&#8221;137px&#8221; global_colors_info=&#8221;{}&#8221;][\/et_pb_circle_counter][\/et_pb_column][\/et_pb_row][et_pb_row _builder_version=&#8221;4.19.5&#8243; _module_preset=&#8221;default&#8221; global_colors_info=&#8221;{}&#8221;][et_pb_column type=&#8221;4_4&#8243; _builder_version=&#8221;4.19.5&#8243; _module_preset=&#8221;default&#8221; global_colors_info=&#8221;{}&#8221;][et_pb_divider _builder_version=&#8221;4.19.5&#8243; _module_preset=&#8221;default&#8221; global_colors_info=&#8221;{}&#8221;][\/et_pb_divider][\/et_pb_column][\/et_pb_row][et_pb_row _builder_version=&#8221;4.19.5&#8243; _module_preset=&#8221;default&#8221; global_colors_info=&#8221;{}&#8221;][et_pb_column type=&#8221;4_4&#8243; _builder_version=&#8221;4.19.5&#8243; _module_preset=&#8221;default&#8221; global_colors_info=&#8221;{}&#8221;][et_pb_image src=&#8221;https:\/\/gregorydamy.niceavocats.fr\/wp-content\/uploads\/2023\/08\/contract-2779509_1280-2.png&#8221; title_text=&#8221;contract-2779509_1280-2&#8243; _builder_version=&#8221;4.21.0&#8243; _module_preset=&#8221;default&#8221; hover_enabled=&#8221;0&#8243; global_colors_info=&#8221;{}&#8221; sticky_enabled=&#8221;0&#8243;][\/et_pb_image][et_pb_text _builder_version=&#8221;4.21.0&#8243; _module_preset=&#8221;default&#8221; text_font=&#8221;Amiri||||||||&#8221; hover_enabled=&#8221;0&#8243; global_colors_info=&#8221;{}&#8221; sticky_enabled=&#8221;0&#8243;]<\/p>\n<div class=\"et_pb_row et_pb_row_1\">\n<div class=\"et_pb_column et_pb_column_4_4 et_pb_column_3  et_pb_css_mix_blend_mode_passthrough et-last-child\">\n<div class=\"et_pb_module et_pb_text et_pb_text_0  et_pb_text_align_left et_pb_bg_layout_light\">\n<div class=\"et_pb_text_inner\">\n<p><span class=\"\"><span>L&#8217;obbligo per il datore di lavoro di chiedere la\u00a0<\/span><a href=\"https:\/\/travail-emploi.gouv.fr\/emploi-et-insertion\/prevention-maintien-emploi\/salarie-travailleur-independant-ou-agent-public\/dialoguer-avec-son-employeur\/article\/qu-est-ce-qu-un-reclassement-et-a-quel-moment-suis-je-concerne\"><span>riqualificazione del lavoratore dichiarato inidoneo<\/span><\/a><span>\u00a0non pu\u00f2 limitarsi ad una perquisizione effettuata dopo la prima\u00a0<\/span><\/span><span class=\"\"><span>visita medica\u00a0<\/span><\/span><span class=\"\"><span>\u00a0.<\/span><\/span><\/p>\n<h2><span>Obbligo di ridistribuzione del datore di lavoro: oltre la prima visita medica: \u2013<\/span><\/h2>\n<p><span>Nelle situazioni in cui un dipendente viene dichiarato non idoneo alla posizione attuale, \u00e8 essenziale che il datore di lavoro cerchi attivamente opportunit\u00e0 di riclassificazione.\u00a0Tuttavia, tale obbligo non dovrebbe limitarsi ad una semplice ricerca\u00a0\u00a0<\/span><span>effettuata\u00a0<\/span><span>\u00a0dopo la visita medica iniziale.<\/span><\/p>\n<p><span>La riclassificazione di un dipendente, salvo casi particolari, pu\u00f2 essere decisa solo dopo due visite mediche effettuate dal medico del lavoro.\u00a0\u00c8 fondamentale notare che il datore di lavoro pu\u00f2 procedere al licenziamento di un dipendente non idoneo solo dopo aver compiuto uno sforzo reale per esplorare le opzioni di ridistribuzione.\u00a0Anche se il datore di lavoro prevede soluzioni di riclassificazione dopo la prima visita medica, secondo la Corte di Cassazione, ci\u00f2 non \u00e8 sufficiente per adempiere al suo obbligo.<\/span><\/p>\n<h2><span>Mancata richiesta di riclassificazione: implicazioni sulla validit\u00e0 del licenziamento: \u2013<\/span><\/h2>\n<p><span>A special case highlights the importance of the pro-active approach to the date of the lavor when it is reclassified by the second medical visit.\u00a0In this case, he datore di lavoro ha offerto a posto a dependente dichiarato non idoneo dopo popo la seame initiale, tenendo contoto delle acccomandazioni del medico del lavoro.\u00a0However, it depends on the incarcerated story and is successively licensed following a second warning of incapacity from the doctor of the labourer.\u00a0Please note that the terms of the process confirm the license.<\/span><\/p>\n<p><span>Contrary to the decision of the court of merit, the Corte di Cassazione intervened, resolving the error.\u00a0The Court has indicated that I have to check if the date of my loved one has actually confirmed the possibility of re-reseriment to do the second medical visit, which has confirmed the incapacity of the dependent.\u00a0In the meantime, the Court has taken into account the responsibility of the data subject to hope that the option of reclassification will persist throughout the process, even if it is subject to successive medical evaluations.<\/span><\/p>\n<p><span>Questa decisione sottolinea l&#8217;importanza del continuo impegno del datore di lavoro per ottenere la riclassificazione dei dipendenti dichiarati inabili.\u00a0Sottolinea che il licenziamento di un dipendente non deve essere convalidato senza chiedere se il datore di lavoro abbia adempiuto all&#8217;obbligo di esplorare le possibilit\u00e0 di riqualificazione, anche dopo successivi esami medici.\u00a0La decisione della Corte mira a garantire che i datori di lavoro non licenzino prematuramente i dipendenti senza esplorare adeguatamente le opzioni per soddisfare le loro esigenze all&#8217;interno dell&#8217;organizzazione.\u00a0<\/span><\/p>\n<p><a href=\"https:\/\/gregorydamy.niceavocats.fr\/\"><span>Studio Legale DAMY<\/span><\/a><span>\u00a0. \u00a0<\/span><\/p>\n<\/div>\n<\/div>\n<\/div>\n<\/div>\n<div class=\"et_pb_row et_pb_row_2\">\n<div class=\"et_pb_column et_pb_column_4_4 et_pb_column_4  et_pb_css_mix_blend_mode_passthrough et-last-child\">\u00a0<\/div>\n<\/div>\n<p>[\/et_pb_text][\/et_pb_column][\/et_pb_row][et_pb_row _builder_version=&#8221;4.19.5&#8243; _module_preset=&#8221;default&#8221; global_colors_info=&#8221;{}&#8221;][et_pb_column type=&#8221;4_4&#8243; _builder_version=&#8221;4.19.5&#8243; _module_preset=&#8221;default&#8221; global_colors_info=&#8221;{}&#8221;][et_pb_divider _builder_version=&#8221;4.19.5&#8243; _module_preset=&#8221;default&#8221; global_colors_info=&#8221;{}&#8221;][\/et_pb_divider][\/et_pb_column][\/et_pb_row][\/et_pb_section]<\/p>\n","protected":false},"excerpt":{"rendered":"<p>L&#8217;obbligo per il datore di lavoro di chiedere la\u00a0riqualificazione del lavoratore dichiarato inidoneo\u00a0non pu\u00f2 limitarsi ad una perquisizione effettuata dopo la prima\u00a0visita medica\u00a0\u00a0. Obbligo di ridistribuzione del datore di lavoro: oltre la prima visita medica: \u2013 Nelle situazioni in cui un dipendente viene dichiarato non idoneo alla posizione attuale, \u00e8 essenziale che il datore di [&hellip;]<\/p>\n","protected":false},"author":2,"featured_media":0,"comment_status":"open","ping_status":"open","sticky":false,"template":"","format":"standard","meta":{"_et_pb_use_builder":"on","_et_pb_old_content":"","_et_gb_content_width":"","footnotes":""},"categories":[316],"tags":[],"class_list":["post-3126","post","type-post","status-publish","format-standard","hentry","category-diritto-del-lavoro"],"yoast_head":"<!-- This site is optimized with the Yoast SEO plugin v26.8 - https:\/\/yoast.com\/product\/yoast-seo-wordpress\/ -->\n<title>Obbligo di riclassificazione del lavoratore dichiarato inidoneo - Soci\u00e9t\u00e9 d&#039;avocats Damy<\/title>\n<meta name=\"description\" content=\"Obbligo di riclassificazione del lavoratore dichiarato inidoneo il datore di lavoro di chiedere il riinquadramento del lavoratore dichiarato\" \/>\n<meta name=\"robots\" content=\"index, follow, max-snippet:-1, max-image-preview:large, max-video-preview:-1\" \/>\n<link rel=\"canonical\" href=\"https:\/\/gregorydamy.niceavocats.fr\/it\/obbligo-di-riclassificazione-del-lavoratore-dichiarato-inidoneo\/\" \/>\n<meta property=\"og:locale\" content=\"it_IT\" \/>\n<meta property=\"og:type\" content=\"article\" \/>\n<meta property=\"og:title\" content=\"Obbligo di riclassificazione del lavoratore dichiarato inidoneo - Soci\u00e9t\u00e9 d&#039;avocats Damy\" \/>\n<meta property=\"og:description\" content=\"Obbligo di riclassificazione del lavoratore dichiarato inidoneo il datore di lavoro di chiedere il riinquadramento del lavoratore dichiarato\" \/>\n<meta property=\"og:url\" content=\"https:\/\/gregorydamy.niceavocats.fr\/it\/obbligo-di-riclassificazione-del-lavoratore-dichiarato-inidoneo\/\" \/>\n<meta property=\"og:site_name\" content=\"Soci\u00e9t\u00e9 d&#039;avocats Damy\" \/>\n<meta property=\"article:publisher\" content=\"https:\/\/www.facebook.com\/niceavocats.fr\/\" \/>\n<meta property=\"article:published_time\" content=\"2012-08-22T08:47:50+00:00\" \/>\n<meta property=\"article:modified_time\" content=\"2023-08-30T07:54:13+00:00\" \/>\n<meta name=\"author\" content=\"Kevin\" \/>\n<meta name=\"twitter:card\" content=\"summary_large_image\" \/>\n<meta name=\"twitter:label1\" content=\"Scritto da\" \/>\n\t<meta name=\"twitter:data1\" content=\"Kevin\" \/>\n\t<meta name=\"twitter:label2\" content=\"Tempo di lettura stimato\" \/>\n\t<meta name=\"twitter:data2\" content=\"3 minuti\" \/>\n<script type=\"application\/ld+json\" class=\"yoast-schema-graph\">{\"@context\":\"https:\/\/schema.org\",\"@graph\":[{\"@type\":\"Article\",\"@id\":\"https:\/\/gregorydamy.niceavocats.fr\/it\/obbligo-di-riclassificazione-del-lavoratore-dichiarato-inidoneo\/#article\",\"isPartOf\":{\"@id\":\"https:\/\/gregorydamy.niceavocats.fr\/it\/obbligo-di-riclassificazione-del-lavoratore-dichiarato-inidoneo\/\"},\"author\":{\"name\":\"Kevin\",\"@id\":\"https:\/\/gregorydamy.niceavocats.fr\/it\/#\/schema\/person\/e040acb2856efaa1e114d0e7a92a3870\"},\"headline\":\"Obbligo di riclassificazione del lavoratore dichiarato inidoneo\",\"datePublished\":\"2012-08-22T08:47:50+00:00\",\"dateModified\":\"2023-08-30T07:54:13+00:00\",\"mainEntityOfPage\":{\"@id\":\"https:\/\/gregorydamy.niceavocats.fr\/it\/obbligo-di-riclassificazione-del-lavoratore-dichiarato-inidoneo\/\"},\"wordCount\":734,\"commentCount\":0,\"publisher\":{\"@id\":\"https:\/\/gregorydamy.niceavocats.fr\/it\/#organization\"},\"articleSection\":[\"Diritto del lavoro\"],\"inLanguage\":\"it-IT\",\"potentialAction\":[{\"@type\":\"CommentAction\",\"name\":\"Comment\",\"target\":[\"https:\/\/gregorydamy.niceavocats.fr\/it\/obbligo-di-riclassificazione-del-lavoratore-dichiarato-inidoneo\/#respond\"]}]},{\"@type\":\"WebPage\",\"@id\":\"https:\/\/gregorydamy.niceavocats.fr\/it\/obbligo-di-riclassificazione-del-lavoratore-dichiarato-inidoneo\/\",\"url\":\"https:\/\/gregorydamy.niceavocats.fr\/it\/obbligo-di-riclassificazione-del-lavoratore-dichiarato-inidoneo\/\",\"name\":\"Obbligo di riclassificazione del lavoratore dichiarato inidoneo - Soci\u00e9t\u00e9 d&#039;avocats Damy\",\"isPartOf\":{\"@id\":\"https:\/\/gregorydamy.niceavocats.fr\/it\/#website\"},\"datePublished\":\"2012-08-22T08:47:50+00:00\",\"dateModified\":\"2023-08-30T07:54:13+00:00\",\"description\":\"Obbligo di riclassificazione del lavoratore dichiarato inidoneo il datore di lavoro di chiedere il riinquadramento del lavoratore dichiarato\",\"breadcrumb\":{\"@id\":\"https:\/\/gregorydamy.niceavocats.fr\/it\/obbligo-di-riclassificazione-del-lavoratore-dichiarato-inidoneo\/#breadcrumb\"},\"inLanguage\":\"it-IT\",\"potentialAction\":[{\"@type\":\"ReadAction\",\"target\":[\"https:\/\/gregorydamy.niceavocats.fr\/it\/obbligo-di-riclassificazione-del-lavoratore-dichiarato-inidoneo\/\"]}]},{\"@type\":\"BreadcrumbList\",\"@id\":\"https:\/\/gregorydamy.niceavocats.fr\/it\/obbligo-di-riclassificazione-del-lavoratore-dichiarato-inidoneo\/#breadcrumb\",\"itemListElement\":[{\"@type\":\"ListItem\",\"position\":1,\"name\":\"Accueil\",\"item\":\"https:\/\/gregorydamy.niceavocats.fr\/it\/\"},{\"@type\":\"ListItem\",\"position\":2,\"name\":\"Obbligo di riclassificazione del lavoratore dichiarato inidoneo\"}]},{\"@type\":\"WebSite\",\"@id\":\"https:\/\/gregorydamy.niceavocats.fr\/it\/#website\",\"url\":\"https:\/\/gregorydamy.niceavocats.fr\/it\/\",\"name\":\"Soci\u00e9t\u00e9 d&#039;avocats Damy\",\"description\":\"Justice - Confiance - Efficacit\u00e9\",\"publisher\":{\"@id\":\"https:\/\/gregorydamy.niceavocats.fr\/it\/#organization\"},\"potentialAction\":[{\"@type\":\"SearchAction\",\"target\":{\"@type\":\"EntryPoint\",\"urlTemplate\":\"https:\/\/gregorydamy.niceavocats.fr\/it\/?s={search_term_string}\"},\"query-input\":{\"@type\":\"PropertyValueSpecification\",\"valueRequired\":true,\"valueName\":\"search_term_string\"}}],\"inLanguage\":\"it-IT\"},{\"@type\":\"Organization\",\"@id\":\"https:\/\/gregorydamy.niceavocats.fr\/it\/#organization\",\"name\":\"Soci\u00e9t\u00e9 d'Avocats DAMY\",\"alternateName\":\"Gr\u00e9gory DAMY\",\"url\":\"https:\/\/gregorydamy.niceavocats.fr\/it\/\",\"logo\":{\"@type\":\"ImageObject\",\"inLanguage\":\"it-IT\",\"@id\":\"https:\/\/gregorydamy.niceavocats.fr\/it\/#\/schema\/logo\/image\/\",\"url\":\"https:\/\/gregorydamy.niceavocats.fr\/wp-content\/uploads\/2023\/04\/damylogo-1.png\",\"contentUrl\":\"https:\/\/gregorydamy.niceavocats.fr\/wp-content\/uploads\/2023\/04\/damylogo-1.png\",\"width\":1890,\"height\":1417,\"caption\":\"Soci\u00e9t\u00e9 d'Avocats DAMY\"},\"image\":{\"@id\":\"https:\/\/gregorydamy.niceavocats.fr\/it\/#\/schema\/logo\/image\/\"},\"sameAs\":[\"https:\/\/www.facebook.com\/niceavocats.fr\/\"]},{\"@type\":\"Person\",\"@id\":\"https:\/\/gregorydamy.niceavocats.fr\/it\/#\/schema\/person\/e040acb2856efaa1e114d0e7a92a3870\",\"name\":\"Kevin\",\"url\":\"https:\/\/gregorydamy.niceavocats.fr\/it\/author\/kevin\/\"}]}<\/script>\n<!-- \/ Yoast SEO plugin. -->","yoast_head_json":{"title":"Obbligo di riclassificazione del lavoratore dichiarato inidoneo - Soci\u00e9t\u00e9 d&#039;avocats Damy","description":"Obbligo di riclassificazione del lavoratore dichiarato inidoneo il datore di lavoro di chiedere il riinquadramento del lavoratore dichiarato","robots":{"index":"index","follow":"follow","max-snippet":"max-snippet:-1","max-image-preview":"max-image-preview:large","max-video-preview":"max-video-preview:-1"},"canonical":"https:\/\/gregorydamy.niceavocats.fr\/it\/obbligo-di-riclassificazione-del-lavoratore-dichiarato-inidoneo\/","og_locale":"it_IT","og_type":"article","og_title":"Obbligo di riclassificazione del lavoratore dichiarato inidoneo - Soci\u00e9t\u00e9 d&#039;avocats Damy","og_description":"Obbligo di riclassificazione del lavoratore dichiarato inidoneo il datore di lavoro di chiedere il riinquadramento del lavoratore dichiarato","og_url":"https:\/\/gregorydamy.niceavocats.fr\/it\/obbligo-di-riclassificazione-del-lavoratore-dichiarato-inidoneo\/","og_site_name":"Soci\u00e9t\u00e9 d&#039;avocats Damy","article_publisher":"https:\/\/www.facebook.com\/niceavocats.fr\/","article_published_time":"2012-08-22T08:47:50+00:00","article_modified_time":"2023-08-30T07:54:13+00:00","author":"Kevin","twitter_card":"summary_large_image","twitter_misc":{"Scritto da":"Kevin","Tempo di lettura stimato":"3 minuti"},"schema":{"@context":"https:\/\/schema.org","@graph":[{"@type":"Article","@id":"https:\/\/gregorydamy.niceavocats.fr\/it\/obbligo-di-riclassificazione-del-lavoratore-dichiarato-inidoneo\/#article","isPartOf":{"@id":"https:\/\/gregorydamy.niceavocats.fr\/it\/obbligo-di-riclassificazione-del-lavoratore-dichiarato-inidoneo\/"},"author":{"name":"Kevin","@id":"https:\/\/gregorydamy.niceavocats.fr\/it\/#\/schema\/person\/e040acb2856efaa1e114d0e7a92a3870"},"headline":"Obbligo di riclassificazione del lavoratore dichiarato inidoneo","datePublished":"2012-08-22T08:47:50+00:00","dateModified":"2023-08-30T07:54:13+00:00","mainEntityOfPage":{"@id":"https:\/\/gregorydamy.niceavocats.fr\/it\/obbligo-di-riclassificazione-del-lavoratore-dichiarato-inidoneo\/"},"wordCount":734,"commentCount":0,"publisher":{"@id":"https:\/\/gregorydamy.niceavocats.fr\/it\/#organization"},"articleSection":["Diritto del lavoro"],"inLanguage":"it-IT","potentialAction":[{"@type":"CommentAction","name":"Comment","target":["https:\/\/gregorydamy.niceavocats.fr\/it\/obbligo-di-riclassificazione-del-lavoratore-dichiarato-inidoneo\/#respond"]}]},{"@type":"WebPage","@id":"https:\/\/gregorydamy.niceavocats.fr\/it\/obbligo-di-riclassificazione-del-lavoratore-dichiarato-inidoneo\/","url":"https:\/\/gregorydamy.niceavocats.fr\/it\/obbligo-di-riclassificazione-del-lavoratore-dichiarato-inidoneo\/","name":"Obbligo di riclassificazione del lavoratore dichiarato inidoneo - Soci\u00e9t\u00e9 d&#039;avocats Damy","isPartOf":{"@id":"https:\/\/gregorydamy.niceavocats.fr\/it\/#website"},"datePublished":"2012-08-22T08:47:50+00:00","dateModified":"2023-08-30T07:54:13+00:00","description":"Obbligo di riclassificazione del lavoratore dichiarato inidoneo il datore di lavoro di chiedere il riinquadramento del lavoratore dichiarato","breadcrumb":{"@id":"https:\/\/gregorydamy.niceavocats.fr\/it\/obbligo-di-riclassificazione-del-lavoratore-dichiarato-inidoneo\/#breadcrumb"},"inLanguage":"it-IT","potentialAction":[{"@type":"ReadAction","target":["https:\/\/gregorydamy.niceavocats.fr\/it\/obbligo-di-riclassificazione-del-lavoratore-dichiarato-inidoneo\/"]}]},{"@type":"BreadcrumbList","@id":"https:\/\/gregorydamy.niceavocats.fr\/it\/obbligo-di-riclassificazione-del-lavoratore-dichiarato-inidoneo\/#breadcrumb","itemListElement":[{"@type":"ListItem","position":1,"name":"Accueil","item":"https:\/\/gregorydamy.niceavocats.fr\/it\/"},{"@type":"ListItem","position":2,"name":"Obbligo di riclassificazione del lavoratore dichiarato inidoneo"}]},{"@type":"WebSite","@id":"https:\/\/gregorydamy.niceavocats.fr\/it\/#website","url":"https:\/\/gregorydamy.niceavocats.fr\/it\/","name":"Soci\u00e9t\u00e9 d&#039;avocats Damy","description":"Justice - Confiance - Efficacit\u00e9","publisher":{"@id":"https:\/\/gregorydamy.niceavocats.fr\/it\/#organization"},"potentialAction":[{"@type":"SearchAction","target":{"@type":"EntryPoint","urlTemplate":"https:\/\/gregorydamy.niceavocats.fr\/it\/?s={search_term_string}"},"query-input":{"@type":"PropertyValueSpecification","valueRequired":true,"valueName":"search_term_string"}}],"inLanguage":"it-IT"},{"@type":"Organization","@id":"https:\/\/gregorydamy.niceavocats.fr\/it\/#organization","name":"Soci\u00e9t\u00e9 d'Avocats DAMY","alternateName":"Gr\u00e9gory DAMY","url":"https:\/\/gregorydamy.niceavocats.fr\/it\/","logo":{"@type":"ImageObject","inLanguage":"it-IT","@id":"https:\/\/gregorydamy.niceavocats.fr\/it\/#\/schema\/logo\/image\/","url":"https:\/\/gregorydamy.niceavocats.fr\/wp-content\/uploads\/2023\/04\/damylogo-1.png","contentUrl":"https:\/\/gregorydamy.niceavocats.fr\/wp-content\/uploads\/2023\/04\/damylogo-1.png","width":1890,"height":1417,"caption":"Soci\u00e9t\u00e9 d'Avocats DAMY"},"image":{"@id":"https:\/\/gregorydamy.niceavocats.fr\/it\/#\/schema\/logo\/image\/"},"sameAs":["https:\/\/www.facebook.com\/niceavocats.fr\/"]},{"@type":"Person","@id":"https:\/\/gregorydamy.niceavocats.fr\/it\/#\/schema\/person\/e040acb2856efaa1e114d0e7a92a3870","name":"Kevin","url":"https:\/\/gregorydamy.niceavocats.fr\/it\/author\/kevin\/"}]}},"_links":{"self":[{"href":"https:\/\/gregorydamy.niceavocats.fr\/it\/wp-json\/wp\/v2\/posts\/3126","targetHints":{"allow":["GET"]}}],"collection":[{"href":"https:\/\/gregorydamy.niceavocats.fr\/it\/wp-json\/wp\/v2\/posts"}],"about":[{"href":"https:\/\/gregorydamy.niceavocats.fr\/it\/wp-json\/wp\/v2\/types\/post"}],"author":[{"embeddable":true,"href":"https:\/\/gregorydamy.niceavocats.fr\/it\/wp-json\/wp\/v2\/users\/2"}],"replies":[{"embeddable":true,"href":"https:\/\/gregorydamy.niceavocats.fr\/it\/wp-json\/wp\/v2\/comments?post=3126"}],"version-history":[{"count":0,"href":"https:\/\/gregorydamy.niceavocats.fr\/it\/wp-json\/wp\/v2\/posts\/3126\/revisions"}],"wp:attachment":[{"href":"https:\/\/gregorydamy.niceavocats.fr\/it\/wp-json\/wp\/v2\/media?parent=3126"}],"wp:term":[{"taxonomy":"category","embeddable":true,"href":"https:\/\/gregorydamy.niceavocats.fr\/it\/wp-json\/wp\/v2\/categories?post=3126"},{"taxonomy":"post_tag","embeddable":true,"href":"https:\/\/gregorydamy.niceavocats.fr\/it\/wp-json\/wp\/v2\/tags?post=3126"}],"curies":[{"name":"wp","href":"https:\/\/api.w.org\/{rel}","templated":true}]}}