{"id":3114,"date":"2012-08-23T09:38:53","date_gmt":"2012-08-23T09:38:53","guid":{"rendered":"https:\/\/gregorydamy.niceavocats.fr\/?p=3114"},"modified":"2023-08-30T07:49:01","modified_gmt":"2023-08-30T07:49:01","slug":"licenziamento-nullo-quali-conseguenze","status":"publish","type":"post","link":"https:\/\/gregorydamy.niceavocats.fr\/it\/licenziamento-nullo-quali-conseguenze\/","title":{"rendered":"Licenziamento nullo: quali conseguenze?"},"content":{"rendered":"<p>[et_pb_section fb_built=&#8221;1&#8243; _builder_version=&#8221;4.19.5&#8243; _module_preset=&#8221;default&#8221; global_colors_info=&#8221;{}&#8221;][et_pb_row column_structure=&#8221;1_3,1_3,1_3&#8243; _builder_version=&#8221;4.19.5&#8243; _module_preset=&#8221;default&#8221; background_enable_mask_style=&#8221;on&#8221; background_mask_style=&#8221;wave&#8221; background_mask_color=&#8221;rgba(0,0,0,0.08)&#8221; custom_padding=&#8221;||6px|||&#8221; locked=&#8221;off&#8221; global_colors_info=&#8221;{}&#8221;][et_pb_column type=&#8221;1_3&#8243; _builder_version=&#8221;4.19.5&#8243; _module_preset=&#8221;default&#8221; global_colors_info=&#8221;{}&#8221;][\/et_pb_column][et_pb_column type=&#8221;1_3&#8243; _builder_version=&#8221;4.19.5&#8243; _module_preset=&#8221;default&#8221; global_colors_info=&#8221;{}&#8221;][\/et_pb_column][et_pb_column type=&#8221;1_3&#8243; _builder_version=&#8221;4.19.5&#8243; _module_preset=&#8221;default&#8221; global_colors_info=&#8221;{}&#8221;][et_pb_circle_counter title=&#8221;Tempo di lettura stimato (in minuti)&#8221; number=&#8221;1&#8243; percent_sign=&#8221;off&#8221; _builder_version=&#8221;4.19.5&#8243; _module_preset=&#8221;default&#8221; title_font=&#8221;Amiri||||||||&#8221; max_width=&#8221;137px&#8221; global_colors_info=&#8221;{}&#8221;][\/et_pb_circle_counter][\/et_pb_column][\/et_pb_row][et_pb_row _builder_version=&#8221;4.19.5&#8243; _module_preset=&#8221;default&#8221; global_colors_info=&#8221;{}&#8221;][et_pb_column type=&#8221;4_4&#8243; _builder_version=&#8221;4.19.5&#8243; _module_preset=&#8221;default&#8221; global_colors_info=&#8221;{}&#8221;][et_pb_divider _builder_version=&#8221;4.19.5&#8243; _module_preset=&#8221;default&#8221; global_colors_info=&#8221;{}&#8221;][\/et_pb_divider][\/et_pb_column][\/et_pb_row][et_pb_row _builder_version=&#8221;4.19.5&#8243; _module_preset=&#8221;default&#8221; global_colors_info=&#8221;{}&#8221;][et_pb_column type=&#8221;4_4&#8243; _builder_version=&#8221;4.19.5&#8243; _module_preset=&#8221;default&#8221; global_colors_info=&#8221;{}&#8221;][et_pb_image src=&#8221;https:\/\/gregorydamy.niceavocats.fr\/wp-content\/uploads\/2023\/08\/justice-6570152_1280-2.png&#8221; title_text=&#8221;justice-6570152_1280-2&#8243; _builder_version=&#8221;4.21.0&#8243; _module_preset=&#8221;default&#8221; hover_enabled=&#8221;0&#8243; global_colors_info=&#8221;{}&#8221; alt=&#8221;pr\u00e9judice moral<br \/>\npersonne morales<br \/>\ncour de cassation &#8221; sticky_enabled=&#8221;0&#8243;][\/et_pb_image][et_pb_text _builder_version=&#8221;4.21.0&#8243; _module_preset=&#8221;default&#8221; text_font=&#8221;Amiri||||||||&#8221; hover_enabled=&#8221;0&#8243; global_colors_info=&#8221;{}&#8221; sticky_enabled=&#8221;0&#8243;]<\/p>\n<p><span class=\"\"><span>Annullamento dei licenziamenti In un recente caso giudiziario, la questione di un dipendente il cui licenziamento\u00a0<\/span><a href=\"https:\/\/www.service-public.fr\/particuliers\/vosdroits\/F1848\"><span>\u00e8 nullo<\/span><\/a><span>\u00a0e che cerca di essere reintegrato ha sollevato dubbi sul diritto all&#8217;indennit\u00e0 di fine rapporto.\u00a0<\/span><\/span><span>Il caso riguardava un dipendente che, a seguito di una malattia, era stato dichiarato idoneo a seguire terapia part-time per un periodo di un anno dal medico del lavoro.\u00a0Sorprendentemente, prima della fine del periodo stabilito, la dipendente \u00e8 stata\u00a0\u00a0<\/span><span>licenziata\u00a0<\/span><span>\u00a0a causa del suo rifiuto di tornare a un posto di lavoro a tempo pieno.<\/span><\/p>\n<h2><span>Il lavoratore il cui licenziamento \u00e8 nullo: reintegrazione senza indennit\u00e0 di fine rapporto: \u2013<\/span><\/h2>\n<p><span>Il caso \u00e8 stato portato al tribunale del lavoro, che ha dichiarato nullo il licenziamento.\u00a0Di conseguenza, il dipendente ha chiesto la reintegrazione.\u00a0Tuttavia, con suo grande disappunto, la sua richiesta di reintegrazione \u00e8 stata respinta, nonostante la corte avesse riconosciuto l&#8217;ingiustizia del suo licenziamento.\u00a0Di conseguenza, la dipendente ha intentato un&#8217;azione legale per la\u00a0\u00a0<\/span><span>risoluzione giudiziale\u00a0<\/span><span>\u00a0del suo contratto di lavoro.<\/span><\/p>\n<h2><span>I giudici incaricati del caso, dopo un&#8217;accurata valutazione, hanno concluso che la responsabilit\u00e0 della risoluzione del contratto era del datore di lavoro.\u00a0Alla luce di ci\u00f2, i giudici hanno condannato il datore di lavoro a risarcire il dipendente sia per il preavviso che per il licenziamento.\u00a0Tuttavia, un aspetto interessante della sentenza \u00e8 emerso quando i giudici si sono rifiutati di detrarre dall&#8217;indennit\u00e0 assegnata l&#8217;importo del TFR versato dal datore di lavoro al momento del licenziamento.<\/span><\/h2>\n<h2><span>Detrazione del risarcimento per la risoluzione giudiziale: garantire l\u2019equit\u00e0 dei rimedi: \u2013<\/span><\/h2>\n<p><span>Il caso \u00e8 stato poi portato davanti alla Corte di Cassazione per l&#8217;esame.\u00a0La Corte di Cassazione, nella sua sentenza, ha censurato la sentenza resa dal giudice di grado inferiore.\u00a0Ha affermato con fermezza che un dipendente il cui licenziamento viene dichiarato invalido e che ne chiede la reintegrazione non pu\u00f2 pretendere il pagamento del trattamento di fine rapporto.\u00a0Tale decisione si \u00e8 basata sul principio che la reintegrazione implica il ritorno del lavoratore allo stesso rapporto di lavoro, annullando cos\u00ec ogni diritto al trattamento di fine rapporto.<\/span><\/p>\n<p><span>Inoltre, la Corte di Cassazione ha stabilito che l&#8217;indennit\u00e0 gi\u00e0 corrisposta al lavoratore per il licenziamento illegittimo dovesse essere dedotta dall&#8217;importo del preavviso e dell&#8217;indennit\u00e0 di licenziamento dovuta per la risoluzione giudiziale del contratto.\u00a0Questa decisione sottolinea il principio di evitare un doppio recupero da parte del dipendente, in quanto l&#8217;indennit\u00e0 di fine rapporto ricevuta comprende gi\u00e0 l&#8217;indennit\u00e0 di fine rapporto a cui il dipendente non ha diritto.<\/span><\/p>\n<p><span>In sintesi, il caso evidenzia le complessit\u00e0 giuridiche relative al licenziamento di un dipendente il cui licenziamento \u00e8 dichiarato nullo.\u00a0La sentenza della Corte di Cassazione stabilisce che questi dipendenti non possono pretendere il TFR quando chiedono la reintegrazione.\u00a0<\/span><span class=\"VIpgJd-yAWNEb-VIpgJd-fmcmS-sn54Q\"><span>Sottolinea, inoltre, la necessit\u00e0 di detrarre dal totale delle indennit\u00e0 riconosciute per la risoluzione giudiziale del contratto le eventuali indennit\u00e0 gi\u00e0 percepite per licenziamento senza giusta causa.\u00a0<\/span><\/span><span>Questa decisione mira a trovare un equilibrio tra la tutela dei diritti dei lavoratori e la prevenzione di un indebito onere finanziario sui datori di lavoro in caso di licenziamento illegittimo.\u00a0<\/span><\/p>\n<p><a href=\"https:\/\/gregorydamy.niceavocats.fr\/\"><span>Studio Legale DAMY<\/span><\/a><span>\u00a0.\u00a0<\/span><\/p>\n<p>[\/et_pb_text][\/et_pb_column][\/et_pb_row][et_pb_row _builder_version=&#8221;4.19.5&#8243; _module_preset=&#8221;default&#8221; global_colors_info=&#8221;{}&#8221;][et_pb_column type=&#8221;4_4&#8243; _builder_version=&#8221;4.19.5&#8243; _module_preset=&#8221;default&#8221; global_colors_info=&#8221;{}&#8221;][et_pb_divider _builder_version=&#8221;4.19.5&#8243; _module_preset=&#8221;default&#8221; global_colors_info=&#8221;{}&#8221;][\/et_pb_divider][\/et_pb_column][\/et_pb_row][\/et_pb_section]<\/p>\n","protected":false},"excerpt":{"rendered":"<p>Annullamento dei licenziamenti In un recente caso giudiziario, la questione di un dipendente il cui licenziamento\u00a0\u00e8 nullo\u00a0e che cerca di essere reintegrato ha sollevato dubbi sul diritto all&#8217;indennit\u00e0 di fine rapporto.\u00a0Il caso riguardava un dipendente che, a seguito di una malattia, era stato dichiarato idoneo a seguire terapia part-time per un periodo di un anno [&hellip;]<\/p>\n","protected":false},"author":2,"featured_media":0,"comment_status":"open","ping_status":"open","sticky":false,"template":"","format":"standard","meta":{"_et_pb_use_builder":"on","_et_pb_old_content":"","_et_gb_content_width":"","footnotes":""},"categories":[316],"tags":[],"class_list":["post-3114","post","type-post","status-publish","format-standard","hentry","category-diritto-del-lavoro"],"yoast_head":"<!-- This site is optimized with the Yoast SEO plugin v26.8 - https:\/\/yoast.com\/product\/yoast-seo-wordpress\/ -->\n<title>Licenziamento nullo: quali conseguenze? - Soci\u00e9t\u00e9 d&#039;avocats Damy<\/title>\n<meta name=\"description\" content=\"Licenziamenti nulli In un recente contenzioso, la questione di un dipendente il cui licenziamento \u00e8 dichiarato nullo e che\" \/>\n<meta name=\"robots\" content=\"index, follow, max-snippet:-1, max-image-preview:large, max-video-preview:-1\" \/>\n<link rel=\"canonical\" href=\"https:\/\/gregorydamy.niceavocats.fr\/it\/licenziamento-nullo-quali-conseguenze\/\" \/>\n<meta property=\"og:locale\" content=\"it_IT\" \/>\n<meta property=\"og:type\" content=\"article\" \/>\n<meta property=\"og:title\" content=\"Licenziamento nullo: quali conseguenze? - Soci\u00e9t\u00e9 d&#039;avocats Damy\" \/>\n<meta property=\"og:description\" content=\"Licenziamenti nulli In un recente contenzioso, la questione di un dipendente il cui licenziamento \u00e8 dichiarato nullo e che\" \/>\n<meta property=\"og:url\" content=\"https:\/\/gregorydamy.niceavocats.fr\/it\/licenziamento-nullo-quali-conseguenze\/\" \/>\n<meta property=\"og:site_name\" content=\"Soci\u00e9t\u00e9 d&#039;avocats Damy\" \/>\n<meta property=\"article:publisher\" content=\"https:\/\/www.facebook.com\/niceavocats.fr\/\" \/>\n<meta property=\"article:published_time\" content=\"2012-08-23T09:38:53+00:00\" \/>\n<meta property=\"article:modified_time\" content=\"2023-08-30T07:49:01+00:00\" \/>\n<meta name=\"author\" content=\"Kevin\" \/>\n<meta name=\"twitter:card\" content=\"summary_large_image\" \/>\n<meta name=\"twitter:label1\" content=\"Scritto da\" \/>\n\t<meta name=\"twitter:data1\" content=\"Kevin\" \/>\n\t<meta name=\"twitter:label2\" content=\"Tempo di lettura stimato\" \/>\n\t<meta name=\"twitter:data2\" content=\"4 minuti\" \/>\n<script type=\"application\/ld+json\" class=\"yoast-schema-graph\">{\"@context\":\"https:\/\/schema.org\",\"@graph\":[{\"@type\":\"Article\",\"@id\":\"https:\/\/gregorydamy.niceavocats.fr\/it\/licenziamento-nullo-quali-conseguenze\/#article\",\"isPartOf\":{\"@id\":\"https:\/\/gregorydamy.niceavocats.fr\/it\/licenziamento-nullo-quali-conseguenze\/\"},\"author\":{\"name\":\"Kevin\",\"@id\":\"https:\/\/gregorydamy.niceavocats.fr\/it\/#\/schema\/person\/e040acb2856efaa1e114d0e7a92a3870\"},\"headline\":\"Licenziamento nullo: quali conseguenze?\",\"datePublished\":\"2012-08-23T09:38:53+00:00\",\"dateModified\":\"2023-08-30T07:49:01+00:00\",\"mainEntityOfPage\":{\"@id\":\"https:\/\/gregorydamy.niceavocats.fr\/it\/licenziamento-nullo-quali-conseguenze\/\"},\"wordCount\":820,\"commentCount\":0,\"publisher\":{\"@id\":\"https:\/\/gregorydamy.niceavocats.fr\/it\/#organization\"},\"articleSection\":[\"Diritto del lavoro\"],\"inLanguage\":\"it-IT\",\"potentialAction\":[{\"@type\":\"CommentAction\",\"name\":\"Comment\",\"target\":[\"https:\/\/gregorydamy.niceavocats.fr\/it\/licenziamento-nullo-quali-conseguenze\/#respond\"]}]},{\"@type\":\"WebPage\",\"@id\":\"https:\/\/gregorydamy.niceavocats.fr\/it\/licenziamento-nullo-quali-conseguenze\/\",\"url\":\"https:\/\/gregorydamy.niceavocats.fr\/it\/licenziamento-nullo-quali-conseguenze\/\",\"name\":\"Licenziamento nullo: quali conseguenze? - Soci\u00e9t\u00e9 d&#039;avocats Damy\",\"isPartOf\":{\"@id\":\"https:\/\/gregorydamy.niceavocats.fr\/it\/#website\"},\"datePublished\":\"2012-08-23T09:38:53+00:00\",\"dateModified\":\"2023-08-30T07:49:01+00:00\",\"description\":\"Licenziamenti nulli In un recente contenzioso, la questione di un dipendente il cui licenziamento \u00e8 dichiarato nullo e che\",\"breadcrumb\":{\"@id\":\"https:\/\/gregorydamy.niceavocats.fr\/it\/licenziamento-nullo-quali-conseguenze\/#breadcrumb\"},\"inLanguage\":\"it-IT\",\"potentialAction\":[{\"@type\":\"ReadAction\",\"target\":[\"https:\/\/gregorydamy.niceavocats.fr\/it\/licenziamento-nullo-quali-conseguenze\/\"]}]},{\"@type\":\"BreadcrumbList\",\"@id\":\"https:\/\/gregorydamy.niceavocats.fr\/it\/licenziamento-nullo-quali-conseguenze\/#breadcrumb\",\"itemListElement\":[{\"@type\":\"ListItem\",\"position\":1,\"name\":\"Accueil\",\"item\":\"https:\/\/gregorydamy.niceavocats.fr\/it\/\"},{\"@type\":\"ListItem\",\"position\":2,\"name\":\"Licenziamento nullo: quali conseguenze?\"}]},{\"@type\":\"WebSite\",\"@id\":\"https:\/\/gregorydamy.niceavocats.fr\/it\/#website\",\"url\":\"https:\/\/gregorydamy.niceavocats.fr\/it\/\",\"name\":\"Soci\u00e9t\u00e9 d&#039;avocats Damy\",\"description\":\"Justice - Confiance - Efficacit\u00e9\",\"publisher\":{\"@id\":\"https:\/\/gregorydamy.niceavocats.fr\/it\/#organization\"},\"potentialAction\":[{\"@type\":\"SearchAction\",\"target\":{\"@type\":\"EntryPoint\",\"urlTemplate\":\"https:\/\/gregorydamy.niceavocats.fr\/it\/?s={search_term_string}\"},\"query-input\":{\"@type\":\"PropertyValueSpecification\",\"valueRequired\":true,\"valueName\":\"search_term_string\"}}],\"inLanguage\":\"it-IT\"},{\"@type\":\"Organization\",\"@id\":\"https:\/\/gregorydamy.niceavocats.fr\/it\/#organization\",\"name\":\"Soci\u00e9t\u00e9 d'Avocats DAMY\",\"alternateName\":\"Gr\u00e9gory DAMY\",\"url\":\"https:\/\/gregorydamy.niceavocats.fr\/it\/\",\"logo\":{\"@type\":\"ImageObject\",\"inLanguage\":\"it-IT\",\"@id\":\"https:\/\/gregorydamy.niceavocats.fr\/it\/#\/schema\/logo\/image\/\",\"url\":\"https:\/\/gregorydamy.niceavocats.fr\/wp-content\/uploads\/2023\/04\/damylogo-1.png\",\"contentUrl\":\"https:\/\/gregorydamy.niceavocats.fr\/wp-content\/uploads\/2023\/04\/damylogo-1.png\",\"width\":1890,\"height\":1417,\"caption\":\"Soci\u00e9t\u00e9 d'Avocats DAMY\"},\"image\":{\"@id\":\"https:\/\/gregorydamy.niceavocats.fr\/it\/#\/schema\/logo\/image\/\"},\"sameAs\":[\"https:\/\/www.facebook.com\/niceavocats.fr\/\"]},{\"@type\":\"Person\",\"@id\":\"https:\/\/gregorydamy.niceavocats.fr\/it\/#\/schema\/person\/e040acb2856efaa1e114d0e7a92a3870\",\"name\":\"Kevin\",\"url\":\"https:\/\/gregorydamy.niceavocats.fr\/it\/author\/kevin\/\"}]}<\/script>\n<!-- \/ Yoast SEO plugin. -->","yoast_head_json":{"title":"Licenziamento nullo: quali conseguenze? - Soci\u00e9t\u00e9 d&#039;avocats Damy","description":"Licenziamenti nulli In un recente contenzioso, la questione di un dipendente il cui licenziamento \u00e8 dichiarato nullo e che","robots":{"index":"index","follow":"follow","max-snippet":"max-snippet:-1","max-image-preview":"max-image-preview:large","max-video-preview":"max-video-preview:-1"},"canonical":"https:\/\/gregorydamy.niceavocats.fr\/it\/licenziamento-nullo-quali-conseguenze\/","og_locale":"it_IT","og_type":"article","og_title":"Licenziamento nullo: quali conseguenze? - Soci\u00e9t\u00e9 d&#039;avocats Damy","og_description":"Licenziamenti nulli In un recente contenzioso, la questione di un dipendente il cui licenziamento \u00e8 dichiarato nullo e che","og_url":"https:\/\/gregorydamy.niceavocats.fr\/it\/licenziamento-nullo-quali-conseguenze\/","og_site_name":"Soci\u00e9t\u00e9 d&#039;avocats Damy","article_publisher":"https:\/\/www.facebook.com\/niceavocats.fr\/","article_published_time":"2012-08-23T09:38:53+00:00","article_modified_time":"2023-08-30T07:49:01+00:00","author":"Kevin","twitter_card":"summary_large_image","twitter_misc":{"Scritto da":"Kevin","Tempo di lettura stimato":"4 minuti"},"schema":{"@context":"https:\/\/schema.org","@graph":[{"@type":"Article","@id":"https:\/\/gregorydamy.niceavocats.fr\/it\/licenziamento-nullo-quali-conseguenze\/#article","isPartOf":{"@id":"https:\/\/gregorydamy.niceavocats.fr\/it\/licenziamento-nullo-quali-conseguenze\/"},"author":{"name":"Kevin","@id":"https:\/\/gregorydamy.niceavocats.fr\/it\/#\/schema\/person\/e040acb2856efaa1e114d0e7a92a3870"},"headline":"Licenziamento nullo: quali conseguenze?","datePublished":"2012-08-23T09:38:53+00:00","dateModified":"2023-08-30T07:49:01+00:00","mainEntityOfPage":{"@id":"https:\/\/gregorydamy.niceavocats.fr\/it\/licenziamento-nullo-quali-conseguenze\/"},"wordCount":820,"commentCount":0,"publisher":{"@id":"https:\/\/gregorydamy.niceavocats.fr\/it\/#organization"},"articleSection":["Diritto del lavoro"],"inLanguage":"it-IT","potentialAction":[{"@type":"CommentAction","name":"Comment","target":["https:\/\/gregorydamy.niceavocats.fr\/it\/licenziamento-nullo-quali-conseguenze\/#respond"]}]},{"@type":"WebPage","@id":"https:\/\/gregorydamy.niceavocats.fr\/it\/licenziamento-nullo-quali-conseguenze\/","url":"https:\/\/gregorydamy.niceavocats.fr\/it\/licenziamento-nullo-quali-conseguenze\/","name":"Licenziamento nullo: quali conseguenze? - Soci\u00e9t\u00e9 d&#039;avocats Damy","isPartOf":{"@id":"https:\/\/gregorydamy.niceavocats.fr\/it\/#website"},"datePublished":"2012-08-23T09:38:53+00:00","dateModified":"2023-08-30T07:49:01+00:00","description":"Licenziamenti nulli In un recente contenzioso, la questione di un dipendente il cui licenziamento \u00e8 dichiarato nullo e che","breadcrumb":{"@id":"https:\/\/gregorydamy.niceavocats.fr\/it\/licenziamento-nullo-quali-conseguenze\/#breadcrumb"},"inLanguage":"it-IT","potentialAction":[{"@type":"ReadAction","target":["https:\/\/gregorydamy.niceavocats.fr\/it\/licenziamento-nullo-quali-conseguenze\/"]}]},{"@type":"BreadcrumbList","@id":"https:\/\/gregorydamy.niceavocats.fr\/it\/licenziamento-nullo-quali-conseguenze\/#breadcrumb","itemListElement":[{"@type":"ListItem","position":1,"name":"Accueil","item":"https:\/\/gregorydamy.niceavocats.fr\/it\/"},{"@type":"ListItem","position":2,"name":"Licenziamento nullo: quali conseguenze?"}]},{"@type":"WebSite","@id":"https:\/\/gregorydamy.niceavocats.fr\/it\/#website","url":"https:\/\/gregorydamy.niceavocats.fr\/it\/","name":"Soci\u00e9t\u00e9 d&#039;avocats Damy","description":"Justice - Confiance - Efficacit\u00e9","publisher":{"@id":"https:\/\/gregorydamy.niceavocats.fr\/it\/#organization"},"potentialAction":[{"@type":"SearchAction","target":{"@type":"EntryPoint","urlTemplate":"https:\/\/gregorydamy.niceavocats.fr\/it\/?s={search_term_string}"},"query-input":{"@type":"PropertyValueSpecification","valueRequired":true,"valueName":"search_term_string"}}],"inLanguage":"it-IT"},{"@type":"Organization","@id":"https:\/\/gregorydamy.niceavocats.fr\/it\/#organization","name":"Soci\u00e9t\u00e9 d'Avocats DAMY","alternateName":"Gr\u00e9gory DAMY","url":"https:\/\/gregorydamy.niceavocats.fr\/it\/","logo":{"@type":"ImageObject","inLanguage":"it-IT","@id":"https:\/\/gregorydamy.niceavocats.fr\/it\/#\/schema\/logo\/image\/","url":"https:\/\/gregorydamy.niceavocats.fr\/wp-content\/uploads\/2023\/04\/damylogo-1.png","contentUrl":"https:\/\/gregorydamy.niceavocats.fr\/wp-content\/uploads\/2023\/04\/damylogo-1.png","width":1890,"height":1417,"caption":"Soci\u00e9t\u00e9 d'Avocats DAMY"},"image":{"@id":"https:\/\/gregorydamy.niceavocats.fr\/it\/#\/schema\/logo\/image\/"},"sameAs":["https:\/\/www.facebook.com\/niceavocats.fr\/"]},{"@type":"Person","@id":"https:\/\/gregorydamy.niceavocats.fr\/it\/#\/schema\/person\/e040acb2856efaa1e114d0e7a92a3870","name":"Kevin","url":"https:\/\/gregorydamy.niceavocats.fr\/it\/author\/kevin\/"}]}},"_links":{"self":[{"href":"https:\/\/gregorydamy.niceavocats.fr\/it\/wp-json\/wp\/v2\/posts\/3114","targetHints":{"allow":["GET"]}}],"collection":[{"href":"https:\/\/gregorydamy.niceavocats.fr\/it\/wp-json\/wp\/v2\/posts"}],"about":[{"href":"https:\/\/gregorydamy.niceavocats.fr\/it\/wp-json\/wp\/v2\/types\/post"}],"author":[{"embeddable":true,"href":"https:\/\/gregorydamy.niceavocats.fr\/it\/wp-json\/wp\/v2\/users\/2"}],"replies":[{"embeddable":true,"href":"https:\/\/gregorydamy.niceavocats.fr\/it\/wp-json\/wp\/v2\/comments?post=3114"}],"version-history":[{"count":0,"href":"https:\/\/gregorydamy.niceavocats.fr\/it\/wp-json\/wp\/v2\/posts\/3114\/revisions"}],"wp:attachment":[{"href":"https:\/\/gregorydamy.niceavocats.fr\/it\/wp-json\/wp\/v2\/media?parent=3114"}],"wp:term":[{"taxonomy":"category","embeddable":true,"href":"https:\/\/gregorydamy.niceavocats.fr\/it\/wp-json\/wp\/v2\/categories?post=3114"},{"taxonomy":"post_tag","embeddable":true,"href":"https:\/\/gregorydamy.niceavocats.fr\/it\/wp-json\/wp\/v2\/tags?post=3114"}],"curies":[{"name":"wp","href":"https:\/\/api.w.org\/{rel}","templated":true}]}}