{"id":3099,"date":"2012-08-27T07:12:46","date_gmt":"2012-08-27T07:12:46","guid":{"rendered":"https:\/\/gregorydamy.niceavocats.fr\/?p=3099"},"modified":"2023-08-30T07:32:44","modified_gmt":"2023-08-30T07:32:44","slug":"chiarimenti-sullobbligo-di-fedelta-del-dipendente","status":"publish","type":"post","link":"https:\/\/gregorydamy.niceavocats.fr\/it\/chiarimenti-sullobbligo-di-fedelta-del-dipendente\/","title":{"rendered":"Chiarimenti sull&#8217;obbligo di fedelt\u00e0 del dipendente"},"content":{"rendered":"<p>[et_pb_section fb_built=&#8221;1&#8243; _builder_version=&#8221;4.19.5&#8243; _module_preset=&#8221;default&#8221; global_colors_info=&#8221;{}&#8221;][et_pb_row column_structure=&#8221;1_3,1_3,1_3&#8243; _builder_version=&#8221;4.19.5&#8243; _module_preset=&#8221;default&#8221; background_enable_mask_style=&#8221;on&#8221; background_mask_style=&#8221;wave&#8221; background_mask_color=&#8221;rgba(0,0,0,0.08)&#8221; custom_padding=&#8221;||6px|||&#8221; locked=&#8221;off&#8221; global_colors_info=&#8221;{}&#8221;][et_pb_column type=&#8221;1_3&#8243; _builder_version=&#8221;4.19.5&#8243; _module_preset=&#8221;default&#8221; global_colors_info=&#8221;{}&#8221;][\/et_pb_column][et_pb_column type=&#8221;1_3&#8243; _builder_version=&#8221;4.19.5&#8243; _module_preset=&#8221;default&#8221; global_colors_info=&#8221;{}&#8221;][\/et_pb_column][et_pb_column type=&#8221;1_3&#8243; _builder_version=&#8221;4.19.5&#8243; _module_preset=&#8221;default&#8221; global_colors_info=&#8221;{}&#8221;][et_pb_circle_counter title=&#8221;Tempo di lettura stimato (in minuti)&#8221; number=&#8221;1&#8243; percent_sign=&#8221;off&#8221; _builder_version=&#8221;4.19.5&#8243; _module_preset=&#8221;default&#8221; title_font=&#8221;Amiri||||||||&#8221; max_width=&#8221;137px&#8221; global_colors_info=&#8221;{}&#8221;][\/et_pb_circle_counter][\/et_pb_column][\/et_pb_row][et_pb_row _builder_version=&#8221;4.19.5&#8243; _module_preset=&#8221;default&#8221; global_colors_info=&#8221;{}&#8221;][et_pb_column type=&#8221;4_4&#8243; _builder_version=&#8221;4.19.5&#8243; _module_preset=&#8221;default&#8221; global_colors_info=&#8221;{}&#8221;][et_pb_divider _builder_version=&#8221;4.19.5&#8243; _module_preset=&#8221;default&#8221; global_colors_info=&#8221;{}&#8221;][\/et_pb_divider][\/et_pb_column][\/et_pb_row][et_pb_row _builder_version=&#8221;4.19.5&#8243; _module_preset=&#8221;default&#8221; global_colors_info=&#8221;{}&#8221;][et_pb_column type=&#8221;4_4&#8243; _builder_version=&#8221;4.19.5&#8243; _module_preset=&#8221;default&#8221; global_colors_info=&#8221;{}&#8221;][et_pb_image src=&#8221;https:\/\/gregorydamy.niceavocats.fr\/wp-content\/uploads\/2023\/08\/people-4498458_1280-2.png&#8221; title_text=&#8221;people-4498458_1280-2&#8243; _builder_version=&#8221;4.21.0&#8243; _module_preset=&#8221;default&#8221; hover_enabled=&#8221;0&#8243; global_colors_info=&#8221;{}&#8221; sticky_enabled=&#8221;0&#8243;][\/et_pb_image][et_pb_text _builder_version=&#8221;4.21.0&#8243; _module_preset=&#8221;default&#8221; text_font=&#8221;Amiri||||||||&#8221; hover_enabled=&#8221;0&#8243; global_colors_info=&#8221;{}&#8221; sticky_enabled=&#8221;0&#8243;]<\/p>\n<p><span class=\"\"><span>Nel caso di un dipendente in congedo per malattia che rifiuta future condizioni di lavoro, la Corte di Cassazione giudica che non viola l&#8217;\u00a0<\/span><a href=\"https:\/\/www.service-public.fr\/particuliers\/vosdroits\/F32768\"><span>obbligo\u00a0<\/span><\/a><\/span><a href=\"https:\/\/www.service-public.fr\/particuliers\/vosdroits\/F32768\"><span class=\"\"><span>di\u00a0<\/span><\/span><\/a><span class=\"\"><a href=\"https:\/\/www.service-public.fr\/particuliers\/vosdroits\/F32768\"><span>\u00a0fedelt\u00e0<\/span><\/a><span>\u00a0.<\/span><\/span><\/p>\n<h2><span>Rifiuto dei dipendenti delle condizioni di lavoro: \u2013<\/span><\/h2>\n<p><span>La situazione ruota attorno a un dipendente che era in congedo per malattia e che lavorava a tempo parziale.\u00a0Quando il suo datore di lavoro ha cercato di imporre nuove condizioni di lavoro dopo il suo congedo per malattia, la dipendente ha rifiutato.\u00a0Di conseguenza, il datore di lavoro l&#8217;ha licenziata per colpa grave, ritenendo il suo rifiuto ingiustificato.<\/span><\/p>\n<p><span>Mentre i tribunali di grado inferiore hanno confermato la decisione del datore di lavoro, la Corte di Cassazione ha adottato una posizione diversa.\u00a0Secondo la High Court, il semplice fatto che un dipendente esprima un rifiuto delle future condizioni di lavoro durante la sospensione del contratto di lavoro non costituisce una violazione del\u00a0\u00a0<\/span><span>dovere\u00a0<\/span><span>\u00a0di lealt\u00e0.<\/span><\/p>\n<h2><span>Dovere di lealt\u00e0 nel lavoro: \u2013<\/span><\/h2>\n<p><span>La sentenza della Corte di Cassazione evidenzia la distinzione tra i diritti del lavoratore durante il periodo di assenza per malattia e i suoi obblighi di fedelt\u00e0 nei confronti del datore di lavoro.\u00a0Durante il congedo per malattia, il dipendente conserva determinate tutele e diritti.\u00a0Esprimere preoccupazioni o riserve sulle future condizioni di lavoro al ritorno dal congedo per malattia \u00e8 considerato consentito e non implica slealt\u00e0.<\/span><\/p>\n<p><span>Questa decisione sottolinea l&#8217;importanza di tenere conto della situazione e dei diritti del lavoratore nell&#8217;ambito del rapporto di lavoro.\u00a0Il congedo per malattia \u00e8 un motivo legittimo per cui un dipendente deve concentrarsi sul proprio recupero e sul proprio benessere.\u00a0Non \u00e8 raro che le persone in congedo per malattia abbiano bisogno di aggiustamenti o sistemazioni quando tornano al lavoro.<\/span><\/p>\n<p><span>I datori di lavoro dovrebbero essere consapevoli dei loro obblighi di rispondere alle richieste ragionevoli dei dipendenti e di impegnarsi in discussioni in buona fede sui potenziali adeguamenti delle condizioni di lavoro.\u00a0Questo approccio promuove un ambiente di lavoro armonioso e rispetta i diritti e il benessere dei dipendenti.<\/span><\/p>\n<p><span><span class=\"VIpgJd-yAWNEb-VIpgJd-fmcmS-sn54Q\">La sentenza della Corte di Cassazione fa luce sull&#8217;interpretazione degli obblighi di fedelt\u00e0 del lavoratore nel contesto di un rifiuto di future condizioni di lavoro durante un&#8217;interruzione del lavoro.\u00a0<\/span>Sottolinea la necessit\u00e0 che i datori di lavoro valutino queste situazioni tenendo conto dei diritti e delle responsabilit\u00e0 del dipendente.\u00a0<\/span><\/p>\n<p><a href=\"https:\/\/gregorydamy.niceavocats.fr\/\"><span>Studio Legale DAMY<\/span><\/a><span>\u00a0.\u00a0<\/span><\/p>\n<p>[\/et_pb_text][\/et_pb_column][\/et_pb_row][\/et_pb_section]<\/p>\n","protected":false},"excerpt":{"rendered":"<p>Nel caso di un dipendente in congedo per malattia che rifiuta future condizioni di lavoro, la Corte di Cassazione giudica che non viola l&#8217;\u00a0obbligo\u00a0di\u00a0\u00a0fedelt\u00e0\u00a0. Rifiuto dei dipendenti delle condizioni di lavoro: \u2013 La situazione ruota attorno a un dipendente che era in congedo per malattia e che lavorava a tempo parziale.\u00a0Quando il suo datore di [&hellip;]<\/p>\n","protected":false},"author":2,"featured_media":0,"comment_status":"open","ping_status":"open","sticky":false,"template":"","format":"standard","meta":{"_et_pb_use_builder":"on","_et_pb_old_content":"","_et_gb_content_width":"","footnotes":""},"categories":[316],"tags":[],"class_list":["post-3099","post","type-post","status-publish","format-standard","hentry","category-diritto-del-lavoro"],"yoast_head":"<!-- This site is optimized with the Yoast SEO plugin v26.8 - https:\/\/yoast.com\/product\/yoast-seo-wordpress\/ -->\n<title>Chiarimenti sull&#039;obbligo di fedelt\u00e0 del dipendente - Soci\u00e9t\u00e9 d&#039;avocats Damy<\/title>\n<meta name=\"description\" content=\"Chiarimenti sull&#039;obbligo di fedelt\u00e0 del dipendente Rifiuto e Fedelt\u00e0 Nel caso di un lavoratore in malattia che rifiuti condizioni\" \/>\n<meta name=\"robots\" content=\"index, follow, max-snippet:-1, max-image-preview:large, max-video-preview:-1\" \/>\n<link rel=\"canonical\" href=\"https:\/\/gregorydamy.niceavocats.fr\/it\/chiarimenti-sullobbligo-di-fedelta-del-dipendente\/\" \/>\n<meta property=\"og:locale\" content=\"it_IT\" \/>\n<meta property=\"og:type\" content=\"article\" \/>\n<meta property=\"og:title\" content=\"Chiarimenti sull&#039;obbligo di fedelt\u00e0 del dipendente - Soci\u00e9t\u00e9 d&#039;avocats Damy\" \/>\n<meta property=\"og:description\" content=\"Chiarimenti sull&#039;obbligo di fedelt\u00e0 del dipendente Rifiuto e Fedelt\u00e0 Nel caso di un lavoratore in malattia che rifiuti condizioni\" \/>\n<meta property=\"og:url\" content=\"https:\/\/gregorydamy.niceavocats.fr\/it\/chiarimenti-sullobbligo-di-fedelta-del-dipendente\/\" \/>\n<meta property=\"og:site_name\" content=\"Soci\u00e9t\u00e9 d&#039;avocats Damy\" \/>\n<meta property=\"article:publisher\" content=\"https:\/\/www.facebook.com\/niceavocats.fr\/\" \/>\n<meta property=\"article:published_time\" content=\"2012-08-27T07:12:46+00:00\" \/>\n<meta property=\"article:modified_time\" content=\"2023-08-30T07:32:44+00:00\" \/>\n<meta name=\"author\" content=\"Kevin\" \/>\n<meta name=\"twitter:card\" content=\"summary_large_image\" \/>\n<meta name=\"twitter:label1\" content=\"Scritto da\" \/>\n\t<meta name=\"twitter:data1\" content=\"Kevin\" \/>\n\t<meta name=\"twitter:label2\" content=\"Tempo di lettura stimato\" \/>\n\t<meta name=\"twitter:data2\" content=\"3 minuti\" \/>\n<script type=\"application\/ld+json\" class=\"yoast-schema-graph\">{\"@context\":\"https:\/\/schema.org\",\"@graph\":[{\"@type\":\"Article\",\"@id\":\"https:\/\/gregorydamy.niceavocats.fr\/it\/chiarimenti-sullobbligo-di-fedelta-del-dipendente\/#article\",\"isPartOf\":{\"@id\":\"https:\/\/gregorydamy.niceavocats.fr\/it\/chiarimenti-sullobbligo-di-fedelta-del-dipendente\/\"},\"author\":{\"name\":\"Kevin\",\"@id\":\"https:\/\/gregorydamy.niceavocats.fr\/it\/#\/schema\/person\/e040acb2856efaa1e114d0e7a92a3870\"},\"headline\":\"Chiarimenti sull&#8217;obbligo di fedelt\u00e0 del dipendente\",\"datePublished\":\"2012-08-27T07:12:46+00:00\",\"dateModified\":\"2023-08-30T07:32:44+00:00\",\"mainEntityOfPage\":{\"@id\":\"https:\/\/gregorydamy.niceavocats.fr\/it\/chiarimenti-sullobbligo-di-fedelta-del-dipendente\/\"},\"wordCount\":644,\"commentCount\":0,\"publisher\":{\"@id\":\"https:\/\/gregorydamy.niceavocats.fr\/it\/#organization\"},\"articleSection\":[\"Diritto del lavoro\"],\"inLanguage\":\"it-IT\",\"potentialAction\":[{\"@type\":\"CommentAction\",\"name\":\"Comment\",\"target\":[\"https:\/\/gregorydamy.niceavocats.fr\/it\/chiarimenti-sullobbligo-di-fedelta-del-dipendente\/#respond\"]}]},{\"@type\":\"WebPage\",\"@id\":\"https:\/\/gregorydamy.niceavocats.fr\/it\/chiarimenti-sullobbligo-di-fedelta-del-dipendente\/\",\"url\":\"https:\/\/gregorydamy.niceavocats.fr\/it\/chiarimenti-sullobbligo-di-fedelta-del-dipendente\/\",\"name\":\"Chiarimenti sull'obbligo di fedelt\u00e0 del dipendente - Soci\u00e9t\u00e9 d&#039;avocats Damy\",\"isPartOf\":{\"@id\":\"https:\/\/gregorydamy.niceavocats.fr\/it\/#website\"},\"datePublished\":\"2012-08-27T07:12:46+00:00\",\"dateModified\":\"2023-08-30T07:32:44+00:00\",\"description\":\"Chiarimenti sull'obbligo di fedelt\u00e0 del dipendente Rifiuto e Fedelt\u00e0 Nel caso di un lavoratore in malattia che rifiuti condizioni\",\"breadcrumb\":{\"@id\":\"https:\/\/gregorydamy.niceavocats.fr\/it\/chiarimenti-sullobbligo-di-fedelta-del-dipendente\/#breadcrumb\"},\"inLanguage\":\"it-IT\",\"potentialAction\":[{\"@type\":\"ReadAction\",\"target\":[\"https:\/\/gregorydamy.niceavocats.fr\/it\/chiarimenti-sullobbligo-di-fedelta-del-dipendente\/\"]}]},{\"@type\":\"BreadcrumbList\",\"@id\":\"https:\/\/gregorydamy.niceavocats.fr\/it\/chiarimenti-sullobbligo-di-fedelta-del-dipendente\/#breadcrumb\",\"itemListElement\":[{\"@type\":\"ListItem\",\"position\":1,\"name\":\"Accueil\",\"item\":\"https:\/\/gregorydamy.niceavocats.fr\/it\/\"},{\"@type\":\"ListItem\",\"position\":2,\"name\":\"Chiarimenti sull&rsquo;obbligo di fedelt\u00e0 del dipendente\"}]},{\"@type\":\"WebSite\",\"@id\":\"https:\/\/gregorydamy.niceavocats.fr\/it\/#website\",\"url\":\"https:\/\/gregorydamy.niceavocats.fr\/it\/\",\"name\":\"Soci\u00e9t\u00e9 d&#039;avocats Damy\",\"description\":\"Justice - Confiance - Efficacit\u00e9\",\"publisher\":{\"@id\":\"https:\/\/gregorydamy.niceavocats.fr\/it\/#organization\"},\"potentialAction\":[{\"@type\":\"SearchAction\",\"target\":{\"@type\":\"EntryPoint\",\"urlTemplate\":\"https:\/\/gregorydamy.niceavocats.fr\/it\/?s={search_term_string}\"},\"query-input\":{\"@type\":\"PropertyValueSpecification\",\"valueRequired\":true,\"valueName\":\"search_term_string\"}}],\"inLanguage\":\"it-IT\"},{\"@type\":\"Organization\",\"@id\":\"https:\/\/gregorydamy.niceavocats.fr\/it\/#organization\",\"name\":\"Soci\u00e9t\u00e9 d'Avocats DAMY\",\"alternateName\":\"Gr\u00e9gory DAMY\",\"url\":\"https:\/\/gregorydamy.niceavocats.fr\/it\/\",\"logo\":{\"@type\":\"ImageObject\",\"inLanguage\":\"it-IT\",\"@id\":\"https:\/\/gregorydamy.niceavocats.fr\/it\/#\/schema\/logo\/image\/\",\"url\":\"https:\/\/gregorydamy.niceavocats.fr\/wp-content\/uploads\/2023\/04\/damylogo-1.png\",\"contentUrl\":\"https:\/\/gregorydamy.niceavocats.fr\/wp-content\/uploads\/2023\/04\/damylogo-1.png\",\"width\":1890,\"height\":1417,\"caption\":\"Soci\u00e9t\u00e9 d'Avocats DAMY\"},\"image\":{\"@id\":\"https:\/\/gregorydamy.niceavocats.fr\/it\/#\/schema\/logo\/image\/\"},\"sameAs\":[\"https:\/\/www.facebook.com\/niceavocats.fr\/\"]},{\"@type\":\"Person\",\"@id\":\"https:\/\/gregorydamy.niceavocats.fr\/it\/#\/schema\/person\/e040acb2856efaa1e114d0e7a92a3870\",\"name\":\"Kevin\",\"url\":\"https:\/\/gregorydamy.niceavocats.fr\/it\/author\/kevin\/\"}]}<\/script>\n<!-- \/ Yoast SEO plugin. -->","yoast_head_json":{"title":"Chiarimenti sull'obbligo di fedelt\u00e0 del dipendente - Soci\u00e9t\u00e9 d&#039;avocats Damy","description":"Chiarimenti sull'obbligo di fedelt\u00e0 del dipendente Rifiuto e Fedelt\u00e0 Nel caso di un lavoratore in malattia che rifiuti condizioni","robots":{"index":"index","follow":"follow","max-snippet":"max-snippet:-1","max-image-preview":"max-image-preview:large","max-video-preview":"max-video-preview:-1"},"canonical":"https:\/\/gregorydamy.niceavocats.fr\/it\/chiarimenti-sullobbligo-di-fedelta-del-dipendente\/","og_locale":"it_IT","og_type":"article","og_title":"Chiarimenti sull'obbligo di fedelt\u00e0 del dipendente - Soci\u00e9t\u00e9 d&#039;avocats Damy","og_description":"Chiarimenti sull'obbligo di fedelt\u00e0 del dipendente Rifiuto e Fedelt\u00e0 Nel caso di un lavoratore in malattia che rifiuti condizioni","og_url":"https:\/\/gregorydamy.niceavocats.fr\/it\/chiarimenti-sullobbligo-di-fedelta-del-dipendente\/","og_site_name":"Soci\u00e9t\u00e9 d&#039;avocats Damy","article_publisher":"https:\/\/www.facebook.com\/niceavocats.fr\/","article_published_time":"2012-08-27T07:12:46+00:00","article_modified_time":"2023-08-30T07:32:44+00:00","author":"Kevin","twitter_card":"summary_large_image","twitter_misc":{"Scritto da":"Kevin","Tempo di lettura stimato":"3 minuti"},"schema":{"@context":"https:\/\/schema.org","@graph":[{"@type":"Article","@id":"https:\/\/gregorydamy.niceavocats.fr\/it\/chiarimenti-sullobbligo-di-fedelta-del-dipendente\/#article","isPartOf":{"@id":"https:\/\/gregorydamy.niceavocats.fr\/it\/chiarimenti-sullobbligo-di-fedelta-del-dipendente\/"},"author":{"name":"Kevin","@id":"https:\/\/gregorydamy.niceavocats.fr\/it\/#\/schema\/person\/e040acb2856efaa1e114d0e7a92a3870"},"headline":"Chiarimenti sull&#8217;obbligo di fedelt\u00e0 del dipendente","datePublished":"2012-08-27T07:12:46+00:00","dateModified":"2023-08-30T07:32:44+00:00","mainEntityOfPage":{"@id":"https:\/\/gregorydamy.niceavocats.fr\/it\/chiarimenti-sullobbligo-di-fedelta-del-dipendente\/"},"wordCount":644,"commentCount":0,"publisher":{"@id":"https:\/\/gregorydamy.niceavocats.fr\/it\/#organization"},"articleSection":["Diritto del lavoro"],"inLanguage":"it-IT","potentialAction":[{"@type":"CommentAction","name":"Comment","target":["https:\/\/gregorydamy.niceavocats.fr\/it\/chiarimenti-sullobbligo-di-fedelta-del-dipendente\/#respond"]}]},{"@type":"WebPage","@id":"https:\/\/gregorydamy.niceavocats.fr\/it\/chiarimenti-sullobbligo-di-fedelta-del-dipendente\/","url":"https:\/\/gregorydamy.niceavocats.fr\/it\/chiarimenti-sullobbligo-di-fedelta-del-dipendente\/","name":"Chiarimenti sull'obbligo di fedelt\u00e0 del dipendente - Soci\u00e9t\u00e9 d&#039;avocats Damy","isPartOf":{"@id":"https:\/\/gregorydamy.niceavocats.fr\/it\/#website"},"datePublished":"2012-08-27T07:12:46+00:00","dateModified":"2023-08-30T07:32:44+00:00","description":"Chiarimenti sull'obbligo di fedelt\u00e0 del dipendente Rifiuto e Fedelt\u00e0 Nel caso di un lavoratore in malattia che rifiuti condizioni","breadcrumb":{"@id":"https:\/\/gregorydamy.niceavocats.fr\/it\/chiarimenti-sullobbligo-di-fedelta-del-dipendente\/#breadcrumb"},"inLanguage":"it-IT","potentialAction":[{"@type":"ReadAction","target":["https:\/\/gregorydamy.niceavocats.fr\/it\/chiarimenti-sullobbligo-di-fedelta-del-dipendente\/"]}]},{"@type":"BreadcrumbList","@id":"https:\/\/gregorydamy.niceavocats.fr\/it\/chiarimenti-sullobbligo-di-fedelta-del-dipendente\/#breadcrumb","itemListElement":[{"@type":"ListItem","position":1,"name":"Accueil","item":"https:\/\/gregorydamy.niceavocats.fr\/it\/"},{"@type":"ListItem","position":2,"name":"Chiarimenti sull&rsquo;obbligo di fedelt\u00e0 del dipendente"}]},{"@type":"WebSite","@id":"https:\/\/gregorydamy.niceavocats.fr\/it\/#website","url":"https:\/\/gregorydamy.niceavocats.fr\/it\/","name":"Soci\u00e9t\u00e9 d&#039;avocats Damy","description":"Justice - Confiance - Efficacit\u00e9","publisher":{"@id":"https:\/\/gregorydamy.niceavocats.fr\/it\/#organization"},"potentialAction":[{"@type":"SearchAction","target":{"@type":"EntryPoint","urlTemplate":"https:\/\/gregorydamy.niceavocats.fr\/it\/?s={search_term_string}"},"query-input":{"@type":"PropertyValueSpecification","valueRequired":true,"valueName":"search_term_string"}}],"inLanguage":"it-IT"},{"@type":"Organization","@id":"https:\/\/gregorydamy.niceavocats.fr\/it\/#organization","name":"Soci\u00e9t\u00e9 d'Avocats DAMY","alternateName":"Gr\u00e9gory DAMY","url":"https:\/\/gregorydamy.niceavocats.fr\/it\/","logo":{"@type":"ImageObject","inLanguage":"it-IT","@id":"https:\/\/gregorydamy.niceavocats.fr\/it\/#\/schema\/logo\/image\/","url":"https:\/\/gregorydamy.niceavocats.fr\/wp-content\/uploads\/2023\/04\/damylogo-1.png","contentUrl":"https:\/\/gregorydamy.niceavocats.fr\/wp-content\/uploads\/2023\/04\/damylogo-1.png","width":1890,"height":1417,"caption":"Soci\u00e9t\u00e9 d'Avocats DAMY"},"image":{"@id":"https:\/\/gregorydamy.niceavocats.fr\/it\/#\/schema\/logo\/image\/"},"sameAs":["https:\/\/www.facebook.com\/niceavocats.fr\/"]},{"@type":"Person","@id":"https:\/\/gregorydamy.niceavocats.fr\/it\/#\/schema\/person\/e040acb2856efaa1e114d0e7a92a3870","name":"Kevin","url":"https:\/\/gregorydamy.niceavocats.fr\/it\/author\/kevin\/"}]}},"_links":{"self":[{"href":"https:\/\/gregorydamy.niceavocats.fr\/it\/wp-json\/wp\/v2\/posts\/3099","targetHints":{"allow":["GET"]}}],"collection":[{"href":"https:\/\/gregorydamy.niceavocats.fr\/it\/wp-json\/wp\/v2\/posts"}],"about":[{"href":"https:\/\/gregorydamy.niceavocats.fr\/it\/wp-json\/wp\/v2\/types\/post"}],"author":[{"embeddable":true,"href":"https:\/\/gregorydamy.niceavocats.fr\/it\/wp-json\/wp\/v2\/users\/2"}],"replies":[{"embeddable":true,"href":"https:\/\/gregorydamy.niceavocats.fr\/it\/wp-json\/wp\/v2\/comments?post=3099"}],"version-history":[{"count":0,"href":"https:\/\/gregorydamy.niceavocats.fr\/it\/wp-json\/wp\/v2\/posts\/3099\/revisions"}],"wp:attachment":[{"href":"https:\/\/gregorydamy.niceavocats.fr\/it\/wp-json\/wp\/v2\/media?parent=3099"}],"wp:term":[{"taxonomy":"category","embeddable":true,"href":"https:\/\/gregorydamy.niceavocats.fr\/it\/wp-json\/wp\/v2\/categories?post=3099"},{"taxonomy":"post_tag","embeddable":true,"href":"https:\/\/gregorydamy.niceavocats.fr\/it\/wp-json\/wp\/v2\/tags?post=3099"}],"curies":[{"name":"wp","href":"https:\/\/api.w.org\/{rel}","templated":true}]}}