{"id":3085,"date":"2012-08-24T14:58:15","date_gmt":"2012-08-24T14:58:15","guid":{"rendered":"https:\/\/gregorydamy.niceavocats.fr\/?p=3085"},"modified":"2023-08-30T07:44:29","modified_gmt":"2023-08-30T07:44:29","slug":"potere-di-controllo-e-vigilanza-del-datore-di-lavoro","status":"publish","type":"post","link":"https:\/\/gregorydamy.niceavocats.fr\/it\/potere-di-controllo-e-vigilanza-del-datore-di-lavoro\/","title":{"rendered":"Potere di controllo e vigilanza del datore di lavoro"},"content":{"rendered":"<p>[et_pb_section fb_built=&#8221;1&#8243; _builder_version=&#8221;4.19.5&#8243; _module_preset=&#8221;default&#8221; global_colors_info=&#8221;{}&#8221;][et_pb_row column_structure=&#8221;1_3,1_3,1_3&#8243; _builder_version=&#8221;4.19.5&#8243; _module_preset=&#8221;default&#8221; background_enable_mask_style=&#8221;on&#8221; background_mask_style=&#8221;wave&#8221; background_mask_color=&#8221;rgba(0,0,0,0.08)&#8221; custom_padding=&#8221;||6px|||&#8221; locked=&#8221;off&#8221; global_colors_info=&#8221;{}&#8221;][et_pb_column type=&#8221;1_3&#8243; _builder_version=&#8221;4.19.5&#8243; _module_preset=&#8221;default&#8221; global_colors_info=&#8221;{}&#8221;][\/et_pb_column][et_pb_column type=&#8221;1_3&#8243; _builder_version=&#8221;4.19.5&#8243; _module_preset=&#8221;default&#8221; global_colors_info=&#8221;{}&#8221;][\/et_pb_column][et_pb_column type=&#8221;1_3&#8243; _builder_version=&#8221;4.19.5&#8243; _module_preset=&#8221;default&#8221; global_colors_info=&#8221;{}&#8221;][et_pb_circle_counter title=&#8221;Tempo di lettura stimato (in minuti)&#8221; number=&#8221;1&#8243; percent_sign=&#8221;off&#8221; _builder_version=&#8221;4.19.5&#8243; _module_preset=&#8221;default&#8221; title_font=&#8221;Amiri||||||||&#8221; max_width=&#8221;137px&#8221; global_colors_info=&#8221;{}&#8221;][\/et_pb_circle_counter][\/et_pb_column][\/et_pb_row][et_pb_row _builder_version=&#8221;4.19.5&#8243; _module_preset=&#8221;default&#8221; global_colors_info=&#8221;{}&#8221;][et_pb_column type=&#8221;4_4&#8243; _builder_version=&#8221;4.19.5&#8243; _module_preset=&#8221;default&#8221; global_colors_info=&#8221;{}&#8221;][et_pb_divider _builder_version=&#8221;4.19.5&#8243; _module_preset=&#8221;default&#8221; global_colors_info=&#8221;{}&#8221;][\/et_pb_divider][\/et_pb_column][\/et_pb_row][et_pb_row _builder_version=&#8221;4.19.5&#8243; _module_preset=&#8221;default&#8221; global_colors_info=&#8221;{}&#8221;][et_pb_column type=&#8221;4_4&#8243; _builder_version=&#8221;4.19.5&#8243; _module_preset=&#8221;default&#8221; global_colors_info=&#8221;{}&#8221;][et_pb_image src=&#8221;https:\/\/gregorydamy.niceavocats.fr\/wp-content\/uploads\/2023\/08\/camera-1124585_1280-2.jpg&#8221; title_text=&#8221;camera-1124585_1280-2&#8243; _builder_version=&#8221;4.21.0&#8243; _module_preset=&#8221;default&#8221; hover_enabled=&#8221;0&#8243; global_colors_info=&#8221;{}&#8221; sticky_enabled=&#8221;0&#8243;][\/et_pb_image][et_pb_text _builder_version=&#8221;4.21.0&#8243; _module_preset=&#8221;default&#8221; text_font=&#8221;Amiri||||||||&#8221; hover_enabled=&#8221;0&#8243; global_colors_info=&#8221;{}&#8221; sticky_enabled=&#8221;0&#8243;]<\/p>\n<p><span class=\"\"><span>Sul posto di lavoro, i datori di lavoro hanno il potere di controllare e monitorare le attivit\u00e0 del proprio personale durante l\u2019orario di lavoro.\u00a0<\/span><\/span><span>Tuttavia, \u00e8 fondamentale che i datori di lavoro aderiscano a determinati principi per\u00a0\u00a0<\/span><span>garantire\u00a0<\/span><span>\u00a0l\u2019equit\u00e0 nelle loro pratiche di monitoraggio.<\/span><\/p>\n<h2><span>Potere di controllo e sorveglianza del datore di lavoro: \u2013<\/span><\/h2>\n<p><span>La Corte di Cassazione, con sentenza del\u00a0<\/span><a href=\"https:\/\/www.legifrance.gouv.fr\/juri\/id\/JURITEXT000026160990\"><span>4 luglio 2012<\/span><\/a><span>\u00a0, ha riaffermato il principio secondo cui i datori di lavoro non possono istituire sistemi di controllo clandestini.\u00a0Il caso riguardava un datore di lavoro che utilizzava lettere &#8220;festose&#8221; in inchiostro blu che si sarebbero diffuse se aperte, nel tentativo di confondere una postina sospettata di aprire lettere che avrebbe dovuto consegnare.\u00a0Il dipendente \u00e8 stato poi licenziato per cattiva condotta.\u00a0Essa ha tuttavia contestato la fondatezza delle prove presentate dal datore di lavoro poich\u00e9 non era stata informata dell&#8217;utilizzo di tale dispositivo.\u00a0La Corte di Cassazione ha stabilito che l&#8217;uso di metodi segreti, come i pacchi bomba, all&#8217;insaputa dei dipendenti, rende\u00a0\u00a0<\/span><span>le prove\u00a0<\/span><span>\u00a0ottenute illegittime e non valide per imporre sanzioni.<\/span><\/p>\n<h2><span>Mezzi di prova illeciti nella sorveglianza dei dipendenti: &#8211;<\/span><\/h2>\n<p><span>Per costituire un mezzo di prova giuridicamente valido, il datore di lavoro deve informare preventivamente i propri dipendenti di eventuali sistemi di controllo e monitoraggio.\u00a0La semplice osservazione dei dipendenti da parte dei loro superiori sul posto di lavoro, anche senza preavviso, generalmente non viola i requisiti legali ed \u00e8 considerata una forma di prova legale, secondo la giurisprudenza consolidata.<\/span><\/p>\n<p><span>\u00c8 essenziale che i datori di lavoro garantiscano che le loro pratiche di monitoraggio siano trasparenti, giuste e rispettose dei diritti dei lavoratori.\u00a0L&#8217;implementazione di misure di sorveglianza senza avvisare i dipendenti pu\u00f2 invalidare qualsiasi prova ottenuta con tali metodi.\u00a0<\/span><span class=\"VIpgJd-yAWNEb-VIpgJd-fmcmS-sn54Q\"><span>Mantenendo un equilibrio tra sorveglianza e rispetto della privacy dei dipendenti, i datori di lavoro possono creare un ambiente di lavoro armonioso e conforme agli standard legali.<\/span><\/span><\/p>\n<p><span>Gr\u00e9gory DAMY, avvocato del lavoro a Nizza, sottolinea l&#8217;importanza di comprendere le implicazioni legali della sorveglianza dei dipendenti e consiglia ai datori di lavoro di chiedere consulenza legale per garantire il rispetto delle leggi e dei regolamenti applicabili.<\/span><\/p>\n<p><span>Ricordiamo che per costituire un mezzo di prova legale \u00e8 necessario che sia stato preventivamente portato alla loro attenzione un sistema di controllo e monitoraggio dei dipendenti.\u00a0<span class=\"\">Tuttavia, la mera sorveglianza dei dipendenti da parte del loro responsabile sul posto di lavoro, anche in assenza di una preventiva informazione, non costituisce, secondo la giurisprudenza, un mezzo di prova illegittimo.<\/span><\/span><br \/><span>Avvocato giuslavorista,\u00a0<\/span><a href=\"https:\/\/gregorydamy.niceavocats.fr\/\"><span>Gr\u00e9gory DAMY<\/span><\/a>\u00a0<\/p>\n<p>[\/et_pb_text][\/et_pb_column][\/et_pb_row][et_pb_row _builder_version=&#8221;4.19.5&#8243; _module_preset=&#8221;default&#8221; global_colors_info=&#8221;{}&#8221;][et_pb_column type=&#8221;4_4&#8243; _builder_version=&#8221;4.19.5&#8243; _module_preset=&#8221;default&#8221; global_colors_info=&#8221;{}&#8221;][et_pb_divider _builder_version=&#8221;4.19.5&#8243; _module_preset=&#8221;default&#8221; global_colors_info=&#8221;{}&#8221;][\/et_pb_divider][\/et_pb_column][\/et_pb_row][\/et_pb_section]<\/p>\n","protected":false},"excerpt":{"rendered":"<p>Sul posto di lavoro, i datori di lavoro hanno il potere di controllare e monitorare le attivit\u00e0 del proprio personale durante l\u2019orario di lavoro.\u00a0Tuttavia, \u00e8 fondamentale che i datori di lavoro aderiscano a determinati principi per\u00a0\u00a0garantire\u00a0\u00a0l\u2019equit\u00e0 nelle loro pratiche di monitoraggio. Potere di controllo e sorveglianza del datore di lavoro: \u2013 La Corte di Cassazione, [&hellip;]<\/p>\n","protected":false},"author":2,"featured_media":0,"comment_status":"open","ping_status":"open","sticky":false,"template":"","format":"standard","meta":{"_et_pb_use_builder":"on","_et_pb_old_content":"","_et_gb_content_width":"","footnotes":""},"categories":[316],"tags":[],"class_list":["post-3085","post","type-post","status-publish","format-standard","hentry","category-diritto-del-lavoro"],"yoast_head":"<!-- This site is optimized with the Yoast SEO plugin v26.8 - https:\/\/yoast.com\/product\/yoast-seo-wordpress\/ -->\n<title>Potere di controllo e vigilanza del datore di lavoro - Soci\u00e9t\u00e9 d&#039;avocats Damy<\/title>\n<meta name=\"description\" content=\"Etica e legalit\u00e0 Sul posto di lavoro, i datori di lavoro hanno l&#039;autorit\u00e0 di controllare e monitorare le attivit\u00e0 del proprio personale\" \/>\n<meta name=\"robots\" content=\"index, follow, max-snippet:-1, max-image-preview:large, max-video-preview:-1\" \/>\n<link rel=\"canonical\" href=\"https:\/\/gregorydamy.niceavocats.fr\/it\/potere-di-controllo-e-vigilanza-del-datore-di-lavoro\/\" \/>\n<meta property=\"og:locale\" content=\"it_IT\" \/>\n<meta property=\"og:type\" content=\"article\" \/>\n<meta property=\"og:title\" content=\"Potere di controllo e vigilanza del datore di lavoro - Soci\u00e9t\u00e9 d&#039;avocats Damy\" \/>\n<meta property=\"og:description\" content=\"Etica e legalit\u00e0 Sul posto di lavoro, i datori di lavoro hanno l&#039;autorit\u00e0 di controllare e monitorare le attivit\u00e0 del proprio personale\" \/>\n<meta property=\"og:url\" content=\"https:\/\/gregorydamy.niceavocats.fr\/it\/potere-di-controllo-e-vigilanza-del-datore-di-lavoro\/\" \/>\n<meta property=\"og:site_name\" content=\"Soci\u00e9t\u00e9 d&#039;avocats Damy\" \/>\n<meta property=\"article:publisher\" content=\"https:\/\/www.facebook.com\/niceavocats.fr\/\" \/>\n<meta property=\"article:published_time\" content=\"2012-08-24T14:58:15+00:00\" \/>\n<meta property=\"article:modified_time\" content=\"2023-08-30T07:44:29+00:00\" \/>\n<meta name=\"author\" content=\"Kevin\" \/>\n<meta name=\"twitter:card\" content=\"summary_large_image\" \/>\n<meta name=\"twitter:label1\" content=\"Scritto da\" \/>\n\t<meta name=\"twitter:data1\" content=\"Kevin\" \/>\n\t<meta name=\"twitter:label2\" content=\"Tempo di lettura stimato\" \/>\n\t<meta name=\"twitter:data2\" content=\"3 minuti\" \/>\n<script type=\"application\/ld+json\" class=\"yoast-schema-graph\">{\"@context\":\"https:\/\/schema.org\",\"@graph\":[{\"@type\":\"Article\",\"@id\":\"https:\/\/gregorydamy.niceavocats.fr\/it\/potere-di-controllo-e-vigilanza-del-datore-di-lavoro\/#article\",\"isPartOf\":{\"@id\":\"https:\/\/gregorydamy.niceavocats.fr\/it\/potere-di-controllo-e-vigilanza-del-datore-di-lavoro\/\"},\"author\":{\"name\":\"Kevin\",\"@id\":\"https:\/\/gregorydamy.niceavocats.fr\/it\/#\/schema\/person\/e040acb2856efaa1e114d0e7a92a3870\"},\"headline\":\"Potere di controllo e vigilanza del datore di lavoro\",\"datePublished\":\"2012-08-24T14:58:15+00:00\",\"dateModified\":\"2023-08-30T07:44:29+00:00\",\"mainEntityOfPage\":{\"@id\":\"https:\/\/gregorydamy.niceavocats.fr\/it\/potere-di-controllo-e-vigilanza-del-datore-di-lavoro\/\"},\"wordCount\":718,\"commentCount\":0,\"publisher\":{\"@id\":\"https:\/\/gregorydamy.niceavocats.fr\/it\/#organization\"},\"articleSection\":[\"Diritto del lavoro\"],\"inLanguage\":\"it-IT\",\"potentialAction\":[{\"@type\":\"CommentAction\",\"name\":\"Comment\",\"target\":[\"https:\/\/gregorydamy.niceavocats.fr\/it\/potere-di-controllo-e-vigilanza-del-datore-di-lavoro\/#respond\"]}]},{\"@type\":\"WebPage\",\"@id\":\"https:\/\/gregorydamy.niceavocats.fr\/it\/potere-di-controllo-e-vigilanza-del-datore-di-lavoro\/\",\"url\":\"https:\/\/gregorydamy.niceavocats.fr\/it\/potere-di-controllo-e-vigilanza-del-datore-di-lavoro\/\",\"name\":\"Potere di controllo e vigilanza del datore di lavoro - Soci\u00e9t\u00e9 d&#039;avocats Damy\",\"isPartOf\":{\"@id\":\"https:\/\/gregorydamy.niceavocats.fr\/it\/#website\"},\"datePublished\":\"2012-08-24T14:58:15+00:00\",\"dateModified\":\"2023-08-30T07:44:29+00:00\",\"description\":\"Etica e legalit\u00e0 Sul posto di lavoro, i datori di lavoro hanno l'autorit\u00e0 di controllare e monitorare le attivit\u00e0 del proprio personale\",\"breadcrumb\":{\"@id\":\"https:\/\/gregorydamy.niceavocats.fr\/it\/potere-di-controllo-e-vigilanza-del-datore-di-lavoro\/#breadcrumb\"},\"inLanguage\":\"it-IT\",\"potentialAction\":[{\"@type\":\"ReadAction\",\"target\":[\"https:\/\/gregorydamy.niceavocats.fr\/it\/potere-di-controllo-e-vigilanza-del-datore-di-lavoro\/\"]}]},{\"@type\":\"BreadcrumbList\",\"@id\":\"https:\/\/gregorydamy.niceavocats.fr\/it\/potere-di-controllo-e-vigilanza-del-datore-di-lavoro\/#breadcrumb\",\"itemListElement\":[{\"@type\":\"ListItem\",\"position\":1,\"name\":\"Accueil\",\"item\":\"https:\/\/gregorydamy.niceavocats.fr\/it\/\"},{\"@type\":\"ListItem\",\"position\":2,\"name\":\"Potere di controllo e vigilanza del datore di lavoro\"}]},{\"@type\":\"WebSite\",\"@id\":\"https:\/\/gregorydamy.niceavocats.fr\/it\/#website\",\"url\":\"https:\/\/gregorydamy.niceavocats.fr\/it\/\",\"name\":\"Soci\u00e9t\u00e9 d&#039;avocats Damy\",\"description\":\"Justice - Confiance - Efficacit\u00e9\",\"publisher\":{\"@id\":\"https:\/\/gregorydamy.niceavocats.fr\/it\/#organization\"},\"potentialAction\":[{\"@type\":\"SearchAction\",\"target\":{\"@type\":\"EntryPoint\",\"urlTemplate\":\"https:\/\/gregorydamy.niceavocats.fr\/it\/?s={search_term_string}\"},\"query-input\":{\"@type\":\"PropertyValueSpecification\",\"valueRequired\":true,\"valueName\":\"search_term_string\"}}],\"inLanguage\":\"it-IT\"},{\"@type\":\"Organization\",\"@id\":\"https:\/\/gregorydamy.niceavocats.fr\/it\/#organization\",\"name\":\"Soci\u00e9t\u00e9 d'Avocats DAMY\",\"alternateName\":\"Gr\u00e9gory DAMY\",\"url\":\"https:\/\/gregorydamy.niceavocats.fr\/it\/\",\"logo\":{\"@type\":\"ImageObject\",\"inLanguage\":\"it-IT\",\"@id\":\"https:\/\/gregorydamy.niceavocats.fr\/it\/#\/schema\/logo\/image\/\",\"url\":\"https:\/\/gregorydamy.niceavocats.fr\/wp-content\/uploads\/2023\/04\/damylogo-1.png\",\"contentUrl\":\"https:\/\/gregorydamy.niceavocats.fr\/wp-content\/uploads\/2023\/04\/damylogo-1.png\",\"width\":1890,\"height\":1417,\"caption\":\"Soci\u00e9t\u00e9 d'Avocats DAMY\"},\"image\":{\"@id\":\"https:\/\/gregorydamy.niceavocats.fr\/it\/#\/schema\/logo\/image\/\"},\"sameAs\":[\"https:\/\/www.facebook.com\/niceavocats.fr\/\"]},{\"@type\":\"Person\",\"@id\":\"https:\/\/gregorydamy.niceavocats.fr\/it\/#\/schema\/person\/e040acb2856efaa1e114d0e7a92a3870\",\"name\":\"Kevin\",\"url\":\"https:\/\/gregorydamy.niceavocats.fr\/it\/author\/kevin\/\"}]}<\/script>\n<!-- \/ Yoast SEO plugin. -->","yoast_head_json":{"title":"Potere di controllo e vigilanza del datore di lavoro - Soci\u00e9t\u00e9 d&#039;avocats Damy","description":"Etica e legalit\u00e0 Sul posto di lavoro, i datori di lavoro hanno l'autorit\u00e0 di controllare e monitorare le attivit\u00e0 del proprio personale","robots":{"index":"index","follow":"follow","max-snippet":"max-snippet:-1","max-image-preview":"max-image-preview:large","max-video-preview":"max-video-preview:-1"},"canonical":"https:\/\/gregorydamy.niceavocats.fr\/it\/potere-di-controllo-e-vigilanza-del-datore-di-lavoro\/","og_locale":"it_IT","og_type":"article","og_title":"Potere di controllo e vigilanza del datore di lavoro - Soci\u00e9t\u00e9 d&#039;avocats Damy","og_description":"Etica e legalit\u00e0 Sul posto di lavoro, i datori di lavoro hanno l'autorit\u00e0 di controllare e monitorare le attivit\u00e0 del proprio personale","og_url":"https:\/\/gregorydamy.niceavocats.fr\/it\/potere-di-controllo-e-vigilanza-del-datore-di-lavoro\/","og_site_name":"Soci\u00e9t\u00e9 d&#039;avocats Damy","article_publisher":"https:\/\/www.facebook.com\/niceavocats.fr\/","article_published_time":"2012-08-24T14:58:15+00:00","article_modified_time":"2023-08-30T07:44:29+00:00","author":"Kevin","twitter_card":"summary_large_image","twitter_misc":{"Scritto da":"Kevin","Tempo di lettura stimato":"3 minuti"},"schema":{"@context":"https:\/\/schema.org","@graph":[{"@type":"Article","@id":"https:\/\/gregorydamy.niceavocats.fr\/it\/potere-di-controllo-e-vigilanza-del-datore-di-lavoro\/#article","isPartOf":{"@id":"https:\/\/gregorydamy.niceavocats.fr\/it\/potere-di-controllo-e-vigilanza-del-datore-di-lavoro\/"},"author":{"name":"Kevin","@id":"https:\/\/gregorydamy.niceavocats.fr\/it\/#\/schema\/person\/e040acb2856efaa1e114d0e7a92a3870"},"headline":"Potere di controllo e vigilanza del datore di lavoro","datePublished":"2012-08-24T14:58:15+00:00","dateModified":"2023-08-30T07:44:29+00:00","mainEntityOfPage":{"@id":"https:\/\/gregorydamy.niceavocats.fr\/it\/potere-di-controllo-e-vigilanza-del-datore-di-lavoro\/"},"wordCount":718,"commentCount":0,"publisher":{"@id":"https:\/\/gregorydamy.niceavocats.fr\/it\/#organization"},"articleSection":["Diritto del lavoro"],"inLanguage":"it-IT","potentialAction":[{"@type":"CommentAction","name":"Comment","target":["https:\/\/gregorydamy.niceavocats.fr\/it\/potere-di-controllo-e-vigilanza-del-datore-di-lavoro\/#respond"]}]},{"@type":"WebPage","@id":"https:\/\/gregorydamy.niceavocats.fr\/it\/potere-di-controllo-e-vigilanza-del-datore-di-lavoro\/","url":"https:\/\/gregorydamy.niceavocats.fr\/it\/potere-di-controllo-e-vigilanza-del-datore-di-lavoro\/","name":"Potere di controllo e vigilanza del datore di lavoro - Soci\u00e9t\u00e9 d&#039;avocats Damy","isPartOf":{"@id":"https:\/\/gregorydamy.niceavocats.fr\/it\/#website"},"datePublished":"2012-08-24T14:58:15+00:00","dateModified":"2023-08-30T07:44:29+00:00","description":"Etica e legalit\u00e0 Sul posto di lavoro, i datori di lavoro hanno l'autorit\u00e0 di controllare e monitorare le attivit\u00e0 del proprio personale","breadcrumb":{"@id":"https:\/\/gregorydamy.niceavocats.fr\/it\/potere-di-controllo-e-vigilanza-del-datore-di-lavoro\/#breadcrumb"},"inLanguage":"it-IT","potentialAction":[{"@type":"ReadAction","target":["https:\/\/gregorydamy.niceavocats.fr\/it\/potere-di-controllo-e-vigilanza-del-datore-di-lavoro\/"]}]},{"@type":"BreadcrumbList","@id":"https:\/\/gregorydamy.niceavocats.fr\/it\/potere-di-controllo-e-vigilanza-del-datore-di-lavoro\/#breadcrumb","itemListElement":[{"@type":"ListItem","position":1,"name":"Accueil","item":"https:\/\/gregorydamy.niceavocats.fr\/it\/"},{"@type":"ListItem","position":2,"name":"Potere di controllo e vigilanza del datore di lavoro"}]},{"@type":"WebSite","@id":"https:\/\/gregorydamy.niceavocats.fr\/it\/#website","url":"https:\/\/gregorydamy.niceavocats.fr\/it\/","name":"Soci\u00e9t\u00e9 d&#039;avocats Damy","description":"Justice - Confiance - Efficacit\u00e9","publisher":{"@id":"https:\/\/gregorydamy.niceavocats.fr\/it\/#organization"},"potentialAction":[{"@type":"SearchAction","target":{"@type":"EntryPoint","urlTemplate":"https:\/\/gregorydamy.niceavocats.fr\/it\/?s={search_term_string}"},"query-input":{"@type":"PropertyValueSpecification","valueRequired":true,"valueName":"search_term_string"}}],"inLanguage":"it-IT"},{"@type":"Organization","@id":"https:\/\/gregorydamy.niceavocats.fr\/it\/#organization","name":"Soci\u00e9t\u00e9 d'Avocats DAMY","alternateName":"Gr\u00e9gory DAMY","url":"https:\/\/gregorydamy.niceavocats.fr\/it\/","logo":{"@type":"ImageObject","inLanguage":"it-IT","@id":"https:\/\/gregorydamy.niceavocats.fr\/it\/#\/schema\/logo\/image\/","url":"https:\/\/gregorydamy.niceavocats.fr\/wp-content\/uploads\/2023\/04\/damylogo-1.png","contentUrl":"https:\/\/gregorydamy.niceavocats.fr\/wp-content\/uploads\/2023\/04\/damylogo-1.png","width":1890,"height":1417,"caption":"Soci\u00e9t\u00e9 d'Avocats DAMY"},"image":{"@id":"https:\/\/gregorydamy.niceavocats.fr\/it\/#\/schema\/logo\/image\/"},"sameAs":["https:\/\/www.facebook.com\/niceavocats.fr\/"]},{"@type":"Person","@id":"https:\/\/gregorydamy.niceavocats.fr\/it\/#\/schema\/person\/e040acb2856efaa1e114d0e7a92a3870","name":"Kevin","url":"https:\/\/gregorydamy.niceavocats.fr\/it\/author\/kevin\/"}]}},"_links":{"self":[{"href":"https:\/\/gregorydamy.niceavocats.fr\/it\/wp-json\/wp\/v2\/posts\/3085","targetHints":{"allow":["GET"]}}],"collection":[{"href":"https:\/\/gregorydamy.niceavocats.fr\/it\/wp-json\/wp\/v2\/posts"}],"about":[{"href":"https:\/\/gregorydamy.niceavocats.fr\/it\/wp-json\/wp\/v2\/types\/post"}],"author":[{"embeddable":true,"href":"https:\/\/gregorydamy.niceavocats.fr\/it\/wp-json\/wp\/v2\/users\/2"}],"replies":[{"embeddable":true,"href":"https:\/\/gregorydamy.niceavocats.fr\/it\/wp-json\/wp\/v2\/comments?post=3085"}],"version-history":[{"count":0,"href":"https:\/\/gregorydamy.niceavocats.fr\/it\/wp-json\/wp\/v2\/posts\/3085\/revisions"}],"wp:attachment":[{"href":"https:\/\/gregorydamy.niceavocats.fr\/it\/wp-json\/wp\/v2\/media?parent=3085"}],"wp:term":[{"taxonomy":"category","embeddable":true,"href":"https:\/\/gregorydamy.niceavocats.fr\/it\/wp-json\/wp\/v2\/categories?post=3085"},{"taxonomy":"post_tag","embeddable":true,"href":"https:\/\/gregorydamy.niceavocats.fr\/it\/wp-json\/wp\/v2\/tags?post=3085"}],"curies":[{"name":"wp","href":"https:\/\/api.w.org\/{rel}","templated":true}]}}