{"id":2969,"date":"2012-09-04T08:04:43","date_gmt":"2012-09-04T08:04:43","guid":{"rendered":"https:\/\/gregorydamy.niceavocats.fr\/?p=2969"},"modified":"2023-08-03T07:30:39","modified_gmt":"2023-08-03T07:30:39","slug":"autorita-responsabilizzanti","status":"publish","type":"post","link":"https:\/\/gregorydamy.niceavocats.fr\/it\/autorita-responsabilizzanti\/","title":{"rendered":"Decreto 3 agosto 2012: calcolo e applicazione dei tributi locali sull&#8217;energia elettrica"},"content":{"rendered":"<p>[et_pb_section fb_built=&#8221;1&#8243; admin_label=&#8221;section&#8221; _builder_version=&#8221;4.19.5&#8243; custom_margin=&#8221;||0px||false|false&#8221; custom_padding=&#8221;||0px||false|false&#8221; locked=&#8221;off&#8221; global_colors_info=&#8221;{}&#8221;][et_pb_row column_structure=&#8221;1_3,1_3,1_3&#8243; _builder_version=&#8221;4.19.5&#8243; _module_preset=&#8221;default&#8221; background_enable_mask_style=&#8221;on&#8221; background_mask_style=&#8221;wave&#8221; background_mask_color=&#8221;rgba(0,0,0,0.08)&#8221; custom_padding=&#8221;||6px|||&#8221; locked=&#8221;off&#8221; global_colors_info=&#8221;{}&#8221;][et_pb_column type=&#8221;1_3&#8243; _builder_version=&#8221;4.19.5&#8243; _module_preset=&#8221;default&#8221; global_colors_info=&#8221;{}&#8221;][\/et_pb_column][et_pb_column type=&#8221;1_3&#8243; _builder_version=&#8221;4.19.5&#8243; _module_preset=&#8221;default&#8221; global_colors_info=&#8221;{}&#8221;][\/et_pb_column][et_pb_column type=&#8221;1_3&#8243; _builder_version=&#8221;4.19.5&#8243; _module_preset=&#8221;default&#8221; global_colors_info=&#8221;{}&#8221;][et_pb_circle_counter title=&#8221;Tempo di lettura stimato (in minuti)&#8221; number=&#8221;2&#8243; percent_sign=&#8221;off&#8221; _builder_version=&#8221;4.19.5&#8243; _module_preset=&#8221;default&#8221; title_font=&#8221;Amiri||||||||&#8221; max_width=&#8221;137px&#8221; global_colors_info=&#8221;{}&#8221;][\/et_pb_circle_counter][\/et_pb_column][\/et_pb_row][et_pb_row _builder_version=&#8221;4.19.5&#8243; _module_preset=&#8221;default&#8221; custom_margin=&#8221;||0px||false|false&#8221; custom_padding=&#8221;||0px||false|false&#8221; global_colors_info=&#8221;{}&#8221;][et_pb_column type=&#8221;4_4&#8243; _builder_version=&#8221;4.19.5&#8243; _module_preset=&#8221;default&#8221; global_colors_info=&#8221;{}&#8221;][et_pb_divider _builder_version=&#8221;4.19.5&#8243; _module_preset=&#8221;default&#8221; global_colors_info=&#8221;{}&#8221;][\/et_pb_divider][\/et_pb_column][\/et_pb_row][et_pb_row admin_label=&#8221;row&#8221; _builder_version=&#8221;4.16&#8243; background_size=&#8221;initial&#8221; background_position=&#8221;top_left&#8221; background_repeat=&#8221;repeat&#8221; global_colors_info=&#8221;{}&#8221;][et_pb_column type=&#8221;4_4&#8243; _builder_version=&#8221;4.16&#8243; custom_padding=&#8221;|||&#8221; global_colors_info=&#8221;{}&#8221; custom_padding__hover=&#8221;|||&#8221;][et_pb_image src=&#8221;https:\/\/gregorydamy.niceavocats.fr\/wp-content\/uploads\/2023\/07\/light-bulb-1640438_1280-2.jpg&#8221; title_text=&#8221;light-bulb-1640438_1280-2&#8243; _builder_version=&#8221;4.21.0&#8243; _module_preset=&#8221;default&#8221; hover_enabled=&#8221;0&#8243; global_colors_info=&#8221;{}&#8221; sticky_enabled=&#8221;0&#8243;][\/et_pb_image][et_pb_text admin_label=&#8221;Text&#8221; _builder_version=&#8221;4.21.0&#8243; text_font=&#8221;Amiri||||||||&#8221; header_2_font=&#8221;Amiri||||||||&#8221; header_3_font=&#8221;Amiri||||||||&#8221; background_size=&#8221;initial&#8221; background_position=&#8221;top_left&#8221; background_repeat=&#8221;repeat&#8221; hover_enabled=&#8221;0&#8243; global_colors_info=&#8221;{}&#8221; sticky_enabled=&#8221;0&#8243;]<\/p>\n<div class=\"entry-content\">\n<div class=\"et_pb_row et_pb_row_2\">\n<div class=\"et_pb_column et_pb_column_4_4 et_pb_column_4  et_pb_css_mix_blend_mode_passthrough et-last-child\">\n<div class=\"et_pb_module et_pb_text et_pb_text_0  et_pb_text_align_left et_pb_bg_layout_light\">\n<div class=\"et_pb_text_inner\">\n<div class=\"entry-content\">\n<p><span class=\"\"><span>Autorizzazione degli enti In\u00a0<\/span><a href=\"https:\/\/www.legifrance.gouv.fr\/jorf\/id\/JORFTEXT000026326516\"><span>data 3 agosto 2012<\/span><\/a><span>\u00a0\u00e8 stato emanato il decreto di revisione dei massimali dei coefficienti moltiplicatori delle imposte locali sui consumi finali di energia elettrica.\u00a0<\/span><\/span><span>Queste tasse sono imposte agli utenti di energia elettrica e vanno a beneficio del comune, dell&#8217;EPCI (ente pubblico di cooperazione intercomunale) o del servizio che organizza la distribuzione pubblica di energia elettrica.\u00a0L&#8217;ammontare di tali imposte \u00e8 calcolato in base alla quantit\u00e0 di energia elettrica\u00a0\u00a0<\/span><span>consumata\u00a0<\/span><span>\u00a0dagli utenti con potenza sottoscritta inferiore o uguale a 250 kVA.<\/span><\/p>\n<h2><span>Calcolo e applicazione delle tasse elettriche locali: \u2013<\/span><\/h2>\n<p><span>Il decreto ha stabilito le seguenti aliquote di riferimento per i tributi locali sui consumi finali di energia elettrica: 0,75 euro per megawattora (MWh) per i consumi non professionali e professionali con potenza sottoscritta inferiore a 36 kVA e 0,25 euro per MWh per i consumi professionali con una potenza impegnata compresa tra 36 kVA e 250 kVA.\u00a0Tali aliquote di riferimento possono essere adeguate mediante un coefficiente moltiplicatore, determinato annualmente dall&#8217;assemblea deliberante dell&#8217;ente locale competente.\u00a0Il coefficiente moltiplicatore \u00e8 soggetto ad un valore minimo e ad un valore massimo.<\/span><\/p>\n<h2><span>Tariffe di riferimento per le imposte locali sul consumo finale di energia elettrica: \u2013<\/span><\/h2>\n<p><span>Il decreto definisce puntualmente i massimali di tali coefficienti moltiplicatori a partire dal 2013. Pertanto, i Comuni o i loro corrispondenti raggruppamenti hanno la facolt\u00e0 di stabilire, con deliberazione, un coefficiente moltiplicatore compreso tra 0 e 8,28, mentre i dipartimenti possono scegliere un coefficiente moltiplicatore compreso tra 2 e 4.14.\u00a0Ci\u00f2 consente flessibilit\u00e0 nell&#8217;adeguare le imposte locali sul\u00a0 consumo\u00a0<\/span><span>\u00a0di elettricit\u00e0\u00a0<\/span><span>entro limiti prefissati.<\/span><\/p>\n<p><span>Complessivamente, il decreto 3 agosto 2012 funge da quadro normativo per la determinazione dei limiti massimi dei coefficienti moltiplicatori dei tribute locali sui consumi finali di energia elettrica.\u00a0Authorize the local authority to make a decision in merito a tali coefficienti, tenendo conto delle esigenze e delle circostanze specifiche delle rispettive giurisdizioni.<\/span><\/p>\n<h2><a href=\"https:\/\/gregorydamy.niceavocats.fr\/droit-de-la-concurrence-et-de-la-consommation\/\"><span>Conclusione<\/span><\/a><span>\u00a0:-<\/span><\/h2>\n<p><span>In conclusion, il decreto 3 agosto 2012 svolge un ruolo essenziale nella vigilance sul calcolo e sull&#8217;application dei tribute elettrici locali sui consumi finali.\u00a0Fornisce tariffe di riferimento per diversi tipi di consumo e potenza sottoscritta e consente di adeguare tali tariffe per coefficienti moltiplicatori.\u00a0Fissando i limiti massimi di questi coefficienti, il decreto assicura un quadro equilibrato in cui the local authority hanno the flexibility di gestire le cup nel modo che meglio serve the loro comunit\u00e0.<\/span><\/p>\n<h2><span>\u200b<\/span><\/h2>\n<\/div>\n<\/div>\n<\/div>\n<\/div>\n<\/div>\n<div class=\"et_pb_row et_pb_row_3\">\n<div class=\"et_pb_column et_pb_column_4_4 et_pb_column_5  et_pb_css_mix_blend_mode_passthrough et-last-child\">\u00a0<\/div>\n<\/div>\n<\/div>\n<p>[\/et_pb_text][\/et_pb_column][\/et_pb_row][et_pb_row _builder_version=&#8221;4.19.5&#8243; _module_preset=&#8221;default&#8221; custom_margin=&#8221;||0px||false|false&#8221; custom_padding=&#8221;||0px||false|false&#8221; global_colors_info=&#8221;{}&#8221;][et_pb_column type=&#8221;4_4&#8243; _builder_version=&#8221;4.19.5&#8243; _module_preset=&#8221;default&#8221; global_colors_info=&#8221;{}&#8221;][et_pb_divider _builder_version=&#8221;4.19.5&#8243; _module_preset=&#8221;default&#8221; global_colors_info=&#8221;{}&#8221;][\/et_pb_divider][\/et_pb_column][\/et_pb_row][\/et_pb_section]<\/p>\n","protected":false},"excerpt":{"rendered":"<p>Autorizzazione degli enti In\u00a0data 3 agosto 2012\u00a0\u00e8 stato emanato il decreto di revisione dei massimali dei coefficienti moltiplicatori delle imposte locali sui consumi finali di energia elettrica.\u00a0Queste tasse sono imposte agli utenti di energia elettrica e vanno a beneficio del comune, dell&#8217;EPCI (ente pubblico di cooperazione intercomunale) o del servizio che organizza la distribuzione pubblica [&hellip;]<\/p>\n","protected":false},"author":2,"featured_media":0,"comment_status":"open","ping_status":"open","sticky":false,"template":"","format":"standard","meta":{"_et_pb_use_builder":"on","_et_pb_old_content":"","_et_gb_content_width":"","footnotes":""},"categories":[289,298],"tags":[],"class_list":["post-2969","post","type-post","status-publish","format-standard","hentry","category-altro","category-legge-sulla-concorrenza-e-sui-consumatori"],"yoast_head":"<!-- This site is optimized with the Yoast SEO plugin v26.8 - https:\/\/yoast.com\/product\/yoast-seo-wordpress\/ -->\n<title>Decreto 3 agosto 2012: calcolo e applicazione dei tributi locali sull&#039;energia elettrica - Soci\u00e9t\u00e9 d&#039;avocats Damy<\/title>\n<meta name=\"description\" content=\"Decreto 3 agosto 2012: calcolo e applicazione dei tributi locali sull&#039;energia elettrica Autorit\u00e0 delegati In data 3 agosto 2012 \u00e8 stato\" \/>\n<meta name=\"robots\" content=\"index, follow, max-snippet:-1, max-image-preview:large, max-video-preview:-1\" \/>\n<link rel=\"canonical\" href=\"https:\/\/gregorydamy.niceavocats.fr\/it\/autorita-responsabilizzanti\/\" \/>\n<meta property=\"og:locale\" content=\"it_IT\" \/>\n<meta property=\"og:type\" content=\"article\" \/>\n<meta property=\"og:title\" content=\"Decreto 3 agosto 2012: calcolo e applicazione dei tributi locali sull&#039;energia elettrica - Soci\u00e9t\u00e9 d&#039;avocats Damy\" \/>\n<meta property=\"og:description\" content=\"Decreto 3 agosto 2012: calcolo e applicazione dei tributi locali sull&#039;energia elettrica Autorit\u00e0 delegati In data 3 agosto 2012 \u00e8 stato\" \/>\n<meta property=\"og:url\" content=\"https:\/\/gregorydamy.niceavocats.fr\/it\/autorita-responsabilizzanti\/\" \/>\n<meta property=\"og:site_name\" content=\"Soci\u00e9t\u00e9 d&#039;avocats Damy\" \/>\n<meta property=\"article:publisher\" content=\"https:\/\/www.facebook.com\/niceavocats.fr\/\" \/>\n<meta property=\"article:published_time\" content=\"2012-09-04T08:04:43+00:00\" \/>\n<meta property=\"article:modified_time\" content=\"2023-08-03T07:30:39+00:00\" \/>\n<meta name=\"author\" content=\"Kevin\" \/>\n<meta name=\"twitter:card\" content=\"summary_large_image\" \/>\n<meta name=\"twitter:label1\" content=\"Scritto da\" \/>\n\t<meta name=\"twitter:data1\" content=\"Kevin\" \/>\n\t<meta name=\"twitter:label2\" content=\"Tempo di lettura stimato\" \/>\n\t<meta name=\"twitter:data2\" content=\"3 minuti\" \/>\n<script type=\"application\/ld+json\" class=\"yoast-schema-graph\">{\"@context\":\"https:\/\/schema.org\",\"@graph\":[{\"@type\":\"Article\",\"@id\":\"https:\/\/gregorydamy.niceavocats.fr\/it\/autorita-responsabilizzanti\/#article\",\"isPartOf\":{\"@id\":\"https:\/\/gregorydamy.niceavocats.fr\/it\/autorita-responsabilizzanti\/\"},\"author\":{\"name\":\"Kevin\",\"@id\":\"https:\/\/gregorydamy.niceavocats.fr\/it\/#\/schema\/person\/e040acb2856efaa1e114d0e7a92a3870\"},\"headline\":\"Decreto 3 agosto 2012: calcolo e applicazione dei tributi locali sull&#8217;energia elettrica\",\"datePublished\":\"2012-09-04T08:04:43+00:00\",\"dateModified\":\"2023-08-03T07:30:39+00:00\",\"mainEntityOfPage\":{\"@id\":\"https:\/\/gregorydamy.niceavocats.fr\/it\/autorita-responsabilizzanti\/\"},\"wordCount\":745,\"commentCount\":0,\"publisher\":{\"@id\":\"https:\/\/gregorydamy.niceavocats.fr\/it\/#organization\"},\"articleSection\":[\"Altro\",\"Legge sulla concorrenza e sui consumatori\"],\"inLanguage\":\"it-IT\",\"potentialAction\":[{\"@type\":\"CommentAction\",\"name\":\"Comment\",\"target\":[\"https:\/\/gregorydamy.niceavocats.fr\/it\/autorita-responsabilizzanti\/#respond\"]}]},{\"@type\":\"WebPage\",\"@id\":\"https:\/\/gregorydamy.niceavocats.fr\/it\/autorita-responsabilizzanti\/\",\"url\":\"https:\/\/gregorydamy.niceavocats.fr\/it\/autorita-responsabilizzanti\/\",\"name\":\"Decreto 3 agosto 2012: calcolo e applicazione dei tributi locali sull'energia elettrica - Soci\u00e9t\u00e9 d&#039;avocats Damy\",\"isPartOf\":{\"@id\":\"https:\/\/gregorydamy.niceavocats.fr\/it\/#website\"},\"datePublished\":\"2012-09-04T08:04:43+00:00\",\"dateModified\":\"2023-08-03T07:30:39+00:00\",\"description\":\"Decreto 3 agosto 2012: calcolo e applicazione dei tributi locali sull'energia elettrica Autorit\u00e0 delegati In data 3 agosto 2012 \u00e8 stato\",\"breadcrumb\":{\"@id\":\"https:\/\/gregorydamy.niceavocats.fr\/it\/autorita-responsabilizzanti\/#breadcrumb\"},\"inLanguage\":\"it-IT\",\"potentialAction\":[{\"@type\":\"ReadAction\",\"target\":[\"https:\/\/gregorydamy.niceavocats.fr\/it\/autorita-responsabilizzanti\/\"]}]},{\"@type\":\"BreadcrumbList\",\"@id\":\"https:\/\/gregorydamy.niceavocats.fr\/it\/autorita-responsabilizzanti\/#breadcrumb\",\"itemListElement\":[{\"@type\":\"ListItem\",\"position\":1,\"name\":\"Accueil\",\"item\":\"https:\/\/gregorydamy.niceavocats.fr\/it\/\"},{\"@type\":\"ListItem\",\"position\":2,\"name\":\"Decreto 3 agosto 2012: calcolo e applicazione dei tributi locali sull&rsquo;energia elettrica\"}]},{\"@type\":\"WebSite\",\"@id\":\"https:\/\/gregorydamy.niceavocats.fr\/it\/#website\",\"url\":\"https:\/\/gregorydamy.niceavocats.fr\/it\/\",\"name\":\"Soci\u00e9t\u00e9 d&#039;avocats Damy\",\"description\":\"Justice - Confiance - Efficacit\u00e9\",\"publisher\":{\"@id\":\"https:\/\/gregorydamy.niceavocats.fr\/it\/#organization\"},\"potentialAction\":[{\"@type\":\"SearchAction\",\"target\":{\"@type\":\"EntryPoint\",\"urlTemplate\":\"https:\/\/gregorydamy.niceavocats.fr\/it\/?s={search_term_string}\"},\"query-input\":{\"@type\":\"PropertyValueSpecification\",\"valueRequired\":true,\"valueName\":\"search_term_string\"}}],\"inLanguage\":\"it-IT\"},{\"@type\":\"Organization\",\"@id\":\"https:\/\/gregorydamy.niceavocats.fr\/it\/#organization\",\"name\":\"Soci\u00e9t\u00e9 d'Avocats DAMY\",\"alternateName\":\"Gr\u00e9gory DAMY\",\"url\":\"https:\/\/gregorydamy.niceavocats.fr\/it\/\",\"logo\":{\"@type\":\"ImageObject\",\"inLanguage\":\"it-IT\",\"@id\":\"https:\/\/gregorydamy.niceavocats.fr\/it\/#\/schema\/logo\/image\/\",\"url\":\"https:\/\/gregorydamy.niceavocats.fr\/wp-content\/uploads\/2023\/04\/damylogo-1.png\",\"contentUrl\":\"https:\/\/gregorydamy.niceavocats.fr\/wp-content\/uploads\/2023\/04\/damylogo-1.png\",\"width\":1890,\"height\":1417,\"caption\":\"Soci\u00e9t\u00e9 d'Avocats DAMY\"},\"image\":{\"@id\":\"https:\/\/gregorydamy.niceavocats.fr\/it\/#\/schema\/logo\/image\/\"},\"sameAs\":[\"https:\/\/www.facebook.com\/niceavocats.fr\/\"]},{\"@type\":\"Person\",\"@id\":\"https:\/\/gregorydamy.niceavocats.fr\/it\/#\/schema\/person\/e040acb2856efaa1e114d0e7a92a3870\",\"name\":\"Kevin\",\"url\":\"https:\/\/gregorydamy.niceavocats.fr\/it\/author\/kevin\/\"}]}<\/script>\n<!-- \/ Yoast SEO plugin. -->","yoast_head_json":{"title":"Decreto 3 agosto 2012: calcolo e applicazione dei tributi locali sull'energia elettrica - Soci\u00e9t\u00e9 d&#039;avocats Damy","description":"Decreto 3 agosto 2012: calcolo e applicazione dei tributi locali sull'energia elettrica Autorit\u00e0 delegati In data 3 agosto 2012 \u00e8 stato","robots":{"index":"index","follow":"follow","max-snippet":"max-snippet:-1","max-image-preview":"max-image-preview:large","max-video-preview":"max-video-preview:-1"},"canonical":"https:\/\/gregorydamy.niceavocats.fr\/it\/autorita-responsabilizzanti\/","og_locale":"it_IT","og_type":"article","og_title":"Decreto 3 agosto 2012: calcolo e applicazione dei tributi locali sull'energia elettrica - Soci\u00e9t\u00e9 d&#039;avocats Damy","og_description":"Decreto 3 agosto 2012: calcolo e applicazione dei tributi locali sull'energia elettrica Autorit\u00e0 delegati In data 3 agosto 2012 \u00e8 stato","og_url":"https:\/\/gregorydamy.niceavocats.fr\/it\/autorita-responsabilizzanti\/","og_site_name":"Soci\u00e9t\u00e9 d&#039;avocats Damy","article_publisher":"https:\/\/www.facebook.com\/niceavocats.fr\/","article_published_time":"2012-09-04T08:04:43+00:00","article_modified_time":"2023-08-03T07:30:39+00:00","author":"Kevin","twitter_card":"summary_large_image","twitter_misc":{"Scritto da":"Kevin","Tempo di lettura stimato":"3 minuti"},"schema":{"@context":"https:\/\/schema.org","@graph":[{"@type":"Article","@id":"https:\/\/gregorydamy.niceavocats.fr\/it\/autorita-responsabilizzanti\/#article","isPartOf":{"@id":"https:\/\/gregorydamy.niceavocats.fr\/it\/autorita-responsabilizzanti\/"},"author":{"name":"Kevin","@id":"https:\/\/gregorydamy.niceavocats.fr\/it\/#\/schema\/person\/e040acb2856efaa1e114d0e7a92a3870"},"headline":"Decreto 3 agosto 2012: calcolo e applicazione dei tributi locali sull&#8217;energia elettrica","datePublished":"2012-09-04T08:04:43+00:00","dateModified":"2023-08-03T07:30:39+00:00","mainEntityOfPage":{"@id":"https:\/\/gregorydamy.niceavocats.fr\/it\/autorita-responsabilizzanti\/"},"wordCount":745,"commentCount":0,"publisher":{"@id":"https:\/\/gregorydamy.niceavocats.fr\/it\/#organization"},"articleSection":["Altro","Legge sulla concorrenza e sui consumatori"],"inLanguage":"it-IT","potentialAction":[{"@type":"CommentAction","name":"Comment","target":["https:\/\/gregorydamy.niceavocats.fr\/it\/autorita-responsabilizzanti\/#respond"]}]},{"@type":"WebPage","@id":"https:\/\/gregorydamy.niceavocats.fr\/it\/autorita-responsabilizzanti\/","url":"https:\/\/gregorydamy.niceavocats.fr\/it\/autorita-responsabilizzanti\/","name":"Decreto 3 agosto 2012: calcolo e applicazione dei tributi locali sull'energia elettrica - Soci\u00e9t\u00e9 d&#039;avocats Damy","isPartOf":{"@id":"https:\/\/gregorydamy.niceavocats.fr\/it\/#website"},"datePublished":"2012-09-04T08:04:43+00:00","dateModified":"2023-08-03T07:30:39+00:00","description":"Decreto 3 agosto 2012: calcolo e applicazione dei tributi locali sull'energia elettrica Autorit\u00e0 delegati In data 3 agosto 2012 \u00e8 stato","breadcrumb":{"@id":"https:\/\/gregorydamy.niceavocats.fr\/it\/autorita-responsabilizzanti\/#breadcrumb"},"inLanguage":"it-IT","potentialAction":[{"@type":"ReadAction","target":["https:\/\/gregorydamy.niceavocats.fr\/it\/autorita-responsabilizzanti\/"]}]},{"@type":"BreadcrumbList","@id":"https:\/\/gregorydamy.niceavocats.fr\/it\/autorita-responsabilizzanti\/#breadcrumb","itemListElement":[{"@type":"ListItem","position":1,"name":"Accueil","item":"https:\/\/gregorydamy.niceavocats.fr\/it\/"},{"@type":"ListItem","position":2,"name":"Decreto 3 agosto 2012: calcolo e applicazione dei tributi locali sull&rsquo;energia elettrica"}]},{"@type":"WebSite","@id":"https:\/\/gregorydamy.niceavocats.fr\/it\/#website","url":"https:\/\/gregorydamy.niceavocats.fr\/it\/","name":"Soci\u00e9t\u00e9 d&#039;avocats Damy","description":"Justice - Confiance - Efficacit\u00e9","publisher":{"@id":"https:\/\/gregorydamy.niceavocats.fr\/it\/#organization"},"potentialAction":[{"@type":"SearchAction","target":{"@type":"EntryPoint","urlTemplate":"https:\/\/gregorydamy.niceavocats.fr\/it\/?s={search_term_string}"},"query-input":{"@type":"PropertyValueSpecification","valueRequired":true,"valueName":"search_term_string"}}],"inLanguage":"it-IT"},{"@type":"Organization","@id":"https:\/\/gregorydamy.niceavocats.fr\/it\/#organization","name":"Soci\u00e9t\u00e9 d'Avocats DAMY","alternateName":"Gr\u00e9gory DAMY","url":"https:\/\/gregorydamy.niceavocats.fr\/it\/","logo":{"@type":"ImageObject","inLanguage":"it-IT","@id":"https:\/\/gregorydamy.niceavocats.fr\/it\/#\/schema\/logo\/image\/","url":"https:\/\/gregorydamy.niceavocats.fr\/wp-content\/uploads\/2023\/04\/damylogo-1.png","contentUrl":"https:\/\/gregorydamy.niceavocats.fr\/wp-content\/uploads\/2023\/04\/damylogo-1.png","width":1890,"height":1417,"caption":"Soci\u00e9t\u00e9 d'Avocats DAMY"},"image":{"@id":"https:\/\/gregorydamy.niceavocats.fr\/it\/#\/schema\/logo\/image\/"},"sameAs":["https:\/\/www.facebook.com\/niceavocats.fr\/"]},{"@type":"Person","@id":"https:\/\/gregorydamy.niceavocats.fr\/it\/#\/schema\/person\/e040acb2856efaa1e114d0e7a92a3870","name":"Kevin","url":"https:\/\/gregorydamy.niceavocats.fr\/it\/author\/kevin\/"}]}},"_links":{"self":[{"href":"https:\/\/gregorydamy.niceavocats.fr\/it\/wp-json\/wp\/v2\/posts\/2969","targetHints":{"allow":["GET"]}}],"collection":[{"href":"https:\/\/gregorydamy.niceavocats.fr\/it\/wp-json\/wp\/v2\/posts"}],"about":[{"href":"https:\/\/gregorydamy.niceavocats.fr\/it\/wp-json\/wp\/v2\/types\/post"}],"author":[{"embeddable":true,"href":"https:\/\/gregorydamy.niceavocats.fr\/it\/wp-json\/wp\/v2\/users\/2"}],"replies":[{"embeddable":true,"href":"https:\/\/gregorydamy.niceavocats.fr\/it\/wp-json\/wp\/v2\/comments?post=2969"}],"version-history":[{"count":0,"href":"https:\/\/gregorydamy.niceavocats.fr\/it\/wp-json\/wp\/v2\/posts\/2969\/revisions"}],"wp:attachment":[{"href":"https:\/\/gregorydamy.niceavocats.fr\/it\/wp-json\/wp\/v2\/media?parent=2969"}],"wp:term":[{"taxonomy":"category","embeddable":true,"href":"https:\/\/gregorydamy.niceavocats.fr\/it\/wp-json\/wp\/v2\/categories?post=2969"},{"taxonomy":"post_tag","embeddable":true,"href":"https:\/\/gregorydamy.niceavocats.fr\/it\/wp-json\/wp\/v2\/tags?post=2969"}],"curies":[{"name":"wp","href":"https:\/\/api.w.org\/{rel}","templated":true}]}}