{"id":2827,"date":"2012-09-04T07:57:32","date_gmt":"2012-09-04T07:57:32","guid":{"rendered":"https:\/\/gregorydamy.niceavocats.fr\/?p=2827"},"modified":"2023-08-30T07:01:50","modified_gmt":"2023-08-30T07:01:50","slug":"risoluzione-e-trasferimento-dei-contratti-di-lavoro-dei-dipendenti-tutelati","status":"publish","type":"post","link":"https:\/\/gregorydamy.niceavocats.fr\/it\/risoluzione-e-trasferimento-dei-contratti-di-lavoro-dei-dipendenti-tutelati\/","title":{"rendered":"Risoluzione e trasferimento dei contratti di lavoro dei dipendenti tutelati"},"content":{"rendered":"<p>[et_pb_section fb_built=&#8221;1&#8243; admin_label=&#8221;section&#8221; _builder_version=&#8221;4.19.5&#8243; custom_margin=&#8221;||0px||false|false&#8221; custom_padding=&#8221;||0px||false|false&#8221; locked=&#8221;off&#8221; global_colors_info=&#8221;{}&#8221;][et_pb_row column_structure=&#8221;1_3,1_3,1_3&#8243; _builder_version=&#8221;4.19.5&#8243; _module_preset=&#8221;default&#8221; background_enable_mask_style=&#8221;on&#8221; background_mask_style=&#8221;wave&#8221; background_mask_color=&#8221;rgba(0,0,0,0.08)&#8221; custom_padding=&#8221;||6px|||&#8221; locked=&#8221;off&#8221; global_colors_info=&#8221;{}&#8221;][et_pb_column type=&#8221;1_3&#8243; _builder_version=&#8221;4.19.5&#8243; _module_preset=&#8221;default&#8221; global_colors_info=&#8221;{}&#8221;][\/et_pb_column][et_pb_column type=&#8221;1_3&#8243; _builder_version=&#8221;4.19.5&#8243; _module_preset=&#8221;default&#8221; global_colors_info=&#8221;{}&#8221;][\/et_pb_column][et_pb_column type=&#8221;1_3&#8243; _builder_version=&#8221;4.19.5&#8243; _module_preset=&#8221;default&#8221; global_colors_info=&#8221;{}&#8221;][et_pb_circle_counter title=&#8221;Tempo di lettura stimato (in minuti)&#8221; number=&#8221;2&#8243; percent_sign=&#8221;off&#8221; _builder_version=&#8221;4.19.5&#8243; _module_preset=&#8221;default&#8221; title_font=&#8221;Amiri||||||||&#8221; max_width=&#8221;137px&#8221; global_colors_info=&#8221;{}&#8221;][\/et_pb_circle_counter][\/et_pb_column][\/et_pb_row][et_pb_row _builder_version=&#8221;4.19.5&#8243; _module_preset=&#8221;default&#8221; custom_margin=&#8221;||0px||false|false&#8221; custom_padding=&#8221;||0px||false|false&#8221; global_colors_info=&#8221;{}&#8221;][et_pb_column type=&#8221;4_4&#8243; _builder_version=&#8221;4.19.5&#8243; _module_preset=&#8221;default&#8221; global_colors_info=&#8221;{}&#8221;][et_pb_divider _builder_version=&#8221;4.19.5&#8243; _module_preset=&#8221;default&#8221; global_colors_info=&#8221;{}&#8221;][\/et_pb_divider][\/et_pb_column][\/et_pb_row][et_pb_row admin_label=&#8221;row&#8221; _builder_version=&#8221;4.16&#8243; background_size=&#8221;initial&#8221; background_position=&#8221;top_left&#8221; background_repeat=&#8221;repeat&#8221; global_colors_info=&#8221;{}&#8221;][et_pb_column type=&#8221;4_4&#8243; _builder_version=&#8221;4.16&#8243; custom_padding=&#8221;|||&#8221; global_colors_info=&#8221;{}&#8221; custom_padding__hover=&#8221;|||&#8221;][et_pb_image src=&#8221;https:\/\/gregorydamy.niceavocats.fr\/wp-content\/uploads\/2023\/08\/contract-6945640_1280-2.png&#8221; title_text=&#8221;contract-6945640_1280-2&#8243; _builder_version=&#8221;4.21.0&#8243; _module_preset=&#8221;default&#8221; hover_enabled=&#8221;0&#8243; global_colors_info=&#8221;{}&#8221; alt=&#8221;Licenciement \u00e9conomique &#8221; sticky_enabled=&#8221;0&#8243;][\/et_pb_image][et_pb_text admin_label=&#8221;Text&#8221; _builder_version=&#8221;4.21.0&#8243; text_font=&#8221;Amiri||||||||&#8221; header_2_font=&#8221;Amiri||||||||&#8221; header_3_font=&#8221;Amiri||||||||&#8221; background_size=&#8221;initial&#8221; background_position=&#8221;top_left&#8221; background_repeat=&#8221;repeat&#8221; hover_enabled=&#8221;0&#8243; global_colors_info=&#8221;{}&#8221; sticky_enabled=&#8221;0&#8243;]<\/p>\n<div class=\"entry-content\">\n<p><span class=\"\"><span>\u00c8 stata pubblicata una circolare ministeriale Orientations &amp; Contr\u00f4le per fornire un quadro completo delle modalit\u00e0 di istruzione e controllo delle richieste di autorizzazione alla risoluzione o al trasferimento del contratto di lavoro dei\u00a0<\/span><a href=\"https:\/\/travail-emploi.gouv.fr\/dialogue-social\/le-comite-social-et-economique\/article\/la-protection-en-cas-de-licenciement\"><span>dipendenti tutelati<\/span><\/a><span>\u00a0.\u00a0<\/span><\/span><span class=\"\"><span>La circolare riconosce il maggior controllo dei giudici nel controllo delle decisioni dell&#8217;autorit\u00e0 amministrativa, in particolare per quanto riguarda la motivazione, la regolarit\u00e0 del procedimento e il rispetto dei principi di equit\u00e0 nella fase di esame delle istanze di\u00a0\u00a0<\/span><\/span><span class=\"\"><span>autorizzazione\u00a0<\/span><\/span><span class=\"\"><span>\u00a0. autorizzazione.<\/span><\/span><\/p>\n<h2><span>Rafforzare il controllo giudiziario: motivazioni, procedure e principi contraddittori: &#8211;<\/span><\/h2>\n<p><span>Strutturata in schede tematiche, la presente circolare affronta diversi aspetti legati alle richieste di autorizzazione.\u00a0Copre argomenti quali la competenza degli ispettori del lavoro, lo svolgimento di indagini approfondite, la garanzia del rispetto delle procedure legali e contrattuali, la comprensione dei motivi per richiedere l&#8217;autorizzazione, la redazione di dichiarazioni motivazionali efficaci, la corretta notifica della richiesta e la gestione delle ripercussioni di revocazioni delle decisioni contestate .\u00a0Consolidando queste informazioni, la circolare mira a snellire l\u2019iter autorizzativo e\u00a0\u00a0<\/span><span>a migliorare\u00a0<\/span><span>\u00a0la chiarezza per tutti i soggetti coinvolti.<\/span><\/p>\n<p><span>Un aspetto chiave evidenziato nella circolare \u00e8 la necessit\u00e0 di un&#8217;attenta valutazione e motivazione delle richieste di autorizzazione.\u00a0L&#8217;autorit\u00e0 amministrativa \u00e8 invitata a fornire motivazioni approfondite, tenendo conto del quadro giuridico e regolamentare, garantendo nel contempo il rispetto dei contratti collettivi applicabili.\u00a0La circolare sottolinea l&#8217;importanza del principio del contraddittorio, secondo il quale tutte le parti interessate hanno la possibilit\u00e0 di presentare le proprie argomentazioni e prove prima che venga presa una decisione.<\/span><\/p>\n<h2><span>File tematici: risoluzione dei problemi chiave nelle richieste di autorizzazione: \u2013<\/span><\/h2>\n<p><span>Inoltre, la circolare sottolinea l&#8217;importanza di rispettare le opportune procedure durante tutto l&#8217;iter autorizzativo.\u00a0Sottolinea il ruolo degli ispettori del lavoro nel valutare il merito di ciascun caso e nel verificare che la richiesta sia conforme ai requisiti legali.\u00a0La circolare sottolinea inoltre la necessit\u00e0 di una comunicazione chiara e tempestiva, sia per informare i dipendenti della richiesta, sia per garantire che le parti interessate siano informate della decisione e delle sue potenziali implicazioni.<\/span><\/p>\n<p><span>La circolare, infine, precisa che annulla e sostituisce ogni precedente circolare in materia, consolidando e aggiornando le linee guida per il trattamento delle richieste di autorizzazione.<\/span><\/p>\n<p><span>In conclusione, la circolare ministeriale funge da guida completa, presentando le linee guida e le procedure per l&#8217;esame e il monitoraggio delle richieste di risoluzione o trasferimento dei contratti di lavoro dei dipendenti tutelati.\u00a0<\/span><span class=\"VIpgJd-yAWNEb-VIpgJd-fmcmS-sn54Q\"><span>Affrontando le principali aree di interesse, garantendo il rispetto dei requisiti legali e procedurali e sottolineando l&#8217;importanza della motivazione e dell&#8217;equit\u00e0, la circolare mira a facilitare un processo trasparente ed efficiente nel rispetto dei diritti e della protezione dei dipendenti.\u00a0<\/span><\/span><\/p>\n<p><a href=\"https:\/\/gregorydamy.niceavocats.fr\/\"><span>Studio Legale DAMY<\/span><\/a><span>\u00a0.\u00a0<\/span><\/p>\n<\/div>\n<p>[\/et_pb_text][\/et_pb_column][\/et_pb_row][et_pb_row _builder_version=&#8221;4.19.5&#8243; _module_preset=&#8221;default&#8221; custom_margin=&#8221;||0px||false|false&#8221; custom_padding=&#8221;||0px||false|false&#8221; global_colors_info=&#8221;{}&#8221;][et_pb_column type=&#8221;4_4&#8243; _builder_version=&#8221;4.19.5&#8243; _module_preset=&#8221;default&#8221; global_colors_info=&#8221;{}&#8221;][et_pb_divider _builder_version=&#8221;4.19.5&#8243; _module_preset=&#8221;default&#8221; global_colors_info=&#8221;{}&#8221;][\/et_pb_divider][\/et_pb_column][\/et_pb_row][\/et_pb_section]<\/p>\n","protected":false},"excerpt":{"rendered":"<p>\u00c8 stata pubblicata una circolare ministeriale Orientations &amp; Contr\u00f4le per fornire un quadro completo delle modalit\u00e0 di istruzione e controllo delle richieste di autorizzazione alla risoluzione o al trasferimento del contratto di lavoro dei\u00a0dipendenti tutelati\u00a0.\u00a0La circolare riconosce il maggior controllo dei giudici nel controllo delle decisioni dell&#8217;autorit\u00e0 amministrativa, in particolare per quanto riguarda la motivazione, [&hellip;]<\/p>\n","protected":false},"author":2,"featured_media":0,"comment_status":"open","ping_status":"open","sticky":false,"template":"","format":"standard","meta":{"_et_pb_use_builder":"on","_et_pb_old_content":"","_et_gb_content_width":"","footnotes":""},"categories":[316],"tags":[],"class_list":["post-2827","post","type-post","status-publish","format-standard","hentry","category-diritto-del-lavoro"],"yoast_head":"<!-- This site is optimized with the Yoast SEO plugin v26.8 - https:\/\/yoast.com\/product\/yoast-seo-wordpress\/ -->\n<title>Risoluzione e trasferimento dei contratti di lavoro dei dipendenti tutelati - Soci\u00e9t\u00e9 d&#039;avocats Damy<\/title>\n<meta name=\"description\" content=\"Risoluzione e trasferimento dei contratti di lavoro dei dipendenti tutelati \u00c8 stata emanata la circolare ministeriale Linee guida e controllo\" \/>\n<meta name=\"robots\" content=\"index, follow, max-snippet:-1, max-image-preview:large, max-video-preview:-1\" \/>\n<link rel=\"canonical\" href=\"https:\/\/gregorydamy.niceavocats.fr\/it\/risoluzione-e-trasferimento-dei-contratti-di-lavoro-dei-dipendenti-tutelati\/\" \/>\n<meta property=\"og:locale\" content=\"it_IT\" \/>\n<meta property=\"og:type\" content=\"article\" \/>\n<meta property=\"og:title\" content=\"Risoluzione e trasferimento dei contratti di lavoro dei dipendenti tutelati - Soci\u00e9t\u00e9 d&#039;avocats Damy\" \/>\n<meta property=\"og:description\" content=\"Risoluzione e trasferimento dei contratti di lavoro dei dipendenti tutelati \u00c8 stata emanata la circolare ministeriale Linee guida e controllo\" \/>\n<meta property=\"og:url\" content=\"https:\/\/gregorydamy.niceavocats.fr\/it\/risoluzione-e-trasferimento-dei-contratti-di-lavoro-dei-dipendenti-tutelati\/\" \/>\n<meta property=\"og:site_name\" content=\"Soci\u00e9t\u00e9 d&#039;avocats Damy\" \/>\n<meta property=\"article:publisher\" content=\"https:\/\/www.facebook.com\/niceavocats.fr\/\" \/>\n<meta property=\"article:published_time\" content=\"2012-09-04T07:57:32+00:00\" \/>\n<meta property=\"article:modified_time\" content=\"2023-08-30T07:01:50+00:00\" \/>\n<meta name=\"author\" content=\"Kevin\" \/>\n<meta name=\"twitter:card\" content=\"summary_large_image\" \/>\n<meta name=\"twitter:label1\" content=\"Scritto da\" \/>\n\t<meta name=\"twitter:data1\" content=\"Kevin\" \/>\n\t<meta name=\"twitter:label2\" content=\"Tempo di lettura stimato\" \/>\n\t<meta name=\"twitter:data2\" content=\"3 minuti\" \/>\n<script type=\"application\/ld+json\" class=\"yoast-schema-graph\">{\"@context\":\"https:\/\/schema.org\",\"@graph\":[{\"@type\":\"Article\",\"@id\":\"https:\/\/gregorydamy.niceavocats.fr\/it\/risoluzione-e-trasferimento-dei-contratti-di-lavoro-dei-dipendenti-tutelati\/#article\",\"isPartOf\":{\"@id\":\"https:\/\/gregorydamy.niceavocats.fr\/it\/risoluzione-e-trasferimento-dei-contratti-di-lavoro-dei-dipendenti-tutelati\/\"},\"author\":{\"name\":\"Kevin\",\"@id\":\"https:\/\/gregorydamy.niceavocats.fr\/it\/#\/schema\/person\/e040acb2856efaa1e114d0e7a92a3870\"},\"headline\":\"Risoluzione e trasferimento dei contratti di lavoro dei dipendenti tutelati\",\"datePublished\":\"2012-09-04T07:57:32+00:00\",\"dateModified\":\"2023-08-30T07:01:50+00:00\",\"mainEntityOfPage\":{\"@id\":\"https:\/\/gregorydamy.niceavocats.fr\/it\/risoluzione-e-trasferimento-dei-contratti-di-lavoro-dei-dipendenti-tutelati\/\"},\"wordCount\":811,\"commentCount\":0,\"publisher\":{\"@id\":\"https:\/\/gregorydamy.niceavocats.fr\/it\/#organization\"},\"articleSection\":[\"Diritto del lavoro\"],\"inLanguage\":\"it-IT\",\"potentialAction\":[{\"@type\":\"CommentAction\",\"name\":\"Comment\",\"target\":[\"https:\/\/gregorydamy.niceavocats.fr\/it\/risoluzione-e-trasferimento-dei-contratti-di-lavoro-dei-dipendenti-tutelati\/#respond\"]}]},{\"@type\":\"WebPage\",\"@id\":\"https:\/\/gregorydamy.niceavocats.fr\/it\/risoluzione-e-trasferimento-dei-contratti-di-lavoro-dei-dipendenti-tutelati\/\",\"url\":\"https:\/\/gregorydamy.niceavocats.fr\/it\/risoluzione-e-trasferimento-dei-contratti-di-lavoro-dei-dipendenti-tutelati\/\",\"name\":\"Risoluzione e trasferimento dei contratti di lavoro dei dipendenti tutelati - Soci\u00e9t\u00e9 d&#039;avocats Damy\",\"isPartOf\":{\"@id\":\"https:\/\/gregorydamy.niceavocats.fr\/it\/#website\"},\"datePublished\":\"2012-09-04T07:57:32+00:00\",\"dateModified\":\"2023-08-30T07:01:50+00:00\",\"description\":\"Risoluzione e trasferimento dei contratti di lavoro dei dipendenti tutelati \u00c8 stata emanata la circolare ministeriale Linee guida e controllo\",\"breadcrumb\":{\"@id\":\"https:\/\/gregorydamy.niceavocats.fr\/it\/risoluzione-e-trasferimento-dei-contratti-di-lavoro-dei-dipendenti-tutelati\/#breadcrumb\"},\"inLanguage\":\"it-IT\",\"potentialAction\":[{\"@type\":\"ReadAction\",\"target\":[\"https:\/\/gregorydamy.niceavocats.fr\/it\/risoluzione-e-trasferimento-dei-contratti-di-lavoro-dei-dipendenti-tutelati\/\"]}]},{\"@type\":\"BreadcrumbList\",\"@id\":\"https:\/\/gregorydamy.niceavocats.fr\/it\/risoluzione-e-trasferimento-dei-contratti-di-lavoro-dei-dipendenti-tutelati\/#breadcrumb\",\"itemListElement\":[{\"@type\":\"ListItem\",\"position\":1,\"name\":\"Accueil\",\"item\":\"https:\/\/gregorydamy.niceavocats.fr\/it\/\"},{\"@type\":\"ListItem\",\"position\":2,\"name\":\"Risoluzione e trasferimento dei contratti di lavoro dei dipendenti tutelati\"}]},{\"@type\":\"WebSite\",\"@id\":\"https:\/\/gregorydamy.niceavocats.fr\/it\/#website\",\"url\":\"https:\/\/gregorydamy.niceavocats.fr\/it\/\",\"name\":\"Soci\u00e9t\u00e9 d&#039;avocats Damy\",\"description\":\"Justice - Confiance - Efficacit\u00e9\",\"publisher\":{\"@id\":\"https:\/\/gregorydamy.niceavocats.fr\/it\/#organization\"},\"potentialAction\":[{\"@type\":\"SearchAction\",\"target\":{\"@type\":\"EntryPoint\",\"urlTemplate\":\"https:\/\/gregorydamy.niceavocats.fr\/it\/?s={search_term_string}\"},\"query-input\":{\"@type\":\"PropertyValueSpecification\",\"valueRequired\":true,\"valueName\":\"search_term_string\"}}],\"inLanguage\":\"it-IT\"},{\"@type\":\"Organization\",\"@id\":\"https:\/\/gregorydamy.niceavocats.fr\/it\/#organization\",\"name\":\"Soci\u00e9t\u00e9 d'Avocats DAMY\",\"alternateName\":\"Gr\u00e9gory DAMY\",\"url\":\"https:\/\/gregorydamy.niceavocats.fr\/it\/\",\"logo\":{\"@type\":\"ImageObject\",\"inLanguage\":\"it-IT\",\"@id\":\"https:\/\/gregorydamy.niceavocats.fr\/it\/#\/schema\/logo\/image\/\",\"url\":\"https:\/\/gregorydamy.niceavocats.fr\/wp-content\/uploads\/2023\/04\/damylogo-1.png\",\"contentUrl\":\"https:\/\/gregorydamy.niceavocats.fr\/wp-content\/uploads\/2023\/04\/damylogo-1.png\",\"width\":1890,\"height\":1417,\"caption\":\"Soci\u00e9t\u00e9 d'Avocats DAMY\"},\"image\":{\"@id\":\"https:\/\/gregorydamy.niceavocats.fr\/it\/#\/schema\/logo\/image\/\"},\"sameAs\":[\"https:\/\/www.facebook.com\/niceavocats.fr\/\"]},{\"@type\":\"Person\",\"@id\":\"https:\/\/gregorydamy.niceavocats.fr\/it\/#\/schema\/person\/e040acb2856efaa1e114d0e7a92a3870\",\"name\":\"Kevin\",\"url\":\"https:\/\/gregorydamy.niceavocats.fr\/it\/author\/kevin\/\"}]}<\/script>\n<!-- \/ Yoast SEO plugin. -->","yoast_head_json":{"title":"Risoluzione e trasferimento dei contratti di lavoro dei dipendenti tutelati - Soci\u00e9t\u00e9 d&#039;avocats Damy","description":"Risoluzione e trasferimento dei contratti di lavoro dei dipendenti tutelati \u00c8 stata emanata la circolare ministeriale Linee guida e controllo","robots":{"index":"index","follow":"follow","max-snippet":"max-snippet:-1","max-image-preview":"max-image-preview:large","max-video-preview":"max-video-preview:-1"},"canonical":"https:\/\/gregorydamy.niceavocats.fr\/it\/risoluzione-e-trasferimento-dei-contratti-di-lavoro-dei-dipendenti-tutelati\/","og_locale":"it_IT","og_type":"article","og_title":"Risoluzione e trasferimento dei contratti di lavoro dei dipendenti tutelati - Soci\u00e9t\u00e9 d&#039;avocats Damy","og_description":"Risoluzione e trasferimento dei contratti di lavoro dei dipendenti tutelati \u00c8 stata emanata la circolare ministeriale Linee guida e controllo","og_url":"https:\/\/gregorydamy.niceavocats.fr\/it\/risoluzione-e-trasferimento-dei-contratti-di-lavoro-dei-dipendenti-tutelati\/","og_site_name":"Soci\u00e9t\u00e9 d&#039;avocats Damy","article_publisher":"https:\/\/www.facebook.com\/niceavocats.fr\/","article_published_time":"2012-09-04T07:57:32+00:00","article_modified_time":"2023-08-30T07:01:50+00:00","author":"Kevin","twitter_card":"summary_large_image","twitter_misc":{"Scritto da":"Kevin","Tempo di lettura stimato":"3 minuti"},"schema":{"@context":"https:\/\/schema.org","@graph":[{"@type":"Article","@id":"https:\/\/gregorydamy.niceavocats.fr\/it\/risoluzione-e-trasferimento-dei-contratti-di-lavoro-dei-dipendenti-tutelati\/#article","isPartOf":{"@id":"https:\/\/gregorydamy.niceavocats.fr\/it\/risoluzione-e-trasferimento-dei-contratti-di-lavoro-dei-dipendenti-tutelati\/"},"author":{"name":"Kevin","@id":"https:\/\/gregorydamy.niceavocats.fr\/it\/#\/schema\/person\/e040acb2856efaa1e114d0e7a92a3870"},"headline":"Risoluzione e trasferimento dei contratti di lavoro dei dipendenti tutelati","datePublished":"2012-09-04T07:57:32+00:00","dateModified":"2023-08-30T07:01:50+00:00","mainEntityOfPage":{"@id":"https:\/\/gregorydamy.niceavocats.fr\/it\/risoluzione-e-trasferimento-dei-contratti-di-lavoro-dei-dipendenti-tutelati\/"},"wordCount":811,"commentCount":0,"publisher":{"@id":"https:\/\/gregorydamy.niceavocats.fr\/it\/#organization"},"articleSection":["Diritto del lavoro"],"inLanguage":"it-IT","potentialAction":[{"@type":"CommentAction","name":"Comment","target":["https:\/\/gregorydamy.niceavocats.fr\/it\/risoluzione-e-trasferimento-dei-contratti-di-lavoro-dei-dipendenti-tutelati\/#respond"]}]},{"@type":"WebPage","@id":"https:\/\/gregorydamy.niceavocats.fr\/it\/risoluzione-e-trasferimento-dei-contratti-di-lavoro-dei-dipendenti-tutelati\/","url":"https:\/\/gregorydamy.niceavocats.fr\/it\/risoluzione-e-trasferimento-dei-contratti-di-lavoro-dei-dipendenti-tutelati\/","name":"Risoluzione e trasferimento dei contratti di lavoro dei dipendenti tutelati - Soci\u00e9t\u00e9 d&#039;avocats Damy","isPartOf":{"@id":"https:\/\/gregorydamy.niceavocats.fr\/it\/#website"},"datePublished":"2012-09-04T07:57:32+00:00","dateModified":"2023-08-30T07:01:50+00:00","description":"Risoluzione e trasferimento dei contratti di lavoro dei dipendenti tutelati \u00c8 stata emanata la circolare ministeriale Linee guida e controllo","breadcrumb":{"@id":"https:\/\/gregorydamy.niceavocats.fr\/it\/risoluzione-e-trasferimento-dei-contratti-di-lavoro-dei-dipendenti-tutelati\/#breadcrumb"},"inLanguage":"it-IT","potentialAction":[{"@type":"ReadAction","target":["https:\/\/gregorydamy.niceavocats.fr\/it\/risoluzione-e-trasferimento-dei-contratti-di-lavoro-dei-dipendenti-tutelati\/"]}]},{"@type":"BreadcrumbList","@id":"https:\/\/gregorydamy.niceavocats.fr\/it\/risoluzione-e-trasferimento-dei-contratti-di-lavoro-dei-dipendenti-tutelati\/#breadcrumb","itemListElement":[{"@type":"ListItem","position":1,"name":"Accueil","item":"https:\/\/gregorydamy.niceavocats.fr\/it\/"},{"@type":"ListItem","position":2,"name":"Risoluzione e trasferimento dei contratti di lavoro dei dipendenti tutelati"}]},{"@type":"WebSite","@id":"https:\/\/gregorydamy.niceavocats.fr\/it\/#website","url":"https:\/\/gregorydamy.niceavocats.fr\/it\/","name":"Soci\u00e9t\u00e9 d&#039;avocats Damy","description":"Justice - Confiance - Efficacit\u00e9","publisher":{"@id":"https:\/\/gregorydamy.niceavocats.fr\/it\/#organization"},"potentialAction":[{"@type":"SearchAction","target":{"@type":"EntryPoint","urlTemplate":"https:\/\/gregorydamy.niceavocats.fr\/it\/?s={search_term_string}"},"query-input":{"@type":"PropertyValueSpecification","valueRequired":true,"valueName":"search_term_string"}}],"inLanguage":"it-IT"},{"@type":"Organization","@id":"https:\/\/gregorydamy.niceavocats.fr\/it\/#organization","name":"Soci\u00e9t\u00e9 d'Avocats DAMY","alternateName":"Gr\u00e9gory DAMY","url":"https:\/\/gregorydamy.niceavocats.fr\/it\/","logo":{"@type":"ImageObject","inLanguage":"it-IT","@id":"https:\/\/gregorydamy.niceavocats.fr\/it\/#\/schema\/logo\/image\/","url":"https:\/\/gregorydamy.niceavocats.fr\/wp-content\/uploads\/2023\/04\/damylogo-1.png","contentUrl":"https:\/\/gregorydamy.niceavocats.fr\/wp-content\/uploads\/2023\/04\/damylogo-1.png","width":1890,"height":1417,"caption":"Soci\u00e9t\u00e9 d'Avocats DAMY"},"image":{"@id":"https:\/\/gregorydamy.niceavocats.fr\/it\/#\/schema\/logo\/image\/"},"sameAs":["https:\/\/www.facebook.com\/niceavocats.fr\/"]},{"@type":"Person","@id":"https:\/\/gregorydamy.niceavocats.fr\/it\/#\/schema\/person\/e040acb2856efaa1e114d0e7a92a3870","name":"Kevin","url":"https:\/\/gregorydamy.niceavocats.fr\/it\/author\/kevin\/"}]}},"_links":{"self":[{"href":"https:\/\/gregorydamy.niceavocats.fr\/it\/wp-json\/wp\/v2\/posts\/2827","targetHints":{"allow":["GET"]}}],"collection":[{"href":"https:\/\/gregorydamy.niceavocats.fr\/it\/wp-json\/wp\/v2\/posts"}],"about":[{"href":"https:\/\/gregorydamy.niceavocats.fr\/it\/wp-json\/wp\/v2\/types\/post"}],"author":[{"embeddable":true,"href":"https:\/\/gregorydamy.niceavocats.fr\/it\/wp-json\/wp\/v2\/users\/2"}],"replies":[{"embeddable":true,"href":"https:\/\/gregorydamy.niceavocats.fr\/it\/wp-json\/wp\/v2\/comments?post=2827"}],"version-history":[{"count":0,"href":"https:\/\/gregorydamy.niceavocats.fr\/it\/wp-json\/wp\/v2\/posts\/2827\/revisions"}],"wp:attachment":[{"href":"https:\/\/gregorydamy.niceavocats.fr\/it\/wp-json\/wp\/v2\/media?parent=2827"}],"wp:term":[{"taxonomy":"category","embeddable":true,"href":"https:\/\/gregorydamy.niceavocats.fr\/it\/wp-json\/wp\/v2\/categories?post=2827"},{"taxonomy":"post_tag","embeddable":true,"href":"https:\/\/gregorydamy.niceavocats.fr\/it\/wp-json\/wp\/v2\/tags?post=2827"}],"curies":[{"name":"wp","href":"https:\/\/api.w.org\/{rel}","templated":true}]}}