{"id":2696,"date":"2012-09-10T07:56:55","date_gmt":"2012-09-10T07:56:55","guid":{"rendered":"https:\/\/gregorydamy.niceavocats.fr\/?p=2696"},"modified":"2023-09-05T08:23:29","modified_gmt":"2023-09-05T08:23:29","slug":"modifiche-alla-regolamentazione-dello-straordinario-impatto-sulle-vse","status":"publish","type":"post","link":"https:\/\/gregorydamy.niceavocats.fr\/it\/modifiche-alla-regolamentazione-dello-straordinario-impatto-sulle-vse\/","title":{"rendered":"Modifiche alla regolamentazione dello straordinario: impatto sulle VSE"},"content":{"rendered":"<p>[et_pb_section fb_built=&#8221;1&#8243; admin_label=&#8221;section&#8221; _builder_version=&#8221;4.19.5&#8243; custom_margin=&#8221;||0px||false|false&#8221; custom_padding=&#8221;||0px||false|false&#8221; locked=&#8221;off&#8221; global_colors_info=&#8221;{}&#8221;][et_pb_row column_structure=&#8221;1_3,1_3,1_3&#8243; _builder_version=&#8221;4.19.5&#8243; _module_preset=&#8221;default&#8221; background_enable_mask_style=&#8221;on&#8221; background_mask_style=&#8221;wave&#8221; background_mask_color=&#8221;rgba(0,0,0,0.08)&#8221; custom_padding=&#8221;||6px|||&#8221; locked=&#8221;off&#8221; global_colors_info=&#8221;{}&#8221;][et_pb_column type=&#8221;1_3&#8243; _builder_version=&#8221;4.19.5&#8243; _module_preset=&#8221;default&#8221; global_colors_info=&#8221;{}&#8221;][\/et_pb_column][et_pb_column type=&#8221;1_3&#8243; _builder_version=&#8221;4.19.5&#8243; _module_preset=&#8221;default&#8221; global_colors_info=&#8221;{}&#8221;][\/et_pb_column][et_pb_column type=&#8221;1_3&#8243; _builder_version=&#8221;4.19.5&#8243; _module_preset=&#8221;default&#8221; global_colors_info=&#8221;{}&#8221;][et_pb_circle_counter title=&#8221;Tempo di lettura stimato (in minuti)&#8221; number=&#8221;2&#8243; percent_sign=&#8221;off&#8221; _builder_version=&#8221;4.19.5&#8243; _module_preset=&#8221;default&#8221; title_font=&#8221;Amiri||||||||&#8221; max_width=&#8221;137px&#8221; global_colors_info=&#8221;{}&#8221;][\/et_pb_circle_counter][\/et_pb_column][\/et_pb_row][et_pb_row _builder_version=&#8221;4.19.5&#8243; _module_preset=&#8221;default&#8221; custom_margin=&#8221;||0px||false|false&#8221; custom_padding=&#8221;||0px||false|false&#8221; global_colors_info=&#8221;{}&#8221;][et_pb_column type=&#8221;4_4&#8243; _builder_version=&#8221;4.19.5&#8243; _module_preset=&#8221;default&#8221; global_colors_info=&#8221;{}&#8221;][et_pb_divider _builder_version=&#8221;4.19.5&#8243; _module_preset=&#8221;default&#8221; global_colors_info=&#8221;{}&#8221;][\/et_pb_divider][\/et_pb_column][\/et_pb_row][et_pb_row admin_label=&#8221;row&#8221; _builder_version=&#8221;4.16&#8243; background_size=&#8221;initial&#8221; background_position=&#8221;top_left&#8221; background_repeat=&#8221;repeat&#8221; global_colors_info=&#8221;{}&#8221;][et_pb_column type=&#8221;4_4&#8243; _builder_version=&#8221;4.16&#8243; custom_padding=&#8221;|||&#8221; global_colors_info=&#8221;{}&#8221; custom_padding__hover=&#8221;|||&#8221;][et_pb_image src=&#8221;https:\/\/gregorydamy.niceavocats.fr\/wp-content\/uploads\/2023\/09\/alarm-1673577_1280-2.png&#8221; title_text=&#8221;alarm-1673577_1280-2&#8243; _builder_version=&#8221;4.21.0&#8243; _module_preset=&#8221;default&#8221; hover_enabled=&#8221;0&#8243; global_colors_info=&#8221;{}&#8221; sticky_enabled=&#8221;0&#8243;][\/et_pb_image][et_pb_text admin_label=&#8221;Text&#8221; _builder_version=&#8221;4.21.0&#8243; text_font=&#8221;Amiri||||||||&#8221; header_2_font=&#8221;Amiri||||||||&#8221; header_3_font=&#8221;Amiri||||||||&#8221; background_size=&#8221;initial&#8221; background_position=&#8221;top_left&#8221; background_repeat=&#8221;repeat&#8221; hover_enabled=&#8221;0&#8243; global_colors_info=&#8221;{}&#8221; sticky_enabled=&#8221;0&#8243;]Con una recente circolare botta e risposta, l&#8217;Amministrazione fornisce chiarimenti in merito agli adeguamenti conseguenti alla <a href=\"https:\/\/www.legifrance.gouv.fr\/loda\/id\/JORFTEXT000026288927\/\">2\u00b0 legge finanziaria di modifica del 16 agosto 2012<\/a>. Tali adeguamenti vertono in particolare sulla parziale abolizione del regime agevolato degli straordinari e delle ore aggiuntive, con una rifocalizzazione sulle imprese molto piccole (VSE) con meno di 20\u00a0dipendenti.<\/p>\n<h2><span>Modifiche ai regolamenti sugli straordinari: impatto sui VSE: &#8211;<\/span><\/h2>\n<p><span>La circolare ribadisce che le aziende con meno di 20 dipendenti continueranno a beneficiare della detrazione forfetaria del datore di lavoro per gli straordinari prestati dai dipendenti a tempo pieno, pari a 1,50 euro l&#8217;ora, alle stesse condizioni di prima.<\/span><\/p>\n<h2><span>Pacchetto sociale rivisto e sollievo Fillon: aggiornamenti importanti per i datori di lavoro: &#8211;<\/span><\/h2>\n<p><span>Tuttavia, a partire dal 1\u00b0 settembre 2012 (praticamente dal 3 settembre 2012 per i rendiconti settimanali), le ore di lavoro straordinario non fruiscono pi\u00f9 della detrazione forfettaria di 0,50 euro l&#8217;ora, salvo quando sia previsto un orario di lavoro eccedente la settimana ma non superiore l&#8217;anno.\u00a0In tali casi si applicano disposizioni specifiche:<\/span><\/p>\n<ul>\n<li><span>Se il periodo di calcolo dell&#8217;orario di lavoro annuale termina entro il 31 dicembre 2012, la retribuzione per le ore lavorate oltre le 1607 ore beneficer\u00e0 comunque della versione precedente della riduzione salariale e della detrazione del datore di lavoro, anche se la retribuzione viene pagata all&#8217;inizio di gennaio 2013.<\/span><\/li>\n<li><span>Se il periodo di calcolo dell&#8217;orario di lavoro annuale termina a partire dal 1\u00b0 gennaio 2013, gli straordinari non potranno pi\u00f9 beneficiare della riduzione salariale o della detrazione del datore di lavoro, ad eccezione delle aziende con almeno 20 dipendenti.<\/span><\/li>\n<\/ul>\n<p><span>La circolare fornisce anche dettagli importanti sul conteggio dell&#8217;orario di lavoro nel caso di un accordo di annualizzazione, sia che scada nel 2012 sia che inizi dal 1\u00b0 gennaio 2013. Sottolinea che in queste situazioni non \u00e8 consentito alcun prorata.<\/span><\/p>\n<p><span>Inoltre, l&#8217;ente previdenziale rivede il pacchetto sociale, aumentando l&#8217;aliquota al 20% per tutti gli importi versati in partecipazione finanziaria dal 1\u00b0 agosto 2012. L&#8217;aliquota applicabile sar\u00e0 calcolata in base al momento dell&#8217;erogazione, indipendentemente dalla disponibilit\u00e0 immediata.\u00a0Rimane invece l&#8217;aliquota dell&#8217;8% per i contributi a carico dei datori di lavoro alla previdenza complementare e per gli importi destinati alla riserva speciale per partecipazione agli utili all&#8217;interno delle cooperative operaie di produzione<\/p>\n<p><span>La circolare menziona anche che l&#8217;URSSAF (l&#8217;agenzia francese di riscossione della previdenza sociale) ha pubblicato sul proprio sito Web codici standard del personale per le dichiarazioni sociali relative a questi cambiamenti, compresa la tassazione delle stock option e l&#8217;assegnazione gratuita di azioni.<\/span><\/p>\n<p><span>Tali adeguamenti non incidono sul calcolo dell&#8217;agevolazione Fillon, che non \u00e8 stata modificata da questa legge.\u00a0Si segnala tuttavia che la soglia per la riduzione maggiorata Fillon, ora estesa alle imprese con meno di 20 dipendenti, sar\u00e0 applicabile dal 1\u00b0 gennaio 2013, sulla base dell&#8217;organico annuo 2012 valutato al 31 dicembre 2012, tenuto conto l&#8217;annualizzazione del sistema Fillon.<\/span><\/p>\n<p><a href=\"https:\/\/gregorydamy.niceavocats.fr\/\">Studio Legale DAMY<\/a>.[\/et_pb_text][\/et_pb_column][\/et_pb_row][et_pb_row _builder_version=&#8221;4.19.5&#8243; _module_preset=&#8221;default&#8221; custom_margin=&#8221;||0px||false|false&#8221; custom_padding=&#8221;||0px||false|false&#8221; global_colors_info=&#8221;{}&#8221;][et_pb_column type=&#8221;4_4&#8243; _builder_version=&#8221;4.19.5&#8243; _module_preset=&#8221;default&#8221; global_colors_info=&#8221;{}&#8221;][et_pb_divider _builder_version=&#8221;4.19.5&#8243; _module_preset=&#8221;default&#8221; global_colors_info=&#8221;{}&#8221;][\/et_pb_divider][\/et_pb_column][\/et_pb_row][\/et_pb_section]<\/p>\n","protected":false},"excerpt":{"rendered":"<p>Con una recente circolare botta e risposta, l&#8217;Amministrazione fornisce chiarimenti in merito agli adeguamenti conseguenti alla 2\u00b0 legge finanziaria di modifica del 16 agosto 2012. Tali adeguamenti vertono in particolare sulla parziale abolizione del regime agevolato degli straordinari e delle ore aggiuntive, con una rifocalizzazione sulle imprese molto piccole (VSE) con meno di 20\u00a0dipendenti. Modifiche [&hellip;]<\/p>\n","protected":false},"author":2,"featured_media":0,"comment_status":"open","ping_status":"open","sticky":false,"template":"","format":"standard","meta":{"_et_pb_use_builder":"on","_et_pb_old_content":"","_et_gb_content_width":"","footnotes":""},"categories":[327,33],"tags":[],"class_list":["post-2696","post","type-post","status-publish","format-standard","hentry","category-diritto-tributario","category-droit-fiscal"],"yoast_head":"<!-- This site is optimized with the Yoast SEO plugin v26.8 - https:\/\/yoast.com\/product\/yoast-seo-wordpress\/ -->\n<title>Modifiche alla regolamentazione dello straordinario: impatto sulle VSE - Soci\u00e9t\u00e9 d&#039;avocats Damy<\/title>\n<meta name=\"description\" content=\"Le modifiche alla regolamentazione dello straordinario: impatto sulle VSE In una recente circolare di domande e risposte\" \/>\n<meta name=\"robots\" content=\"index, follow, max-snippet:-1, max-image-preview:large, max-video-preview:-1\" \/>\n<link rel=\"canonical\" href=\"https:\/\/gregorydamy.niceavocats.fr\/it\/modifiche-alla-regolamentazione-dello-straordinario-impatto-sulle-vse\/\" \/>\n<meta property=\"og:locale\" content=\"it_IT\" \/>\n<meta property=\"og:type\" content=\"article\" \/>\n<meta property=\"og:title\" content=\"Modifiche alla regolamentazione dello straordinario: impatto sulle VSE - Soci\u00e9t\u00e9 d&#039;avocats Damy\" \/>\n<meta property=\"og:description\" content=\"Le modifiche alla regolamentazione dello straordinario: impatto sulle VSE In una recente circolare di domande e risposte\" \/>\n<meta property=\"og:url\" content=\"https:\/\/gregorydamy.niceavocats.fr\/it\/modifiche-alla-regolamentazione-dello-straordinario-impatto-sulle-vse\/\" \/>\n<meta property=\"og:site_name\" content=\"Soci\u00e9t\u00e9 d&#039;avocats Damy\" \/>\n<meta property=\"article:publisher\" content=\"https:\/\/www.facebook.com\/niceavocats.fr\/\" \/>\n<meta property=\"article:published_time\" content=\"2012-09-10T07:56:55+00:00\" \/>\n<meta property=\"article:modified_time\" content=\"2023-09-05T08:23:29+00:00\" \/>\n<meta name=\"author\" content=\"Kevin\" \/>\n<meta name=\"twitter:card\" content=\"summary_large_image\" \/>\n<meta name=\"twitter:label1\" content=\"Scritto da\" \/>\n\t<meta name=\"twitter:data1\" content=\"Kevin\" \/>\n\t<meta name=\"twitter:label2\" content=\"Tempo di lettura stimato\" \/>\n\t<meta name=\"twitter:data2\" content=\"3 minuti\" \/>\n<script type=\"application\/ld+json\" class=\"yoast-schema-graph\">{\"@context\":\"https:\/\/schema.org\",\"@graph\":[{\"@type\":\"Article\",\"@id\":\"https:\/\/gregorydamy.niceavocats.fr\/it\/modifiche-alla-regolamentazione-dello-straordinario-impatto-sulle-vse\/#article\",\"isPartOf\":{\"@id\":\"https:\/\/gregorydamy.niceavocats.fr\/it\/modifiche-alla-regolamentazione-dello-straordinario-impatto-sulle-vse\/\"},\"author\":{\"name\":\"Kevin\",\"@id\":\"https:\/\/gregorydamy.niceavocats.fr\/it\/#\/schema\/person\/e040acb2856efaa1e114d0e7a92a3870\"},\"headline\":\"Modifiche alla regolamentazione dello straordinario: impatto sulle VSE\",\"datePublished\":\"2012-09-10T07:56:55+00:00\",\"dateModified\":\"2023-09-05T08:23:29+00:00\",\"mainEntityOfPage\":{\"@id\":\"https:\/\/gregorydamy.niceavocats.fr\/it\/modifiche-alla-regolamentazione-dello-straordinario-impatto-sulle-vse\/\"},\"wordCount\":826,\"commentCount\":0,\"publisher\":{\"@id\":\"https:\/\/gregorydamy.niceavocats.fr\/it\/#organization\"},\"articleSection\":[\"Diritto tributario\",\"Droit fiscal\"],\"inLanguage\":\"it-IT\",\"potentialAction\":[{\"@type\":\"CommentAction\",\"name\":\"Comment\",\"target\":[\"https:\/\/gregorydamy.niceavocats.fr\/it\/modifiche-alla-regolamentazione-dello-straordinario-impatto-sulle-vse\/#respond\"]}]},{\"@type\":\"WebPage\",\"@id\":\"https:\/\/gregorydamy.niceavocats.fr\/it\/modifiche-alla-regolamentazione-dello-straordinario-impatto-sulle-vse\/\",\"url\":\"https:\/\/gregorydamy.niceavocats.fr\/it\/modifiche-alla-regolamentazione-dello-straordinario-impatto-sulle-vse\/\",\"name\":\"Modifiche alla regolamentazione dello straordinario: impatto sulle VSE - Soci\u00e9t\u00e9 d&#039;avocats Damy\",\"isPartOf\":{\"@id\":\"https:\/\/gregorydamy.niceavocats.fr\/it\/#website\"},\"datePublished\":\"2012-09-10T07:56:55+00:00\",\"dateModified\":\"2023-09-05T08:23:29+00:00\",\"description\":\"Le modifiche alla regolamentazione dello straordinario: impatto sulle VSE In una recente circolare di domande e risposte\",\"breadcrumb\":{\"@id\":\"https:\/\/gregorydamy.niceavocats.fr\/it\/modifiche-alla-regolamentazione-dello-straordinario-impatto-sulle-vse\/#breadcrumb\"},\"inLanguage\":\"it-IT\",\"potentialAction\":[{\"@type\":\"ReadAction\",\"target\":[\"https:\/\/gregorydamy.niceavocats.fr\/it\/modifiche-alla-regolamentazione-dello-straordinario-impatto-sulle-vse\/\"]}]},{\"@type\":\"BreadcrumbList\",\"@id\":\"https:\/\/gregorydamy.niceavocats.fr\/it\/modifiche-alla-regolamentazione-dello-straordinario-impatto-sulle-vse\/#breadcrumb\",\"itemListElement\":[{\"@type\":\"ListItem\",\"position\":1,\"name\":\"Accueil\",\"item\":\"https:\/\/gregorydamy.niceavocats.fr\/it\/\"},{\"@type\":\"ListItem\",\"position\":2,\"name\":\"Modifiche alla regolamentazione dello straordinario: impatto sulle VSE\"}]},{\"@type\":\"WebSite\",\"@id\":\"https:\/\/gregorydamy.niceavocats.fr\/it\/#website\",\"url\":\"https:\/\/gregorydamy.niceavocats.fr\/it\/\",\"name\":\"Soci\u00e9t\u00e9 d&#039;avocats Damy\",\"description\":\"Justice - Confiance - Efficacit\u00e9\",\"publisher\":{\"@id\":\"https:\/\/gregorydamy.niceavocats.fr\/it\/#organization\"},\"potentialAction\":[{\"@type\":\"SearchAction\",\"target\":{\"@type\":\"EntryPoint\",\"urlTemplate\":\"https:\/\/gregorydamy.niceavocats.fr\/it\/?s={search_term_string}\"},\"query-input\":{\"@type\":\"PropertyValueSpecification\",\"valueRequired\":true,\"valueName\":\"search_term_string\"}}],\"inLanguage\":\"it-IT\"},{\"@type\":\"Organization\",\"@id\":\"https:\/\/gregorydamy.niceavocats.fr\/it\/#organization\",\"name\":\"Soci\u00e9t\u00e9 d'Avocats DAMY\",\"alternateName\":\"Gr\u00e9gory DAMY\",\"url\":\"https:\/\/gregorydamy.niceavocats.fr\/it\/\",\"logo\":{\"@type\":\"ImageObject\",\"inLanguage\":\"it-IT\",\"@id\":\"https:\/\/gregorydamy.niceavocats.fr\/it\/#\/schema\/logo\/image\/\",\"url\":\"https:\/\/gregorydamy.niceavocats.fr\/wp-content\/uploads\/2023\/04\/damylogo-1.png\",\"contentUrl\":\"https:\/\/gregorydamy.niceavocats.fr\/wp-content\/uploads\/2023\/04\/damylogo-1.png\",\"width\":1890,\"height\":1417,\"caption\":\"Soci\u00e9t\u00e9 d'Avocats DAMY\"},\"image\":{\"@id\":\"https:\/\/gregorydamy.niceavocats.fr\/it\/#\/schema\/logo\/image\/\"},\"sameAs\":[\"https:\/\/www.facebook.com\/niceavocats.fr\/\"]},{\"@type\":\"Person\",\"@id\":\"https:\/\/gregorydamy.niceavocats.fr\/it\/#\/schema\/person\/e040acb2856efaa1e114d0e7a92a3870\",\"name\":\"Kevin\",\"url\":\"https:\/\/gregorydamy.niceavocats.fr\/it\/author\/kevin\/\"}]}<\/script>\n<!-- \/ Yoast SEO plugin. -->","yoast_head_json":{"title":"Modifiche alla regolamentazione dello straordinario: impatto sulle VSE - Soci\u00e9t\u00e9 d&#039;avocats Damy","description":"Le modifiche alla regolamentazione dello straordinario: impatto sulle VSE In una recente circolare di domande e risposte","robots":{"index":"index","follow":"follow","max-snippet":"max-snippet:-1","max-image-preview":"max-image-preview:large","max-video-preview":"max-video-preview:-1"},"canonical":"https:\/\/gregorydamy.niceavocats.fr\/it\/modifiche-alla-regolamentazione-dello-straordinario-impatto-sulle-vse\/","og_locale":"it_IT","og_type":"article","og_title":"Modifiche alla regolamentazione dello straordinario: impatto sulle VSE - Soci\u00e9t\u00e9 d&#039;avocats Damy","og_description":"Le modifiche alla regolamentazione dello straordinario: impatto sulle VSE In una recente circolare di domande e risposte","og_url":"https:\/\/gregorydamy.niceavocats.fr\/it\/modifiche-alla-regolamentazione-dello-straordinario-impatto-sulle-vse\/","og_site_name":"Soci\u00e9t\u00e9 d&#039;avocats Damy","article_publisher":"https:\/\/www.facebook.com\/niceavocats.fr\/","article_published_time":"2012-09-10T07:56:55+00:00","article_modified_time":"2023-09-05T08:23:29+00:00","author":"Kevin","twitter_card":"summary_large_image","twitter_misc":{"Scritto da":"Kevin","Tempo di lettura stimato":"3 minuti"},"schema":{"@context":"https:\/\/schema.org","@graph":[{"@type":"Article","@id":"https:\/\/gregorydamy.niceavocats.fr\/it\/modifiche-alla-regolamentazione-dello-straordinario-impatto-sulle-vse\/#article","isPartOf":{"@id":"https:\/\/gregorydamy.niceavocats.fr\/it\/modifiche-alla-regolamentazione-dello-straordinario-impatto-sulle-vse\/"},"author":{"name":"Kevin","@id":"https:\/\/gregorydamy.niceavocats.fr\/it\/#\/schema\/person\/e040acb2856efaa1e114d0e7a92a3870"},"headline":"Modifiche alla regolamentazione dello straordinario: impatto sulle VSE","datePublished":"2012-09-10T07:56:55+00:00","dateModified":"2023-09-05T08:23:29+00:00","mainEntityOfPage":{"@id":"https:\/\/gregorydamy.niceavocats.fr\/it\/modifiche-alla-regolamentazione-dello-straordinario-impatto-sulle-vse\/"},"wordCount":826,"commentCount":0,"publisher":{"@id":"https:\/\/gregorydamy.niceavocats.fr\/it\/#organization"},"articleSection":["Diritto tributario","Droit fiscal"],"inLanguage":"it-IT","potentialAction":[{"@type":"CommentAction","name":"Comment","target":["https:\/\/gregorydamy.niceavocats.fr\/it\/modifiche-alla-regolamentazione-dello-straordinario-impatto-sulle-vse\/#respond"]}]},{"@type":"WebPage","@id":"https:\/\/gregorydamy.niceavocats.fr\/it\/modifiche-alla-regolamentazione-dello-straordinario-impatto-sulle-vse\/","url":"https:\/\/gregorydamy.niceavocats.fr\/it\/modifiche-alla-regolamentazione-dello-straordinario-impatto-sulle-vse\/","name":"Modifiche alla regolamentazione dello straordinario: impatto sulle VSE - Soci\u00e9t\u00e9 d&#039;avocats Damy","isPartOf":{"@id":"https:\/\/gregorydamy.niceavocats.fr\/it\/#website"},"datePublished":"2012-09-10T07:56:55+00:00","dateModified":"2023-09-05T08:23:29+00:00","description":"Le modifiche alla regolamentazione dello straordinario: impatto sulle VSE In una recente circolare di domande e risposte","breadcrumb":{"@id":"https:\/\/gregorydamy.niceavocats.fr\/it\/modifiche-alla-regolamentazione-dello-straordinario-impatto-sulle-vse\/#breadcrumb"},"inLanguage":"it-IT","potentialAction":[{"@type":"ReadAction","target":["https:\/\/gregorydamy.niceavocats.fr\/it\/modifiche-alla-regolamentazione-dello-straordinario-impatto-sulle-vse\/"]}]},{"@type":"BreadcrumbList","@id":"https:\/\/gregorydamy.niceavocats.fr\/it\/modifiche-alla-regolamentazione-dello-straordinario-impatto-sulle-vse\/#breadcrumb","itemListElement":[{"@type":"ListItem","position":1,"name":"Accueil","item":"https:\/\/gregorydamy.niceavocats.fr\/it\/"},{"@type":"ListItem","position":2,"name":"Modifiche alla regolamentazione dello straordinario: impatto sulle VSE"}]},{"@type":"WebSite","@id":"https:\/\/gregorydamy.niceavocats.fr\/it\/#website","url":"https:\/\/gregorydamy.niceavocats.fr\/it\/","name":"Soci\u00e9t\u00e9 d&#039;avocats Damy","description":"Justice - Confiance - Efficacit\u00e9","publisher":{"@id":"https:\/\/gregorydamy.niceavocats.fr\/it\/#organization"},"potentialAction":[{"@type":"SearchAction","target":{"@type":"EntryPoint","urlTemplate":"https:\/\/gregorydamy.niceavocats.fr\/it\/?s={search_term_string}"},"query-input":{"@type":"PropertyValueSpecification","valueRequired":true,"valueName":"search_term_string"}}],"inLanguage":"it-IT"},{"@type":"Organization","@id":"https:\/\/gregorydamy.niceavocats.fr\/it\/#organization","name":"Soci\u00e9t\u00e9 d'Avocats DAMY","alternateName":"Gr\u00e9gory DAMY","url":"https:\/\/gregorydamy.niceavocats.fr\/it\/","logo":{"@type":"ImageObject","inLanguage":"it-IT","@id":"https:\/\/gregorydamy.niceavocats.fr\/it\/#\/schema\/logo\/image\/","url":"https:\/\/gregorydamy.niceavocats.fr\/wp-content\/uploads\/2023\/04\/damylogo-1.png","contentUrl":"https:\/\/gregorydamy.niceavocats.fr\/wp-content\/uploads\/2023\/04\/damylogo-1.png","width":1890,"height":1417,"caption":"Soci\u00e9t\u00e9 d'Avocats DAMY"},"image":{"@id":"https:\/\/gregorydamy.niceavocats.fr\/it\/#\/schema\/logo\/image\/"},"sameAs":["https:\/\/www.facebook.com\/niceavocats.fr\/"]},{"@type":"Person","@id":"https:\/\/gregorydamy.niceavocats.fr\/it\/#\/schema\/person\/e040acb2856efaa1e114d0e7a92a3870","name":"Kevin","url":"https:\/\/gregorydamy.niceavocats.fr\/it\/author\/kevin\/"}]}},"_links":{"self":[{"href":"https:\/\/gregorydamy.niceavocats.fr\/it\/wp-json\/wp\/v2\/posts\/2696","targetHints":{"allow":["GET"]}}],"collection":[{"href":"https:\/\/gregorydamy.niceavocats.fr\/it\/wp-json\/wp\/v2\/posts"}],"about":[{"href":"https:\/\/gregorydamy.niceavocats.fr\/it\/wp-json\/wp\/v2\/types\/post"}],"author":[{"embeddable":true,"href":"https:\/\/gregorydamy.niceavocats.fr\/it\/wp-json\/wp\/v2\/users\/2"}],"replies":[{"embeddable":true,"href":"https:\/\/gregorydamy.niceavocats.fr\/it\/wp-json\/wp\/v2\/comments?post=2696"}],"version-history":[{"count":0,"href":"https:\/\/gregorydamy.niceavocats.fr\/it\/wp-json\/wp\/v2\/posts\/2696\/revisions"}],"wp:attachment":[{"href":"https:\/\/gregorydamy.niceavocats.fr\/it\/wp-json\/wp\/v2\/media?parent=2696"}],"wp:term":[{"taxonomy":"category","embeddable":true,"href":"https:\/\/gregorydamy.niceavocats.fr\/it\/wp-json\/wp\/v2\/categories?post=2696"},{"taxonomy":"post_tag","embeddable":true,"href":"https:\/\/gregorydamy.niceavocats.fr\/it\/wp-json\/wp\/v2\/tags?post=2696"}],"curies":[{"name":"wp","href":"https:\/\/api.w.org\/{rel}","templated":true}]}}