{"id":2679,"date":"2012-09-10T08:18:45","date_gmt":"2012-09-10T08:18:45","guid":{"rendered":"https:\/\/gregorydamy.niceavocats.fr\/?p=2679"},"modified":"2023-06-26T06:23:49","modified_gmt":"2023-06-26T06:23:49","slug":"pautas-de-costos","status":"publish","type":"post","link":"https:\/\/gregorydamy.niceavocats.fr\/it\/pautas-de-costos\/","title":{"rendered":"Pautas de costos"},"content":{"rendered":"<p>[et_pb_section fb_built=&#8221;1&#8243; admin_label=&#8221;section&#8221; _builder_version=&#8221;4.19.5&#8243; custom_margin=&#8221;||0px||false|false&#8221; custom_padding=&#8221;||0px||false|false&#8221; locked=&#8221;off&#8221; global_colors_info=&#8221;{}&#8221;][et_pb_row column_structure=&#8221;1_3,1_3,1_3&#8243; _builder_version=&#8221;4.19.5&#8243; _module_preset=&#8221;default&#8221; background_enable_mask_style=&#8221;on&#8221; background_mask_style=&#8221;wave&#8221; background_mask_color=&#8221;rgba(0,0,0,0.08)&#8221; custom_padding=&#8221;||6px|||&#8221; locked=&#8221;off&#8221; global_colors_info=&#8221;{}&#8221;][et_pb_column type=&#8221;1_3&#8243; _builder_version=&#8221;4.19.5&#8243; _module_preset=&#8221;default&#8221; global_colors_info=&#8221;{}&#8221;][\/et_pb_column][et_pb_column type=&#8221;1_3&#8243; _builder_version=&#8221;4.19.5&#8243; _module_preset=&#8221;default&#8221; global_colors_info=&#8221;{}&#8221;][\/et_pb_column][et_pb_column type=&#8221;1_3&#8243; _builder_version=&#8221;4.19.5&#8243; _module_preset=&#8221;default&#8221; global_colors_info=&#8221;{}&#8221;][et_pb_circle_counter title=&#8221;Tempo di lettura stimato (in minuti)&#8221; number=&#8221;2&#8243; percent_sign=&#8221;off&#8221; _builder_version=&#8221;4.19.5&#8243; _module_preset=&#8221;default&#8221; title_font=&#8221;Amiri||||||||&#8221; max_width=&#8221;137px&#8221; global_colors_info=&#8221;{}&#8221;][\/et_pb_circle_counter][\/et_pb_column][\/et_pb_row][et_pb_row _builder_version=&#8221;4.19.5&#8243; _module_preset=&#8221;default&#8221; custom_margin=&#8221;||0px||false|false&#8221; custom_padding=&#8221;||0px||false|false&#8221; global_colors_info=&#8221;{}&#8221;][et_pb_column type=&#8221;4_4&#8243; _builder_version=&#8221;4.19.5&#8243; _module_preset=&#8221;default&#8221; global_colors_info=&#8221;{}&#8221;][et_pb_divider _builder_version=&#8221;4.19.5&#8243; _module_preset=&#8221;default&#8221; global_colors_info=&#8221;{}&#8221;][\/et_pb_divider][\/et_pb_column][\/et_pb_row][et_pb_row admin_label=&#8221;row&#8221; _builder_version=&#8221;4.16&#8243; background_size=&#8221;initial&#8221; background_position=&#8221;top_left&#8221; background_repeat=&#8221;repeat&#8221; global_colors_info=&#8221;{}&#8221;][et_pb_column type=&#8221;4_4&#8243; _builder_version=&#8221;4.16&#8243; custom_padding=&#8221;|||&#8221; global_colors_info=&#8221;{}&#8221; custom_padding__hover=&#8221;|||&#8221;][et_pb_image _builder_version=&#8221;4.21.0&#8243; _module_preset=&#8221;default&#8221; title_text=&#8221;feature-central-heating-installation-cost&#8221; src=&#8221;https:\/\/gregorydamy.niceavocats.fr\/wp-content\/uploads\/2012\/09\/feature-central-heating-installation-cost.jpg&#8221; hover_enabled=&#8221;0&#8243; sticky_enabled=&#8221;0&#8243;][\/et_pb_image][et_pb_text admin_label=&#8221;Text&#8221; _builder_version=&#8221;4.21.0&#8243; text_font=&#8221;Amiri||||||||&#8221; header_2_font=&#8221;Amiri||||||||&#8221; header_3_font=&#8221;Amiri||||||||&#8221; background_size=&#8221;initial&#8221; background_position=&#8221;top_left&#8221; background_repeat=&#8221;repeat&#8221; hover_enabled=&#8221;0&#8243; global_colors_info=&#8221;{}&#8221; sticky_enabled=&#8221;0&#8243;]<\/p>\n<div class=\"entry-content\">\n<p><span><span class=\"\">El decreto del 27 de agosto de 2012 establece las pautas para la distribuci\u00f3n de los costos de calefacci\u00f3n y complementa las disposiciones establecidas en el decreto del 23 de abril de 2012, que se refiere a la asignaci\u00f3n de los costos de calefacci\u00f3n en funci\u00f3n del consumo individual.\u00a0<\/span>Aborda espec\u00edficamente los casos en los que la aplicaci\u00f3n del decreto de abril es t\u00e9cnicamente\u00a0<\/span><a href=\"https:\/\/www.service-public.fr\/\"><span>poco pr\u00e1ctica<\/span><\/a><span>\u00a0.<\/span><\/p>\n<h2><span>Restricciones t\u00e9cnicas: casos en los que la medici\u00f3n de calefacci\u00f3n individual no es pr\u00e1ctica:-<\/span><\/h2>\n<p><span>Los edificios incluidos en el art\u00edculo R.* 131-3 del C\u00f3digo de Construcci\u00f3n y Vivienda, para los cuales no es factible medir el calor consumido por cada habitaci\u00f3n individualmente, incluyen aquellos donde:<\/span><\/p>\n<ul>\n<li><span>La calefacci\u00f3n se emite a trav\u00e9s de una losa sin posibilidad de medici\u00f3n en la sala.<\/span><\/li>\n<li><span>El sistema de calefacci\u00f3n consta de emisores de calor conectados en serie (como monotubos en serie).<\/span><\/li>\n<li><span>El sistema de calefacci\u00f3n utiliza sistemas de calefacci\u00f3n de aire caliente.<\/span><\/li>\n<li><span>El sistema de calefacci\u00f3n est\u00e1 equipado con emisores de vapor.<\/span><\/li>\n<li><span>La instalaci\u00f3n de calefacci\u00f3n consiste en serpentines, tubos con aletas, convectores de agua caliente o fancoils sin bucles de calefacci\u00f3n individuales en cada habitaci\u00f3n.<\/span><\/li>\n<\/ul>\n<p><span>El decreto tambi\u00e9n establece un umbral de consumo de energ\u00eda, m\u00e1s all\u00e1 del cual los edificios colectivos deben cumplir con la normativa.\u00a0Este umbral se ha fijado para garantizar la viabilidad econ\u00f3mica de la aplicaci\u00f3n de la normativa.<\/span><\/p>\n<p><span>Adem\u00e1s, el decreto establece disposiciones para la distribuci\u00f3n de los costos anuales de calefacci\u00f3n, aplicables al propietario del edificio oa la copropiedad del edificio colectivo.<\/span><\/p>\n<h2><span>Umbrales de consumo de energ\u00eda y requisitos de cumplimiento en edificios colectivos:-<\/span><\/h2>\n<p><span>Es importante se\u00f1alar que\u00a0se han identificado dos umbrales\u00a0<\/span><a href=\"https:\/\/gregorydamy.niceavocats.fr\/en\/company-level-equality\/\"><span>de consumo :<\/span><\/a><\/p>\n<ul>\n<li><span>Los edificios en los que algunas viviendas est\u00e9n equipadas con v\u00e1lvulas termost\u00e1ticas (con m\u00e1s del 20% de radiadores equipados) deber\u00e1n tener un consumo medio de energ\u00eda final superior a 150 kWh\/m\u00b2.a\u00f1o para estar sujetos a la obligaci\u00f3n de individualizar los costes de calefacci\u00f3n.<\/span><\/li>\n<li><span>Los edificios sin v\u00e1lvulas termost\u00e1ticas deben consumir m\u00e1s de 190 kWh\/m\u00b2.a\u00f1o de energ\u00eda final para estar obligados a individualizar los costes de calefacci\u00f3n e instalar dispositivos para regular la emisi\u00f3n de calor en las viviendas.<\/span><\/li>\n<\/ul>\n<p><span>El decreto exige que los dispositivos instalados en los edificios sujetos a la normativa deben estar operativos antes del 31 de marzo de 2017. Esto garantiza el cumplimiento de los requisitos especificados para la distribuci\u00f3n de los costos de calefacci\u00f3n y la individualizaci\u00f3n de los gastos de calefacci\u00f3n.<\/span><\/p>\n<p><span>En general, el decreto brinda claridad sobre las restricciones t\u00e9cnicas, los umbrales de consumo de energ\u00eda y las pautas de implementaci\u00f3n relacionadas con la distribuci\u00f3n de los costos de calefacci\u00f3n en edificios colectivos, con el objetivo de establecer pr\u00e1cticas justas y eficientes en este sentido.<\/span><\/p>\n<h2><span>\u200b<\/span><\/h2>\n<\/div>\n<p>[\/et_pb_text][\/et_pb_column][\/et_pb_row][et_pb_row _builder_version=&#8221;4.19.5&#8243; _module_preset=&#8221;default&#8221; custom_margin=&#8221;||0px||false|false&#8221; custom_padding=&#8221;||0px||false|false&#8221; global_colors_info=&#8221;{}&#8221;][et_pb_column type=&#8221;4_4&#8243; _builder_version=&#8221;4.19.5&#8243; _module_preset=&#8221;default&#8221; global_colors_info=&#8221;{}&#8221;][et_pb_divider _builder_version=&#8221;4.19.5&#8243; _module_preset=&#8221;default&#8221; global_colors_info=&#8221;{}&#8221;][\/et_pb_divider][\/et_pb_column][\/et_pb_row][\/et_pb_section]<\/p>\n","protected":false},"excerpt":{"rendered":"<p>El decreto del 27 de agosto de 2012 establece las pautas para la distribuci\u00f3n de los costos de calefacci\u00f3n y complementa las disposiciones establecidas en el decreto del 23 de abril de 2012, que se refiere a la asignaci\u00f3n de los costos de calefacci\u00f3n en funci\u00f3n del consumo individual.\u00a0Aborda espec\u00edficamente los casos en los que [&hellip;]<\/p>\n","protected":false},"author":2,"featured_media":0,"comment_status":"open","ping_status":"open","sticky":false,"template":"","format":"standard","meta":{"_et_pb_use_builder":"on","_et_pb_old_content":"","_et_gb_content_width":"","footnotes":""},"categories":[315,369],"tags":[],"class_list":["post-2679","post","type-post","status-publish","format-standard","hentry","category-diritto-immobiliare","category-non-classifiee-it"],"yoast_head":"<!-- This site is optimized with the Yoast SEO plugin v26.8 - https:\/\/yoast.com\/product\/yoast-seo-wordpress\/ -->\n<title>Pautas de costos - Soci\u00e9t\u00e9 d&#039;avocats Damy<\/title>\n<meta name=\"description\" content=\"Pautas de costos El decreto del 27 de agosto de 2012 establece las pautas para la distribuci\u00f3n de los costos de calefacci\u00f3n y\" \/>\n<meta name=\"robots\" content=\"index, follow, max-snippet:-1, max-image-preview:large, max-video-preview:-1\" \/>\n<link rel=\"canonical\" href=\"https:\/\/gregorydamy.niceavocats.fr\/it\/pautas-de-costos\/\" \/>\n<meta property=\"og:locale\" content=\"it_IT\" \/>\n<meta property=\"og:type\" content=\"article\" \/>\n<meta property=\"og:title\" content=\"Pautas de costos - Soci\u00e9t\u00e9 d&#039;avocats Damy\" \/>\n<meta property=\"og:description\" content=\"Pautas de costos El decreto del 27 de agosto de 2012 establece las pautas para la distribuci\u00f3n de los costos de calefacci\u00f3n y\" \/>\n<meta property=\"og:url\" content=\"https:\/\/gregorydamy.niceavocats.fr\/it\/pautas-de-costos\/\" \/>\n<meta property=\"og:site_name\" content=\"Soci\u00e9t\u00e9 d&#039;avocats Damy\" \/>\n<meta property=\"article:publisher\" content=\"https:\/\/www.facebook.com\/niceavocats.fr\/\" \/>\n<meta property=\"article:published_time\" content=\"2012-09-10T08:18:45+00:00\" \/>\n<meta property=\"article:modified_time\" content=\"2023-06-26T06:23:49+00:00\" \/>\n<meta name=\"author\" content=\"Kevin\" \/>\n<meta name=\"twitter:card\" content=\"summary_large_image\" \/>\n<meta name=\"twitter:label1\" content=\"Scritto da\" \/>\n\t<meta name=\"twitter:data1\" content=\"Kevin\" \/>\n\t<meta name=\"twitter:label2\" content=\"Tempo di lettura stimato\" \/>\n\t<meta name=\"twitter:data2\" content=\"3 minuti\" \/>\n<script type=\"application\/ld+json\" class=\"yoast-schema-graph\">{\"@context\":\"https:\/\/schema.org\",\"@graph\":[{\"@type\":\"Article\",\"@id\":\"https:\/\/gregorydamy.niceavocats.fr\/it\/pautas-de-costos\/#article\",\"isPartOf\":{\"@id\":\"https:\/\/gregorydamy.niceavocats.fr\/it\/pautas-de-costos\/\"},\"author\":{\"name\":\"Kevin\",\"@id\":\"https:\/\/gregorydamy.niceavocats.fr\/it\/#\/schema\/person\/e040acb2856efaa1e114d0e7a92a3870\"},\"headline\":\"Pautas de costos\",\"datePublished\":\"2012-09-10T08:18:45+00:00\",\"dateModified\":\"2023-06-26T06:23:49+00:00\",\"mainEntityOfPage\":{\"@id\":\"https:\/\/gregorydamy.niceavocats.fr\/it\/pautas-de-costos\/\"},\"wordCount\":860,\"commentCount\":0,\"publisher\":{\"@id\":\"https:\/\/gregorydamy.niceavocats.fr\/it\/#organization\"},\"articleSection\":[\"Diritto immobiliare\",\"Non classifi\u00e9(e)\"],\"inLanguage\":\"it-IT\",\"potentialAction\":[{\"@type\":\"CommentAction\",\"name\":\"Comment\",\"target\":[\"https:\/\/gregorydamy.niceavocats.fr\/it\/pautas-de-costos\/#respond\"]}]},{\"@type\":\"WebPage\",\"@id\":\"https:\/\/gregorydamy.niceavocats.fr\/it\/pautas-de-costos\/\",\"url\":\"https:\/\/gregorydamy.niceavocats.fr\/it\/pautas-de-costos\/\",\"name\":\"Pautas de costos - Soci\u00e9t\u00e9 d&#039;avocats Damy\",\"isPartOf\":{\"@id\":\"https:\/\/gregorydamy.niceavocats.fr\/it\/#website\"},\"datePublished\":\"2012-09-10T08:18:45+00:00\",\"dateModified\":\"2023-06-26T06:23:49+00:00\",\"description\":\"Pautas de costos El decreto del 27 de agosto de 2012 establece las pautas para la distribuci\u00f3n de los costos de calefacci\u00f3n y\",\"breadcrumb\":{\"@id\":\"https:\/\/gregorydamy.niceavocats.fr\/it\/pautas-de-costos\/#breadcrumb\"},\"inLanguage\":\"it-IT\",\"potentialAction\":[{\"@type\":\"ReadAction\",\"target\":[\"https:\/\/gregorydamy.niceavocats.fr\/it\/pautas-de-costos\/\"]}]},{\"@type\":\"BreadcrumbList\",\"@id\":\"https:\/\/gregorydamy.niceavocats.fr\/it\/pautas-de-costos\/#breadcrumb\",\"itemListElement\":[{\"@type\":\"ListItem\",\"position\":1,\"name\":\"Accueil\",\"item\":\"https:\/\/gregorydamy.niceavocats.fr\/it\/\"},{\"@type\":\"ListItem\",\"position\":2,\"name\":\"Pautas de costos\"}]},{\"@type\":\"WebSite\",\"@id\":\"https:\/\/gregorydamy.niceavocats.fr\/it\/#website\",\"url\":\"https:\/\/gregorydamy.niceavocats.fr\/it\/\",\"name\":\"Soci\u00e9t\u00e9 d&#039;avocats Damy\",\"description\":\"Justice - Confiance - Efficacit\u00e9\",\"publisher\":{\"@id\":\"https:\/\/gregorydamy.niceavocats.fr\/it\/#organization\"},\"potentialAction\":[{\"@type\":\"SearchAction\",\"target\":{\"@type\":\"EntryPoint\",\"urlTemplate\":\"https:\/\/gregorydamy.niceavocats.fr\/it\/?s={search_term_string}\"},\"query-input\":{\"@type\":\"PropertyValueSpecification\",\"valueRequired\":true,\"valueName\":\"search_term_string\"}}],\"inLanguage\":\"it-IT\"},{\"@type\":\"Organization\",\"@id\":\"https:\/\/gregorydamy.niceavocats.fr\/it\/#organization\",\"name\":\"Soci\u00e9t\u00e9 d'Avocats DAMY\",\"alternateName\":\"Gr\u00e9gory DAMY\",\"url\":\"https:\/\/gregorydamy.niceavocats.fr\/it\/\",\"logo\":{\"@type\":\"ImageObject\",\"inLanguage\":\"it-IT\",\"@id\":\"https:\/\/gregorydamy.niceavocats.fr\/it\/#\/schema\/logo\/image\/\",\"url\":\"https:\/\/gregorydamy.niceavocats.fr\/wp-content\/uploads\/2023\/04\/damylogo-1.png\",\"contentUrl\":\"https:\/\/gregorydamy.niceavocats.fr\/wp-content\/uploads\/2023\/04\/damylogo-1.png\",\"width\":1890,\"height\":1417,\"caption\":\"Soci\u00e9t\u00e9 d'Avocats DAMY\"},\"image\":{\"@id\":\"https:\/\/gregorydamy.niceavocats.fr\/it\/#\/schema\/logo\/image\/\"},\"sameAs\":[\"https:\/\/www.facebook.com\/niceavocats.fr\/\"]},{\"@type\":\"Person\",\"@id\":\"https:\/\/gregorydamy.niceavocats.fr\/it\/#\/schema\/person\/e040acb2856efaa1e114d0e7a92a3870\",\"name\":\"Kevin\",\"url\":\"https:\/\/gregorydamy.niceavocats.fr\/it\/author\/kevin\/\"}]}<\/script>\n<!-- \/ Yoast SEO plugin. -->","yoast_head_json":{"title":"Pautas de costos - Soci\u00e9t\u00e9 d&#039;avocats Damy","description":"Pautas de costos El decreto del 27 de agosto de 2012 establece las pautas para la distribuci\u00f3n de los costos de calefacci\u00f3n y","robots":{"index":"index","follow":"follow","max-snippet":"max-snippet:-1","max-image-preview":"max-image-preview:large","max-video-preview":"max-video-preview:-1"},"canonical":"https:\/\/gregorydamy.niceavocats.fr\/it\/pautas-de-costos\/","og_locale":"it_IT","og_type":"article","og_title":"Pautas de costos - Soci\u00e9t\u00e9 d&#039;avocats Damy","og_description":"Pautas de costos El decreto del 27 de agosto de 2012 establece las pautas para la distribuci\u00f3n de los costos de calefacci\u00f3n y","og_url":"https:\/\/gregorydamy.niceavocats.fr\/it\/pautas-de-costos\/","og_site_name":"Soci\u00e9t\u00e9 d&#039;avocats Damy","article_publisher":"https:\/\/www.facebook.com\/niceavocats.fr\/","article_published_time":"2012-09-10T08:18:45+00:00","article_modified_time":"2023-06-26T06:23:49+00:00","author":"Kevin","twitter_card":"summary_large_image","twitter_misc":{"Scritto da":"Kevin","Tempo di lettura stimato":"3 minuti"},"schema":{"@context":"https:\/\/schema.org","@graph":[{"@type":"Article","@id":"https:\/\/gregorydamy.niceavocats.fr\/it\/pautas-de-costos\/#article","isPartOf":{"@id":"https:\/\/gregorydamy.niceavocats.fr\/it\/pautas-de-costos\/"},"author":{"name":"Kevin","@id":"https:\/\/gregorydamy.niceavocats.fr\/it\/#\/schema\/person\/e040acb2856efaa1e114d0e7a92a3870"},"headline":"Pautas de costos","datePublished":"2012-09-10T08:18:45+00:00","dateModified":"2023-06-26T06:23:49+00:00","mainEntityOfPage":{"@id":"https:\/\/gregorydamy.niceavocats.fr\/it\/pautas-de-costos\/"},"wordCount":860,"commentCount":0,"publisher":{"@id":"https:\/\/gregorydamy.niceavocats.fr\/it\/#organization"},"articleSection":["Diritto immobiliare","Non classifi\u00e9(e)"],"inLanguage":"it-IT","potentialAction":[{"@type":"CommentAction","name":"Comment","target":["https:\/\/gregorydamy.niceavocats.fr\/it\/pautas-de-costos\/#respond"]}]},{"@type":"WebPage","@id":"https:\/\/gregorydamy.niceavocats.fr\/it\/pautas-de-costos\/","url":"https:\/\/gregorydamy.niceavocats.fr\/it\/pautas-de-costos\/","name":"Pautas de costos - Soci\u00e9t\u00e9 d&#039;avocats Damy","isPartOf":{"@id":"https:\/\/gregorydamy.niceavocats.fr\/it\/#website"},"datePublished":"2012-09-10T08:18:45+00:00","dateModified":"2023-06-26T06:23:49+00:00","description":"Pautas de costos El decreto del 27 de agosto de 2012 establece las pautas para la distribuci\u00f3n de los costos de calefacci\u00f3n y","breadcrumb":{"@id":"https:\/\/gregorydamy.niceavocats.fr\/it\/pautas-de-costos\/#breadcrumb"},"inLanguage":"it-IT","potentialAction":[{"@type":"ReadAction","target":["https:\/\/gregorydamy.niceavocats.fr\/it\/pautas-de-costos\/"]}]},{"@type":"BreadcrumbList","@id":"https:\/\/gregorydamy.niceavocats.fr\/it\/pautas-de-costos\/#breadcrumb","itemListElement":[{"@type":"ListItem","position":1,"name":"Accueil","item":"https:\/\/gregorydamy.niceavocats.fr\/it\/"},{"@type":"ListItem","position":2,"name":"Pautas de costos"}]},{"@type":"WebSite","@id":"https:\/\/gregorydamy.niceavocats.fr\/it\/#website","url":"https:\/\/gregorydamy.niceavocats.fr\/it\/","name":"Soci\u00e9t\u00e9 d&#039;avocats Damy","description":"Justice - Confiance - Efficacit\u00e9","publisher":{"@id":"https:\/\/gregorydamy.niceavocats.fr\/it\/#organization"},"potentialAction":[{"@type":"SearchAction","target":{"@type":"EntryPoint","urlTemplate":"https:\/\/gregorydamy.niceavocats.fr\/it\/?s={search_term_string}"},"query-input":{"@type":"PropertyValueSpecification","valueRequired":true,"valueName":"search_term_string"}}],"inLanguage":"it-IT"},{"@type":"Organization","@id":"https:\/\/gregorydamy.niceavocats.fr\/it\/#organization","name":"Soci\u00e9t\u00e9 d'Avocats DAMY","alternateName":"Gr\u00e9gory DAMY","url":"https:\/\/gregorydamy.niceavocats.fr\/it\/","logo":{"@type":"ImageObject","inLanguage":"it-IT","@id":"https:\/\/gregorydamy.niceavocats.fr\/it\/#\/schema\/logo\/image\/","url":"https:\/\/gregorydamy.niceavocats.fr\/wp-content\/uploads\/2023\/04\/damylogo-1.png","contentUrl":"https:\/\/gregorydamy.niceavocats.fr\/wp-content\/uploads\/2023\/04\/damylogo-1.png","width":1890,"height":1417,"caption":"Soci\u00e9t\u00e9 d'Avocats DAMY"},"image":{"@id":"https:\/\/gregorydamy.niceavocats.fr\/it\/#\/schema\/logo\/image\/"},"sameAs":["https:\/\/www.facebook.com\/niceavocats.fr\/"]},{"@type":"Person","@id":"https:\/\/gregorydamy.niceavocats.fr\/it\/#\/schema\/person\/e040acb2856efaa1e114d0e7a92a3870","name":"Kevin","url":"https:\/\/gregorydamy.niceavocats.fr\/it\/author\/kevin\/"}]}},"_links":{"self":[{"href":"https:\/\/gregorydamy.niceavocats.fr\/it\/wp-json\/wp\/v2\/posts\/2679","targetHints":{"allow":["GET"]}}],"collection":[{"href":"https:\/\/gregorydamy.niceavocats.fr\/it\/wp-json\/wp\/v2\/posts"}],"about":[{"href":"https:\/\/gregorydamy.niceavocats.fr\/it\/wp-json\/wp\/v2\/types\/post"}],"author":[{"embeddable":true,"href":"https:\/\/gregorydamy.niceavocats.fr\/it\/wp-json\/wp\/v2\/users\/2"}],"replies":[{"embeddable":true,"href":"https:\/\/gregorydamy.niceavocats.fr\/it\/wp-json\/wp\/v2\/comments?post=2679"}],"version-history":[{"count":0,"href":"https:\/\/gregorydamy.niceavocats.fr\/it\/wp-json\/wp\/v2\/posts\/2679\/revisions"}],"wp:attachment":[{"href":"https:\/\/gregorydamy.niceavocats.fr\/it\/wp-json\/wp\/v2\/media?parent=2679"}],"wp:term":[{"taxonomy":"category","embeddable":true,"href":"https:\/\/gregorydamy.niceavocats.fr\/it\/wp-json\/wp\/v2\/categories?post=2679"},{"taxonomy":"post_tag","embeddable":true,"href":"https:\/\/gregorydamy.niceavocats.fr\/it\/wp-json\/wp\/v2\/tags?post=2679"}],"curies":[{"name":"wp","href":"https:\/\/api.w.org\/{rel}","templated":true}]}}