{"id":2659,"date":"2012-09-12T10:13:13","date_gmt":"2012-09-12T10:13:13","guid":{"rendered":"https:\/\/gregorydamy.niceavocats.fr\/?p=2659"},"modified":"2023-08-30T06:28:32","modified_gmt":"2023-08-30T06:28:32","slug":"indennita-sostitutiva-del-preavviso-diritti-del-lavoratore-in-caso-di-licenziamento-ingiustificato","status":"publish","type":"post","link":"https:\/\/gregorydamy.niceavocats.fr\/it\/indennita-sostitutiva-del-preavviso-diritti-del-lavoratore-in-caso-di-licenziamento-ingiustificato\/","title":{"rendered":"Indennit\u00e0 sostitutiva del preavviso: diritti del lavoratore in caso di licenziamento ingiustificato"},"content":{"rendered":"<p>[et_pb_section fb_built=&#8221;1&#8243; admin_label=&#8221;section&#8221; _builder_version=&#8221;4.19.5&#8243; custom_margin=&#8221;||0px||false|false&#8221; custom_padding=&#8221;||0px||false|false&#8221; locked=&#8221;off&#8221; global_colors_info=&#8221;{}&#8221;][et_pb_row column_structure=&#8221;1_3,1_3,1_3&#8243; _builder_version=&#8221;4.19.5&#8243; _module_preset=&#8221;default&#8221; background_enable_mask_style=&#8221;on&#8221; background_mask_style=&#8221;wave&#8221; background_mask_color=&#8221;rgba(0,0,0,0.08)&#8221; custom_padding=&#8221;||6px|||&#8221; locked=&#8221;off&#8221; global_colors_info=&#8221;{}&#8221;][et_pb_column type=&#8221;1_3&#8243; _builder_version=&#8221;4.19.5&#8243; _module_preset=&#8221;default&#8221; global_colors_info=&#8221;{}&#8221;][\/et_pb_column][et_pb_column type=&#8221;1_3&#8243; _builder_version=&#8221;4.19.5&#8243; _module_preset=&#8221;default&#8221; global_colors_info=&#8221;{}&#8221;][\/et_pb_column][et_pb_column type=&#8221;1_3&#8243; _builder_version=&#8221;4.19.5&#8243; _module_preset=&#8221;default&#8221; global_colors_info=&#8221;{}&#8221;][et_pb_circle_counter title=&#8221;Tempo di lettura stimato (in minuti)&#8221; number=&#8221;2&#8243; percent_sign=&#8221;off&#8221; _builder_version=&#8221;4.19.5&#8243; _module_preset=&#8221;default&#8221; title_font=&#8221;Amiri||||||||&#8221; max_width=&#8221;137px&#8221; global_colors_info=&#8221;{}&#8221;][\/et_pb_circle_counter][\/et_pb_column][\/et_pb_row][et_pb_row _builder_version=&#8221;4.19.5&#8243; _module_preset=&#8221;default&#8221; custom_margin=&#8221;||0px||false|false&#8221; custom_padding=&#8221;||0px||false|false&#8221; global_colors_info=&#8221;{}&#8221;][et_pb_column type=&#8221;4_4&#8243; _builder_version=&#8221;4.19.5&#8243; _module_preset=&#8221;default&#8221; global_colors_info=&#8221;{}&#8221;][et_pb_divider _builder_version=&#8221;4.19.5&#8243; _module_preset=&#8221;default&#8221; global_colors_info=&#8221;{}&#8221;][\/et_pb_divider][\/et_pb_column][\/et_pb_row][et_pb_row admin_label=&#8221;row&#8221; _builder_version=&#8221;4.16&#8243; background_size=&#8221;initial&#8221; background_position=&#8221;top_left&#8221; background_repeat=&#8221;repeat&#8221; global_colors_info=&#8221;{}&#8221;][et_pb_column type=&#8221;4_4&#8243; _builder_version=&#8221;4.16&#8243; custom_padding=&#8221;|||&#8221; global_colors_info=&#8221;{}&#8221; custom_padding__hover=&#8221;|||&#8221;][et_pb_image src=&#8221;https:\/\/gregorydamy.niceavocats.fr\/wp-content\/uploads\/2023\/08\/contract-6945640_1280-2.png&#8221; title_text=&#8221;contract-6945640_1280-2&#8243; _builder_version=&#8221;4.21.0&#8243; _module_preset=&#8221;default&#8221; hover_enabled=&#8221;0&#8243; global_colors_info=&#8221;{}&#8221; alt=&#8221;Licenciement \u00e9conomique &#8221; sticky_enabled=&#8221;0&#8243;][\/et_pb_image][et_pb_text admin_label=&#8221;Text&#8221; _builder_version=&#8221;4.21.0&#8243; text_font=&#8221;Amiri||||||||&#8221; header_2_font=&#8221;Amiri||||||||&#8221; header_3_font=&#8221;Amiri||||||||&#8221; background_size=&#8221;initial&#8221; background_position=&#8221;top_left&#8221; background_repeat=&#8221;repeat&#8221; hover_enabled=&#8221;0&#8243; global_colors_info=&#8221;{}&#8221; sticky_enabled=&#8221;0&#8243;]<\/p>\n<div class=\"entry-content\">\n<p><span class=\"\"><span>Nei casi in cui il lavoratore viene licenziato ingiustamente senza preavviso, anche se al momento del licenziamento era in malattia, ha diritto ad un&#8217;indennit\u00e0 sostitutiva del preavviso.\u00a0<\/span><\/span><span class=\"\"><span>Ci\u00f2 significa che dovrebbero ricevere un compenso per il\u00a0\u00a0<\/span><\/span><span class=\"\"><span>periodo in\u00a0<\/span><\/span><span class=\"\"><span>\u00a0cui avrebbero lavorato se fosse\u00a0\u00a0<\/span><\/span><span><span class=\"\">\u00a0status data<\/span><\/span><span class=\"\"><span>il preavviso\u00a0<\/span><\/span><span><span class=\"\">.<\/span><\/span><\/p>\n<h2><span>Indennit\u00e0 sostitutiva del preavviso: diritti del lavoratore in caso di licenziamento illegittimo: \u2013<\/span><\/h2>\n<p><span>In un caso specifico, un dipendente \u00e8 stato licenziato senza\u00a0<\/span><a href=\"https:\/\/www.legifrance.gouv.fr\/codes\/id\/LEGISCTA000006195622\/\"><span>preavviso<\/span><\/a><span>\u00a0quando non era stata accertata una colpa grave.\u00a0I giudici del processo hanno ritenuto che il lavoratore non potesse beneficiare dell&#8217;indennit\u00e0 sostitutiva del preavviso poich\u00e9 era in malattia e quindi impossibilitato a rispettare il periodo di preavviso.<\/span><\/p>\n<p><span>La Corte di Cassazione, per\u00f2, ha ribaltato tale decisione e ha dichiarato che quando il datore di lavoro licenzia illecitamente un dipendente senza preavviso, questi \u00e8 tenuto a versare l\u2019intero importo dell\u2019indennit\u00e0 di preavviso per tutto il periodo durante il quale il dipendente avrebbe dovuto lavorare durante il preavviso. periodo.\u00a0.\u00a0Il tribunale ha chiarito che il mancato rispetto del termine di preavviso non era dovuto alla malattia del dipendente ma piuttosto alla decisione del datore di lavoro di privarlo del preavviso.<\/span><\/p>\n<h2><span>Sentenza della Corte di Cassazione: Obblighi del datore di lavoro in caso di licenziamento senza giusta causa: \u2013<\/span><\/h2>\n<p><span>Questa decisione evidenzia il principio secondo cui un datore di lavoro non pu\u00f2 sottrarsi alla propria responsabilit\u00e0 di fornire un&#8217;indennit\u00e0 sostitutiva del preavviso semplicemente perch\u00e9 il dipendente era in congedo per malattia al momento del licenziamento.\u00a0Il diritto del lavoratore a tale indennit\u00e0 non \u00e8 pregiudicato dal suo stato di salute.<\/span><\/p>\n<p><span>Nel diritto del lavoro \u00e8 fondamentale garantire che i dipendenti siano trattati equamente e che i loro diritti siano tutelati.\u00a0Il licenziamento senza preavviso \u00e8 una questione seria e i dipendenti hanno diritto a ricevere un compenso per il tempo che avrebbero lavorato se il preavviso fosse stato dato.\u00a0Questa sentenza della Corte di Cassazione riafferma questo principio e sottolinea che i datori di lavoro non possono sottrarsi ai propri obblighi in tali\u00a0\u00a0<\/span><span>situazioni\u00a0<\/span><span>\u00a0.<\/span><\/p>\n<p><span>L&#8217;Avvocato del lavoro 06 ha fatto luce su questo importante aspetto legale, sottolineando l&#8217;importanza di cercare consulenza e rappresentanza legale per proteggere i diritti dei dipendenti che sono stati licenziati ingiustamente senza preavviso.\u00a0<\/span><\/p>\n<p>&nbsp;<\/p>\n<p><a href=\"https:\/\/gregorydamy.niceavocats.fr\/\"><span>Avvocati Damy<\/span><\/a><span>\u00a0.\u00a0<\/span><\/p>\n<\/div>\n<p>[\/et_pb_text][\/et_pb_column][\/et_pb_row][et_pb_row _builder_version=&#8221;4.19.5&#8243; _module_preset=&#8221;default&#8221; custom_margin=&#8221;||0px||false|false&#8221; custom_padding=&#8221;||0px||false|false&#8221; global_colors_info=&#8221;{}&#8221;][et_pb_column type=&#8221;4_4&#8243; _builder_version=&#8221;4.19.5&#8243; _module_preset=&#8221;default&#8221; global_colors_info=&#8221;{}&#8221;][et_pb_divider _builder_version=&#8221;4.19.5&#8243; _module_preset=&#8221;default&#8221; global_colors_info=&#8221;{}&#8221;][\/et_pb_divider][\/et_pb_column][\/et_pb_row][\/et_pb_section]<\/p>\n","protected":false},"excerpt":{"rendered":"<p>Nei casi in cui il lavoratore viene licenziato ingiustamente senza preavviso, anche se al momento del licenziamento era in malattia, ha diritto ad un&#8217;indennit\u00e0 sostitutiva del preavviso.\u00a0Ci\u00f2 significa che dovrebbero ricevere un compenso per il\u00a0\u00a0periodo in\u00a0\u00a0cui avrebbero lavorato se fosse\u00a0\u00a0\u00a0status datail preavviso\u00a0. Indennit\u00e0 sostitutiva del preavviso: diritti del lavoratore in caso di licenziamento illegittimo: \u2013 [&hellip;]<\/p>\n","protected":false},"author":2,"featured_media":0,"comment_status":"open","ping_status":"open","sticky":false,"template":"","format":"standard","meta":{"_et_pb_use_builder":"on","_et_pb_old_content":"","_et_gb_content_width":"","footnotes":""},"categories":[316],"tags":[],"class_list":["post-2659","post","type-post","status-publish","format-standard","hentry","category-diritto-del-lavoro"],"yoast_head":"<!-- This site is optimized with the Yoast SEO plugin v26.8 - https:\/\/yoast.com\/product\/yoast-seo-wordpress\/ -->\n<title>Indennit\u00e0 sostitutiva del preavviso: diritti del lavoratore in caso di licenziamento ingiustificato - Soci\u00e9t\u00e9 d&#039;avocats Damy<\/title>\n<meta name=\"description\" content=\"Indennit\u00e0 sostitutiva del preavviso: diritti del lavoratore in caso di licenziamento ingiustificato Nei casi in cui il lavoratore viene\" \/>\n<meta name=\"robots\" content=\"index, follow, max-snippet:-1, max-image-preview:large, max-video-preview:-1\" \/>\n<link rel=\"canonical\" href=\"https:\/\/gregorydamy.niceavocats.fr\/it\/indennita-sostitutiva-del-preavviso-diritti-del-lavoratore-in-caso-di-licenziamento-ingiustificato\/\" \/>\n<meta property=\"og:locale\" content=\"it_IT\" \/>\n<meta property=\"og:type\" content=\"article\" \/>\n<meta property=\"og:title\" content=\"Indennit\u00e0 sostitutiva del preavviso: diritti del lavoratore in caso di licenziamento ingiustificato - Soci\u00e9t\u00e9 d&#039;avocats Damy\" \/>\n<meta property=\"og:description\" content=\"Indennit\u00e0 sostitutiva del preavviso: diritti del lavoratore in caso di licenziamento ingiustificato Nei casi in cui il lavoratore viene\" \/>\n<meta property=\"og:url\" content=\"https:\/\/gregorydamy.niceavocats.fr\/it\/indennita-sostitutiva-del-preavviso-diritti-del-lavoratore-in-caso-di-licenziamento-ingiustificato\/\" \/>\n<meta property=\"og:site_name\" content=\"Soci\u00e9t\u00e9 d&#039;avocats Damy\" \/>\n<meta property=\"article:publisher\" content=\"https:\/\/www.facebook.com\/niceavocats.fr\/\" \/>\n<meta property=\"article:published_time\" content=\"2012-09-12T10:13:13+00:00\" \/>\n<meta property=\"article:modified_time\" content=\"2023-08-30T06:28:32+00:00\" \/>\n<meta name=\"author\" content=\"Kevin\" \/>\n<meta name=\"twitter:card\" content=\"summary_large_image\" \/>\n<meta name=\"twitter:label1\" content=\"Scritto da\" \/>\n\t<meta name=\"twitter:data1\" content=\"Kevin\" \/>\n\t<meta name=\"twitter:label2\" content=\"Tempo di lettura stimato\" \/>\n\t<meta name=\"twitter:data2\" content=\"3 minuti\" \/>\n<script type=\"application\/ld+json\" class=\"yoast-schema-graph\">{\"@context\":\"https:\/\/schema.org\",\"@graph\":[{\"@type\":\"Article\",\"@id\":\"https:\/\/gregorydamy.niceavocats.fr\/it\/indennita-sostitutiva-del-preavviso-diritti-del-lavoratore-in-caso-di-licenziamento-ingiustificato\/#article\",\"isPartOf\":{\"@id\":\"https:\/\/gregorydamy.niceavocats.fr\/it\/indennita-sostitutiva-del-preavviso-diritti-del-lavoratore-in-caso-di-licenziamento-ingiustificato\/\"},\"author\":{\"name\":\"Kevin\",\"@id\":\"https:\/\/gregorydamy.niceavocats.fr\/it\/#\/schema\/person\/e040acb2856efaa1e114d0e7a92a3870\"},\"headline\":\"Indennit\u00e0 sostitutiva del preavviso: diritti del lavoratore in caso di licenziamento ingiustificato\",\"datePublished\":\"2012-09-12T10:13:13+00:00\",\"dateModified\":\"2023-08-30T06:28:32+00:00\",\"mainEntityOfPage\":{\"@id\":\"https:\/\/gregorydamy.niceavocats.fr\/it\/indennita-sostitutiva-del-preavviso-diritti-del-lavoratore-in-caso-di-licenziamento-ingiustificato\/\"},\"wordCount\":738,\"commentCount\":0,\"publisher\":{\"@id\":\"https:\/\/gregorydamy.niceavocats.fr\/it\/#organization\"},\"articleSection\":[\"Diritto del lavoro\"],\"inLanguage\":\"it-IT\",\"potentialAction\":[{\"@type\":\"CommentAction\",\"name\":\"Comment\",\"target\":[\"https:\/\/gregorydamy.niceavocats.fr\/it\/indennita-sostitutiva-del-preavviso-diritti-del-lavoratore-in-caso-di-licenziamento-ingiustificato\/#respond\"]}]},{\"@type\":\"WebPage\",\"@id\":\"https:\/\/gregorydamy.niceavocats.fr\/it\/indennita-sostitutiva-del-preavviso-diritti-del-lavoratore-in-caso-di-licenziamento-ingiustificato\/\",\"url\":\"https:\/\/gregorydamy.niceavocats.fr\/it\/indennita-sostitutiva-del-preavviso-diritti-del-lavoratore-in-caso-di-licenziamento-ingiustificato\/\",\"name\":\"Indennit\u00e0 sostitutiva del preavviso: diritti del lavoratore in caso di licenziamento ingiustificato - Soci\u00e9t\u00e9 d&#039;avocats Damy\",\"isPartOf\":{\"@id\":\"https:\/\/gregorydamy.niceavocats.fr\/it\/#website\"},\"datePublished\":\"2012-09-12T10:13:13+00:00\",\"dateModified\":\"2023-08-30T06:28:32+00:00\",\"description\":\"Indennit\u00e0 sostitutiva del preavviso: diritti del lavoratore in caso di licenziamento ingiustificato Nei casi in cui il lavoratore viene\",\"breadcrumb\":{\"@id\":\"https:\/\/gregorydamy.niceavocats.fr\/it\/indennita-sostitutiva-del-preavviso-diritti-del-lavoratore-in-caso-di-licenziamento-ingiustificato\/#breadcrumb\"},\"inLanguage\":\"it-IT\",\"potentialAction\":[{\"@type\":\"ReadAction\",\"target\":[\"https:\/\/gregorydamy.niceavocats.fr\/it\/indennita-sostitutiva-del-preavviso-diritti-del-lavoratore-in-caso-di-licenziamento-ingiustificato\/\"]}]},{\"@type\":\"BreadcrumbList\",\"@id\":\"https:\/\/gregorydamy.niceavocats.fr\/it\/indennita-sostitutiva-del-preavviso-diritti-del-lavoratore-in-caso-di-licenziamento-ingiustificato\/#breadcrumb\",\"itemListElement\":[{\"@type\":\"ListItem\",\"position\":1,\"name\":\"Accueil\",\"item\":\"https:\/\/gregorydamy.niceavocats.fr\/it\/\"},{\"@type\":\"ListItem\",\"position\":2,\"name\":\"Indennit\u00e0 sostitutiva del preavviso: diritti del lavoratore in caso di licenziamento ingiustificato\"}]},{\"@type\":\"WebSite\",\"@id\":\"https:\/\/gregorydamy.niceavocats.fr\/it\/#website\",\"url\":\"https:\/\/gregorydamy.niceavocats.fr\/it\/\",\"name\":\"Soci\u00e9t\u00e9 d&#039;avocats Damy\",\"description\":\"Justice - Confiance - Efficacit\u00e9\",\"publisher\":{\"@id\":\"https:\/\/gregorydamy.niceavocats.fr\/it\/#organization\"},\"potentialAction\":[{\"@type\":\"SearchAction\",\"target\":{\"@type\":\"EntryPoint\",\"urlTemplate\":\"https:\/\/gregorydamy.niceavocats.fr\/it\/?s={search_term_string}\"},\"query-input\":{\"@type\":\"PropertyValueSpecification\",\"valueRequired\":true,\"valueName\":\"search_term_string\"}}],\"inLanguage\":\"it-IT\"},{\"@type\":\"Organization\",\"@id\":\"https:\/\/gregorydamy.niceavocats.fr\/it\/#organization\",\"name\":\"Soci\u00e9t\u00e9 d'Avocats DAMY\",\"alternateName\":\"Gr\u00e9gory DAMY\",\"url\":\"https:\/\/gregorydamy.niceavocats.fr\/it\/\",\"logo\":{\"@type\":\"ImageObject\",\"inLanguage\":\"it-IT\",\"@id\":\"https:\/\/gregorydamy.niceavocats.fr\/it\/#\/schema\/logo\/image\/\",\"url\":\"https:\/\/gregorydamy.niceavocats.fr\/wp-content\/uploads\/2023\/04\/damylogo-1.png\",\"contentUrl\":\"https:\/\/gregorydamy.niceavocats.fr\/wp-content\/uploads\/2023\/04\/damylogo-1.png\",\"width\":1890,\"height\":1417,\"caption\":\"Soci\u00e9t\u00e9 d'Avocats DAMY\"},\"image\":{\"@id\":\"https:\/\/gregorydamy.niceavocats.fr\/it\/#\/schema\/logo\/image\/\"},\"sameAs\":[\"https:\/\/www.facebook.com\/niceavocats.fr\/\"]},{\"@type\":\"Person\",\"@id\":\"https:\/\/gregorydamy.niceavocats.fr\/it\/#\/schema\/person\/e040acb2856efaa1e114d0e7a92a3870\",\"name\":\"Kevin\",\"url\":\"https:\/\/gregorydamy.niceavocats.fr\/it\/author\/kevin\/\"}]}<\/script>\n<!-- \/ Yoast SEO plugin. -->","yoast_head_json":{"title":"Indennit\u00e0 sostitutiva del preavviso: diritti del lavoratore in caso di licenziamento ingiustificato - Soci\u00e9t\u00e9 d&#039;avocats Damy","description":"Indennit\u00e0 sostitutiva del preavviso: diritti del lavoratore in caso di licenziamento ingiustificato Nei casi in cui il lavoratore viene","robots":{"index":"index","follow":"follow","max-snippet":"max-snippet:-1","max-image-preview":"max-image-preview:large","max-video-preview":"max-video-preview:-1"},"canonical":"https:\/\/gregorydamy.niceavocats.fr\/it\/indennita-sostitutiva-del-preavviso-diritti-del-lavoratore-in-caso-di-licenziamento-ingiustificato\/","og_locale":"it_IT","og_type":"article","og_title":"Indennit\u00e0 sostitutiva del preavviso: diritti del lavoratore in caso di licenziamento ingiustificato - Soci\u00e9t\u00e9 d&#039;avocats Damy","og_description":"Indennit\u00e0 sostitutiva del preavviso: diritti del lavoratore in caso di licenziamento ingiustificato Nei casi in cui il lavoratore viene","og_url":"https:\/\/gregorydamy.niceavocats.fr\/it\/indennita-sostitutiva-del-preavviso-diritti-del-lavoratore-in-caso-di-licenziamento-ingiustificato\/","og_site_name":"Soci\u00e9t\u00e9 d&#039;avocats Damy","article_publisher":"https:\/\/www.facebook.com\/niceavocats.fr\/","article_published_time":"2012-09-12T10:13:13+00:00","article_modified_time":"2023-08-30T06:28:32+00:00","author":"Kevin","twitter_card":"summary_large_image","twitter_misc":{"Scritto da":"Kevin","Tempo di lettura stimato":"3 minuti"},"schema":{"@context":"https:\/\/schema.org","@graph":[{"@type":"Article","@id":"https:\/\/gregorydamy.niceavocats.fr\/it\/indennita-sostitutiva-del-preavviso-diritti-del-lavoratore-in-caso-di-licenziamento-ingiustificato\/#article","isPartOf":{"@id":"https:\/\/gregorydamy.niceavocats.fr\/it\/indennita-sostitutiva-del-preavviso-diritti-del-lavoratore-in-caso-di-licenziamento-ingiustificato\/"},"author":{"name":"Kevin","@id":"https:\/\/gregorydamy.niceavocats.fr\/it\/#\/schema\/person\/e040acb2856efaa1e114d0e7a92a3870"},"headline":"Indennit\u00e0 sostitutiva del preavviso: diritti del lavoratore in caso di licenziamento ingiustificato","datePublished":"2012-09-12T10:13:13+00:00","dateModified":"2023-08-30T06:28:32+00:00","mainEntityOfPage":{"@id":"https:\/\/gregorydamy.niceavocats.fr\/it\/indennita-sostitutiva-del-preavviso-diritti-del-lavoratore-in-caso-di-licenziamento-ingiustificato\/"},"wordCount":738,"commentCount":0,"publisher":{"@id":"https:\/\/gregorydamy.niceavocats.fr\/it\/#organization"},"articleSection":["Diritto del lavoro"],"inLanguage":"it-IT","potentialAction":[{"@type":"CommentAction","name":"Comment","target":["https:\/\/gregorydamy.niceavocats.fr\/it\/indennita-sostitutiva-del-preavviso-diritti-del-lavoratore-in-caso-di-licenziamento-ingiustificato\/#respond"]}]},{"@type":"WebPage","@id":"https:\/\/gregorydamy.niceavocats.fr\/it\/indennita-sostitutiva-del-preavviso-diritti-del-lavoratore-in-caso-di-licenziamento-ingiustificato\/","url":"https:\/\/gregorydamy.niceavocats.fr\/it\/indennita-sostitutiva-del-preavviso-diritti-del-lavoratore-in-caso-di-licenziamento-ingiustificato\/","name":"Indennit\u00e0 sostitutiva del preavviso: diritti del lavoratore in caso di licenziamento ingiustificato - Soci\u00e9t\u00e9 d&#039;avocats Damy","isPartOf":{"@id":"https:\/\/gregorydamy.niceavocats.fr\/it\/#website"},"datePublished":"2012-09-12T10:13:13+00:00","dateModified":"2023-08-30T06:28:32+00:00","description":"Indennit\u00e0 sostitutiva del preavviso: diritti del lavoratore in caso di licenziamento ingiustificato Nei casi in cui il lavoratore viene","breadcrumb":{"@id":"https:\/\/gregorydamy.niceavocats.fr\/it\/indennita-sostitutiva-del-preavviso-diritti-del-lavoratore-in-caso-di-licenziamento-ingiustificato\/#breadcrumb"},"inLanguage":"it-IT","potentialAction":[{"@type":"ReadAction","target":["https:\/\/gregorydamy.niceavocats.fr\/it\/indennita-sostitutiva-del-preavviso-diritti-del-lavoratore-in-caso-di-licenziamento-ingiustificato\/"]}]},{"@type":"BreadcrumbList","@id":"https:\/\/gregorydamy.niceavocats.fr\/it\/indennita-sostitutiva-del-preavviso-diritti-del-lavoratore-in-caso-di-licenziamento-ingiustificato\/#breadcrumb","itemListElement":[{"@type":"ListItem","position":1,"name":"Accueil","item":"https:\/\/gregorydamy.niceavocats.fr\/it\/"},{"@type":"ListItem","position":2,"name":"Indennit\u00e0 sostitutiva del preavviso: diritti del lavoratore in caso di licenziamento ingiustificato"}]},{"@type":"WebSite","@id":"https:\/\/gregorydamy.niceavocats.fr\/it\/#website","url":"https:\/\/gregorydamy.niceavocats.fr\/it\/","name":"Soci\u00e9t\u00e9 d&#039;avocats Damy","description":"Justice - Confiance - Efficacit\u00e9","publisher":{"@id":"https:\/\/gregorydamy.niceavocats.fr\/it\/#organization"},"potentialAction":[{"@type":"SearchAction","target":{"@type":"EntryPoint","urlTemplate":"https:\/\/gregorydamy.niceavocats.fr\/it\/?s={search_term_string}"},"query-input":{"@type":"PropertyValueSpecification","valueRequired":true,"valueName":"search_term_string"}}],"inLanguage":"it-IT"},{"@type":"Organization","@id":"https:\/\/gregorydamy.niceavocats.fr\/it\/#organization","name":"Soci\u00e9t\u00e9 d'Avocats DAMY","alternateName":"Gr\u00e9gory DAMY","url":"https:\/\/gregorydamy.niceavocats.fr\/it\/","logo":{"@type":"ImageObject","inLanguage":"it-IT","@id":"https:\/\/gregorydamy.niceavocats.fr\/it\/#\/schema\/logo\/image\/","url":"https:\/\/gregorydamy.niceavocats.fr\/wp-content\/uploads\/2023\/04\/damylogo-1.png","contentUrl":"https:\/\/gregorydamy.niceavocats.fr\/wp-content\/uploads\/2023\/04\/damylogo-1.png","width":1890,"height":1417,"caption":"Soci\u00e9t\u00e9 d'Avocats DAMY"},"image":{"@id":"https:\/\/gregorydamy.niceavocats.fr\/it\/#\/schema\/logo\/image\/"},"sameAs":["https:\/\/www.facebook.com\/niceavocats.fr\/"]},{"@type":"Person","@id":"https:\/\/gregorydamy.niceavocats.fr\/it\/#\/schema\/person\/e040acb2856efaa1e114d0e7a92a3870","name":"Kevin","url":"https:\/\/gregorydamy.niceavocats.fr\/it\/author\/kevin\/"}]}},"_links":{"self":[{"href":"https:\/\/gregorydamy.niceavocats.fr\/it\/wp-json\/wp\/v2\/posts\/2659","targetHints":{"allow":["GET"]}}],"collection":[{"href":"https:\/\/gregorydamy.niceavocats.fr\/it\/wp-json\/wp\/v2\/posts"}],"about":[{"href":"https:\/\/gregorydamy.niceavocats.fr\/it\/wp-json\/wp\/v2\/types\/post"}],"author":[{"embeddable":true,"href":"https:\/\/gregorydamy.niceavocats.fr\/it\/wp-json\/wp\/v2\/users\/2"}],"replies":[{"embeddable":true,"href":"https:\/\/gregorydamy.niceavocats.fr\/it\/wp-json\/wp\/v2\/comments?post=2659"}],"version-history":[{"count":0,"href":"https:\/\/gregorydamy.niceavocats.fr\/it\/wp-json\/wp\/v2\/posts\/2659\/revisions"}],"wp:attachment":[{"href":"https:\/\/gregorydamy.niceavocats.fr\/it\/wp-json\/wp\/v2\/media?parent=2659"}],"wp:term":[{"taxonomy":"category","embeddable":true,"href":"https:\/\/gregorydamy.niceavocats.fr\/it\/wp-json\/wp\/v2\/categories?post=2659"},{"taxonomy":"post_tag","embeddable":true,"href":"https:\/\/gregorydamy.niceavocats.fr\/it\/wp-json\/wp\/v2\/tags?post=2659"}],"curies":[{"name":"wp","href":"https:\/\/api.w.org\/{rel}","templated":true}]}}