{"id":2224,"date":"2014-07-05T13:35:55","date_gmt":"2014-07-05T13:35:55","guid":{"rendered":"https:\/\/gregorydamy.niceavocats.fr\/?p=2224"},"modified":"2023-08-01T10:16:15","modified_gmt":"2023-08-01T10:16:15","slug":"sovraccarico-indebitamento","status":"publish","type":"post","link":"https:\/\/gregorydamy.niceavocats.fr\/it\/sovraccarico-indebitamento\/","title":{"rendered":"Diritto delle imprese in difficolt\u00e0: le novit\u00e0 della legge 12 marzo 2014"},"content":{"rendered":"<p>[et_pb_section fb_built=&#8221;1&#8243; admin_label=&#8221;section&#8221; _builder_version=&#8221;4.19.5&#8243; custom_margin=&#8221;||0px||false|false&#8221; custom_padding=&#8221;||0px||false|false&#8221; locked=&#8221;off&#8221; global_colors_info=&#8221;{}&#8221;][et_pb_row column_structure=&#8221;1_3,1_3,1_3&#8243; _builder_version=&#8221;4.19.5&#8243; _module_preset=&#8221;default&#8221; background_enable_mask_style=&#8221;on&#8221; background_mask_style=&#8221;wave&#8221; background_mask_color=&#8221;rgba(0,0,0,0.08)&#8221; custom_padding=&#8221;||6px|||&#8221; locked=&#8221;off&#8221; global_colors_info=&#8221;{}&#8221;][et_pb_column type=&#8221;1_3&#8243; _builder_version=&#8221;4.19.5&#8243; _module_preset=&#8221;default&#8221; global_colors_info=&#8221;{}&#8221;][\/et_pb_column][et_pb_column type=&#8221;1_3&#8243; _builder_version=&#8221;4.19.5&#8243; _module_preset=&#8221;default&#8221; global_colors_info=&#8221;{}&#8221;][\/et_pb_column][et_pb_column type=&#8221;1_3&#8243; _builder_version=&#8221;4.19.5&#8243; _module_preset=&#8221;default&#8221; global_colors_info=&#8221;{}&#8221;][et_pb_circle_counter title=&#8221;Tempo di lettura stimato (in minuti)&#8221; number=&#8221;2&#8243; percent_sign=&#8221;off&#8221; _builder_version=&#8221;4.19.5&#8243; _module_preset=&#8221;default&#8221; title_font=&#8221;Amiri||||||||&#8221; max_width=&#8221;137px&#8221; global_colors_info=&#8221;{}&#8221;][\/et_pb_circle_counter][\/et_pb_column][\/et_pb_row][et_pb_row _builder_version=&#8221;4.19.5&#8243; _module_preset=&#8221;default&#8221; custom_margin=&#8221;||0px||false|false&#8221; custom_padding=&#8221;||0px||false|false&#8221; global_colors_info=&#8221;{}&#8221;][et_pb_column type=&#8221;4_4&#8243; _builder_version=&#8221;4.19.5&#8243; _module_preset=&#8221;default&#8221; global_colors_info=&#8221;{}&#8221;][et_pb_divider _builder_version=&#8221;4.19.5&#8243; _module_preset=&#8221;default&#8221; global_colors_info=&#8221;{}&#8221;][\/et_pb_divider][et_pb_image src=&#8221;https:\/\/gregorydamy.niceavocats.fr\/wp-content\/uploads\/2023\/07\/laptop-3196481_1280-2-2.jpg&#8221; title_text=&#8221;laptop-3196481_1280-2-2&#8243; _builder_version=&#8221;4.21.0&#8243; _module_preset=&#8221;default&#8221; hover_enabled=&#8221;0&#8243; global_colors_info=&#8221;{}&#8221; sticky_enabled=&#8221;0&#8243;][\/et_pb_image][et_pb_text admin_label=&#8221;Text&#8221; _builder_version=&#8221;4.21.0&#8243; text_font=&#8221;Amiri||||||||&#8221; header_2_font=&#8221;Amiri||||||||&#8221; header_3_font=&#8221;Amiri||||||||&#8221; background_size=&#8221;initial&#8221; background_position=&#8221;top_left&#8221; background_repeat=&#8221;repeat&#8221; hover_enabled=&#8221;0&#8243; global_colors_info=&#8221;{}&#8221; sticky_enabled=&#8221;0&#8243;]<\/p>\n<div class=\"et_pb_row et_pb_row_2\">\n<div class=\"et_pb_column et_pb_column_4_4 et_pb_column_4  et_pb_css_mix_blend_mode_passthrough et-last-child\">\n<div class=\"et_pb_module et_pb_text et_pb_text_0  et_pb_text_align_left et_pb_bg_layout_light\">\n<div class=\"et_pb_text_inner\">\n<p><span class=\"\"><span>\u00a0Collocato al centro dell&#8217;attualit\u00e0 economica e sociale, e spinto al rango di disciplina centrale del diretto commercial dalla crisi economico-finanziaria che ormai da pi\u00f9 di cinque anni scuote il Paese, il diretto delle imprese in difficolt\u00e0 \u00e8, quasi comme tanto quanto\u00a0<\/span><a href=\"https:\/\/gregorydamy.niceavocats.fr\/droit-commercial-et-des-societes\/\"><span>la<\/span><\/a><span>\u00a0normativa che disciplina il mercato del lavoro e la fiscalit\u00e0, che \u00e8 in continua\u00a0\u00a0<\/span><\/span><span class=\"\"><span>evoluzione\u00a0<\/span><\/span><span class=\"\"><span>\u00a0.<\/span><\/span><\/p>\n<h2><span>The introduction to the procedure of \u201cRecupero Professionale\u201d:-<\/span><\/h2>\n<p><span>Non \u00e8 quindi affatto sorprendente scoprire, se adottiamo un&#8217;analisi retrospettiva, che \u00e8 stato rivisto in media ogni cinque anni negli ultimi tre decenni, e che \u00e8 stato utilizzato dai governi che si sono succeduti negli anni come uno dei principali strumento di politica economica.<\/span><\/p>\n<p><span>L&#8217;annuncio di qualche mese fa, da parte dell&#8217;attuale maggioranza politica, di un ennesimo tentativo di semplificazione e messa in sicurezza della vita aziendale, far\u00e0 quindi naturalmente nascere una nuova riforma in materia, volta in particolare, tra gli altri obiettivi, a promuovere la prevenzione del difficolt\u00e0 e semplificare le procedure esistenti.<\/span><\/p>\n<h2><span>Idoneit\u00e0 e prerequisiti per il recupero professionale: \u2013<\/span><\/h2>\n<p><span>Per non parlare di tutte le novit\u00e0 apportate da tale riforma, appena entrata in vigore, dal momento che il decreto attuativo dell&#8217;Ordinanza \u201cn.\u00a0La legge\u00a0<\/span><a href=\"https:\/\/www.legifrance.gouv.fr\/loda\/id\/JORFTEXT000028720025\"><span>n. 2014-326 del 12 marzo 2014<\/span><\/a><span>\u00a0di riforma della prevenzione delle difficolt\u00e0 aziendali e dei procedimenti collettivi &#8220;\u00e8 stata pubblicata in Gazzetta Ufficiale il 1 luglio, \u00e8 una novit\u00e0 che, a nostro avviso, merita di essere segnalata .<\/span><\/p>\n<p><span>Il legislatore ha infatti proceduto, in tale occasione, alla creazione di una nuova procedura, che, a differenza delle altre, non ha nulla a che vedere con una procedura collettiva, in quanto non mira ad organizzare un pagamento global dei creditori secondo le e patrimoniale dell&#8217;imprenditore in difficolt\u00e0, ma solo per ottenere la cancellazione, al verificarsi di pi\u00f9 condizioni, delle passivit\u00e0 del debitore insoddisfatto.<\/span><\/p>\n<p><span>Tale system, denominato \u201crecupero professionale\u201d, if ispira ovviamente alla procedura di recupero personale senza liquidazione giudiziale del diritto del sovraindebitamento dei privati, e, come esso, persegue due essenziali categorie di obiettivi.<\/span><\/p>\n<p><span>La prima, prima di tutto, \u00e8 quella di permettere all&#8217;imprenditore singolo e in buona fede, ma la cui situazione sembra senza speranza, di riprendersi.<\/span><\/p>\n<p><span>Il secondo \u00e8 quindi quello di aumentare l&#8217;efficienza complessiva della gestione delle difficolt\u00e0 aziendali applicando, ove consentito e necessario, una procedura semplificata, meno costosa e pi\u00f9 rapida, poich\u00e9 ha una durata massima di quattro mesi.<\/span><\/p>\n<p><span>Comunque lo avrete capito: il diritto di non pagare i propri debiti \u00e8 meritato, e questo \u00e8 pi\u00f9 che giustificato.\u00a0Ne consegue logicamente che tale procedura pu\u00f2 riguardare solo una minoranza di imprese in difficolt\u00e0, soddisfacendo una moltitudine di presupposti.<\/span><\/p>\n<p><span>In sintesi, per rispecchiare l&#8217;ambito di applicazione delineato dagli autori della riforma, del recupero professionale non possono che giovare solo i piccoli professionisti \u201cinsoddisfatti\u201d e \u201cin grande difficolt\u00e0\u201d.<\/span><\/p>\n<p><span>Con tali termini si deve intendere pi\u00f9 precisamente una persona fisica che svolga in nome e per proprio conto un&#8217;attivit\u00e0 commerciale, artigianale o liberale di (molto) piccola entit\u00e0, poich\u00e9 nessun dipendente deve essere stato assunto negli ultimi sei mesi e che tutto il patrimonio superiore non deve superare la soglia dei 5.000 euro, ma avendolo comunque precipitato in una situazione irrimediabilmente compromessa.<\/span><\/p>\n<p><span>It also has another essential parameter that boasts a tale meccanismo: la buona fede.\u00a0<\/span><span class=\"\"><span>Utilizzato come strumento di contrasto a tutte le categorie di abuse e appropriation indebita che l&#8217;appetito di alcuni protagonisti spregiudicati potrebbe provocare, tale requisito giustifica gli ampi poteri di indagine conferiti agli attori del procedimento, nonch\u00e9 la possibility di passare, in qualsiasi momento, in liquidazione giudiziale, o addirittura annullare la cancellation dei debiti dopo la chiusura della procedura.<\/span><\/span><\/p>\n<p><span class=\"\"><span>Il reintegro professionale \u00e8 stato concepito, insomma, come alternativa pragmatica alla liquidazione giudiziale per quanto riguarda il trattamento di pratiche la cui indubbiet\u00e0 \u00e8 indubitabile, ma non \u00e8 certo destinato ad essere utilizzato come strumento di gestione sulla base di un moralismo discutibile.\u00a0;\u00a0<\/span><\/span><span>precisando inoltre che pu\u00f2 essere pronunciato nei confronti della stessa persona solo una volta ogni cinque anni.<\/span><\/p>\n<p><span><span class=\"\">Pur perseguendo un obiettivo, poco dichiarato, di camuffare le statistiche a vantaggio del governo, che non mancher\u00e0 di sottolineare una riduzione del numero di liquidazioni giudiziarie aperte in Francia, tale dispositivo non \u00e8 certo rivoluzionario, in quanto non non ha l&#8217;effetto di porre fine alle difficolt\u00e0 delle imprese e di porre fine alla tardezza dell&#8217;attuale clima economico, ma sembra costituire una gradita innovazione, a condition per\u00f2 che i bastioni eretti contro la sua diversione producano il risultato\u00a0\u00a0<\/span><\/span><span><span class=\"\">atteso\u00a0<\/span><\/span><span><span class=\"\">\u00a0.<\/span><\/span><\/p>\n<\/div>\n<\/div>\n<\/div>\n<\/div>\n<div class=\"et_pb_row et_pb_row_3\">\n<div class=\"et_pb_column et_pb_column_4_4 et_pb_column_5  et_pb_css_mix_blend_mode_passthrough et-last-child\">\u00a0<\/div>\n<\/div>\n<p>[\/et_pb_text][\/et_pb_column][\/et_pb_row][et_pb_row admin_label=&#8221;row&#8221; _builder_version=&#8221;4.16&#8243; background_size=&#8221;initial&#8221; background_position=&#8221;top_left&#8221; background_repeat=&#8221;repeat&#8221; global_colors_info=&#8221;{}&#8221;][et_pb_column type=&#8221;4_4&#8243; _builder_version=&#8221;4.16&#8243; custom_padding=&#8221;|||&#8221; global_colors_info=&#8221;{}&#8221; custom_padding__hover=&#8221;|||&#8221;][\/et_pb_column][\/et_pb_row][et_pb_row _builder_version=&#8221;4.19.5&#8243; _module_preset=&#8221;default&#8221; custom_margin=&#8221;||0px||false|false&#8221; custom_padding=&#8221;||0px||false|false&#8221; global_colors_info=&#8221;{}&#8221;][et_pb_column type=&#8221;4_4&#8243; _builder_version=&#8221;4.19.5&#8243; _module_preset=&#8221;default&#8221; global_colors_info=&#8221;{}&#8221;][et_pb_divider _builder_version=&#8221;4.19.5&#8243; _module_preset=&#8221;default&#8221; global_colors_info=&#8221;{}&#8221;][\/et_pb_divider][\/et_pb_column][\/et_pb_row][\/et_pb_section]<\/p>\n","protected":false},"excerpt":{"rendered":"<p>\u00a0Collocato al centro dell&#8217;attualit\u00e0 economica e sociale, e spinto al rango di disciplina centrale del diretto commercial dalla crisi economico-finanziaria che ormai da pi\u00f9 di cinque anni scuote il Paese, il diretto delle imprese in difficolt\u00e0 \u00e8, quasi comme tanto quanto\u00a0la\u00a0normativa che disciplina il mercato del lavoro e la fiscalit\u00e0, che \u00e8 in continua\u00a0\u00a0evoluzione\u00a0\u00a0. The [&hellip;]<\/p>\n","protected":false},"author":2,"featured_media":0,"comment_status":"open","ping_status":"open","sticky":false,"template":"","format":"standard","meta":{"_et_pb_use_builder":"on","_et_pb_old_content":"","_et_gb_content_width":"","footnotes":""},"categories":[294],"tags":[],"class_list":["post-2224","post","type-post","status-publish","format-standard","hentry","category-diritto-commerciale-e-societario"],"yoast_head":"<!-- This site is optimized with the Yoast SEO plugin v26.8 - https:\/\/yoast.com\/product\/yoast-seo-wordpress\/ -->\n<title>Diritto delle imprese in difficolt\u00e0: le novit\u00e0 della legge 12 marzo 2014 - Soci\u00e9t\u00e9 d&#039;avocats Damy<\/title>\n<meta name=\"description\" content=\"SOVRACCARICO INDEBITAMENTO Collocato al centro dell&#039;attualit\u00e0 economica e sociale, e spinto al rango di disciplina centrale del diritto\" \/>\n<meta name=\"robots\" content=\"index, follow, max-snippet:-1, max-image-preview:large, max-video-preview:-1\" \/>\n<link rel=\"canonical\" href=\"https:\/\/gregorydamy.niceavocats.fr\/it\/sovraccarico-indebitamento\/\" \/>\n<meta property=\"og:locale\" content=\"it_IT\" \/>\n<meta property=\"og:type\" content=\"article\" \/>\n<meta property=\"og:title\" content=\"Diritto delle imprese in difficolt\u00e0: le novit\u00e0 della legge 12 marzo 2014 - Soci\u00e9t\u00e9 d&#039;avocats Damy\" \/>\n<meta property=\"og:description\" content=\"SOVRACCARICO INDEBITAMENTO Collocato al centro dell&#039;attualit\u00e0 economica e sociale, e spinto al rango di disciplina centrale del diritto\" \/>\n<meta property=\"og:url\" content=\"https:\/\/gregorydamy.niceavocats.fr\/it\/sovraccarico-indebitamento\/\" \/>\n<meta property=\"og:site_name\" content=\"Soci\u00e9t\u00e9 d&#039;avocats Damy\" \/>\n<meta property=\"article:publisher\" content=\"https:\/\/www.facebook.com\/niceavocats.fr\/\" \/>\n<meta property=\"article:published_time\" content=\"2014-07-05T13:35:55+00:00\" \/>\n<meta property=\"article:modified_time\" content=\"2023-08-01T10:16:15+00:00\" \/>\n<meta name=\"author\" content=\"Kevin\" \/>\n<meta name=\"twitter:card\" content=\"summary_large_image\" \/>\n<meta name=\"twitter:label1\" content=\"Scritto da\" \/>\n\t<meta name=\"twitter:data1\" content=\"Kevin\" \/>\n\t<meta name=\"twitter:label2\" content=\"Tempo di lettura stimato\" \/>\n\t<meta name=\"twitter:data2\" content=\"5 minuti\" \/>\n<script type=\"application\/ld+json\" class=\"yoast-schema-graph\">{\"@context\":\"https:\/\/schema.org\",\"@graph\":[{\"@type\":\"Article\",\"@id\":\"https:\/\/gregorydamy.niceavocats.fr\/it\/sovraccarico-indebitamento\/#article\",\"isPartOf\":{\"@id\":\"https:\/\/gregorydamy.niceavocats.fr\/it\/sovraccarico-indebitamento\/\"},\"author\":{\"name\":\"Kevin\",\"@id\":\"https:\/\/gregorydamy.niceavocats.fr\/it\/#\/schema\/person\/e040acb2856efaa1e114d0e7a92a3870\"},\"headline\":\"Diritto delle imprese in difficolt\u00e0: le novit\u00e0 della legge 12 marzo 2014\",\"datePublished\":\"2014-07-05T13:35:55+00:00\",\"dateModified\":\"2023-08-01T10:16:15+00:00\",\"mainEntityOfPage\":{\"@id\":\"https:\/\/gregorydamy.niceavocats.fr\/it\/sovraccarico-indebitamento\/\"},\"wordCount\":1084,\"commentCount\":0,\"publisher\":{\"@id\":\"https:\/\/gregorydamy.niceavocats.fr\/it\/#organization\"},\"articleSection\":[\"Diritto commerciale e societario\"],\"inLanguage\":\"it-IT\",\"potentialAction\":[{\"@type\":\"CommentAction\",\"name\":\"Comment\",\"target\":[\"https:\/\/gregorydamy.niceavocats.fr\/it\/sovraccarico-indebitamento\/#respond\"]}]},{\"@type\":\"WebPage\",\"@id\":\"https:\/\/gregorydamy.niceavocats.fr\/it\/sovraccarico-indebitamento\/\",\"url\":\"https:\/\/gregorydamy.niceavocats.fr\/it\/sovraccarico-indebitamento\/\",\"name\":\"Diritto delle imprese in difficolt\u00e0: le novit\u00e0 della legge 12 marzo 2014 - Soci\u00e9t\u00e9 d&#039;avocats Damy\",\"isPartOf\":{\"@id\":\"https:\/\/gregorydamy.niceavocats.fr\/it\/#website\"},\"datePublished\":\"2014-07-05T13:35:55+00:00\",\"dateModified\":\"2023-08-01T10:16:15+00:00\",\"description\":\"SOVRACCARICO INDEBITAMENTO Collocato al centro dell'attualit\u00e0 economica e sociale, e spinto al rango di disciplina centrale del diritto\",\"breadcrumb\":{\"@id\":\"https:\/\/gregorydamy.niceavocats.fr\/it\/sovraccarico-indebitamento\/#breadcrumb\"},\"inLanguage\":\"it-IT\",\"potentialAction\":[{\"@type\":\"ReadAction\",\"target\":[\"https:\/\/gregorydamy.niceavocats.fr\/it\/sovraccarico-indebitamento\/\"]}]},{\"@type\":\"BreadcrumbList\",\"@id\":\"https:\/\/gregorydamy.niceavocats.fr\/it\/sovraccarico-indebitamento\/#breadcrumb\",\"itemListElement\":[{\"@type\":\"ListItem\",\"position\":1,\"name\":\"Accueil\",\"item\":\"https:\/\/gregorydamy.niceavocats.fr\/it\/\"},{\"@type\":\"ListItem\",\"position\":2,\"name\":\"Diritto delle imprese in difficolt\u00e0: le novit\u00e0 della legge 12 marzo 2014\"}]},{\"@type\":\"WebSite\",\"@id\":\"https:\/\/gregorydamy.niceavocats.fr\/it\/#website\",\"url\":\"https:\/\/gregorydamy.niceavocats.fr\/it\/\",\"name\":\"Soci\u00e9t\u00e9 d&#039;avocats Damy\",\"description\":\"Justice - Confiance - Efficacit\u00e9\",\"publisher\":{\"@id\":\"https:\/\/gregorydamy.niceavocats.fr\/it\/#organization\"},\"potentialAction\":[{\"@type\":\"SearchAction\",\"target\":{\"@type\":\"EntryPoint\",\"urlTemplate\":\"https:\/\/gregorydamy.niceavocats.fr\/it\/?s={search_term_string}\"},\"query-input\":{\"@type\":\"PropertyValueSpecification\",\"valueRequired\":true,\"valueName\":\"search_term_string\"}}],\"inLanguage\":\"it-IT\"},{\"@type\":\"Organization\",\"@id\":\"https:\/\/gregorydamy.niceavocats.fr\/it\/#organization\",\"name\":\"Soci\u00e9t\u00e9 d'Avocats DAMY\",\"alternateName\":\"Gr\u00e9gory DAMY\",\"url\":\"https:\/\/gregorydamy.niceavocats.fr\/it\/\",\"logo\":{\"@type\":\"ImageObject\",\"inLanguage\":\"it-IT\",\"@id\":\"https:\/\/gregorydamy.niceavocats.fr\/it\/#\/schema\/logo\/image\/\",\"url\":\"https:\/\/gregorydamy.niceavocats.fr\/wp-content\/uploads\/2023\/04\/damylogo-1.png\",\"contentUrl\":\"https:\/\/gregorydamy.niceavocats.fr\/wp-content\/uploads\/2023\/04\/damylogo-1.png\",\"width\":1890,\"height\":1417,\"caption\":\"Soci\u00e9t\u00e9 d'Avocats DAMY\"},\"image\":{\"@id\":\"https:\/\/gregorydamy.niceavocats.fr\/it\/#\/schema\/logo\/image\/\"},\"sameAs\":[\"https:\/\/www.facebook.com\/niceavocats.fr\/\"]},{\"@type\":\"Person\",\"@id\":\"https:\/\/gregorydamy.niceavocats.fr\/it\/#\/schema\/person\/e040acb2856efaa1e114d0e7a92a3870\",\"name\":\"Kevin\",\"url\":\"https:\/\/gregorydamy.niceavocats.fr\/it\/author\/kevin\/\"}]}<\/script>\n<!-- \/ Yoast SEO plugin. -->","yoast_head_json":{"title":"Diritto delle imprese in difficolt\u00e0: le novit\u00e0 della legge 12 marzo 2014 - Soci\u00e9t\u00e9 d&#039;avocats Damy","description":"SOVRACCARICO INDEBITAMENTO Collocato al centro dell'attualit\u00e0 economica e sociale, e spinto al rango di disciplina centrale del diritto","robots":{"index":"index","follow":"follow","max-snippet":"max-snippet:-1","max-image-preview":"max-image-preview:large","max-video-preview":"max-video-preview:-1"},"canonical":"https:\/\/gregorydamy.niceavocats.fr\/it\/sovraccarico-indebitamento\/","og_locale":"it_IT","og_type":"article","og_title":"Diritto delle imprese in difficolt\u00e0: le novit\u00e0 della legge 12 marzo 2014 - Soci\u00e9t\u00e9 d&#039;avocats Damy","og_description":"SOVRACCARICO INDEBITAMENTO Collocato al centro dell'attualit\u00e0 economica e sociale, e spinto al rango di disciplina centrale del diritto","og_url":"https:\/\/gregorydamy.niceavocats.fr\/it\/sovraccarico-indebitamento\/","og_site_name":"Soci\u00e9t\u00e9 d&#039;avocats Damy","article_publisher":"https:\/\/www.facebook.com\/niceavocats.fr\/","article_published_time":"2014-07-05T13:35:55+00:00","article_modified_time":"2023-08-01T10:16:15+00:00","author":"Kevin","twitter_card":"summary_large_image","twitter_misc":{"Scritto da":"Kevin","Tempo di lettura stimato":"5 minuti"},"schema":{"@context":"https:\/\/schema.org","@graph":[{"@type":"Article","@id":"https:\/\/gregorydamy.niceavocats.fr\/it\/sovraccarico-indebitamento\/#article","isPartOf":{"@id":"https:\/\/gregorydamy.niceavocats.fr\/it\/sovraccarico-indebitamento\/"},"author":{"name":"Kevin","@id":"https:\/\/gregorydamy.niceavocats.fr\/it\/#\/schema\/person\/e040acb2856efaa1e114d0e7a92a3870"},"headline":"Diritto delle imprese in difficolt\u00e0: le novit\u00e0 della legge 12 marzo 2014","datePublished":"2014-07-05T13:35:55+00:00","dateModified":"2023-08-01T10:16:15+00:00","mainEntityOfPage":{"@id":"https:\/\/gregorydamy.niceavocats.fr\/it\/sovraccarico-indebitamento\/"},"wordCount":1084,"commentCount":0,"publisher":{"@id":"https:\/\/gregorydamy.niceavocats.fr\/it\/#organization"},"articleSection":["Diritto commerciale e societario"],"inLanguage":"it-IT","potentialAction":[{"@type":"CommentAction","name":"Comment","target":["https:\/\/gregorydamy.niceavocats.fr\/it\/sovraccarico-indebitamento\/#respond"]}]},{"@type":"WebPage","@id":"https:\/\/gregorydamy.niceavocats.fr\/it\/sovraccarico-indebitamento\/","url":"https:\/\/gregorydamy.niceavocats.fr\/it\/sovraccarico-indebitamento\/","name":"Diritto delle imprese in difficolt\u00e0: le novit\u00e0 della legge 12 marzo 2014 - Soci\u00e9t\u00e9 d&#039;avocats Damy","isPartOf":{"@id":"https:\/\/gregorydamy.niceavocats.fr\/it\/#website"},"datePublished":"2014-07-05T13:35:55+00:00","dateModified":"2023-08-01T10:16:15+00:00","description":"SOVRACCARICO INDEBITAMENTO Collocato al centro dell'attualit\u00e0 economica e sociale, e spinto al rango di disciplina centrale del diritto","breadcrumb":{"@id":"https:\/\/gregorydamy.niceavocats.fr\/it\/sovraccarico-indebitamento\/#breadcrumb"},"inLanguage":"it-IT","potentialAction":[{"@type":"ReadAction","target":["https:\/\/gregorydamy.niceavocats.fr\/it\/sovraccarico-indebitamento\/"]}]},{"@type":"BreadcrumbList","@id":"https:\/\/gregorydamy.niceavocats.fr\/it\/sovraccarico-indebitamento\/#breadcrumb","itemListElement":[{"@type":"ListItem","position":1,"name":"Accueil","item":"https:\/\/gregorydamy.niceavocats.fr\/it\/"},{"@type":"ListItem","position":2,"name":"Diritto delle imprese in difficolt\u00e0: le novit\u00e0 della legge 12 marzo 2014"}]},{"@type":"WebSite","@id":"https:\/\/gregorydamy.niceavocats.fr\/it\/#website","url":"https:\/\/gregorydamy.niceavocats.fr\/it\/","name":"Soci\u00e9t\u00e9 d&#039;avocats Damy","description":"Justice - Confiance - Efficacit\u00e9","publisher":{"@id":"https:\/\/gregorydamy.niceavocats.fr\/it\/#organization"},"potentialAction":[{"@type":"SearchAction","target":{"@type":"EntryPoint","urlTemplate":"https:\/\/gregorydamy.niceavocats.fr\/it\/?s={search_term_string}"},"query-input":{"@type":"PropertyValueSpecification","valueRequired":true,"valueName":"search_term_string"}}],"inLanguage":"it-IT"},{"@type":"Organization","@id":"https:\/\/gregorydamy.niceavocats.fr\/it\/#organization","name":"Soci\u00e9t\u00e9 d'Avocats DAMY","alternateName":"Gr\u00e9gory DAMY","url":"https:\/\/gregorydamy.niceavocats.fr\/it\/","logo":{"@type":"ImageObject","inLanguage":"it-IT","@id":"https:\/\/gregorydamy.niceavocats.fr\/it\/#\/schema\/logo\/image\/","url":"https:\/\/gregorydamy.niceavocats.fr\/wp-content\/uploads\/2023\/04\/damylogo-1.png","contentUrl":"https:\/\/gregorydamy.niceavocats.fr\/wp-content\/uploads\/2023\/04\/damylogo-1.png","width":1890,"height":1417,"caption":"Soci\u00e9t\u00e9 d'Avocats DAMY"},"image":{"@id":"https:\/\/gregorydamy.niceavocats.fr\/it\/#\/schema\/logo\/image\/"},"sameAs":["https:\/\/www.facebook.com\/niceavocats.fr\/"]},{"@type":"Person","@id":"https:\/\/gregorydamy.niceavocats.fr\/it\/#\/schema\/person\/e040acb2856efaa1e114d0e7a92a3870","name":"Kevin","url":"https:\/\/gregorydamy.niceavocats.fr\/it\/author\/kevin\/"}]}},"_links":{"self":[{"href":"https:\/\/gregorydamy.niceavocats.fr\/it\/wp-json\/wp\/v2\/posts\/2224","targetHints":{"allow":["GET"]}}],"collection":[{"href":"https:\/\/gregorydamy.niceavocats.fr\/it\/wp-json\/wp\/v2\/posts"}],"about":[{"href":"https:\/\/gregorydamy.niceavocats.fr\/it\/wp-json\/wp\/v2\/types\/post"}],"author":[{"embeddable":true,"href":"https:\/\/gregorydamy.niceavocats.fr\/it\/wp-json\/wp\/v2\/users\/2"}],"replies":[{"embeddable":true,"href":"https:\/\/gregorydamy.niceavocats.fr\/it\/wp-json\/wp\/v2\/comments?post=2224"}],"version-history":[{"count":0,"href":"https:\/\/gregorydamy.niceavocats.fr\/it\/wp-json\/wp\/v2\/posts\/2224\/revisions"}],"wp:attachment":[{"href":"https:\/\/gregorydamy.niceavocats.fr\/it\/wp-json\/wp\/v2\/media?parent=2224"}],"wp:term":[{"taxonomy":"category","embeddable":true,"href":"https:\/\/gregorydamy.niceavocats.fr\/it\/wp-json\/wp\/v2\/categories?post=2224"},{"taxonomy":"post_tag","embeddable":true,"href":"https:\/\/gregorydamy.niceavocats.fr\/it\/wp-json\/wp\/v2\/tags?post=2224"}],"curies":[{"name":"wp","href":"https:\/\/api.w.org\/{rel}","templated":true}]}}