{"id":2186,"date":"2014-08-08T14:35:13","date_gmt":"2014-08-08T14:35:13","guid":{"rendered":"https:\/\/gregorydamy.niceavocats.fr\/?p=2186"},"modified":"2023-08-10T12:07:06","modified_gmt":"2023-08-10T12:07:06","slug":"navigare-sui-social","status":"publish","type":"post","link":"https:\/\/gregorydamy.niceavocats.fr\/it\/navigare-sui-social\/","title":{"rendered":"Social network, paradosso della riservatezza e insulto pubblico"},"content":{"rendered":"<p>[et_pb_section fb_built=&#8221;1&#8243; admin_label=&#8221;section&#8221; _builder_version=&#8221;4.19.5&#8243; custom_margin=&#8221;||0px||false|false&#8221; custom_padding=&#8221;||0px||false|false&#8221; locked=&#8221;off&#8221; global_colors_info=&#8221;{}&#8221;][et_pb_row column_structure=&#8221;1_3,1_3,1_3&#8243; _builder_version=&#8221;4.19.5&#8243; _module_preset=&#8221;default&#8221; background_enable_mask_style=&#8221;on&#8221; background_mask_style=&#8221;wave&#8221; background_mask_color=&#8221;rgba(0,0,0,0.08)&#8221; custom_padding=&#8221;||6px|||&#8221; locked=&#8221;off&#8221; global_colors_info=&#8221;{}&#8221;][et_pb_column type=&#8221;1_3&#8243; _builder_version=&#8221;4.19.5&#8243; _module_preset=&#8221;default&#8221; global_colors_info=&#8221;{}&#8221;][\/et_pb_column][et_pb_column type=&#8221;1_3&#8243; _builder_version=&#8221;4.19.5&#8243; _module_preset=&#8221;default&#8221; global_colors_info=&#8221;{}&#8221;][\/et_pb_column][et_pb_column type=&#8221;1_3&#8243; _builder_version=&#8221;4.19.5&#8243; _module_preset=&#8221;default&#8221; global_colors_info=&#8221;{}&#8221;][et_pb_circle_counter title=&#8221;Tempo di lettura stimato (in minuti)&#8221; number=&#8221;2&#8243; percent_sign=&#8221;off&#8221; _builder_version=&#8221;4.19.5&#8243; _module_preset=&#8221;default&#8221; title_font=&#8221;Amiri||||||||&#8221; max_width=&#8221;137px&#8221; global_colors_info=&#8221;{}&#8221;][\/et_pb_circle_counter][\/et_pb_column][\/et_pb_row][et_pb_row _builder_version=&#8221;4.19.5&#8243; _module_preset=&#8221;default&#8221; custom_margin=&#8221;||0px||false|false&#8221; custom_padding=&#8221;||0px||false|false&#8221; global_colors_info=&#8221;{}&#8221;][et_pb_column type=&#8221;4_4&#8243; _builder_version=&#8221;4.19.5&#8243; _module_preset=&#8221;default&#8221; global_colors_info=&#8221;{}&#8221;][et_pb_divider _builder_version=&#8221;4.19.5&#8243; _module_preset=&#8221;default&#8221; global_colors_info=&#8221;{}&#8221;][\/et_pb_divider][et_pb_image src=&#8221;https:\/\/gregorydamy.niceavocats.fr\/wp-content\/uploads\/2023\/06\/ONKVWX0.jpg&#8221; title_text=&#8221;ONKVWX0&#8243; _builder_version=&#8221;4.21.0&#8243; _module_preset=&#8221;default&#8221; global_colors_info=&#8221;{}&#8221;][\/et_pb_image][et_pb_text admin_label=&#8221;Text&#8221; _builder_version=&#8221;4.21.0&#8243; text_font=&#8221;Amiri||||||||&#8221; header_2_font=&#8221;Amiri||||||||&#8221; header_3_font=&#8221;Amiri||||||||&#8221; background_size=&#8221;initial&#8221; background_position=&#8221;top_left&#8221; background_repeat=&#8221;repeat&#8221; hover_enabled=&#8221;0&#8243; global_colors_info=&#8221;{}&#8221; sticky_enabled=&#8221;0&#8243;]<\/p>\n<p><span>Navigare sui social media L&#8217;influenza pervasiva dei social network like Facebook e Instagram nella nostra vita quotidiana non pu\u00f2 essere negata.\u00a0Con pi\u00f9 di thirty milioni di utenti registrati nella sola Francia, queste piattaforme hanno registrato un&#8217;ascesa dizzying nel mondo dalla fine degli anni 2000. Tuttavia, la visione iniziale di queste reti come facilitatori di collegamenti sociali e scambi personali ha suscitato serie controversie che si sono solo intensification nel tempo.<\/span><\/p>\n<h2><span>L&#8217;evoluzione dei social network nella vita quotidiana: \u2013<\/span><\/h2>\n<p><span>Dopo aver vissuto un&#8217;ascesa global fulminea dalla fine degli anni 2000, i social network Facebook e Instagram sono ormai onnipresenti nella vita quotidiana dei francesi poich\u00e9 vi sono registrati non meno di trenta milioni di nostri concittadini!<\/span><\/p>\n<p><span>Tuttavia, anche se l&#8217;innovazione \u00e8 probabilmente rivoluzionaria, l&#8217;uso di un sito del genere ha suscitato rapidamente serie polemiche, che si sono solo intensificate nel tempo.\u00a0Infatti, originariamente concepito come &#8220;facilitatore&#8221; di relazioni sociali, destinato a favorire gli scambi attraverso la condivisione di informazioni personali, tutto \u00e8 pensato, nella presentazione della rete, affinch\u00e9 l&#8217;utente abbia la sensazione di trovarsi all&#8217;interno di una sfera privata, limitato a pochi parenti, amici e conoscenti, incoraggiandolo cos\u00ec a confidarsi o ad esprimersi come farebbe un adolescente in un diario.<\/span><\/p>\n<p><span><span class=\"\">Per quanto caricaturale possa sembrare l&#8217;immagine, riflette tuttavia una realt\u00e0 innegabile: la maggioranza degli utenti vi dir\u00e0 di essere perfettamente informata sulla riservatezza, almeno limitata, delle informazioni che rivelano su Facebook, pochi, invece, direbbero di osare affermare che hanno la sensazione di gridare alla folla gli statuti che pubblicano!\u00a0<\/span><\/span><span class=\"VIpgJd-yAWNEb-VIpgJd-fmcmS-sn54Q\"><span>Particolarmente rivelatore \u00e8 il fatto, a questo proposito, che lo studio di Mark Zuckerberg abbia progressivamente sostituito la denominazione di &#8220;profilo&#8221; con quella di &#8220;diario&#8221;, nel senso di &#8220;diario&#8221;, come testimoniano alcune traduzioni straniere.<\/span><\/span><\/p>\n<h2><span>Esplorando il paradosso della privacy di Facebook: &#8211;<\/span><\/h2>\n<p><span>Ma allora, in mezzo a questa confusione provocata, come considerare Facebook, e pi\u00f9 in generale tutti i social network?\u00a0<\/span><span class=\"\"><span>Costituiscono, dal punto di vista legale, uno spazio chiuso in cui ogni dichiarazione potrebbe avere solo deboli ripercussioni, come una serata ubriaca con gli amici, o al contrario un simile strumento di divulgazione?\u00a0<\/span><\/span><span>ai mass media?<\/span><\/p>\n<p><span><span class=\"VIpgJd-yAWNEb-VIpgJd-fmcmS-sn54Q\">Prima di fornire una risposta tecnica a tale domanda, non sembra superfluo ricordare che tutti i contenziosi che hanno coinvolto l&#8217;utilizzo del social network negli ultimi anni hanno riguardato in genere solo due categorie di problemi: da un lato dall&#8217;altro , la pronuncia di licenziamenti e, dall&#8217;altro, l&#8217;ottenimento di danni e interessi sulla base di presunzioni di\u00a0<\/span><\/span><a href=\"https:\/\/www.service-public.fr\/particuliers\/vosdroits\/F32079\"><span><span class=\"VIpgJd-yAWNEb-VIpgJd-fmcmS-sn54Q\">diffamazione<\/span><\/span><\/a><span><span class=\"VIpgJd-yAWNEb-VIpgJd-fmcmS-sn54Q\">\u00a0o\u00a0\u00a0<\/span><\/span><span><span class=\"VIpgJd-yAWNEb-VIpgJd-fmcmS-sn54Q\">ingiurie pubbliche\u00a0<\/span><\/span><span><span class=\"VIpgJd-yAWNEb-VIpgJd-fmcmS-sn54Q\">\u00a0.<\/span><\/span><\/p>\n<p><a href=\"https:\/\/gregorydamy.niceavocats.fr\/\"><span>Studio Legale DAMY<\/span><\/a><\/p>\n<p>[\/et_pb_text][\/et_pb_column][\/et_pb_row][et_pb_row admin_label=&#8221;row&#8221; _builder_version=&#8221;4.16&#8243; background_size=&#8221;initial&#8221; background_position=&#8221;top_left&#8221; background_repeat=&#8221;repeat&#8221; global_colors_info=&#8221;{}&#8221;][et_pb_column type=&#8221;4_4&#8243; _builder_version=&#8221;4.16&#8243; custom_padding=&#8221;|||&#8221; global_colors_info=&#8221;{}&#8221; custom_padding__hover=&#8221;|||&#8221;][\/et_pb_column][\/et_pb_row][et_pb_row _builder_version=&#8221;4.19.5&#8243; _module_preset=&#8221;default&#8221; custom_margin=&#8221;||0px||false|false&#8221; custom_padding=&#8221;||0px||false|false&#8221; global_colors_info=&#8221;{}&#8221;][et_pb_column type=&#8221;4_4&#8243; _builder_version=&#8221;4.19.5&#8243; _module_preset=&#8221;default&#8221; global_colors_info=&#8221;{}&#8221;][et_pb_divider _builder_version=&#8221;4.19.5&#8243; _module_preset=&#8221;default&#8221; global_colors_info=&#8221;{}&#8221;][\/et_pb_divider][\/et_pb_column][\/et_pb_row][\/et_pb_section]<\/p>\n","protected":false},"excerpt":{"rendered":"<p>Navigare sui social media L&#8217;influenza pervasiva dei social network like Facebook e Instagram nella nostra vita quotidiana non pu\u00f2 essere negata.\u00a0Con pi\u00f9 di thirty milioni di utenti registrati nella sola Francia, queste piattaforme hanno registrato un&#8217;ascesa dizzying nel mondo dalla fine degli anni 2000. Tuttavia, la visione iniziale di queste reti come facilitatori di collegamenti [&hellip;]<\/p>\n","protected":false},"author":2,"featured_media":0,"comment_status":"open","ping_status":"open","sticky":false,"template":"","format":"standard","meta":{"_et_pb_use_builder":"on","_et_pb_old_content":"","_et_gb_content_width":"","footnotes":""},"categories":[289,313],"tags":[],"class_list":["post-2186","post","type-post","status-publish","format-standard","hentry","category-altro","category-diritto-penale"],"yoast_head":"<!-- This site is optimized with the Yoast SEO plugin v26.8 - https:\/\/yoast.com\/product\/yoast-seo-wordpress\/ -->\n<title>Social network, paradosso della riservatezza e insulto pubblico - Soci\u00e9t\u00e9 d&#039;avocats Damy<\/title>\n<meta name=\"description\" content=\"Navigare sui social network L&#039;influenza pervasiva dei social network come Facebook e Instagram nella nostra vita quotidiana\" \/>\n<meta name=\"robots\" content=\"index, follow, max-snippet:-1, max-image-preview:large, max-video-preview:-1\" \/>\n<link rel=\"canonical\" href=\"https:\/\/gregorydamy.niceavocats.fr\/it\/navigare-sui-social\/\" \/>\n<meta property=\"og:locale\" content=\"it_IT\" \/>\n<meta property=\"og:type\" content=\"article\" \/>\n<meta property=\"og:title\" content=\"Social network, paradosso della riservatezza e insulto pubblico - Soci\u00e9t\u00e9 d&#039;avocats Damy\" \/>\n<meta property=\"og:description\" content=\"Navigare sui social network L&#039;influenza pervasiva dei social network come Facebook e Instagram nella nostra vita quotidiana\" \/>\n<meta property=\"og:url\" content=\"https:\/\/gregorydamy.niceavocats.fr\/it\/navigare-sui-social\/\" \/>\n<meta property=\"og:site_name\" content=\"Soci\u00e9t\u00e9 d&#039;avocats Damy\" \/>\n<meta property=\"article:publisher\" content=\"https:\/\/www.facebook.com\/niceavocats.fr\/\" \/>\n<meta property=\"article:published_time\" content=\"2014-08-08T14:35:13+00:00\" \/>\n<meta property=\"article:modified_time\" content=\"2023-08-10T12:07:06+00:00\" \/>\n<meta name=\"author\" content=\"Kevin\" \/>\n<meta name=\"twitter:card\" content=\"summary_large_image\" \/>\n<meta name=\"twitter:label1\" content=\"Scritto da\" \/>\n\t<meta name=\"twitter:data1\" content=\"Kevin\" \/>\n\t<meta name=\"twitter:label2\" content=\"Tempo di lettura stimato\" \/>\n\t<meta name=\"twitter:data2\" content=\"3 minuti\" \/>\n<script type=\"application\/ld+json\" class=\"yoast-schema-graph\">{\"@context\":\"https:\/\/schema.org\",\"@graph\":[{\"@type\":\"Article\",\"@id\":\"https:\/\/gregorydamy.niceavocats.fr\/it\/navigare-sui-social\/#article\",\"isPartOf\":{\"@id\":\"https:\/\/gregorydamy.niceavocats.fr\/it\/navigare-sui-social\/\"},\"author\":{\"name\":\"Kevin\",\"@id\":\"https:\/\/gregorydamy.niceavocats.fr\/it\/#\/schema\/person\/e040acb2856efaa1e114d0e7a92a3870\"},\"headline\":\"Social network, paradosso della riservatezza e insulto pubblico\",\"datePublished\":\"2014-08-08T14:35:13+00:00\",\"dateModified\":\"2023-08-10T12:07:06+00:00\",\"mainEntityOfPage\":{\"@id\":\"https:\/\/gregorydamy.niceavocats.fr\/it\/navigare-sui-social\/\"},\"wordCount\":774,\"commentCount\":0,\"publisher\":{\"@id\":\"https:\/\/gregorydamy.niceavocats.fr\/it\/#organization\"},\"articleSection\":[\"Altro\",\"Diritto penale\"],\"inLanguage\":\"it-IT\",\"potentialAction\":[{\"@type\":\"CommentAction\",\"name\":\"Comment\",\"target\":[\"https:\/\/gregorydamy.niceavocats.fr\/it\/navigare-sui-social\/#respond\"]}]},{\"@type\":\"WebPage\",\"@id\":\"https:\/\/gregorydamy.niceavocats.fr\/it\/navigare-sui-social\/\",\"url\":\"https:\/\/gregorydamy.niceavocats.fr\/it\/navigare-sui-social\/\",\"name\":\"Social network, paradosso della riservatezza e insulto pubblico - Soci\u00e9t\u00e9 d&#039;avocats Damy\",\"isPartOf\":{\"@id\":\"https:\/\/gregorydamy.niceavocats.fr\/it\/#website\"},\"datePublished\":\"2014-08-08T14:35:13+00:00\",\"dateModified\":\"2023-08-10T12:07:06+00:00\",\"description\":\"Navigare sui social network L'influenza pervasiva dei social network come Facebook e Instagram nella nostra vita quotidiana\",\"breadcrumb\":{\"@id\":\"https:\/\/gregorydamy.niceavocats.fr\/it\/navigare-sui-social\/#breadcrumb\"},\"inLanguage\":\"it-IT\",\"potentialAction\":[{\"@type\":\"ReadAction\",\"target\":[\"https:\/\/gregorydamy.niceavocats.fr\/it\/navigare-sui-social\/\"]}]},{\"@type\":\"BreadcrumbList\",\"@id\":\"https:\/\/gregorydamy.niceavocats.fr\/it\/navigare-sui-social\/#breadcrumb\",\"itemListElement\":[{\"@type\":\"ListItem\",\"position\":1,\"name\":\"Accueil\",\"item\":\"https:\/\/gregorydamy.niceavocats.fr\/it\/\"},{\"@type\":\"ListItem\",\"position\":2,\"name\":\"Social network, paradosso della riservatezza e insulto pubblico\"}]},{\"@type\":\"WebSite\",\"@id\":\"https:\/\/gregorydamy.niceavocats.fr\/it\/#website\",\"url\":\"https:\/\/gregorydamy.niceavocats.fr\/it\/\",\"name\":\"Soci\u00e9t\u00e9 d&#039;avocats Damy\",\"description\":\"Justice - Confiance - Efficacit\u00e9\",\"publisher\":{\"@id\":\"https:\/\/gregorydamy.niceavocats.fr\/it\/#organization\"},\"potentialAction\":[{\"@type\":\"SearchAction\",\"target\":{\"@type\":\"EntryPoint\",\"urlTemplate\":\"https:\/\/gregorydamy.niceavocats.fr\/it\/?s={search_term_string}\"},\"query-input\":{\"@type\":\"PropertyValueSpecification\",\"valueRequired\":true,\"valueName\":\"search_term_string\"}}],\"inLanguage\":\"it-IT\"},{\"@type\":\"Organization\",\"@id\":\"https:\/\/gregorydamy.niceavocats.fr\/it\/#organization\",\"name\":\"Soci\u00e9t\u00e9 d'Avocats DAMY\",\"alternateName\":\"Gr\u00e9gory DAMY\",\"url\":\"https:\/\/gregorydamy.niceavocats.fr\/it\/\",\"logo\":{\"@type\":\"ImageObject\",\"inLanguage\":\"it-IT\",\"@id\":\"https:\/\/gregorydamy.niceavocats.fr\/it\/#\/schema\/logo\/image\/\",\"url\":\"https:\/\/gregorydamy.niceavocats.fr\/wp-content\/uploads\/2023\/04\/damylogo-1.png\",\"contentUrl\":\"https:\/\/gregorydamy.niceavocats.fr\/wp-content\/uploads\/2023\/04\/damylogo-1.png\",\"width\":1890,\"height\":1417,\"caption\":\"Soci\u00e9t\u00e9 d'Avocats DAMY\"},\"image\":{\"@id\":\"https:\/\/gregorydamy.niceavocats.fr\/it\/#\/schema\/logo\/image\/\"},\"sameAs\":[\"https:\/\/www.facebook.com\/niceavocats.fr\/\"]},{\"@type\":\"Person\",\"@id\":\"https:\/\/gregorydamy.niceavocats.fr\/it\/#\/schema\/person\/e040acb2856efaa1e114d0e7a92a3870\",\"name\":\"Kevin\",\"url\":\"https:\/\/gregorydamy.niceavocats.fr\/it\/author\/kevin\/\"}]}<\/script>\n<!-- \/ Yoast SEO plugin. -->","yoast_head_json":{"title":"Social network, paradosso della riservatezza e insulto pubblico - Soci\u00e9t\u00e9 d&#039;avocats Damy","description":"Navigare sui social network L'influenza pervasiva dei social network come Facebook e Instagram nella nostra vita quotidiana","robots":{"index":"index","follow":"follow","max-snippet":"max-snippet:-1","max-image-preview":"max-image-preview:large","max-video-preview":"max-video-preview:-1"},"canonical":"https:\/\/gregorydamy.niceavocats.fr\/it\/navigare-sui-social\/","og_locale":"it_IT","og_type":"article","og_title":"Social network, paradosso della riservatezza e insulto pubblico - Soci\u00e9t\u00e9 d&#039;avocats Damy","og_description":"Navigare sui social network L'influenza pervasiva dei social network come Facebook e Instagram nella nostra vita quotidiana","og_url":"https:\/\/gregorydamy.niceavocats.fr\/it\/navigare-sui-social\/","og_site_name":"Soci\u00e9t\u00e9 d&#039;avocats Damy","article_publisher":"https:\/\/www.facebook.com\/niceavocats.fr\/","article_published_time":"2014-08-08T14:35:13+00:00","article_modified_time":"2023-08-10T12:07:06+00:00","author":"Kevin","twitter_card":"summary_large_image","twitter_misc":{"Scritto da":"Kevin","Tempo di lettura stimato":"3 minuti"},"schema":{"@context":"https:\/\/schema.org","@graph":[{"@type":"Article","@id":"https:\/\/gregorydamy.niceavocats.fr\/it\/navigare-sui-social\/#article","isPartOf":{"@id":"https:\/\/gregorydamy.niceavocats.fr\/it\/navigare-sui-social\/"},"author":{"name":"Kevin","@id":"https:\/\/gregorydamy.niceavocats.fr\/it\/#\/schema\/person\/e040acb2856efaa1e114d0e7a92a3870"},"headline":"Social network, paradosso della riservatezza e insulto pubblico","datePublished":"2014-08-08T14:35:13+00:00","dateModified":"2023-08-10T12:07:06+00:00","mainEntityOfPage":{"@id":"https:\/\/gregorydamy.niceavocats.fr\/it\/navigare-sui-social\/"},"wordCount":774,"commentCount":0,"publisher":{"@id":"https:\/\/gregorydamy.niceavocats.fr\/it\/#organization"},"articleSection":["Altro","Diritto penale"],"inLanguage":"it-IT","potentialAction":[{"@type":"CommentAction","name":"Comment","target":["https:\/\/gregorydamy.niceavocats.fr\/it\/navigare-sui-social\/#respond"]}]},{"@type":"WebPage","@id":"https:\/\/gregorydamy.niceavocats.fr\/it\/navigare-sui-social\/","url":"https:\/\/gregorydamy.niceavocats.fr\/it\/navigare-sui-social\/","name":"Social network, paradosso della riservatezza e insulto pubblico - Soci\u00e9t\u00e9 d&#039;avocats Damy","isPartOf":{"@id":"https:\/\/gregorydamy.niceavocats.fr\/it\/#website"},"datePublished":"2014-08-08T14:35:13+00:00","dateModified":"2023-08-10T12:07:06+00:00","description":"Navigare sui social network L'influenza pervasiva dei social network come Facebook e Instagram nella nostra vita quotidiana","breadcrumb":{"@id":"https:\/\/gregorydamy.niceavocats.fr\/it\/navigare-sui-social\/#breadcrumb"},"inLanguage":"it-IT","potentialAction":[{"@type":"ReadAction","target":["https:\/\/gregorydamy.niceavocats.fr\/it\/navigare-sui-social\/"]}]},{"@type":"BreadcrumbList","@id":"https:\/\/gregorydamy.niceavocats.fr\/it\/navigare-sui-social\/#breadcrumb","itemListElement":[{"@type":"ListItem","position":1,"name":"Accueil","item":"https:\/\/gregorydamy.niceavocats.fr\/it\/"},{"@type":"ListItem","position":2,"name":"Social network, paradosso della riservatezza e insulto pubblico"}]},{"@type":"WebSite","@id":"https:\/\/gregorydamy.niceavocats.fr\/it\/#website","url":"https:\/\/gregorydamy.niceavocats.fr\/it\/","name":"Soci\u00e9t\u00e9 d&#039;avocats Damy","description":"Justice - Confiance - Efficacit\u00e9","publisher":{"@id":"https:\/\/gregorydamy.niceavocats.fr\/it\/#organization"},"potentialAction":[{"@type":"SearchAction","target":{"@type":"EntryPoint","urlTemplate":"https:\/\/gregorydamy.niceavocats.fr\/it\/?s={search_term_string}"},"query-input":{"@type":"PropertyValueSpecification","valueRequired":true,"valueName":"search_term_string"}}],"inLanguage":"it-IT"},{"@type":"Organization","@id":"https:\/\/gregorydamy.niceavocats.fr\/it\/#organization","name":"Soci\u00e9t\u00e9 d'Avocats DAMY","alternateName":"Gr\u00e9gory DAMY","url":"https:\/\/gregorydamy.niceavocats.fr\/it\/","logo":{"@type":"ImageObject","inLanguage":"it-IT","@id":"https:\/\/gregorydamy.niceavocats.fr\/it\/#\/schema\/logo\/image\/","url":"https:\/\/gregorydamy.niceavocats.fr\/wp-content\/uploads\/2023\/04\/damylogo-1.png","contentUrl":"https:\/\/gregorydamy.niceavocats.fr\/wp-content\/uploads\/2023\/04\/damylogo-1.png","width":1890,"height":1417,"caption":"Soci\u00e9t\u00e9 d'Avocats DAMY"},"image":{"@id":"https:\/\/gregorydamy.niceavocats.fr\/it\/#\/schema\/logo\/image\/"},"sameAs":["https:\/\/www.facebook.com\/niceavocats.fr\/"]},{"@type":"Person","@id":"https:\/\/gregorydamy.niceavocats.fr\/it\/#\/schema\/person\/e040acb2856efaa1e114d0e7a92a3870","name":"Kevin","url":"https:\/\/gregorydamy.niceavocats.fr\/it\/author\/kevin\/"}]}},"_links":{"self":[{"href":"https:\/\/gregorydamy.niceavocats.fr\/it\/wp-json\/wp\/v2\/posts\/2186","targetHints":{"allow":["GET"]}}],"collection":[{"href":"https:\/\/gregorydamy.niceavocats.fr\/it\/wp-json\/wp\/v2\/posts"}],"about":[{"href":"https:\/\/gregorydamy.niceavocats.fr\/it\/wp-json\/wp\/v2\/types\/post"}],"author":[{"embeddable":true,"href":"https:\/\/gregorydamy.niceavocats.fr\/it\/wp-json\/wp\/v2\/users\/2"}],"replies":[{"embeddable":true,"href":"https:\/\/gregorydamy.niceavocats.fr\/it\/wp-json\/wp\/v2\/comments?post=2186"}],"version-history":[{"count":0,"href":"https:\/\/gregorydamy.niceavocats.fr\/it\/wp-json\/wp\/v2\/posts\/2186\/revisions"}],"wp:attachment":[{"href":"https:\/\/gregorydamy.niceavocats.fr\/it\/wp-json\/wp\/v2\/media?parent=2186"}],"wp:term":[{"taxonomy":"category","embeddable":true,"href":"https:\/\/gregorydamy.niceavocats.fr\/it\/wp-json\/wp\/v2\/categories?post=2186"},{"taxonomy":"post_tag","embeddable":true,"href":"https:\/\/gregorydamy.niceavocats.fr\/it\/wp-json\/wp\/v2\/tags?post=2186"}],"curies":[{"name":"wp","href":"https:\/\/api.w.org\/{rel}","templated":true}]}}