{"id":20971,"date":"2014-09-26T16:06:39","date_gmt":"2014-09-26T16:06:39","guid":{"rendered":"https:\/\/gregorydamy.niceavocats.fr\/?p=20971"},"modified":"2023-06-15T11:24:47","modified_gmt":"2023-06-15T11:24:47","slug":"discriminazione-fiscale","status":"publish","type":"post","link":"https:\/\/gregorydamy.niceavocats.fr\/it\/discriminazione-fiscale\/","title":{"rendered":"Discriminazione fiscale"},"content":{"rendered":"<p>[et_pb_section fb_built=&#8221;1&#8243; admin_label=&#8221;section&#8221; _builder_version=&#8221;4.21.0&#8243; custom_margin=&#8221;||0px||false|false&#8221; custom_padding=&#8221;||0px||false|false&#8221; hover_enabled=&#8221;0&#8243; locked=&#8221;off&#8221; global_colors_info=&#8221;{}&#8221; sticky_enabled=&#8221;0&#8243;][et_pb_row column_structure=&#8221;1_3,1_3,1_3&#8243; _builder_version=&#8221;4.19.5&#8243; _module_preset=&#8221;default&#8221; background_enable_mask_style=&#8221;on&#8221; background_mask_style=&#8221;wave&#8221; background_mask_color=&#8221;rgba(0,0,0,0.08)&#8221; custom_padding=&#8221;||6px|||&#8221; locked=&#8221;off&#8221; global_colors_info=&#8221;{}&#8221;][et_pb_column type=&#8221;1_3&#8243; _builder_version=&#8221;4.19.5&#8243; _module_preset=&#8221;default&#8221; global_colors_info=&#8221;{}&#8221;][\/et_pb_column][et_pb_column type=&#8221;1_3&#8243; _builder_version=&#8221;4.19.5&#8243; _module_preset=&#8221;default&#8221; global_colors_info=&#8221;{}&#8221;][\/et_pb_column][et_pb_column type=&#8221;1_3&#8243; _builder_version=&#8221;4.19.5&#8243; _module_preset=&#8221;default&#8221; global_colors_info=&#8221;{}&#8221;][et_pb_circle_counter title=&#8221;Tempo di lettura stimato (in minuti)&#8221; number=&#8221;2&#8243; percent_sign=&#8221;off&#8221; _builder_version=&#8221;4.21.0&#8243; _module_preset=&#8221;default&#8221; title_font=&#8221;Amiri||||||||&#8221; max_width=&#8221;137px&#8221; hover_enabled=&#8221;0&#8243; global_colors_info=&#8221;{}&#8221; sticky_enabled=&#8221;0&#8243;][\/et_pb_circle_counter][\/et_pb_column][\/et_pb_row][et_pb_row _builder_version=&#8221;4.19.5&#8243; _module_preset=&#8221;default&#8221; custom_margin=&#8221;||0px||false|false&#8221; custom_padding=&#8221;||0px||false|false&#8221; global_colors_info=&#8221;{}&#8221;][et_pb_column type=&#8221;4_4&#8243; _builder_version=&#8221;4.19.5&#8243; _module_preset=&#8221;default&#8221; global_colors_info=&#8221;{}&#8221;][et_pb_divider _builder_version=&#8221;4.19.5&#8243; _module_preset=&#8221;default&#8221; global_colors_info=&#8221;{}&#8221;][\/et_pb_divider][et_pb_image src=&#8221;https:\/\/gregorydamy.niceavocats.fr\/wp-content\/uploads\/2023\/06\/pexels-anna-nekrashevich-6802042.jpg&#8221; title_text=&#8221;pexels-anna-nekrashevich-6802042&#8243; _builder_version=&#8221;4.21.0&#8243; _module_preset=&#8221;default&#8221; global_colors_info=&#8221;{}&#8221;][\/et_pb_image][\/et_pb_column][\/et_pb_row][et_pb_row admin_label=&#8221;row&#8221; _builder_version=&#8221;4.16&#8243; background_size=&#8221;initial&#8221; background_position=&#8221;top_left&#8221; background_repeat=&#8221;repeat&#8221; global_colors_info=&#8221;{}&#8221;][et_pb_column type=&#8221;4_4&#8243; _builder_version=&#8221;4.16&#8243; custom_padding=&#8221;|||&#8221; global_colors_info=&#8221;{}&#8221; custom_padding__hover=&#8221;|||&#8221;][et_pb_text admin_label=&#8221;Text&#8221; _builder_version=&#8221;4.21.0&#8243; text_font=&#8221;Amiri||||||||&#8221; header_2_font=&#8221;Amiri||||||||&#8221; header_3_font=&#8221;Amiri||||||||&#8221; background_size=&#8221;initial&#8221; background_position=&#8221;top_left&#8221; background_repeat=&#8221;repeat&#8221; hover_enabled=&#8221;0&#8243; global_colors_info=&#8221;{}&#8221; sticky_enabled=&#8221;0&#8243;]<\/p>\n<p>Pochi mesi fa, il nostro Studio ha vinto la causa contro l&#8217;Amministrazione delle Entrate, che discriminava tra cittadini svizzeri e cittadini francesi nell&#8217;ambito della tassazione sulle plusvalenze immobiliari realizzate in territorio francese (si veda il nostro articolo: \u201cFine della spoliazione di residenti svizzeri in tema di plusvalenze immobiliari \u2013 Bando per la mobilitazione dei contribuenti svizzeri spogliati dal fisco <a href=\"https:\/\/gregorydamy.niceavocats.fr\/en\/retaliatory-measures-and-challenges\/\">francese<\/a>\u201d).<\/p>\n<h2>Discriminazione fiscale nei confronti dei cittadini extracomunitari<\/h2>\n<p>La Direzione Generale delle Finanze Pubbliche, tuttavia, non ha tratto le conseguenze giuridiche della decisione resa dal Consiglio di Stato in materia il 20 dicembre 2013.<\/p>\n<p>Infatti, se ha rinunciato all&#8217;applicazione della clausola di non discriminazione contenuta nel trattato fiscale franco-svizzero, continua a violare molti altri trattati fiscali che vietano qualsiasi discriminazione tra soggetti passivi. Pertanto, molti stranieri non residenti nell&#8217;Unione Europea, pur essendo protetti da questi testi, sono soggetti a un&#8217;aliquota del 33,33% in caso di realizzo di plusvalenze immobiliari in Francia, rispetto al 19% per i cittadini di l&#8217;Unione. .<\/p>\n<p>I cittadini americani beneficiano quindi della protezione dell&#8217;articolo 25 paragrafo 1 del trattato fiscale franco-americano ai sensi del quale:<\/p>\n<p>\u201cLe persone fisiche cittadine di uno Stato contraente e residenti dell&#8217;altro Stato contraente non sono assoggettate in detto altro Stato ad alcuna imposizione od obbligo ad essa relativo, diversi o maggiori di quelli cui sono o potranno essere assoggettate le persone fisiche che sono cittadini e residenti di detto altro Stato e si trovano nella stessa situazione. &#8220;.<\/p>\n<p>Allo stesso modo, i canadesi devono essere soggetti all&#8217;articolo 24 paragrafo 1 del trattato fiscale franco-canadese che specifica:<\/p>\n<p>\u201cLe persone fisiche aventi la cittadinanza di uno Stato contraente non sono assoggettate nell&#8217;altro Stato contraente ad alcuna imposizione od obbligo ad essa relativo, diversi o pi\u00f9 gravosi di quelli cui sono o potranno essere assoggettate le persone fisiche aventi la cittadinanza di detto altro Stato che si trovano nella stessa situazione, in particolare per quanto riguarda la residenza. Questa disposizione si applica alle persone fisiche residenti o meno in uno degli Stati contraenti. \u00bb<\/p>\n<h2>Discriminazione fiscale contro i cittadini extracomunitari in Francia<\/h2>\n<p>Inoltre, i contributi previdenziali applicabili alle plusvalenze immobiliari realizzate da non residenti sono ormai intorno al 16%, anche se non beneficiano del sistema di protezione sociale francese.<\/p>\n<p>Questa discriminazione, tanto abusiva quanto scandalosa, deve essere posta fine giudiziaria, in quanto altera, inoltre, l&#8217;immagine della Francia come paese dei diritti umani.<\/p>\n<p>Di conseguenza, se sei stato sottoposto a tale trattamento negli ultimi due anni, \u00e8 perfettamente possibile ottenere il rimborso di questa tassazione abusiva, tanto che ti viene applicata l&#8217;aliquota del 19% anzich\u00e9 del 33,33%.<\/p>\n<p>Il nostro studio, che dispone delle competenze necessarie, \u00e8 a vostra disposizione per consigliarvi e assistervi in \u200b\u200bquesto processo.<\/p>\n<p>Soci\u00e9t\u00e9 d&#8217;avocats DAMY &#8211; 2020 &#8211; TASSAZIONE DEI VALORI IMMOBILIARI MADE IN FRANCE: I CITTADINI AMERICANI E CANADESI ANCORA DISCRIMINATI DALL&#8217;AMMINISTRAZIONE<a href=\"https:\/\/www.justice.fr\/\"> FISCALE<\/a><\/p>\n<p>&nbsp;<\/p>\n<p>&nbsp;<\/p>\n<p>[\/et_pb_text][\/et_pb_column][\/et_pb_row][et_pb_row _builder_version=&#8221;4.19.5&#8243; _module_preset=&#8221;default&#8221; custom_margin=&#8221;||0px||false|false&#8221; custom_padding=&#8221;||0px||false|false&#8221; global_colors_info=&#8221;{}&#8221;][et_pb_column type=&#8221;4_4&#8243; _builder_version=&#8221;4.19.5&#8243; _module_preset=&#8221;default&#8221; global_colors_info=&#8221;{}&#8221;][et_pb_divider _builder_version=&#8221;4.19.5&#8243; _module_preset=&#8221;default&#8221; global_colors_info=&#8221;{}&#8221;][\/et_pb_divider][\/et_pb_column][\/et_pb_row][\/et_pb_section]<\/p>\n","protected":false},"excerpt":{"rendered":"<p>Pochi mesi fa, il nostro Studio ha vinto la causa contro l&#8217;Amministrazione delle Entrate, che discriminava tra cittadini svizzeri e cittadini francesi nell&#8217;ambito della tassazione sulle plusvalenze immobiliari realizzate in territorio francese (si veda il nostro articolo: \u201cFine della spoliazione di residenti svizzeri in tema di plusvalenze immobiliari \u2013 Bando per la mobilitazione dei contribuenti [&hellip;]<\/p>\n","protected":false},"author":1,"featured_media":0,"comment_status":"open","ping_status":"open","sticky":false,"template":"","format":"standard","meta":{"_et_pb_use_builder":"on","_et_pb_old_content":"","_et_gb_content_width":"","footnotes":""},"categories":[1],"tags":[],"class_list":["post-20971","post","type-post","status-publish","format-standard","hentry","category-non-classifiee"],"yoast_head":"<!-- This site is optimized with the Yoast SEO plugin v26.8 - https:\/\/yoast.com\/product\/yoast-seo-wordpress\/ -->\n<title>Discriminazione fiscale - Soci\u00e9t\u00e9 d&#039;avocats Damy<\/title>\n<meta name=\"description\" content=\"Discriminazione Fiscale qualche mese fa, il nostro Studio ha vinto la causa contro l&#039;Amministrazione Finanziaria, che discriminava tra\" \/>\n<meta name=\"robots\" content=\"index, follow, max-snippet:-1, max-image-preview:large, max-video-preview:-1\" \/>\n<link rel=\"canonical\" href=\"https:\/\/gregorydamy.niceavocats.fr\/it\/discriminazione-fiscale\/\" \/>\n<meta property=\"og:locale\" content=\"it_IT\" \/>\n<meta property=\"og:type\" content=\"article\" \/>\n<meta property=\"og:title\" content=\"Discriminazione fiscale - Soci\u00e9t\u00e9 d&#039;avocats Damy\" \/>\n<meta property=\"og:description\" content=\"Discriminazione Fiscale qualche mese fa, il nostro Studio ha vinto la causa contro l&#039;Amministrazione Finanziaria, che discriminava tra\" \/>\n<meta property=\"og:url\" content=\"https:\/\/gregorydamy.niceavocats.fr\/it\/discriminazione-fiscale\/\" \/>\n<meta property=\"og:site_name\" content=\"Soci\u00e9t\u00e9 d&#039;avocats Damy\" \/>\n<meta property=\"article:publisher\" content=\"https:\/\/www.facebook.com\/niceavocats.fr\/\" \/>\n<meta property=\"article:published_time\" content=\"2014-09-26T16:06:39+00:00\" \/>\n<meta property=\"article:modified_time\" content=\"2023-06-15T11:24:47+00:00\" \/>\n<meta name=\"author\" content=\"admin\" \/>\n<meta name=\"twitter:card\" content=\"summary_large_image\" \/>\n<meta name=\"twitter:label1\" content=\"Scritto da\" \/>\n\t<meta name=\"twitter:data1\" content=\"admin\" \/>\n\t<meta name=\"twitter:label2\" content=\"Tempo di lettura stimato\" \/>\n\t<meta name=\"twitter:data2\" content=\"4 minuti\" \/>\n<script type=\"application\/ld+json\" class=\"yoast-schema-graph\">{\"@context\":\"https:\/\/schema.org\",\"@graph\":[{\"@type\":\"Article\",\"@id\":\"https:\/\/gregorydamy.niceavocats.fr\/it\/discriminazione-fiscale\/#article\",\"isPartOf\":{\"@id\":\"https:\/\/gregorydamy.niceavocats.fr\/it\/discriminazione-fiscale\/\"},\"author\":{\"name\":\"admin\",\"@id\":\"https:\/\/gregorydamy.niceavocats.fr\/it\/#\/schema\/person\/64c9f9acb07431f6b55f72278b4a5d57\"},\"headline\":\"Discriminazione fiscale\",\"datePublished\":\"2014-09-26T16:06:39+00:00\",\"dateModified\":\"2023-06-15T11:24:47+00:00\",\"mainEntityOfPage\":{\"@id\":\"https:\/\/gregorydamy.niceavocats.fr\/it\/discriminazione-fiscale\/\"},\"wordCount\":821,\"commentCount\":0,\"publisher\":{\"@id\":\"https:\/\/gregorydamy.niceavocats.fr\/it\/#organization\"},\"articleSection\":[\"Non classifi\u00e9(e)\"],\"inLanguage\":\"it-IT\",\"potentialAction\":[{\"@type\":\"CommentAction\",\"name\":\"Comment\",\"target\":[\"https:\/\/gregorydamy.niceavocats.fr\/it\/discriminazione-fiscale\/#respond\"]}]},{\"@type\":\"WebPage\",\"@id\":\"https:\/\/gregorydamy.niceavocats.fr\/it\/discriminazione-fiscale\/\",\"url\":\"https:\/\/gregorydamy.niceavocats.fr\/it\/discriminazione-fiscale\/\",\"name\":\"Discriminazione fiscale - Soci\u00e9t\u00e9 d&#039;avocats Damy\",\"isPartOf\":{\"@id\":\"https:\/\/gregorydamy.niceavocats.fr\/it\/#website\"},\"datePublished\":\"2014-09-26T16:06:39+00:00\",\"dateModified\":\"2023-06-15T11:24:47+00:00\",\"description\":\"Discriminazione Fiscale qualche mese fa, il nostro Studio ha vinto la causa contro l'Amministrazione Finanziaria, che discriminava tra\",\"breadcrumb\":{\"@id\":\"https:\/\/gregorydamy.niceavocats.fr\/it\/discriminazione-fiscale\/#breadcrumb\"},\"inLanguage\":\"it-IT\",\"potentialAction\":[{\"@type\":\"ReadAction\",\"target\":[\"https:\/\/gregorydamy.niceavocats.fr\/it\/discriminazione-fiscale\/\"]}]},{\"@type\":\"BreadcrumbList\",\"@id\":\"https:\/\/gregorydamy.niceavocats.fr\/it\/discriminazione-fiscale\/#breadcrumb\",\"itemListElement\":[{\"@type\":\"ListItem\",\"position\":1,\"name\":\"Accueil\",\"item\":\"https:\/\/gregorydamy.niceavocats.fr\/it\/\"},{\"@type\":\"ListItem\",\"position\":2,\"name\":\"Discriminazione fiscale\"}]},{\"@type\":\"WebSite\",\"@id\":\"https:\/\/gregorydamy.niceavocats.fr\/it\/#website\",\"url\":\"https:\/\/gregorydamy.niceavocats.fr\/it\/\",\"name\":\"Soci\u00e9t\u00e9 d&#039;avocats Damy\",\"description\":\"Justice - Confiance - Efficacit\u00e9\",\"publisher\":{\"@id\":\"https:\/\/gregorydamy.niceavocats.fr\/it\/#organization\"},\"potentialAction\":[{\"@type\":\"SearchAction\",\"target\":{\"@type\":\"EntryPoint\",\"urlTemplate\":\"https:\/\/gregorydamy.niceavocats.fr\/it\/?s={search_term_string}\"},\"query-input\":{\"@type\":\"PropertyValueSpecification\",\"valueRequired\":true,\"valueName\":\"search_term_string\"}}],\"inLanguage\":\"it-IT\"},{\"@type\":\"Organization\",\"@id\":\"https:\/\/gregorydamy.niceavocats.fr\/it\/#organization\",\"name\":\"Soci\u00e9t\u00e9 d'Avocats DAMY\",\"alternateName\":\"Gr\u00e9gory DAMY\",\"url\":\"https:\/\/gregorydamy.niceavocats.fr\/it\/\",\"logo\":{\"@type\":\"ImageObject\",\"inLanguage\":\"it-IT\",\"@id\":\"https:\/\/gregorydamy.niceavocats.fr\/it\/#\/schema\/logo\/image\/\",\"url\":\"https:\/\/gregorydamy.niceavocats.fr\/wp-content\/uploads\/2023\/04\/damylogo-1.png\",\"contentUrl\":\"https:\/\/gregorydamy.niceavocats.fr\/wp-content\/uploads\/2023\/04\/damylogo-1.png\",\"width\":1890,\"height\":1417,\"caption\":\"Soci\u00e9t\u00e9 d'Avocats DAMY\"},\"image\":{\"@id\":\"https:\/\/gregorydamy.niceavocats.fr\/it\/#\/schema\/logo\/image\/\"},\"sameAs\":[\"https:\/\/www.facebook.com\/niceavocats.fr\/\"]},{\"@type\":\"Person\",\"@id\":\"https:\/\/gregorydamy.niceavocats.fr\/it\/#\/schema\/person\/64c9f9acb07431f6b55f72278b4a5d57\",\"name\":\"admin\",\"sameAs\":[\"https:\/\/gregorydamy.niceavocats.fr\"],\"url\":\"https:\/\/gregorydamy.niceavocats.fr\/it\/author\/admin_34\/\"}]}<\/script>\n<!-- \/ Yoast SEO plugin. -->","yoast_head_json":{"title":"Discriminazione fiscale - Soci\u00e9t\u00e9 d&#039;avocats Damy","description":"Discriminazione Fiscale qualche mese fa, il nostro Studio ha vinto la causa contro l'Amministrazione Finanziaria, che discriminava tra","robots":{"index":"index","follow":"follow","max-snippet":"max-snippet:-1","max-image-preview":"max-image-preview:large","max-video-preview":"max-video-preview:-1"},"canonical":"https:\/\/gregorydamy.niceavocats.fr\/it\/discriminazione-fiscale\/","og_locale":"it_IT","og_type":"article","og_title":"Discriminazione fiscale - Soci\u00e9t\u00e9 d&#039;avocats Damy","og_description":"Discriminazione Fiscale qualche mese fa, il nostro Studio ha vinto la causa contro l'Amministrazione Finanziaria, che discriminava tra","og_url":"https:\/\/gregorydamy.niceavocats.fr\/it\/discriminazione-fiscale\/","og_site_name":"Soci\u00e9t\u00e9 d&#039;avocats Damy","article_publisher":"https:\/\/www.facebook.com\/niceavocats.fr\/","article_published_time":"2014-09-26T16:06:39+00:00","article_modified_time":"2023-06-15T11:24:47+00:00","author":"admin","twitter_card":"summary_large_image","twitter_misc":{"Scritto da":"admin","Tempo di lettura stimato":"4 minuti"},"schema":{"@context":"https:\/\/schema.org","@graph":[{"@type":"Article","@id":"https:\/\/gregorydamy.niceavocats.fr\/it\/discriminazione-fiscale\/#article","isPartOf":{"@id":"https:\/\/gregorydamy.niceavocats.fr\/it\/discriminazione-fiscale\/"},"author":{"name":"admin","@id":"https:\/\/gregorydamy.niceavocats.fr\/it\/#\/schema\/person\/64c9f9acb07431f6b55f72278b4a5d57"},"headline":"Discriminazione fiscale","datePublished":"2014-09-26T16:06:39+00:00","dateModified":"2023-06-15T11:24:47+00:00","mainEntityOfPage":{"@id":"https:\/\/gregorydamy.niceavocats.fr\/it\/discriminazione-fiscale\/"},"wordCount":821,"commentCount":0,"publisher":{"@id":"https:\/\/gregorydamy.niceavocats.fr\/it\/#organization"},"articleSection":["Non classifi\u00e9(e)"],"inLanguage":"it-IT","potentialAction":[{"@type":"CommentAction","name":"Comment","target":["https:\/\/gregorydamy.niceavocats.fr\/it\/discriminazione-fiscale\/#respond"]}]},{"@type":"WebPage","@id":"https:\/\/gregorydamy.niceavocats.fr\/it\/discriminazione-fiscale\/","url":"https:\/\/gregorydamy.niceavocats.fr\/it\/discriminazione-fiscale\/","name":"Discriminazione fiscale - Soci\u00e9t\u00e9 d&#039;avocats Damy","isPartOf":{"@id":"https:\/\/gregorydamy.niceavocats.fr\/it\/#website"},"datePublished":"2014-09-26T16:06:39+00:00","dateModified":"2023-06-15T11:24:47+00:00","description":"Discriminazione Fiscale qualche mese fa, il nostro Studio ha vinto la causa contro l'Amministrazione Finanziaria, che discriminava tra","breadcrumb":{"@id":"https:\/\/gregorydamy.niceavocats.fr\/it\/discriminazione-fiscale\/#breadcrumb"},"inLanguage":"it-IT","potentialAction":[{"@type":"ReadAction","target":["https:\/\/gregorydamy.niceavocats.fr\/it\/discriminazione-fiscale\/"]}]},{"@type":"BreadcrumbList","@id":"https:\/\/gregorydamy.niceavocats.fr\/it\/discriminazione-fiscale\/#breadcrumb","itemListElement":[{"@type":"ListItem","position":1,"name":"Accueil","item":"https:\/\/gregorydamy.niceavocats.fr\/it\/"},{"@type":"ListItem","position":2,"name":"Discriminazione fiscale"}]},{"@type":"WebSite","@id":"https:\/\/gregorydamy.niceavocats.fr\/it\/#website","url":"https:\/\/gregorydamy.niceavocats.fr\/it\/","name":"Soci\u00e9t\u00e9 d&#039;avocats Damy","description":"Justice - Confiance - Efficacit\u00e9","publisher":{"@id":"https:\/\/gregorydamy.niceavocats.fr\/it\/#organization"},"potentialAction":[{"@type":"SearchAction","target":{"@type":"EntryPoint","urlTemplate":"https:\/\/gregorydamy.niceavocats.fr\/it\/?s={search_term_string}"},"query-input":{"@type":"PropertyValueSpecification","valueRequired":true,"valueName":"search_term_string"}}],"inLanguage":"it-IT"},{"@type":"Organization","@id":"https:\/\/gregorydamy.niceavocats.fr\/it\/#organization","name":"Soci\u00e9t\u00e9 d'Avocats DAMY","alternateName":"Gr\u00e9gory DAMY","url":"https:\/\/gregorydamy.niceavocats.fr\/it\/","logo":{"@type":"ImageObject","inLanguage":"it-IT","@id":"https:\/\/gregorydamy.niceavocats.fr\/it\/#\/schema\/logo\/image\/","url":"https:\/\/gregorydamy.niceavocats.fr\/wp-content\/uploads\/2023\/04\/damylogo-1.png","contentUrl":"https:\/\/gregorydamy.niceavocats.fr\/wp-content\/uploads\/2023\/04\/damylogo-1.png","width":1890,"height":1417,"caption":"Soci\u00e9t\u00e9 d'Avocats DAMY"},"image":{"@id":"https:\/\/gregorydamy.niceavocats.fr\/it\/#\/schema\/logo\/image\/"},"sameAs":["https:\/\/www.facebook.com\/niceavocats.fr\/"]},{"@type":"Person","@id":"https:\/\/gregorydamy.niceavocats.fr\/it\/#\/schema\/person\/64c9f9acb07431f6b55f72278b4a5d57","name":"admin","sameAs":["https:\/\/gregorydamy.niceavocats.fr"],"url":"https:\/\/gregorydamy.niceavocats.fr\/it\/author\/admin_34\/"}]}},"_links":{"self":[{"href":"https:\/\/gregorydamy.niceavocats.fr\/it\/wp-json\/wp\/v2\/posts\/20971","targetHints":{"allow":["GET"]}}],"collection":[{"href":"https:\/\/gregorydamy.niceavocats.fr\/it\/wp-json\/wp\/v2\/posts"}],"about":[{"href":"https:\/\/gregorydamy.niceavocats.fr\/it\/wp-json\/wp\/v2\/types\/post"}],"author":[{"embeddable":true,"href":"https:\/\/gregorydamy.niceavocats.fr\/it\/wp-json\/wp\/v2\/users\/1"}],"replies":[{"embeddable":true,"href":"https:\/\/gregorydamy.niceavocats.fr\/it\/wp-json\/wp\/v2\/comments?post=20971"}],"version-history":[{"count":0,"href":"https:\/\/gregorydamy.niceavocats.fr\/it\/wp-json\/wp\/v2\/posts\/20971\/revisions"}],"wp:attachment":[{"href":"https:\/\/gregorydamy.niceavocats.fr\/it\/wp-json\/wp\/v2\/media?parent=20971"}],"wp:term":[{"taxonomy":"category","embeddable":true,"href":"https:\/\/gregorydamy.niceavocats.fr\/it\/wp-json\/wp\/v2\/categories?post=20971"},{"taxonomy":"post_tag","embeddable":true,"href":"https:\/\/gregorydamy.niceavocats.fr\/it\/wp-json\/wp\/v2\/tags?post=20971"}],"curies":[{"name":"wp","href":"https:\/\/api.w.org\/{rel}","templated":true}]}}