{"id":1967,"date":"2015-08-14T13:01:26","date_gmt":"2015-08-14T13:01:26","guid":{"rendered":"https:\/\/gregorydamy.niceavocats.fr\/?p=1967"},"modified":"2023-08-02T06:00:54","modified_gmt":"2023-08-02T06:00:54","slug":"analisi-della","status":"publish","type":"post","link":"https:\/\/gregorydamy.niceavocats.fr\/it\/analisi-della\/","title":{"rendered":"Le conseguenze della legge Macron per le professioni legali"},"content":{"rendered":"<p>[et_pb_section fb_built=&#8221;1&#8243; admin_label=&#8221;section&#8221; _builder_version=&#8221;4.19.5&#8243; custom_margin=&#8221;||0px||false|false&#8221; custom_padding=&#8221;||0px||false|false&#8221; locked=&#8221;off&#8221; global_colors_info=&#8221;{}&#8221;][et_pb_row column_structure=&#8221;1_3,1_3,1_3&#8243; _builder_version=&#8221;4.19.5&#8243; _module_preset=&#8221;default&#8221; background_enable_mask_style=&#8221;on&#8221; background_mask_style=&#8221;wave&#8221; background_mask_color=&#8221;rgba(0,0,0,0.08)&#8221; custom_padding=&#8221;||6px|||&#8221; locked=&#8221;off&#8221; global_colors_info=&#8221;{}&#8221;][et_pb_column type=&#8221;1_3&#8243; _builder_version=&#8221;4.19.5&#8243; _module_preset=&#8221;default&#8221; global_colors_info=&#8221;{}&#8221;][\/et_pb_column][et_pb_column type=&#8221;1_3&#8243; _builder_version=&#8221;4.19.5&#8243; _module_preset=&#8221;default&#8221; global_colors_info=&#8221;{}&#8221;][\/et_pb_column][et_pb_column type=&#8221;1_3&#8243; _builder_version=&#8221;4.19.5&#8243; _module_preset=&#8221;default&#8221; global_colors_info=&#8221;{}&#8221;][et_pb_circle_counter title=&#8221; Temps de lecture estim\u00e9 (en minutes)&#8221; number=&#8221;1&#8243; percent_sign=&#8221;off&#8221; _builder_version=&#8221;4.19.5&#8243; _module_preset=&#8221;default&#8221; title_font=&#8221;Amiri||||||||&#8221; max_width=&#8221;137px&#8221; global_colors_info=&#8221;{}&#8221;][\/et_pb_circle_counter][\/et_pb_column][\/et_pb_row][et_pb_row _builder_version=&#8221;4.19.5&#8243; _module_preset=&#8221;default&#8221; custom_margin=&#8221;||0px||false|false&#8221; custom_padding=&#8221;||0px||false|false&#8221; global_colors_info=&#8221;{}&#8221;][et_pb_column type=&#8221;4_4&#8243; _builder_version=&#8221;4.19.5&#8243; _module_preset=&#8221;default&#8221; global_colors_info=&#8221;{}&#8221;][et_pb_divider _builder_version=&#8221;4.19.5&#8243; _module_preset=&#8221;default&#8221; global_colors_info=&#8221;{}&#8221;][\/et_pb_divider][et_pb_image src=&#8221;https:\/\/gregorydamy.niceavocats.fr\/wp-content\/uploads\/2023\/06\/low-angle-business-man-with-clipboard-1-scaled.jpg&#8221; title_text=&#8221;low-angle-business-man-with-clipboard (1)&#8221; _builder_version=&#8221;4.21.0&#8243; _module_preset=&#8221;default&#8221; global_colors_info=&#8221;{}&#8221;][\/et_pb_image][et_pb_text admin_label=&#8221;Text&#8221; _builder_version=&#8221;4.21.0&#8243; text_font=&#8221;Amiri||||||||&#8221; header_2_font=&#8221;Amiri||||||||&#8221; header_3_font=&#8221;Amiri||||||||&#8221; background_size=&#8221;initial&#8221; background_position=&#8221;top_left&#8221; background_repeat=&#8221;repeat&#8221; hover_enabled=&#8221;0&#8243; global_colors_info=&#8221;{}&#8221; sticky_enabled=&#8221;0&#8243;]<\/p>\n<p><span class=\"\"><span>La legge per la crescita, l&#8217;attivit\u00e0 e le pari opportunit\u00e0 economiche, nota come legge\u00a0<\/span><a href=\"https:\/\/www.gouvernement.fr\/actualite\/suivez-la-ceremonie-dinvestiture-du-president-emmanuel-macron\"><span>Macron<\/span><\/a><span>\u00a0, comprende una sezione riguardante le\u00a0<\/span><\/span><span><span class=\"\">profession<\/span><\/span><span><span class=\"\">\u00a0legali .<\/span><\/span><\/p>\n<h2><span>Societ\u00e0 di praticantato interprofessionale: migliorare la collaborazione tra le professioni legali: \u2013<\/span><\/h2>\n<p><span>La legge n\u00b0 2015-990 del 6 agosto 2015 \u00e8 stata convalidata dal Consiglio costituzionale e pubblicata il 7 agosto 2015.<\/span><\/p>\n<p><span>In particolare, prevede all&#8217;articolo 65 la possibilit\u00e0 per i professionisti legali di creare societ\u00e0 di pratica interprofessionale.<\/span><\/p>\n<p><span>\u00abAlle condizioni previste dall&#8217;articolo 38 della Costituzione, il Governo \u00e8 autorizzato ad adottare con ordinanza, entro il termine di otto mesi dalla promulgazione della presente legge, i provvedimenti rientranti nell&#8217;ambito di applicazione della legge per:<\/span><\/p>\n<p><span>1\u00b0 Modernizzare le condizioni per l&#8217;esercizio della professione di dottore commercialista recependo le disposizioni della direttiva 2013\/55\/UE del Parlamento europeo e del Consiglio, del 20 novembre 2013, che modifica la direttiva 2005\/36\/CE relativa al riconoscimento e Regolamento (UE) n. 1024\/2012 sulla cooperazione amministrativa attraverso il sistema di informazione del mercato interno (&#8220;regolamento IMI&#8221;) con ordinanza n. 45-2138 del 19 settembre 1945 che istituisce l&#8217;ordine dei dottori commercialisti e disciplina il titolo e la professione di dottore commercialista;<\/span><\/p>\n<h2><span>Parole: problemi di risoluzione per alcune professioni legali: \u2013<\/span><\/h2>\n<p><span>2\u00b0 Agevolare la costituzione di societ\u00e0 aventi per oggetto l&#8217;esercizio in comune di pi\u00f9 professioni di avvocato, avvocato presso il Consiglio di Stato e presso la Corte di Cassazione, banditore giudiziario, ufficiale giudiziario, notaio, amministratore giudiziario, legale rappresentante, industriale avvocato specializzato in propriet\u00e0 e dottore commercialista:<\/span><\/p>\n<p><span>a) in cui la totalit\u00e0 del capitale e dei diritti di voto sono detenuti, direttamente o indirettamente, da soggetti esercenti una delle professioni esercitate in comune all&#8217;interno della predetta societ\u00e0 ovvero da persone legalmente stabilite in uno Stato membro dell&#8217;Unione Europea, in un altro Stato parte all&#8217;Accordo sullo Spazio Economico Europeo o nella Confederazione Elvetica che esercitino come libera professionista, in uno di questi Stati, un&#8217;attivit\u00e0 soggetta a statuto legislativo o regolamentare o subordinata al possesso di un diploma nazionale o internazionale riconosciuto ed eserciti uno o pi\u00f9 pi\u00f9 delle professioni costituenti l&#8217;oggetto sociale della societ\u00e0;<\/span><\/p>\n<p><span>b) che possono esercitare una professione solo se un loro associato soddisfa le condizioni richieste per esercitare detta professione;<\/span><\/p>\n<p><span>c) preservando i principi etici applicabili a ciascuna professione;<\/span><\/p>\n<p><span>d) Tenendo conto delle incompatibilit\u00e0 e dei rischi di conflitto di interessi propri di ciascuna professione;<\/span><\/p>\n<p><span>e) Preservando l&#8217;integrit\u00e0 delle missioni dei professionisti legate allo status di funzionario pubblico e ministeriale nell&#8217;esercizio delle loro funzioni;<\/span><\/p>\n<p><span>f) Assicurando la rappresentanza di almeno un componente, esercitante in azienda, di ciascuna professione esercitata dalla societ\u00e0 all&#8217;interno del consiglio di amministrazione o del consiglio di sorveglianza della societ\u00e0.\u00a0\u00bb<\/span><\/p>\n<p><span>Sar\u00e0 cos\u00ec possibile riunire all&#8217;interno della stessa struttura Avvocati, Notai, Ufficiali giudiziari, banditori, amministratori giudiziari, rappresentanti giudiziari, procuratori in propriet\u00e0 industriale e dottori commercialisti.<\/span><\/p>\n<p><span>Con questa novit\u00e0, la legge francese \u00e8 in sintonia con molti dei suoi vicini europei che hanno gi\u00e0 autorizzato questo lavoro di collaborazione.<\/span><\/p>\n<p><span>Tuttavia, se il progresso sembra interessante, deve essere considerato sotto il prisma delle condizioni di insediamento di ciascuna delle professioni che possono aderire a una tale societ\u00e0 di pratica interprofessionale.<\/span><\/p>\n<p><span>Infatti, ed \u00e8 questo il problema, non tutte le professioni legali sono libere di organizzarsi come vogliono, questo \u00e8 ad esempio il caso dei notai, degli ufficiali giudiziari o dei commissari-valutatori.<\/span><\/p>\n<p><span>L&#8217;articolo 52 di questa legge d\u00e0 loro la possibilit\u00e0 di stabilirsi liberamente, ma limita questa libert\u00e0 nel processo.<\/span><\/p>\n<p><span>\u201cNotari, ufficiali giudiziari e banditori d&#8217;asta giudiziarie possono insediarsi liberamente nelle zone dove l&#8217;insediamento di uffici sembra utile per rafforzare la prossimit\u00e0 o l&#8217;offerta di servizi.<\/span><\/p>\n<p><span>Tali aree sono determinate da una mappa elaborata congiuntamente dai Ministri della Giustizia e dell&#8217;Economia, su proposta dell&#8217;Autorit\u00e0 Garante della Concorrenza e del Mercato ai sensi dell&#8217;articolo L. 462-4-1 del Codice del Commercio.\u00a0Sono definiti in dettaglio rispetto ai criteri specificati dal decreto, inclusa un&#8217;analisi demografica dell&#8217;evoluzione prevedibile del numero di professionisti installati.<\/span><\/p>\n<p><span>A tal fine, questa mappa individua i settori in cui, per rafforzare la prossimit\u00e0 o l&#8217;offerta di servizi, appare utile la creazione di nuovi uffici di notaio, ufficiale giudiziario o banditore giudiziario.<\/span><\/p>\n<p><span>Al fine di garantire un progressivo incremento del numero degli uffici da realizzare, in modo da non stravolgere le condizioni di attivit\u00e0 degli uffici esistenti, la presente mappa \u00e8 accompagnata da raccomandazioni sui tempi di insediamento compatibilmente con un progressivo incremento del numero di professionisti.\u00a0nella zona interessata.\u00a0Questa mappa viene resa pubblica e rivista ogni due anni.\u00a0\u00bb<\/span><\/p>\n<p><span>Questi professionisti sono liberi di insediarsi in aree dove l&#8217;istituzione di uffici sembra utile.\u00a0Queste zone sono determinate congiuntamente dai Ministri della Giustizia e dell&#8217;Economia su proposta dell&#8217;Autorit\u00e9 de la concurrence.<\/span><\/p>\n<p><span class=\"VIpgJd-yAWNEb-VIpgJd-fmcmS-sn54Q\"><span>Pertanto, se in teoria sar\u00e0 possibile creare strutture in grado di soddisfare tutte le esigenze della clientela, in pratica la creazione di tali strutture sar\u00e0 condizionata dalla preventiva autorizzazione ad insediarsi\u00a0\u00a0<\/span><\/span><span class=\"VIpgJd-yAWNEb-VIpgJd-fmcmS-sn54Q\"><span>liberamente\u00a0<\/span><\/span><span class=\"VIpgJd-yAWNEb-VIpgJd-fmcmS-sn54Q\"><span>\u00a0.<\/span><\/span><\/p>\n<p><a href=\"https:\/\/gregorydamy.niceavocats.fr\/\"><span class=\"VIpgJd-yAWNEb-VIpgJd-fmcmS-sn54Q\"><span>Studio Legale DAMY<\/span><\/span><\/a><\/p>\n<p>[\/et_pb_text][\/et_pb_column][\/et_pb_row][et_pb_row admin_label=&#8221;row&#8221; _builder_version=&#8221;4.16&#8243; background_size=&#8221;initial&#8221; background_position=&#8221;top_left&#8221; background_repeat=&#8221;repeat&#8221; global_colors_info=&#8221;{}&#8221;][et_pb_column type=&#8221;4_4&#8243; _builder_version=&#8221;4.16&#8243; custom_padding=&#8221;|||&#8221; global_colors_info=&#8221;{}&#8221; custom_padding__hover=&#8221;|||&#8221;][\/et_pb_column][\/et_pb_row][\/et_pb_section]<\/p>\n","protected":false},"excerpt":{"rendered":"<p>La legge per la crescita, l&#8217;attivit\u00e0 e le pari opportunit\u00e0 economiche, nota come legge\u00a0Macron\u00a0, comprende una sezione riguardante le\u00a0profession\u00a0legali . Societ\u00e0 di praticantato interprofessionale: migliorare la collaborazione tra le professioni legali: \u2013 La legge n\u00b0 2015-990 del 6 agosto 2015 \u00e8 stata convalidata dal Consiglio costituzionale e pubblicata il 7 agosto 2015. In particolare, prevede [&hellip;]<\/p>\n","protected":false},"author":2,"featured_media":0,"comment_status":"open","ping_status":"open","sticky":false,"template":"","format":"standard","meta":{"_et_pb_use_builder":"on","_et_pb_old_content":"","_et_gb_content_width":"","footnotes":""},"categories":[289],"tags":[],"class_list":["post-1967","post","type-post","status-publish","format-standard","hentry","category-altro"],"yoast_head":"<!-- This site is optimized with the Yoast SEO plugin v26.8 - https:\/\/yoast.com\/product\/yoast-seo-wordpress\/ -->\n<title>Le conseguenze della legge Macron per le professioni legali - Soci\u00e9t\u00e9 d&#039;avocats Damy<\/title>\n<meta name=\"description\" content=\"Analisi della Insights la legge per la crescita, l&#039;attivit\u00e0 e le pari opportunit\u00e0 economiche, nota come legge Macron, ha una sezione\" \/>\n<meta name=\"robots\" content=\"index, follow, max-snippet:-1, max-image-preview:large, max-video-preview:-1\" \/>\n<link rel=\"canonical\" href=\"https:\/\/gregorydamy.niceavocats.fr\/it\/analisi-della\/\" \/>\n<meta property=\"og:locale\" content=\"it_IT\" \/>\n<meta property=\"og:type\" content=\"article\" \/>\n<meta property=\"og:title\" content=\"Le conseguenze della legge Macron per le professioni legali - Soci\u00e9t\u00e9 d&#039;avocats Damy\" \/>\n<meta property=\"og:description\" content=\"Analisi della Insights la legge per la crescita, l&#039;attivit\u00e0 e le pari opportunit\u00e0 economiche, nota come legge Macron, ha una sezione\" \/>\n<meta property=\"og:url\" content=\"https:\/\/gregorydamy.niceavocats.fr\/it\/analisi-della\/\" \/>\n<meta property=\"og:site_name\" content=\"Soci\u00e9t\u00e9 d&#039;avocats Damy\" \/>\n<meta property=\"article:publisher\" content=\"https:\/\/www.facebook.com\/niceavocats.fr\/\" \/>\n<meta property=\"article:published_time\" content=\"2015-08-14T13:01:26+00:00\" \/>\n<meta property=\"article:modified_time\" content=\"2023-08-02T06:00:54+00:00\" \/>\n<meta name=\"author\" content=\"Kevin\" \/>\n<meta name=\"twitter:card\" content=\"summary_large_image\" \/>\n<meta name=\"twitter:label1\" content=\"Scritto da\" \/>\n\t<meta name=\"twitter:data1\" content=\"Kevin\" \/>\n\t<meta name=\"twitter:label2\" content=\"Tempo di lettura stimato\" \/>\n\t<meta name=\"twitter:data2\" content=\"5 minuti\" \/>\n<script type=\"application\/ld+json\" class=\"yoast-schema-graph\">{\"@context\":\"https:\/\/schema.org\",\"@graph\":[{\"@type\":\"Article\",\"@id\":\"https:\/\/gregorydamy.niceavocats.fr\/it\/analisi-della\/#article\",\"isPartOf\":{\"@id\":\"https:\/\/gregorydamy.niceavocats.fr\/it\/analisi-della\/\"},\"author\":{\"name\":\"Kevin\",\"@id\":\"https:\/\/gregorydamy.niceavocats.fr\/it\/#\/schema\/person\/e040acb2856efaa1e114d0e7a92a3870\"},\"headline\":\"Le conseguenze della legge Macron per le professioni legali\",\"datePublished\":\"2015-08-14T13:01:26+00:00\",\"dateModified\":\"2023-08-02T06:00:54+00:00\",\"mainEntityOfPage\":{\"@id\":\"https:\/\/gregorydamy.niceavocats.fr\/it\/analisi-della\/\"},\"wordCount\":1102,\"commentCount\":0,\"publisher\":{\"@id\":\"https:\/\/gregorydamy.niceavocats.fr\/it\/#organization\"},\"articleSection\":[\"Altro\"],\"inLanguage\":\"it-IT\",\"potentialAction\":[{\"@type\":\"CommentAction\",\"name\":\"Comment\",\"target\":[\"https:\/\/gregorydamy.niceavocats.fr\/it\/analisi-della\/#respond\"]}]},{\"@type\":\"WebPage\",\"@id\":\"https:\/\/gregorydamy.niceavocats.fr\/it\/analisi-della\/\",\"url\":\"https:\/\/gregorydamy.niceavocats.fr\/it\/analisi-della\/\",\"name\":\"Le conseguenze della legge Macron per le professioni legali - Soci\u00e9t\u00e9 d&#039;avocats Damy\",\"isPartOf\":{\"@id\":\"https:\/\/gregorydamy.niceavocats.fr\/it\/#website\"},\"datePublished\":\"2015-08-14T13:01:26+00:00\",\"dateModified\":\"2023-08-02T06:00:54+00:00\",\"description\":\"Analisi della Insights la legge per la crescita, l'attivit\u00e0 e le pari opportunit\u00e0 economiche, nota come legge Macron, ha una sezione\",\"breadcrumb\":{\"@id\":\"https:\/\/gregorydamy.niceavocats.fr\/it\/analisi-della\/#breadcrumb\"},\"inLanguage\":\"it-IT\",\"potentialAction\":[{\"@type\":\"ReadAction\",\"target\":[\"https:\/\/gregorydamy.niceavocats.fr\/it\/analisi-della\/\"]}]},{\"@type\":\"BreadcrumbList\",\"@id\":\"https:\/\/gregorydamy.niceavocats.fr\/it\/analisi-della\/#breadcrumb\",\"itemListElement\":[{\"@type\":\"ListItem\",\"position\":1,\"name\":\"Accueil\",\"item\":\"https:\/\/gregorydamy.niceavocats.fr\/it\/\"},{\"@type\":\"ListItem\",\"position\":2,\"name\":\"Le conseguenze della legge Macron per le professioni legali\"}]},{\"@type\":\"WebSite\",\"@id\":\"https:\/\/gregorydamy.niceavocats.fr\/it\/#website\",\"url\":\"https:\/\/gregorydamy.niceavocats.fr\/it\/\",\"name\":\"Soci\u00e9t\u00e9 d&#039;avocats Damy\",\"description\":\"Justice - Confiance - Efficacit\u00e9\",\"publisher\":{\"@id\":\"https:\/\/gregorydamy.niceavocats.fr\/it\/#organization\"},\"potentialAction\":[{\"@type\":\"SearchAction\",\"target\":{\"@type\":\"EntryPoint\",\"urlTemplate\":\"https:\/\/gregorydamy.niceavocats.fr\/it\/?s={search_term_string}\"},\"query-input\":{\"@type\":\"PropertyValueSpecification\",\"valueRequired\":true,\"valueName\":\"search_term_string\"}}],\"inLanguage\":\"it-IT\"},{\"@type\":\"Organization\",\"@id\":\"https:\/\/gregorydamy.niceavocats.fr\/it\/#organization\",\"name\":\"Soci\u00e9t\u00e9 d'Avocats DAMY\",\"alternateName\":\"Gr\u00e9gory DAMY\",\"url\":\"https:\/\/gregorydamy.niceavocats.fr\/it\/\",\"logo\":{\"@type\":\"ImageObject\",\"inLanguage\":\"it-IT\",\"@id\":\"https:\/\/gregorydamy.niceavocats.fr\/it\/#\/schema\/logo\/image\/\",\"url\":\"https:\/\/gregorydamy.niceavocats.fr\/wp-content\/uploads\/2023\/04\/damylogo-1.png\",\"contentUrl\":\"https:\/\/gregorydamy.niceavocats.fr\/wp-content\/uploads\/2023\/04\/damylogo-1.png\",\"width\":1890,\"height\":1417,\"caption\":\"Soci\u00e9t\u00e9 d'Avocats DAMY\"},\"image\":{\"@id\":\"https:\/\/gregorydamy.niceavocats.fr\/it\/#\/schema\/logo\/image\/\"},\"sameAs\":[\"https:\/\/www.facebook.com\/niceavocats.fr\/\"]},{\"@type\":\"Person\",\"@id\":\"https:\/\/gregorydamy.niceavocats.fr\/it\/#\/schema\/person\/e040acb2856efaa1e114d0e7a92a3870\",\"name\":\"Kevin\",\"url\":\"https:\/\/gregorydamy.niceavocats.fr\/it\/author\/kevin\/\"}]}<\/script>\n<!-- \/ Yoast SEO plugin. -->","yoast_head_json":{"title":"Le conseguenze della legge Macron per le professioni legali - Soci\u00e9t\u00e9 d&#039;avocats Damy","description":"Analisi della Insights la legge per la crescita, l'attivit\u00e0 e le pari opportunit\u00e0 economiche, nota come legge Macron, ha una sezione","robots":{"index":"index","follow":"follow","max-snippet":"max-snippet:-1","max-image-preview":"max-image-preview:large","max-video-preview":"max-video-preview:-1"},"canonical":"https:\/\/gregorydamy.niceavocats.fr\/it\/analisi-della\/","og_locale":"it_IT","og_type":"article","og_title":"Le conseguenze della legge Macron per le professioni legali - Soci\u00e9t\u00e9 d&#039;avocats Damy","og_description":"Analisi della Insights la legge per la crescita, l'attivit\u00e0 e le pari opportunit\u00e0 economiche, nota come legge Macron, ha una sezione","og_url":"https:\/\/gregorydamy.niceavocats.fr\/it\/analisi-della\/","og_site_name":"Soci\u00e9t\u00e9 d&#039;avocats Damy","article_publisher":"https:\/\/www.facebook.com\/niceavocats.fr\/","article_published_time":"2015-08-14T13:01:26+00:00","article_modified_time":"2023-08-02T06:00:54+00:00","author":"Kevin","twitter_card":"summary_large_image","twitter_misc":{"Scritto da":"Kevin","Tempo di lettura stimato":"5 minuti"},"schema":{"@context":"https:\/\/schema.org","@graph":[{"@type":"Article","@id":"https:\/\/gregorydamy.niceavocats.fr\/it\/analisi-della\/#article","isPartOf":{"@id":"https:\/\/gregorydamy.niceavocats.fr\/it\/analisi-della\/"},"author":{"name":"Kevin","@id":"https:\/\/gregorydamy.niceavocats.fr\/it\/#\/schema\/person\/e040acb2856efaa1e114d0e7a92a3870"},"headline":"Le conseguenze della legge Macron per le professioni legali","datePublished":"2015-08-14T13:01:26+00:00","dateModified":"2023-08-02T06:00:54+00:00","mainEntityOfPage":{"@id":"https:\/\/gregorydamy.niceavocats.fr\/it\/analisi-della\/"},"wordCount":1102,"commentCount":0,"publisher":{"@id":"https:\/\/gregorydamy.niceavocats.fr\/it\/#organization"},"articleSection":["Altro"],"inLanguage":"it-IT","potentialAction":[{"@type":"CommentAction","name":"Comment","target":["https:\/\/gregorydamy.niceavocats.fr\/it\/analisi-della\/#respond"]}]},{"@type":"WebPage","@id":"https:\/\/gregorydamy.niceavocats.fr\/it\/analisi-della\/","url":"https:\/\/gregorydamy.niceavocats.fr\/it\/analisi-della\/","name":"Le conseguenze della legge Macron per le professioni legali - Soci\u00e9t\u00e9 d&#039;avocats Damy","isPartOf":{"@id":"https:\/\/gregorydamy.niceavocats.fr\/it\/#website"},"datePublished":"2015-08-14T13:01:26+00:00","dateModified":"2023-08-02T06:00:54+00:00","description":"Analisi della Insights la legge per la crescita, l'attivit\u00e0 e le pari opportunit\u00e0 economiche, nota come legge Macron, ha una sezione","breadcrumb":{"@id":"https:\/\/gregorydamy.niceavocats.fr\/it\/analisi-della\/#breadcrumb"},"inLanguage":"it-IT","potentialAction":[{"@type":"ReadAction","target":["https:\/\/gregorydamy.niceavocats.fr\/it\/analisi-della\/"]}]},{"@type":"BreadcrumbList","@id":"https:\/\/gregorydamy.niceavocats.fr\/it\/analisi-della\/#breadcrumb","itemListElement":[{"@type":"ListItem","position":1,"name":"Accueil","item":"https:\/\/gregorydamy.niceavocats.fr\/it\/"},{"@type":"ListItem","position":2,"name":"Le conseguenze della legge Macron per le professioni legali"}]},{"@type":"WebSite","@id":"https:\/\/gregorydamy.niceavocats.fr\/it\/#website","url":"https:\/\/gregorydamy.niceavocats.fr\/it\/","name":"Soci\u00e9t\u00e9 d&#039;avocats Damy","description":"Justice - Confiance - Efficacit\u00e9","publisher":{"@id":"https:\/\/gregorydamy.niceavocats.fr\/it\/#organization"},"potentialAction":[{"@type":"SearchAction","target":{"@type":"EntryPoint","urlTemplate":"https:\/\/gregorydamy.niceavocats.fr\/it\/?s={search_term_string}"},"query-input":{"@type":"PropertyValueSpecification","valueRequired":true,"valueName":"search_term_string"}}],"inLanguage":"it-IT"},{"@type":"Organization","@id":"https:\/\/gregorydamy.niceavocats.fr\/it\/#organization","name":"Soci\u00e9t\u00e9 d'Avocats DAMY","alternateName":"Gr\u00e9gory DAMY","url":"https:\/\/gregorydamy.niceavocats.fr\/it\/","logo":{"@type":"ImageObject","inLanguage":"it-IT","@id":"https:\/\/gregorydamy.niceavocats.fr\/it\/#\/schema\/logo\/image\/","url":"https:\/\/gregorydamy.niceavocats.fr\/wp-content\/uploads\/2023\/04\/damylogo-1.png","contentUrl":"https:\/\/gregorydamy.niceavocats.fr\/wp-content\/uploads\/2023\/04\/damylogo-1.png","width":1890,"height":1417,"caption":"Soci\u00e9t\u00e9 d'Avocats DAMY"},"image":{"@id":"https:\/\/gregorydamy.niceavocats.fr\/it\/#\/schema\/logo\/image\/"},"sameAs":["https:\/\/www.facebook.com\/niceavocats.fr\/"]},{"@type":"Person","@id":"https:\/\/gregorydamy.niceavocats.fr\/it\/#\/schema\/person\/e040acb2856efaa1e114d0e7a92a3870","name":"Kevin","url":"https:\/\/gregorydamy.niceavocats.fr\/it\/author\/kevin\/"}]}},"_links":{"self":[{"href":"https:\/\/gregorydamy.niceavocats.fr\/it\/wp-json\/wp\/v2\/posts\/1967","targetHints":{"allow":["GET"]}}],"collection":[{"href":"https:\/\/gregorydamy.niceavocats.fr\/it\/wp-json\/wp\/v2\/posts"}],"about":[{"href":"https:\/\/gregorydamy.niceavocats.fr\/it\/wp-json\/wp\/v2\/types\/post"}],"author":[{"embeddable":true,"href":"https:\/\/gregorydamy.niceavocats.fr\/it\/wp-json\/wp\/v2\/users\/2"}],"replies":[{"embeddable":true,"href":"https:\/\/gregorydamy.niceavocats.fr\/it\/wp-json\/wp\/v2\/comments?post=1967"}],"version-history":[{"count":0,"href":"https:\/\/gregorydamy.niceavocats.fr\/it\/wp-json\/wp\/v2\/posts\/1967\/revisions"}],"wp:attachment":[{"href":"https:\/\/gregorydamy.niceavocats.fr\/it\/wp-json\/wp\/v2\/media?parent=1967"}],"wp:term":[{"taxonomy":"category","embeddable":true,"href":"https:\/\/gregorydamy.niceavocats.fr\/it\/wp-json\/wp\/v2\/categories?post=1967"},{"taxonomy":"post_tag","embeddable":true,"href":"https:\/\/gregorydamy.niceavocats.fr\/it\/wp-json\/wp\/v2\/tags?post=1967"}],"curies":[{"name":"wp","href":"https:\/\/api.w.org\/{rel}","templated":true}]}}