{"id":1804,"date":"2017-09-12T10:09:05","date_gmt":"2017-09-12T10:09:05","guid":{"rendered":"https:\/\/gregorydamy.niceavocats.fr\/?p=1804"},"modified":"2023-09-02T07:30:17","modified_gmt":"2023-09-02T07:30:17","slug":"abolizione-della-rsi","status":"publish","type":"post","link":"https:\/\/gregorydamy.niceavocats.fr\/it\/abolizione-della-rsi\/","title":{"rendered":"Abolizione della RSI"},"content":{"rendered":"<p>[et_pb_section fb_built=&#8221;1&#8243; admin_label=&#8221;section&#8221; _builder_version=&#8221;4.19.5&#8243; custom_margin=&#8221;||0px||false|false&#8221; custom_padding=&#8221;||0px||false|false&#8221; locked=&#8221;off&#8221; global_colors_info=&#8221;{}&#8221;][et_pb_row column_structure=&#8221;1_3,1_3,1_3&#8243; _builder_version=&#8221;4.19.5&#8243; _module_preset=&#8221;default&#8221; background_enable_mask_style=&#8221;on&#8221; background_mask_style=&#8221;wave&#8221; background_mask_color=&#8221;rgba(0,0,0,0.08)&#8221; custom_padding=&#8221;||6px|||&#8221; locked=&#8221;off&#8221; global_colors_info=&#8221;{}&#8221;][et_pb_column type=&#8221;1_3&#8243; _builder_version=&#8221;4.19.5&#8243; _module_preset=&#8221;default&#8221; global_colors_info=&#8221;{}&#8221;][\/et_pb_column][et_pb_column type=&#8221;1_3&#8243; _builder_version=&#8221;4.19.5&#8243; _module_preset=&#8221;default&#8221; global_colors_info=&#8221;{}&#8221;][\/et_pb_column][et_pb_column type=&#8221;1_3&#8243; _builder_version=&#8221;4.19.5&#8243; _module_preset=&#8221;default&#8221; global_colors_info=&#8221;{}&#8221;][et_pb_circle_counter title=&#8221;Tempo di lettura stimato (in minuti)&#8221; number=&#8221;1&#8243; percent_sign=&#8221;off&#8221; _builder_version=&#8221;4.19.5&#8243; _module_preset=&#8221;default&#8221; title_font=&#8221;Amiri||||||||&#8221; max_width=&#8221;137px&#8221; global_colors_info=&#8221;{}&#8221;][\/et_pb_circle_counter][\/et_pb_column][\/et_pb_row][et_pb_row _builder_version=&#8221;4.19.5&#8243; _module_preset=&#8221;default&#8221; custom_margin=&#8221;||0px||false|false&#8221; custom_padding=&#8221;||0px||false|false&#8221; global_colors_info=&#8221;{}&#8221;][et_pb_column type=&#8221;4_4&#8243; _builder_version=&#8221;4.19.5&#8243; _module_preset=&#8221;default&#8221; global_colors_info=&#8221;{}&#8221;][et_pb_divider _builder_version=&#8221;4.19.5&#8243; _module_preset=&#8221;default&#8221; global_colors_info=&#8221;{}&#8221;][\/et_pb_divider][et_pb_image src=&#8221;https:\/\/gregorydamy.niceavocats.fr\/wp-content\/uploads\/2012\/05\/student-849825_1280-2.jpg&#8221; title_text=&#8221;student-849825_1280-2&#8243; _builder_version=&#8221;4.21.0&#8243; _module_preset=&#8221;default&#8221; hover_enabled=&#8221;0&#8243; global_colors_info=&#8221;{}&#8221; alt=&#8221;Puis-je refuser une offre de P\u00f4le Emploi ? &#8221; sticky_enabled=&#8221;0&#8243;][\/et_pb_image][\/et_pb_column][\/et_pb_row][et_pb_row admin_label=&#8221;row&#8221; _builder_version=&#8221;4.16&#8243; background_size=&#8221;initial&#8221; background_position=&#8221;top_left&#8221; background_repeat=&#8221;repeat&#8221; global_colors_info=&#8221;{}&#8221;][et_pb_column type=&#8221;4_4&#8243; _builder_version=&#8221;4.16&#8243; custom_padding=&#8221;|||&#8221; global_colors_info=&#8221;{}&#8221; custom_padding__hover=&#8221;|||&#8221;][et_pb_text admin_label=&#8221;Text&#8221; _builder_version=&#8221;4.21.0&#8243; text_font=&#8221;Amiri||||||||&#8221; header_2_font=&#8221;Amiri||||||||&#8221; background_size=&#8221;initial&#8221; background_position=&#8221;top_left&#8221; background_repeat=&#8221;repeat&#8221; hover_enabled=&#8221;0&#8243; global_colors_info=&#8221;{}&#8221; sticky_enabled=&#8221;0&#8243;]<\/p>\n<p><span>Abolizione della RSI\u00a0<\/span><span>\u00a0La\u00a0<\/span><a href=\"https:\/\/www.economie.gouv.fr\/entreprises\/securite-sociale-independants\"><span>RSI<\/span><\/a><span>\u00a0(Regime Social des Ind\u00e9pendants) ha dovuto affrontare numerose disfunzioni fin dalla sua creazione, quando aveva il compito di garantire i diritti sociali di circa 6,6 milioni di francesi.\u00a0Consapevole dell&#8217;insoddisfazione generale nei confronti del sistema tra i suoi beneficiari, il governo di Emmanuel Macron ha deciso di abolire questo sistema insoddisfacente.\u00a0Dal 1\u00b0 gennaio 2018 \u00e8 quindi iniziata una fase transitoria con l\u2019obiettivo di integrare tutti i lavoratori autonomi nel sistema generale di compensazione dei dipendenti.\u00a0Infine, nel 2022, il sistema sociale pensato esclusivamente per i lavoratori autonomi \u00e8 stato completamente\u00a0\u00a0<\/span><span>sradicato\u00a0<\/span><span>\u00a0.<\/span><\/p>\n<h2><span>L&#8217;abolizione della RSI e il passaggio al regime generale:-<\/span><\/h2>\n<p><span>Per facilitare questa transizione, i lavoratori autonomi hanno beneficiato di due sgravi contributivi.\u00a0Innanzitutto una riduzione di 2,15 punti sui contributi familiari per compensare l&#8217;aumento del Contributo Sociale Generalizzato (Csg) per tutti i commercianti, artigiani, libere professioni e agricoltori.\u00a0\u00c8 stata invece attuata una riduzione di 1,5 punti sui contributi sanitari, aumentando cos\u00ec il potere d&#8217;acquisto di circa il 75% dei lavoratori autonomi il cui reddito annuo non supera i 43.000 euro.<\/span><\/p>\n<p><span>Questa ambiziosa iniziativa ha ricevuto un feedback positivo dai datori di lavoro, che hanno ritenuto necessario un riequilibrio per incoraggiare l\u2019imprenditorialit\u00e0, poich\u00e9 la RSI si era rivelata un ostacolo significativo.\u00a0Infine, nel 2020, la RSI \u00e8 stata definitivamente abolita, segnando la fine della sua esistenza.<\/span><\/p>\n<h2><span>Riduzioni dei contributi e delle prestazioni per i lavoratori autonomi: \u2013<\/span><\/h2>\n<p><span class=\"\"><a href=\"https:\/\/gregorydamy.niceavocats.fr\/notre-equipe\/\"><span>Lo studio legale DAMY<\/span><\/a><span>\u00a0, specializzato in diritto sanitario, ha segnalato questo sviluppo il 4 giugno 2022, sottolineando l&#8217;importanza di questo cambiamento per i lavoratori autonomi e per l&#8217;intero sistema sanitario.\u00a0<\/span><\/span><span>L&#8217;abolizione della RSI mirava a razionalizzare il sistema di sicurezza sociale e fornire un approccio pi\u00f9 efficiente ed equo alla protezione sociale per tutti gli individui in\u00a0<\/span><span>Francia<\/span><span>\u00a0.<\/span><\/p>\n<p>[\/et_pb_text][\/et_pb_column][\/et_pb_row][et_pb_row _builder_version=&#8221;4.19.5&#8243; _module_preset=&#8221;default&#8221; custom_margin=&#8221;||0px||false|false&#8221; custom_padding=&#8221;||0px||false|false&#8221; global_colors_info=&#8221;{}&#8221;][et_pb_column type=&#8221;4_4&#8243; _builder_version=&#8221;4.19.5&#8243; _module_preset=&#8221;default&#8221; global_colors_info=&#8221;{}&#8221;][et_pb_divider _builder_version=&#8221;4.19.5&#8243; _module_preset=&#8221;default&#8221; global_colors_info=&#8221;{}&#8221;][\/et_pb_divider][\/et_pb_column][\/et_pb_row][\/et_pb_section]<\/p>\n","protected":false},"excerpt":{"rendered":"<p>Abolizione della RSI\u00a0\u00a0La\u00a0RSI\u00a0(Regime Social des Ind\u00e9pendants) ha dovuto affrontare numerose disfunzioni fin dalla sua creazione, quando aveva il compito di garantire i diritti sociali di circa 6,6 milioni di francesi.\u00a0Consapevole dell&#8217;insoddisfazione generale nei confronti del sistema tra i suoi beneficiari, il governo di Emmanuel Macron ha deciso di abolire questo sistema insoddisfacente.\u00a0Dal 1\u00b0 gennaio 2018 [&hellip;]<\/p>\n","protected":false},"author":2,"featured_media":0,"comment_status":"open","ping_status":"open","sticky":false,"template":"","format":"standard","meta":{"_et_pb_use_builder":"on","_et_pb_old_content":"","_et_gb_content_width":"","footnotes":""},"categories":[327],"tags":[],"class_list":["post-1804","post","type-post","status-publish","format-standard","hentry","category-diritto-tributario"],"yoast_head":"<!-- This site is optimized with the Yoast SEO plugin v26.8 - https:\/\/yoast.com\/product\/yoast-seo-wordpress\/ -->\n<title>Abolizione della RSI - Soci\u00e9t\u00e9 d&#039;avocats Damy<\/title>\n<meta name=\"description\" content=\"Abolizione della RSI La RSI (R\u00e9gime Social des Ind\u00e9pendants) ha affrontato numerose disfunzioni sin dalla sua istituzione, nonostante\" \/>\n<meta name=\"robots\" content=\"index, follow, max-snippet:-1, max-image-preview:large, max-video-preview:-1\" \/>\n<link rel=\"canonical\" href=\"https:\/\/gregorydamy.niceavocats.fr\/it\/abolizione-della-rsi\/\" \/>\n<meta property=\"og:locale\" content=\"it_IT\" \/>\n<meta property=\"og:type\" content=\"article\" \/>\n<meta property=\"og:title\" content=\"Abolizione della RSI - Soci\u00e9t\u00e9 d&#039;avocats Damy\" \/>\n<meta property=\"og:description\" content=\"Abolizione della RSI La RSI (R\u00e9gime Social des Ind\u00e9pendants) ha affrontato numerose disfunzioni sin dalla sua istituzione, nonostante\" \/>\n<meta property=\"og:url\" content=\"https:\/\/gregorydamy.niceavocats.fr\/it\/abolizione-della-rsi\/\" \/>\n<meta property=\"og:site_name\" content=\"Soci\u00e9t\u00e9 d&#039;avocats Damy\" \/>\n<meta property=\"article:publisher\" content=\"https:\/\/www.facebook.com\/niceavocats.fr\/\" \/>\n<meta property=\"article:published_time\" content=\"2017-09-12T10:09:05+00:00\" \/>\n<meta property=\"article:modified_time\" content=\"2023-09-02T07:30:17+00:00\" \/>\n<meta name=\"author\" content=\"Kevin\" \/>\n<meta name=\"twitter:card\" content=\"summary_large_image\" \/>\n<meta name=\"twitter:label1\" content=\"Scritto da\" \/>\n\t<meta name=\"twitter:data1\" content=\"Kevin\" \/>\n\t<meta name=\"twitter:label2\" content=\"Tempo di lettura stimato\" \/>\n\t<meta name=\"twitter:data2\" content=\"3 minuti\" \/>\n<script type=\"application\/ld+json\" class=\"yoast-schema-graph\">{\"@context\":\"https:\/\/schema.org\",\"@graph\":[{\"@type\":\"Article\",\"@id\":\"https:\/\/gregorydamy.niceavocats.fr\/it\/abolizione-della-rsi\/#article\",\"isPartOf\":{\"@id\":\"https:\/\/gregorydamy.niceavocats.fr\/it\/abolizione-della-rsi\/\"},\"author\":{\"name\":\"Kevin\",\"@id\":\"https:\/\/gregorydamy.niceavocats.fr\/it\/#\/schema\/person\/e040acb2856efaa1e114d0e7a92a3870\"},\"headline\":\"Abolizione della RSI\",\"datePublished\":\"2017-09-12T10:09:05+00:00\",\"dateModified\":\"2023-09-02T07:30:17+00:00\",\"mainEntityOfPage\":{\"@id\":\"https:\/\/gregorydamy.niceavocats.fr\/it\/abolizione-della-rsi\/\"},\"wordCount\":652,\"commentCount\":0,\"publisher\":{\"@id\":\"https:\/\/gregorydamy.niceavocats.fr\/it\/#organization\"},\"articleSection\":[\"Diritto tributario\"],\"inLanguage\":\"it-IT\",\"potentialAction\":[{\"@type\":\"CommentAction\",\"name\":\"Comment\",\"target\":[\"https:\/\/gregorydamy.niceavocats.fr\/it\/abolizione-della-rsi\/#respond\"]}]},{\"@type\":\"WebPage\",\"@id\":\"https:\/\/gregorydamy.niceavocats.fr\/it\/abolizione-della-rsi\/\",\"url\":\"https:\/\/gregorydamy.niceavocats.fr\/it\/abolizione-della-rsi\/\",\"name\":\"Abolizione della RSI - Soci\u00e9t\u00e9 d&#039;avocats Damy\",\"isPartOf\":{\"@id\":\"https:\/\/gregorydamy.niceavocats.fr\/it\/#website\"},\"datePublished\":\"2017-09-12T10:09:05+00:00\",\"dateModified\":\"2023-09-02T07:30:17+00:00\",\"description\":\"Abolizione della RSI La RSI (R\u00e9gime Social des Ind\u00e9pendants) ha affrontato numerose disfunzioni sin dalla sua istituzione, nonostante\",\"breadcrumb\":{\"@id\":\"https:\/\/gregorydamy.niceavocats.fr\/it\/abolizione-della-rsi\/#breadcrumb\"},\"inLanguage\":\"it-IT\",\"potentialAction\":[{\"@type\":\"ReadAction\",\"target\":[\"https:\/\/gregorydamy.niceavocats.fr\/it\/abolizione-della-rsi\/\"]}]},{\"@type\":\"BreadcrumbList\",\"@id\":\"https:\/\/gregorydamy.niceavocats.fr\/it\/abolizione-della-rsi\/#breadcrumb\",\"itemListElement\":[{\"@type\":\"ListItem\",\"position\":1,\"name\":\"Accueil\",\"item\":\"https:\/\/gregorydamy.niceavocats.fr\/it\/\"},{\"@type\":\"ListItem\",\"position\":2,\"name\":\"Abolizione della RSI\"}]},{\"@type\":\"WebSite\",\"@id\":\"https:\/\/gregorydamy.niceavocats.fr\/it\/#website\",\"url\":\"https:\/\/gregorydamy.niceavocats.fr\/it\/\",\"name\":\"Soci\u00e9t\u00e9 d&#039;avocats Damy\",\"description\":\"Justice - Confiance - Efficacit\u00e9\",\"publisher\":{\"@id\":\"https:\/\/gregorydamy.niceavocats.fr\/it\/#organization\"},\"potentialAction\":[{\"@type\":\"SearchAction\",\"target\":{\"@type\":\"EntryPoint\",\"urlTemplate\":\"https:\/\/gregorydamy.niceavocats.fr\/it\/?s={search_term_string}\"},\"query-input\":{\"@type\":\"PropertyValueSpecification\",\"valueRequired\":true,\"valueName\":\"search_term_string\"}}],\"inLanguage\":\"it-IT\"},{\"@type\":\"Organization\",\"@id\":\"https:\/\/gregorydamy.niceavocats.fr\/it\/#organization\",\"name\":\"Soci\u00e9t\u00e9 d'Avocats DAMY\",\"alternateName\":\"Gr\u00e9gory DAMY\",\"url\":\"https:\/\/gregorydamy.niceavocats.fr\/it\/\",\"logo\":{\"@type\":\"ImageObject\",\"inLanguage\":\"it-IT\",\"@id\":\"https:\/\/gregorydamy.niceavocats.fr\/it\/#\/schema\/logo\/image\/\",\"url\":\"https:\/\/gregorydamy.niceavocats.fr\/wp-content\/uploads\/2023\/04\/damylogo-1.png\",\"contentUrl\":\"https:\/\/gregorydamy.niceavocats.fr\/wp-content\/uploads\/2023\/04\/damylogo-1.png\",\"width\":1890,\"height\":1417,\"caption\":\"Soci\u00e9t\u00e9 d'Avocats DAMY\"},\"image\":{\"@id\":\"https:\/\/gregorydamy.niceavocats.fr\/it\/#\/schema\/logo\/image\/\"},\"sameAs\":[\"https:\/\/www.facebook.com\/niceavocats.fr\/\"]},{\"@type\":\"Person\",\"@id\":\"https:\/\/gregorydamy.niceavocats.fr\/it\/#\/schema\/person\/e040acb2856efaa1e114d0e7a92a3870\",\"name\":\"Kevin\",\"url\":\"https:\/\/gregorydamy.niceavocats.fr\/it\/author\/kevin\/\"}]}<\/script>\n<!-- \/ Yoast SEO plugin. -->","yoast_head_json":{"title":"Abolizione della RSI - Soci\u00e9t\u00e9 d&#039;avocats Damy","description":"Abolizione della RSI La RSI (R\u00e9gime Social des Ind\u00e9pendants) ha affrontato numerose disfunzioni sin dalla sua istituzione, nonostante","robots":{"index":"index","follow":"follow","max-snippet":"max-snippet:-1","max-image-preview":"max-image-preview:large","max-video-preview":"max-video-preview:-1"},"canonical":"https:\/\/gregorydamy.niceavocats.fr\/it\/abolizione-della-rsi\/","og_locale":"it_IT","og_type":"article","og_title":"Abolizione della RSI - Soci\u00e9t\u00e9 d&#039;avocats Damy","og_description":"Abolizione della RSI La RSI (R\u00e9gime Social des Ind\u00e9pendants) ha affrontato numerose disfunzioni sin dalla sua istituzione, nonostante","og_url":"https:\/\/gregorydamy.niceavocats.fr\/it\/abolizione-della-rsi\/","og_site_name":"Soci\u00e9t\u00e9 d&#039;avocats Damy","article_publisher":"https:\/\/www.facebook.com\/niceavocats.fr\/","article_published_time":"2017-09-12T10:09:05+00:00","article_modified_time":"2023-09-02T07:30:17+00:00","author":"Kevin","twitter_card":"summary_large_image","twitter_misc":{"Scritto da":"Kevin","Tempo di lettura stimato":"3 minuti"},"schema":{"@context":"https:\/\/schema.org","@graph":[{"@type":"Article","@id":"https:\/\/gregorydamy.niceavocats.fr\/it\/abolizione-della-rsi\/#article","isPartOf":{"@id":"https:\/\/gregorydamy.niceavocats.fr\/it\/abolizione-della-rsi\/"},"author":{"name":"Kevin","@id":"https:\/\/gregorydamy.niceavocats.fr\/it\/#\/schema\/person\/e040acb2856efaa1e114d0e7a92a3870"},"headline":"Abolizione della RSI","datePublished":"2017-09-12T10:09:05+00:00","dateModified":"2023-09-02T07:30:17+00:00","mainEntityOfPage":{"@id":"https:\/\/gregorydamy.niceavocats.fr\/it\/abolizione-della-rsi\/"},"wordCount":652,"commentCount":0,"publisher":{"@id":"https:\/\/gregorydamy.niceavocats.fr\/it\/#organization"},"articleSection":["Diritto tributario"],"inLanguage":"it-IT","potentialAction":[{"@type":"CommentAction","name":"Comment","target":["https:\/\/gregorydamy.niceavocats.fr\/it\/abolizione-della-rsi\/#respond"]}]},{"@type":"WebPage","@id":"https:\/\/gregorydamy.niceavocats.fr\/it\/abolizione-della-rsi\/","url":"https:\/\/gregorydamy.niceavocats.fr\/it\/abolizione-della-rsi\/","name":"Abolizione della RSI - Soci\u00e9t\u00e9 d&#039;avocats Damy","isPartOf":{"@id":"https:\/\/gregorydamy.niceavocats.fr\/it\/#website"},"datePublished":"2017-09-12T10:09:05+00:00","dateModified":"2023-09-02T07:30:17+00:00","description":"Abolizione della RSI La RSI (R\u00e9gime Social des Ind\u00e9pendants) ha affrontato numerose disfunzioni sin dalla sua istituzione, nonostante","breadcrumb":{"@id":"https:\/\/gregorydamy.niceavocats.fr\/it\/abolizione-della-rsi\/#breadcrumb"},"inLanguage":"it-IT","potentialAction":[{"@type":"ReadAction","target":["https:\/\/gregorydamy.niceavocats.fr\/it\/abolizione-della-rsi\/"]}]},{"@type":"BreadcrumbList","@id":"https:\/\/gregorydamy.niceavocats.fr\/it\/abolizione-della-rsi\/#breadcrumb","itemListElement":[{"@type":"ListItem","position":1,"name":"Accueil","item":"https:\/\/gregorydamy.niceavocats.fr\/it\/"},{"@type":"ListItem","position":2,"name":"Abolizione della RSI"}]},{"@type":"WebSite","@id":"https:\/\/gregorydamy.niceavocats.fr\/it\/#website","url":"https:\/\/gregorydamy.niceavocats.fr\/it\/","name":"Soci\u00e9t\u00e9 d&#039;avocats Damy","description":"Justice - Confiance - Efficacit\u00e9","publisher":{"@id":"https:\/\/gregorydamy.niceavocats.fr\/it\/#organization"},"potentialAction":[{"@type":"SearchAction","target":{"@type":"EntryPoint","urlTemplate":"https:\/\/gregorydamy.niceavocats.fr\/it\/?s={search_term_string}"},"query-input":{"@type":"PropertyValueSpecification","valueRequired":true,"valueName":"search_term_string"}}],"inLanguage":"it-IT"},{"@type":"Organization","@id":"https:\/\/gregorydamy.niceavocats.fr\/it\/#organization","name":"Soci\u00e9t\u00e9 d'Avocats DAMY","alternateName":"Gr\u00e9gory DAMY","url":"https:\/\/gregorydamy.niceavocats.fr\/it\/","logo":{"@type":"ImageObject","inLanguage":"it-IT","@id":"https:\/\/gregorydamy.niceavocats.fr\/it\/#\/schema\/logo\/image\/","url":"https:\/\/gregorydamy.niceavocats.fr\/wp-content\/uploads\/2023\/04\/damylogo-1.png","contentUrl":"https:\/\/gregorydamy.niceavocats.fr\/wp-content\/uploads\/2023\/04\/damylogo-1.png","width":1890,"height":1417,"caption":"Soci\u00e9t\u00e9 d'Avocats DAMY"},"image":{"@id":"https:\/\/gregorydamy.niceavocats.fr\/it\/#\/schema\/logo\/image\/"},"sameAs":["https:\/\/www.facebook.com\/niceavocats.fr\/"]},{"@type":"Person","@id":"https:\/\/gregorydamy.niceavocats.fr\/it\/#\/schema\/person\/e040acb2856efaa1e114d0e7a92a3870","name":"Kevin","url":"https:\/\/gregorydamy.niceavocats.fr\/it\/author\/kevin\/"}]}},"_links":{"self":[{"href":"https:\/\/gregorydamy.niceavocats.fr\/it\/wp-json\/wp\/v2\/posts\/1804","targetHints":{"allow":["GET"]}}],"collection":[{"href":"https:\/\/gregorydamy.niceavocats.fr\/it\/wp-json\/wp\/v2\/posts"}],"about":[{"href":"https:\/\/gregorydamy.niceavocats.fr\/it\/wp-json\/wp\/v2\/types\/post"}],"author":[{"embeddable":true,"href":"https:\/\/gregorydamy.niceavocats.fr\/it\/wp-json\/wp\/v2\/users\/2"}],"replies":[{"embeddable":true,"href":"https:\/\/gregorydamy.niceavocats.fr\/it\/wp-json\/wp\/v2\/comments?post=1804"}],"version-history":[{"count":0,"href":"https:\/\/gregorydamy.niceavocats.fr\/it\/wp-json\/wp\/v2\/posts\/1804\/revisions"}],"wp:attachment":[{"href":"https:\/\/gregorydamy.niceavocats.fr\/it\/wp-json\/wp\/v2\/media?parent=1804"}],"wp:term":[{"taxonomy":"category","embeddable":true,"href":"https:\/\/gregorydamy.niceavocats.fr\/it\/wp-json\/wp\/v2\/categories?post=1804"},{"taxonomy":"post_tag","embeddable":true,"href":"https:\/\/gregorydamy.niceavocats.fr\/it\/wp-json\/wp\/v2\/tags?post=1804"}],"curies":[{"name":"wp","href":"https:\/\/api.w.org\/{rel}","templated":true}]}}