{"id":1757,"date":"2017-11-07T17:50:04","date_gmt":"2017-11-07T17:50:04","guid":{"rendered":"https:\/\/gregorydamy.niceavocats.fr\/?p=1757"},"modified":"2023-08-23T05:36:32","modified_gmt":"2023-08-23T05:36:32","slug":"deposito-centralizzato-per-i-residenti-monegaschi","status":"publish","type":"post","link":"https:\/\/gregorydamy.niceavocats.fr\/it\/deposito-centralizzato-per-i-residenti-monegaschi\/","title":{"rendered":"Deposito centralizzato per i residenti monegaschi"},"content":{"rendered":"<p>[et_pb_section fb_built=&#8221;1&#8243; admin_label=&#8221;section&#8221; _builder_version=&#8221;4.19.5&#8243; custom_margin=&#8221;||0px||false|false&#8221; custom_padding=&#8221;||0px||false|false&#8221; locked=&#8221;off&#8221; global_colors_info=&#8221;{}&#8221;][et_pb_row column_structure=&#8221;1_3,1_3,1_3&#8243; _builder_version=&#8221;4.19.5&#8243; _module_preset=&#8221;default&#8221; background_enable_mask_style=&#8221;on&#8221; background_mask_style=&#8221;wave&#8221; background_mask_color=&#8221;rgba(0,0,0,0.08)&#8221; custom_padding=&#8221;||6px|||&#8221; locked=&#8221;off&#8221; global_colors_info=&#8221;{}&#8221;][et_pb_column type=&#8221;1_3&#8243; _builder_version=&#8221;4.19.5&#8243; _module_preset=&#8221;default&#8221; global_colors_info=&#8221;{}&#8221;][\/et_pb_column][et_pb_column type=&#8221;1_3&#8243; _builder_version=&#8221;4.19.5&#8243; _module_preset=&#8221;default&#8221; global_colors_info=&#8221;{}&#8221;][\/et_pb_column][et_pb_column type=&#8221;1_3&#8243; _builder_version=&#8221;4.19.5&#8243; _module_preset=&#8221;default&#8221; global_colors_info=&#8221;{}&#8221;][et_pb_circle_counter title=&#8221;Tempo di lettura stimato (in minuti)&#8221; number=&#8221;1&#8243; percent_sign=&#8221;off&#8221; _builder_version=&#8221;4.19.5&#8243; _module_preset=&#8221;default&#8221; title_font=&#8221;Amiri||||||||&#8221; max_width=&#8221;137px&#8221; global_colors_info=&#8221;{}&#8221;][\/et_pb_circle_counter][\/et_pb_column][\/et_pb_row][et_pb_row _builder_version=&#8221;4.19.5&#8243; _module_preset=&#8221;default&#8221; custom_margin=&#8221;||0px||false|false&#8221; custom_padding=&#8221;||0px||false|false&#8221; global_colors_info=&#8221;{}&#8221;][et_pb_column type=&#8221;4_4&#8243; _builder_version=&#8221;4.19.5&#8243; _module_preset=&#8221;default&#8221; global_colors_info=&#8221;{}&#8221;][et_pb_divider _builder_version=&#8221;4.19.5&#8243; _module_preset=&#8221;default&#8221; global_colors_info=&#8221;{}&#8221;][\/et_pb_divider][\/et_pb_column][\/et_pb_row][et_pb_row admin_label=&#8221;row&#8221; _builder_version=&#8221;4.16&#8243; background_size=&#8221;initial&#8221; background_position=&#8221;top_left&#8221; background_repeat=&#8221;repeat&#8221; global_colors_info=&#8221;{}&#8221;][et_pb_column type=&#8221;4_4&#8243; _builder_version=&#8221;4.16&#8243; custom_padding=&#8221;|||&#8221; global_colors_info=&#8221;{}&#8221; custom_padding__hover=&#8221;|||&#8221;][et_pb_image src=&#8221;https:\/\/gregorydamy.niceavocats.fr\/wp-content\/uploads\/2023\/07\/man-5710164_1280-2.jpg&#8221; title_text=&#8221;man-5710164_1280-2&#8243; _builder_version=&#8221;4.21.0&#8243; _module_preset=&#8221;default&#8221; global_colors_info=&#8221;{}&#8221;][\/et_pb_image][et_pb_text admin_label=&#8221;Text&#8221; _builder_version=&#8221;4.21.0&#8243; text_font=&#8221;Amiri||||||||&#8221; header_2_font=&#8221;Amiri||||||||&#8221; background_size=&#8221;initial&#8221; background_position=&#8221;top_left&#8221; background_repeat=&#8221;repeat&#8221; global_colors_info=&#8221;{}&#8221;]<\/p>\n<p><span class=\"\"><span>Bella Transizione\u00a0<\/span><\/span><span class=\"\"><span>\u00a0Avviso!\u00a0<\/span><\/span><span>A partire dal 1\u00b0 novembre 2017 \u00e8 stata introdotta una modifica significativa per i residenti monegaschi che sono persone fisiche, siano essi domiciliati o meno in Francia ai fini fiscali.\u00a0Ora sono tenuti a presentare l&#8217;imposta sul reddito, l&#8217;imposta sul patrimonio, l&#8217;imposta di successione e la restituzione manuale delle donazioni presso il centro di registrazione di Nizza situato in 22 rue Joseph Cadei, 06172 Nice cedex.\u00a0In precedenza, queste dichiarazioni dovevano essere fatte a\u00a0\u00a0<\/span><span>Mentone\u00a0<\/span><span>\u00a0.<\/span><\/p>\n<h2><span>Luogo di deposito centralizzato: Viaggio da Mentone a Nizza:-<\/span><\/h2>\n<p><span>Questa modification del diretto tributario ha implicazioni per le persone residenti a Monaco soggette alla normative fiscal francese.\u00a0L&#8217;obbligo di presentare le dichiarazioni fiscali a Nizza invece che a Mentone \u00e8 un&#8217;evoluzione significant ed \u00e8 essenziale che gli interessati ne siano consapevoli.<\/span><\/p>\n<p><span>L&#8217;emendamento mira a semplificare il processo amministrativo centralizzando le dichiarazioni fiscali in unico luogo.\u00a0Il centro di registrazione di Nizza \u00e8 stato designato comme il nuovo centro per l&#8217;elaborazione\u00a0dell&#8217;imposta sul reddito, dell&#8217;imposta sul patrimonio, dell&#8217;imposta di successione e delle dichiarazioni manuali di donazioni per i residenti monegaschi che soddisfano i criteri specificati\u00a0<\/span><a href=\"https:\/\/www.service-public.fr\/particuliers\/vosdroits\/R3120\"><span>.<\/span><\/a><\/p>\n<h2><span>Semplificazione dei processi amministrativi: vantaggi e implicazioni: \u2013<\/span><\/h2>\n<p><span>\u00c8 important che le persone interessate garantiescano il rispetto di questo nuovo requisito e presentino le loro dichiarazioni fiscali in modo rapido e accurato presso il centro di registrazione designato a Nizza.\u00a0Il mancato rispetto delle normative aggiornate pu\u00f2 comportare sanzioni o altre conseguenze legali.<\/span><\/p>\n<p><span>Per navigare con successo in questi cambiamenti della fiscal legge, \u00e8 consigliabile chiedere consiglio a esperti del settore.\u00a0Lo studio legale DAMY \u00e8 specializzato in diretto tributario e offers complete assistance and support all understanding and nell&#8217;adempimento dei nuovi adempimenti relativi alle dichiarazioni dei redditi.<\/span><\/p>\n<p><span>Rimanendo informati e adottando proattive misure per soddisfare i requisiti di dichiarazione fiscal rivisti, i residenti monegaschi possono adempiere ai propri obblighi eguarantee una transizione agevole al nuovo center di registrazione a Nizza.\u00a0Lo legal studio DAMY \u00e8 ben attrezzato to provide consulenza and the competenze necessary to navigate efficiently in this aspetto del diritto tributario.<\/span><\/p>\n<p><span>In sintesi, i residenti monegaschi, domiciliati o meno in Francia ai fini fiscali, sono ora tenuti a presentare la propria imposta sul reddito, l&#8217;imposta sul patrimonio, l&#8217;imposta di successione e la restituzione manuale delle donazioni presso il centro di registrazione di Nizza.\u00a0.\u00a0<\/span><span class=\"\"><span>Lo studio legale DAMY pu\u00f2 fornirti un valido aiuto per comprendere e adempiere a questi nuovi obblighi fiscali.\u00a0<\/span><\/span><span>Tieniti aggiornato con le ultime normative fiscali per garantire la conformit\u00e0 ed evitare potenziali sanzioni o\u00a0<\/span><span>complicazioni legali\u00a0<\/span><span>\u00a0.<\/span><\/p>\n<p><a href=\"https:\/\/gregorydamy.niceavocats.fr\/\"><span>Studio Legale DAMY<\/span><\/a><\/p>\n<p>[\/et_pb_text][\/et_pb_column][\/et_pb_row][et_pb_row _builder_version=&#8221;4.19.5&#8243; _module_preset=&#8221;default&#8221; custom_margin=&#8221;||0px||false|false&#8221; custom_padding=&#8221;||0px||false|false&#8221; global_colors_info=&#8221;{}&#8221;][et_pb_column type=&#8221;4_4&#8243; _builder_version=&#8221;4.19.5&#8243; _module_preset=&#8221;default&#8221; global_colors_info=&#8221;{}&#8221;][et_pb_divider _builder_version=&#8221;4.19.5&#8243; _module_preset=&#8221;default&#8221; global_colors_info=&#8221;{}&#8221;][\/et_pb_divider][\/et_pb_column][\/et_pb_row][\/et_pb_section]<\/p>\n","protected":false},"excerpt":{"rendered":"<p>Bella Transizione\u00a0\u00a0Avviso!\u00a0A partire dal 1\u00b0 novembre 2017 \u00e8 stata introdotta una modifica significativa per i residenti monegaschi che sono persone fisiche, siano essi domiciliati o meno in Francia ai fini fiscali.\u00a0Ora sono tenuti a presentare l&#8217;imposta sul reddito, l&#8217;imposta sul patrimonio, l&#8217;imposta di successione e la restituzione manuale delle donazioni presso il centro di registrazione [&hellip;]<\/p>\n","protected":false},"author":2,"featured_media":0,"comment_status":"open","ping_status":"open","sticky":false,"template":"","format":"standard","meta":{"_et_pb_use_builder":"on","_et_pb_old_content":"","_et_gb_content_width":"","footnotes":""},"categories":[327,314],"tags":[],"class_list":["post-1757","post","type-post","status-publish","format-standard","hentry","category-diritto-tributario","category-legge-monegasca"],"yoast_head":"<!-- This site is optimized with the Yoast SEO plugin v26.8 - https:\/\/yoast.com\/product\/yoast-seo-wordpress\/ -->\n<title>Deposito centralizzato per i residenti monegaschi - Soci\u00e9t\u00e9 d&#039;avocats Damy<\/title>\n<meta name=\"description\" content=\"Deposito centralizzato per i residenti monegaschi ! A partire dal 1 novembre 2017 \u00e8 stata implementata una modifica significativa per\" \/>\n<meta name=\"robots\" content=\"index, follow, max-snippet:-1, max-image-preview:large, max-video-preview:-1\" \/>\n<link rel=\"canonical\" href=\"https:\/\/gregorydamy.niceavocats.fr\/it\/deposito-centralizzato-per-i-residenti-monegaschi\/\" \/>\n<meta property=\"og:locale\" content=\"it_IT\" \/>\n<meta property=\"og:type\" content=\"article\" \/>\n<meta property=\"og:title\" content=\"Deposito centralizzato per i residenti monegaschi - Soci\u00e9t\u00e9 d&#039;avocats Damy\" \/>\n<meta property=\"og:description\" content=\"Deposito centralizzato per i residenti monegaschi ! A partire dal 1 novembre 2017 \u00e8 stata implementata una modifica significativa per\" \/>\n<meta property=\"og:url\" content=\"https:\/\/gregorydamy.niceavocats.fr\/it\/deposito-centralizzato-per-i-residenti-monegaschi\/\" \/>\n<meta property=\"og:site_name\" content=\"Soci\u00e9t\u00e9 d&#039;avocats Damy\" \/>\n<meta property=\"article:publisher\" content=\"https:\/\/www.facebook.com\/niceavocats.fr\/\" \/>\n<meta property=\"article:published_time\" content=\"2017-11-07T17:50:04+00:00\" \/>\n<meta property=\"article:modified_time\" content=\"2023-08-23T05:36:32+00:00\" \/>\n<meta name=\"author\" content=\"Kevin\" \/>\n<meta name=\"twitter:card\" content=\"summary_large_image\" \/>\n<meta name=\"twitter:label1\" content=\"Scritto da\" \/>\n\t<meta name=\"twitter:data1\" content=\"Kevin\" \/>\n\t<meta name=\"twitter:label2\" content=\"Tempo di lettura stimato\" \/>\n\t<meta name=\"twitter:data2\" content=\"3 minuti\" \/>\n<script type=\"application\/ld+json\" class=\"yoast-schema-graph\">{\"@context\":\"https:\/\/schema.org\",\"@graph\":[{\"@type\":\"Article\",\"@id\":\"https:\/\/gregorydamy.niceavocats.fr\/it\/deposito-centralizzato-per-i-residenti-monegaschi\/#article\",\"isPartOf\":{\"@id\":\"https:\/\/gregorydamy.niceavocats.fr\/it\/deposito-centralizzato-per-i-residenti-monegaschi\/\"},\"author\":{\"name\":\"Kevin\",\"@id\":\"https:\/\/gregorydamy.niceavocats.fr\/it\/#\/schema\/person\/e040acb2856efaa1e114d0e7a92a3870\"},\"headline\":\"Deposito centralizzato per i residenti monegaschi\",\"datePublished\":\"2017-11-07T17:50:04+00:00\",\"dateModified\":\"2023-08-23T05:36:32+00:00\",\"mainEntityOfPage\":{\"@id\":\"https:\/\/gregorydamy.niceavocats.fr\/it\/deposito-centralizzato-per-i-residenti-monegaschi\/\"},\"wordCount\":769,\"commentCount\":0,\"publisher\":{\"@id\":\"https:\/\/gregorydamy.niceavocats.fr\/it\/#organization\"},\"articleSection\":[\"Diritto tributario\",\"Legge monegasca\"],\"inLanguage\":\"it-IT\",\"potentialAction\":[{\"@type\":\"CommentAction\",\"name\":\"Comment\",\"target\":[\"https:\/\/gregorydamy.niceavocats.fr\/it\/deposito-centralizzato-per-i-residenti-monegaschi\/#respond\"]}]},{\"@type\":\"WebPage\",\"@id\":\"https:\/\/gregorydamy.niceavocats.fr\/it\/deposito-centralizzato-per-i-residenti-monegaschi\/\",\"url\":\"https:\/\/gregorydamy.niceavocats.fr\/it\/deposito-centralizzato-per-i-residenti-monegaschi\/\",\"name\":\"Deposito centralizzato per i residenti monegaschi - Soci\u00e9t\u00e9 d&#039;avocats Damy\",\"isPartOf\":{\"@id\":\"https:\/\/gregorydamy.niceavocats.fr\/it\/#website\"},\"datePublished\":\"2017-11-07T17:50:04+00:00\",\"dateModified\":\"2023-08-23T05:36:32+00:00\",\"description\":\"Deposito centralizzato per i residenti monegaschi ! A partire dal 1 novembre 2017 \u00e8 stata implementata una modifica significativa per\",\"breadcrumb\":{\"@id\":\"https:\/\/gregorydamy.niceavocats.fr\/it\/deposito-centralizzato-per-i-residenti-monegaschi\/#breadcrumb\"},\"inLanguage\":\"it-IT\",\"potentialAction\":[{\"@type\":\"ReadAction\",\"target\":[\"https:\/\/gregorydamy.niceavocats.fr\/it\/deposito-centralizzato-per-i-residenti-monegaschi\/\"]}]},{\"@type\":\"BreadcrumbList\",\"@id\":\"https:\/\/gregorydamy.niceavocats.fr\/it\/deposito-centralizzato-per-i-residenti-monegaschi\/#breadcrumb\",\"itemListElement\":[{\"@type\":\"ListItem\",\"position\":1,\"name\":\"Accueil\",\"item\":\"https:\/\/gregorydamy.niceavocats.fr\/it\/\"},{\"@type\":\"ListItem\",\"position\":2,\"name\":\"Deposito centralizzato per i residenti monegaschi\"}]},{\"@type\":\"WebSite\",\"@id\":\"https:\/\/gregorydamy.niceavocats.fr\/it\/#website\",\"url\":\"https:\/\/gregorydamy.niceavocats.fr\/it\/\",\"name\":\"Soci\u00e9t\u00e9 d&#039;avocats Damy\",\"description\":\"Justice - Confiance - Efficacit\u00e9\",\"publisher\":{\"@id\":\"https:\/\/gregorydamy.niceavocats.fr\/it\/#organization\"},\"potentialAction\":[{\"@type\":\"SearchAction\",\"target\":{\"@type\":\"EntryPoint\",\"urlTemplate\":\"https:\/\/gregorydamy.niceavocats.fr\/it\/?s={search_term_string}\"},\"query-input\":{\"@type\":\"PropertyValueSpecification\",\"valueRequired\":true,\"valueName\":\"search_term_string\"}}],\"inLanguage\":\"it-IT\"},{\"@type\":\"Organization\",\"@id\":\"https:\/\/gregorydamy.niceavocats.fr\/it\/#organization\",\"name\":\"Soci\u00e9t\u00e9 d'Avocats DAMY\",\"alternateName\":\"Gr\u00e9gory DAMY\",\"url\":\"https:\/\/gregorydamy.niceavocats.fr\/it\/\",\"logo\":{\"@type\":\"ImageObject\",\"inLanguage\":\"it-IT\",\"@id\":\"https:\/\/gregorydamy.niceavocats.fr\/it\/#\/schema\/logo\/image\/\",\"url\":\"https:\/\/gregorydamy.niceavocats.fr\/wp-content\/uploads\/2023\/04\/damylogo-1.png\",\"contentUrl\":\"https:\/\/gregorydamy.niceavocats.fr\/wp-content\/uploads\/2023\/04\/damylogo-1.png\",\"width\":1890,\"height\":1417,\"caption\":\"Soci\u00e9t\u00e9 d'Avocats DAMY\"},\"image\":{\"@id\":\"https:\/\/gregorydamy.niceavocats.fr\/it\/#\/schema\/logo\/image\/\"},\"sameAs\":[\"https:\/\/www.facebook.com\/niceavocats.fr\/\"]},{\"@type\":\"Person\",\"@id\":\"https:\/\/gregorydamy.niceavocats.fr\/it\/#\/schema\/person\/e040acb2856efaa1e114d0e7a92a3870\",\"name\":\"Kevin\",\"url\":\"https:\/\/gregorydamy.niceavocats.fr\/it\/author\/kevin\/\"}]}<\/script>\n<!-- \/ Yoast SEO plugin. -->","yoast_head_json":{"title":"Deposito centralizzato per i residenti monegaschi - Soci\u00e9t\u00e9 d&#039;avocats Damy","description":"Deposito centralizzato per i residenti monegaschi ! A partire dal 1 novembre 2017 \u00e8 stata implementata una modifica significativa per","robots":{"index":"index","follow":"follow","max-snippet":"max-snippet:-1","max-image-preview":"max-image-preview:large","max-video-preview":"max-video-preview:-1"},"canonical":"https:\/\/gregorydamy.niceavocats.fr\/it\/deposito-centralizzato-per-i-residenti-monegaschi\/","og_locale":"it_IT","og_type":"article","og_title":"Deposito centralizzato per i residenti monegaschi - Soci\u00e9t\u00e9 d&#039;avocats Damy","og_description":"Deposito centralizzato per i residenti monegaschi ! A partire dal 1 novembre 2017 \u00e8 stata implementata una modifica significativa per","og_url":"https:\/\/gregorydamy.niceavocats.fr\/it\/deposito-centralizzato-per-i-residenti-monegaschi\/","og_site_name":"Soci\u00e9t\u00e9 d&#039;avocats Damy","article_publisher":"https:\/\/www.facebook.com\/niceavocats.fr\/","article_published_time":"2017-11-07T17:50:04+00:00","article_modified_time":"2023-08-23T05:36:32+00:00","author":"Kevin","twitter_card":"summary_large_image","twitter_misc":{"Scritto da":"Kevin","Tempo di lettura stimato":"3 minuti"},"schema":{"@context":"https:\/\/schema.org","@graph":[{"@type":"Article","@id":"https:\/\/gregorydamy.niceavocats.fr\/it\/deposito-centralizzato-per-i-residenti-monegaschi\/#article","isPartOf":{"@id":"https:\/\/gregorydamy.niceavocats.fr\/it\/deposito-centralizzato-per-i-residenti-monegaschi\/"},"author":{"name":"Kevin","@id":"https:\/\/gregorydamy.niceavocats.fr\/it\/#\/schema\/person\/e040acb2856efaa1e114d0e7a92a3870"},"headline":"Deposito centralizzato per i residenti monegaschi","datePublished":"2017-11-07T17:50:04+00:00","dateModified":"2023-08-23T05:36:32+00:00","mainEntityOfPage":{"@id":"https:\/\/gregorydamy.niceavocats.fr\/it\/deposito-centralizzato-per-i-residenti-monegaschi\/"},"wordCount":769,"commentCount":0,"publisher":{"@id":"https:\/\/gregorydamy.niceavocats.fr\/it\/#organization"},"articleSection":["Diritto tributario","Legge monegasca"],"inLanguage":"it-IT","potentialAction":[{"@type":"CommentAction","name":"Comment","target":["https:\/\/gregorydamy.niceavocats.fr\/it\/deposito-centralizzato-per-i-residenti-monegaschi\/#respond"]}]},{"@type":"WebPage","@id":"https:\/\/gregorydamy.niceavocats.fr\/it\/deposito-centralizzato-per-i-residenti-monegaschi\/","url":"https:\/\/gregorydamy.niceavocats.fr\/it\/deposito-centralizzato-per-i-residenti-monegaschi\/","name":"Deposito centralizzato per i residenti monegaschi - Soci\u00e9t\u00e9 d&#039;avocats Damy","isPartOf":{"@id":"https:\/\/gregorydamy.niceavocats.fr\/it\/#website"},"datePublished":"2017-11-07T17:50:04+00:00","dateModified":"2023-08-23T05:36:32+00:00","description":"Deposito centralizzato per i residenti monegaschi ! A partire dal 1 novembre 2017 \u00e8 stata implementata una modifica significativa per","breadcrumb":{"@id":"https:\/\/gregorydamy.niceavocats.fr\/it\/deposito-centralizzato-per-i-residenti-monegaschi\/#breadcrumb"},"inLanguage":"it-IT","potentialAction":[{"@type":"ReadAction","target":["https:\/\/gregorydamy.niceavocats.fr\/it\/deposito-centralizzato-per-i-residenti-monegaschi\/"]}]},{"@type":"BreadcrumbList","@id":"https:\/\/gregorydamy.niceavocats.fr\/it\/deposito-centralizzato-per-i-residenti-monegaschi\/#breadcrumb","itemListElement":[{"@type":"ListItem","position":1,"name":"Accueil","item":"https:\/\/gregorydamy.niceavocats.fr\/it\/"},{"@type":"ListItem","position":2,"name":"Deposito centralizzato per i residenti monegaschi"}]},{"@type":"WebSite","@id":"https:\/\/gregorydamy.niceavocats.fr\/it\/#website","url":"https:\/\/gregorydamy.niceavocats.fr\/it\/","name":"Soci\u00e9t\u00e9 d&#039;avocats Damy","description":"Justice - Confiance - Efficacit\u00e9","publisher":{"@id":"https:\/\/gregorydamy.niceavocats.fr\/it\/#organization"},"potentialAction":[{"@type":"SearchAction","target":{"@type":"EntryPoint","urlTemplate":"https:\/\/gregorydamy.niceavocats.fr\/it\/?s={search_term_string}"},"query-input":{"@type":"PropertyValueSpecification","valueRequired":true,"valueName":"search_term_string"}}],"inLanguage":"it-IT"},{"@type":"Organization","@id":"https:\/\/gregorydamy.niceavocats.fr\/it\/#organization","name":"Soci\u00e9t\u00e9 d'Avocats DAMY","alternateName":"Gr\u00e9gory DAMY","url":"https:\/\/gregorydamy.niceavocats.fr\/it\/","logo":{"@type":"ImageObject","inLanguage":"it-IT","@id":"https:\/\/gregorydamy.niceavocats.fr\/it\/#\/schema\/logo\/image\/","url":"https:\/\/gregorydamy.niceavocats.fr\/wp-content\/uploads\/2023\/04\/damylogo-1.png","contentUrl":"https:\/\/gregorydamy.niceavocats.fr\/wp-content\/uploads\/2023\/04\/damylogo-1.png","width":1890,"height":1417,"caption":"Soci\u00e9t\u00e9 d'Avocats DAMY"},"image":{"@id":"https:\/\/gregorydamy.niceavocats.fr\/it\/#\/schema\/logo\/image\/"},"sameAs":["https:\/\/www.facebook.com\/niceavocats.fr\/"]},{"@type":"Person","@id":"https:\/\/gregorydamy.niceavocats.fr\/it\/#\/schema\/person\/e040acb2856efaa1e114d0e7a92a3870","name":"Kevin","url":"https:\/\/gregorydamy.niceavocats.fr\/it\/author\/kevin\/"}]}},"_links":{"self":[{"href":"https:\/\/gregorydamy.niceavocats.fr\/it\/wp-json\/wp\/v2\/posts\/1757","targetHints":{"allow":["GET"]}}],"collection":[{"href":"https:\/\/gregorydamy.niceavocats.fr\/it\/wp-json\/wp\/v2\/posts"}],"about":[{"href":"https:\/\/gregorydamy.niceavocats.fr\/it\/wp-json\/wp\/v2\/types\/post"}],"author":[{"embeddable":true,"href":"https:\/\/gregorydamy.niceavocats.fr\/it\/wp-json\/wp\/v2\/users\/2"}],"replies":[{"embeddable":true,"href":"https:\/\/gregorydamy.niceavocats.fr\/it\/wp-json\/wp\/v2\/comments?post=1757"}],"version-history":[{"count":0,"href":"https:\/\/gregorydamy.niceavocats.fr\/it\/wp-json\/wp\/v2\/posts\/1757\/revisions"}],"wp:attachment":[{"href":"https:\/\/gregorydamy.niceavocats.fr\/it\/wp-json\/wp\/v2\/media?parent=1757"}],"wp:term":[{"taxonomy":"category","embeddable":true,"href":"https:\/\/gregorydamy.niceavocats.fr\/it\/wp-json\/wp\/v2\/categories?post=1757"},{"taxonomy":"post_tag","embeddable":true,"href":"https:\/\/gregorydamy.niceavocats.fr\/it\/wp-json\/wp\/v2\/tags?post=1757"}],"curies":[{"name":"wp","href":"https:\/\/api.w.org\/{rel}","templated":true}]}}