{"id":1682,"date":"2018-01-25T11:50:09","date_gmt":"2018-01-25T11:50:09","guid":{"rendered":"https:\/\/gregorydamy.niceavocats.fr\/?p=1682"},"modified":"2023-08-26T08:08:46","modified_gmt":"2023-08-26T08:08:46","slug":"la-corte-dappello-di-aix-en-provence-sanziona-un-medico-per-negligenza-medica","status":"publish","type":"post","link":"https:\/\/gregorydamy.niceavocats.fr\/it\/la-corte-dappello-di-aix-en-provence-sanziona-un-medico-per-negligenza-medica\/","title":{"rendered":"La Corte d&#8217;appello di Aix-en-Provence sanziona un medico per negligenza medica"},"content":{"rendered":"<p>[et_pb_section fb_built=&#8221;1&#8243; admin_label=&#8221;section&#8221; _builder_version=&#8221;4.19.5&#8243; custom_margin=&#8221;||0px||false|false&#8221; custom_padding=&#8221;||0px||false|false&#8221; locked=&#8221;off&#8221; global_colors_info=&#8221;{}&#8221;][et_pb_row column_structure=&#8221;1_3,1_3,1_3&#8243; _builder_version=&#8221;4.19.5&#8243; _module_preset=&#8221;default&#8221; background_enable_mask_style=&#8221;on&#8221; background_mask_style=&#8221;wave&#8221; background_mask_color=&#8221;rgba(0,0,0,0.08)&#8221; custom_padding=&#8221;||6px|||&#8221; locked=&#8221;off&#8221; global_colors_info=&#8221;{}&#8221;][et_pb_column type=&#8221;1_3&#8243; _builder_version=&#8221;4.19.5&#8243; _module_preset=&#8221;default&#8221; global_colors_info=&#8221;{}&#8221;][\/et_pb_column][et_pb_column type=&#8221;1_3&#8243; _builder_version=&#8221;4.19.5&#8243; _module_preset=&#8221;default&#8221; global_colors_info=&#8221;{}&#8221;][\/et_pb_column][et_pb_column type=&#8221;1_3&#8243; _builder_version=&#8221;4.19.5&#8243; _module_preset=&#8221;default&#8221; global_colors_info=&#8221;{}&#8221;][et_pb_circle_counter title=&#8221;Tempo di lettura stimato (in minuti)&#8221; number=&#8221;1&#8243; percent_sign=&#8221;off&#8221; _builder_version=&#8221;4.19.5&#8243; _module_preset=&#8221;default&#8221; title_font=&#8221;Amiri||||||||&#8221; max_width=&#8221;137px&#8221; global_colors_info=&#8221;{}&#8221;][\/et_pb_circle_counter][\/et_pb_column][\/et_pb_row][et_pb_row _builder_version=&#8221;4.19.5&#8243; _module_preset=&#8221;default&#8221; custom_margin=&#8221;||0px||false|false&#8221; custom_padding=&#8221;||0px||false|false&#8221; global_colors_info=&#8221;{}&#8221;][et_pb_column type=&#8221;4_4&#8243; _builder_version=&#8221;4.19.5&#8243; _module_preset=&#8221;default&#8221; global_colors_info=&#8221;{}&#8221;][et_pb_divider _builder_version=&#8221;4.19.5&#8243; _module_preset=&#8221;default&#8221; global_colors_info=&#8221;{}&#8221;][\/et_pb_divider][et_pb_image src=&#8221;https:\/\/gregorydamy.niceavocats.fr\/wp-content\/uploads\/2023\/06\/team-scientists-doctor-discussing-health-status-patient-brain-functions-nervous-system-tomography-scan-while-woman-waiting-diagnosis-disease-sitting-neurological-research-laboratory-scaled.jpg&#8221; title_text=&#8221;team-scientists-doctor-discussing-health-status-patient-brain-functions-nervous-system-tomography-scan-while-woman-waiting-diagnosis-disease-sitting-neurological-research-laboratory&#8221; _builder_version=&#8221;4.21.0&#8243; _module_preset=&#8221;default&#8221; global_colors_info=&#8221;{}&#8221;][\/et_pb_image][\/et_pb_column][\/et_pb_row][et_pb_row admin_label=&#8221;row&#8221; _builder_version=&#8221;4.16&#8243; background_size=&#8221;initial&#8221; background_position=&#8221;top_left&#8221; background_repeat=&#8221;repeat&#8221; global_colors_info=&#8221;{}&#8221;][et_pb_column type=&#8221;4_4&#8243; _builder_version=&#8221;4.16&#8243; custom_padding=&#8221;|||&#8221; global_colors_info=&#8221;{}&#8221; custom_padding__hover=&#8221;|||&#8221;][et_pb_text admin_label=&#8221;Text&#8221; _builder_version=&#8221;4.21.0&#8243; text_font=&#8221;Amiri||||||||&#8221; header_2_font=&#8221;Amiri||||||||&#8221; background_size=&#8221;initial&#8221; background_position=&#8221;top_left&#8221; background_repeat=&#8221;repeat&#8221; hover_enabled=&#8221;0&#8243; global_colors_info=&#8221;{}&#8221; sticky_enabled=&#8221;0&#8243;]<\/p>\n<p><span class=\"\"><span>Sanzione per\u00a0<\/span><a href=\"https:\/\/www.service-public.fr\/particuliers\/vosdroits\/N10253\"><span>negligenza medica<\/span><\/a><\/span><span class=\"\"><span>\u00a0\u00a0L&#8217;11 gennaio 2018, la Corte d&#8217;appello di Aix-en-Provence ha emesso una sentenza che sanziona un medico per aver trascurato di effettuare esami adeguati sur un paziente, che alla fine ha provocato la sterilit\u00e0 del paziente.\u00a0<\/span><\/span><span>In risposta a questa sentenza, un esperto avvocato specializzato in casi di lesioni personali in Francia e Lussemburgo commenter\u00e0 la\u00a0\u00a0<\/span><span>sentenza\u00a0<\/span><span>\u00a0.<\/span><\/p>\n<h2><span>Contesto e dettagli del caso: \u2013<\/span><\/h2>\n<p><span>I fatti in questione si sono verificati il \u200b\u200b\u200b\u200bDecember 7, 2009, quando un uomo si \u00e8 recato al pronto soccorso dell&#8217;ospedale Laveran di Marsiglia, lamentando un forte dolore ai genitali.\u00a0Purtroppo \u00e8 stato rimandato a casa senza aver ricevuto l&#8217;operazione necessaria.\u00a0Il dolore persisteva ed \u00e8 tornato in ospedale a febbraio, dove un medico di famiglia ha sospettato un&#8217;infiammazione piuttosto che una torsione.\u00a0Il medico ha eseguito un&#8217;ecografia addominale e ha rimandato a casa il paziente.\u00a0Alla fine, il giovane \u00e8 stato ricoverato in ospedale e has suddenly a surgical intervention on February 19, 2010, dopo che l&#8217;ospedale ha rilevato una vecchia torsione al testicolo destro e una recente al sinister.<\/span><\/p>\n<h2><span>Analisi giuridica e implicazioni: \u2013<\/span><\/h2>\n<p><span>\u00c8 ampiamente riconosciuto che l\u2019intervento immediato \u00e8 cruciale nei casi di torsione testicolare.\u00a0Sfortunatamente, all&#8217;uomo \u00e8 stato necessario asportare il testicolo destro, mentre il testicolo sinistro si \u00e8 completamente atrofizzato, eliminando ogni possibilit\u00e0 che diventasse padre in futuro.\u00a0Di fronte al danno morale e fisico percepito e alla perdita di opportunit\u00e0, l&#8217;uomo ha adito le vie legali e ha ottenuto una condanna nei confronti del medico davanti al Tribunal de Grande Instance di Marsiglia.\u00a0Tuttavia, il medico ha presentato ricorso contro la decisione, sostenendo che non era stato dimostrato che il testicolo sinistro avrebbe potuto essere salvato.<\/span><\/p>\n<p><span>The Corte d&#8217;appello di Aix-en-Provence has concluded that there is a diagnostic error that does not necessarily require a difetto, where it fatto di not has an effect that is sufficient.\u00a0Il perito citato nel fascicolo ha potuto observare che avrebbero dovuto essere disposti ulteriori esami e, considerato che il giovane si era recato pi\u00f9 volte al pronto soccorso, era ragionevole ritenere che il suo testicolo sinister avrebbe potuto essere salvato.\u00a0Di conseguenza, il medico \u00e8 stato condannato a risarcire la vittima per un importo di 192.920 euro.<\/span><\/p>\n<p><span>Questo caso illustra la crescente importanza del diritto medico, poich\u00e9 le persone che soffrono di circostanze simili a quelle del giovane qui descritto possono chiedere il risarcimento dei danni fisici e morali.\u00a0<\/span><span class=\"VIpgJd-yAWNEb-VIpgJd-fmcmS-sn54Q\"><span>Se vi trovate in una situazione simile, non esitate a contattare lo\u00a0<\/span><a href=\"https:\/\/gregorydamy.niceavocats.fr\/\"><span>studio legale Ma\u00eetre DAMY<\/span><\/a><span>\u00a0, specializzato in questo settore.\u00a0<\/span><\/span><span><span class=\"VIpgJd-yAWNEb-VIpgJd-fmcmS-sn54Q\">Negli ultimi tredici anni hanno trattato molti casi che vanno dalla semplice torsione testicolare a casi che hanno portato alla morte di un\u00a0\u00a0<\/span><\/span><span><span class=\"VIpgJd-yAWNEb-VIpgJd-fmcmS-sn54Q\">paziente\u00a0<\/span><\/span><span><span class=\"VIpgJd-yAWNEb-VIpgJd-fmcmS-sn54Q\">\u00a0.<\/span><\/span><\/p>\n<p>[\/et_pb_text][\/et_pb_column][\/et_pb_row][et_pb_row _builder_version=&#8221;4.19.5&#8243; _module_preset=&#8221;default&#8221; custom_margin=&#8221;||0px||false|false&#8221; custom_padding=&#8221;||0px||false|false&#8221; global_colors_info=&#8221;{}&#8221;][et_pb_column type=&#8221;4_4&#8243; _builder_version=&#8221;4.19.5&#8243; _module_preset=&#8221;default&#8221; global_colors_info=&#8221;{}&#8221;][et_pb_divider _builder_version=&#8221;4.19.5&#8243; _module_preset=&#8221;default&#8221; global_colors_info=&#8221;{}&#8221;][\/et_pb_divider][\/et_pb_column][\/et_pb_row][\/et_pb_section]<\/p>\n","protected":false},"excerpt":{"rendered":"<p>Sanzione per\u00a0negligenza medica\u00a0\u00a0L&#8217;11 gennaio 2018, la Corte d&#8217;appello di Aix-en-Provence ha emesso una sentenza che sanziona un medico per aver trascurato di effettuare esami adeguati sur un paziente, che alla fine ha provocato la sterilit\u00e0 del paziente.\u00a0In risposta a questa sentenza, un esperto avvocato specializzato in casi di lesioni personali in Francia e Lussemburgo commenter\u00e0 [&hellip;]<\/p>\n","protected":false},"author":2,"featured_media":0,"comment_status":"open","ping_status":"open","sticky":false,"template":"","format":"standard","meta":{"_et_pb_use_builder":"on","_et_pb_old_content":"L'11 gennaio 2018 la Corte d'Appello di Aix-en-Provence sanziona un medico per non aver effettuato sul suo paziente gli esami che hanno portato alla sua sterilit\u00e0. Il tuo avvocato esperto in lesioni personali in Francia e Lussemburgo commenter\u00e0 la sentenza.\r\nI fatti risalgono al 7 dicembre 2009, un uomo si \u00e8 recato al pronto soccorso dell'ospedale Laveran di Marsiglia per fortissimi dolori ai genitali, \u00e8 stato rimandato a casa poco dopo senza essere stato operato. Continua a soffrire e vi torna a febbraio dove lo riceve un medico di medicina generale che sospetta un'infiammazione e non una torsione, gli fa un'ecografia addominale e lo rimanda a casa. Il giovane verr\u00e0 finalmente ricoverato e operato il 19 febbraio 2010 dopo che l'ospedale ha rilevato una vecchia torsione a destra e una recente a sinistra, quasi due mesi dopo la sua comparsa con i servizi ospedalieri.\r\nTuttavia, \u00e8 riconosciuto che in termini di torsione testicolare, \u00e8 imperativo intervenire nelle ore successive al dolore. L'uomo quindi ha subito un'ablazione del testicolo destro e il sinistro \u00e8 completamente atrofizzato, perde ogni possibilit\u00e0 di diventare un giorno padre. Ritenendosi vittima di un danno morale e fisico e di perdita di opportunit\u00e0, si avvalse del Tribunal de grande instance di Marsiglia e ottenne la condanna del medico. Quest'ultimo ha presentato ricorso ritenendo che \u00abnon era dimostrato che il testicolo sinistro potesse essere salvato\u00bb.\r\nLa Corte d'Appello di Aix-en-Provence considerer\u00e0 che se l'errore diagnostico non \u00e8 un difetto in s\u00e9, lo \u00e8 un \"esame insufficiente\". Il perito nominato ha potuto dimostrare che avrebbero dovuto essere prescritti ulteriori esami. Il giovane essendosi presentato pi\u00f9 volte al pronto soccorso, si pu\u00f2 ritenere che il suo testicolo sinistro si sarebbe potuto salvare. Il medico \u00e8 quindi condannato a risarcire la vittima nella misura di 192.920 euro.\r\nIl diritto medico \u00e8 in forte espansione perch\u00e9 vittime paragonabili a questo giovane subiscono danni morali o fisici risarcibili. Se sei preoccupato, non esitare a contattare l'ufficio del Ma\u00eetre DAMY, esperto in questo campo. Negli ultimi tredici anni, abbiamo trattato molti casi che vanno dalla semplice torsione testicolare alla morte del paziente.\r\nStudio legale DAMY \u2013 esperti in diritti delle vittime","_et_gb_content_width":"","footnotes":""},"categories":[318],"tags":[],"class_list":["post-1682","post","type-post","status-publish","format-standard","hentry","category-diritto-del-danno-alla-persona"],"yoast_head":"<!-- This site is optimized with the Yoast SEO plugin v26.8 - https:\/\/yoast.com\/product\/yoast-seo-wordpress\/ -->\n<title>La Corte d&#039;appello di Aix-en-Provence sanziona un medico per negligenza medica - Soci\u00e9t\u00e9 d&#039;avocats Damy<\/title>\n<meta name=\"description\" content=\"La Corte d&#039;appello di Aix-en-Provence sanziona un medico per negligenza medica L&#039;11 gennaio 2018, la Corte d&#039;appello di Aix-en-Provence ha\" \/>\n<meta name=\"robots\" content=\"index, follow, max-snippet:-1, max-image-preview:large, max-video-preview:-1\" \/>\n<link rel=\"canonical\" href=\"https:\/\/gregorydamy.niceavocats.fr\/it\/la-corte-dappello-di-aix-en-provence-sanziona-un-medico-per-negligenza-medica\/\" \/>\n<meta property=\"og:locale\" content=\"it_IT\" \/>\n<meta property=\"og:type\" content=\"article\" \/>\n<meta property=\"og:title\" content=\"La Corte d&#039;appello di Aix-en-Provence sanziona un medico per negligenza medica - Soci\u00e9t\u00e9 d&#039;avocats Damy\" \/>\n<meta property=\"og:description\" content=\"La Corte d&#039;appello di Aix-en-Provence sanziona un medico per negligenza medica L&#039;11 gennaio 2018, la Corte d&#039;appello di Aix-en-Provence ha\" \/>\n<meta property=\"og:url\" content=\"https:\/\/gregorydamy.niceavocats.fr\/it\/la-corte-dappello-di-aix-en-provence-sanziona-un-medico-per-negligenza-medica\/\" \/>\n<meta property=\"og:site_name\" content=\"Soci\u00e9t\u00e9 d&#039;avocats Damy\" \/>\n<meta property=\"article:publisher\" content=\"https:\/\/www.facebook.com\/niceavocats.fr\/\" \/>\n<meta property=\"article:published_time\" content=\"2018-01-25T11:50:09+00:00\" \/>\n<meta property=\"article:modified_time\" content=\"2023-08-26T08:08:46+00:00\" \/>\n<meta name=\"author\" content=\"Kevin\" \/>\n<meta name=\"twitter:card\" content=\"summary_large_image\" \/>\n<meta name=\"twitter:label1\" content=\"Scritto da\" \/>\n\t<meta name=\"twitter:data1\" content=\"Kevin\" \/>\n\t<meta name=\"twitter:label2\" content=\"Tempo di lettura stimato\" \/>\n\t<meta name=\"twitter:data2\" content=\"3 minuti\" \/>\n<script type=\"application\/ld+json\" class=\"yoast-schema-graph\">{\"@context\":\"https:\/\/schema.org\",\"@graph\":[{\"@type\":\"Article\",\"@id\":\"https:\/\/gregorydamy.niceavocats.fr\/it\/la-corte-dappello-di-aix-en-provence-sanziona-un-medico-per-negligenza-medica\/#article\",\"isPartOf\":{\"@id\":\"https:\/\/gregorydamy.niceavocats.fr\/it\/la-corte-dappello-di-aix-en-provence-sanziona-un-medico-per-negligenza-medica\/\"},\"author\":{\"name\":\"Kevin\",\"@id\":\"https:\/\/gregorydamy.niceavocats.fr\/it\/#\/schema\/person\/e040acb2856efaa1e114d0e7a92a3870\"},\"headline\":\"La Corte d&#8217;appello di Aix-en-Provence sanziona un medico per negligenza medica\",\"datePublished\":\"2018-01-25T11:50:09+00:00\",\"dateModified\":\"2023-08-26T08:08:46+00:00\",\"mainEntityOfPage\":{\"@id\":\"https:\/\/gregorydamy.niceavocats.fr\/it\/la-corte-dappello-di-aix-en-provence-sanziona-un-medico-per-negligenza-medica\/\"},\"wordCount\":796,\"commentCount\":0,\"publisher\":{\"@id\":\"https:\/\/gregorydamy.niceavocats.fr\/it\/#organization\"},\"articleSection\":[\"Diritto del danno alla persona\"],\"inLanguage\":\"it-IT\",\"potentialAction\":[{\"@type\":\"CommentAction\",\"name\":\"Comment\",\"target\":[\"https:\/\/gregorydamy.niceavocats.fr\/it\/la-corte-dappello-di-aix-en-provence-sanziona-un-medico-per-negligenza-medica\/#respond\"]}]},{\"@type\":\"WebPage\",\"@id\":\"https:\/\/gregorydamy.niceavocats.fr\/it\/la-corte-dappello-di-aix-en-provence-sanziona-un-medico-per-negligenza-medica\/\",\"url\":\"https:\/\/gregorydamy.niceavocats.fr\/it\/la-corte-dappello-di-aix-en-provence-sanziona-un-medico-per-negligenza-medica\/\",\"name\":\"La Corte d'appello di Aix-en-Provence sanziona un medico per negligenza medica - Soci\u00e9t\u00e9 d&#039;avocats Damy\",\"isPartOf\":{\"@id\":\"https:\/\/gregorydamy.niceavocats.fr\/it\/#website\"},\"datePublished\":\"2018-01-25T11:50:09+00:00\",\"dateModified\":\"2023-08-26T08:08:46+00:00\",\"description\":\"La Corte d'appello di Aix-en-Provence sanziona un medico per negligenza medica L'11 gennaio 2018, la Corte d'appello di Aix-en-Provence ha\",\"breadcrumb\":{\"@id\":\"https:\/\/gregorydamy.niceavocats.fr\/it\/la-corte-dappello-di-aix-en-provence-sanziona-un-medico-per-negligenza-medica\/#breadcrumb\"},\"inLanguage\":\"it-IT\",\"potentialAction\":[{\"@type\":\"ReadAction\",\"target\":[\"https:\/\/gregorydamy.niceavocats.fr\/it\/la-corte-dappello-di-aix-en-provence-sanziona-un-medico-per-negligenza-medica\/\"]}]},{\"@type\":\"BreadcrumbList\",\"@id\":\"https:\/\/gregorydamy.niceavocats.fr\/it\/la-corte-dappello-di-aix-en-provence-sanziona-un-medico-per-negligenza-medica\/#breadcrumb\",\"itemListElement\":[{\"@type\":\"ListItem\",\"position\":1,\"name\":\"Accueil\",\"item\":\"https:\/\/gregorydamy.niceavocats.fr\/it\/\"},{\"@type\":\"ListItem\",\"position\":2,\"name\":\"La Corte d&rsquo;appello di Aix-en-Provence sanziona un medico per negligenza medica\"}]},{\"@type\":\"WebSite\",\"@id\":\"https:\/\/gregorydamy.niceavocats.fr\/it\/#website\",\"url\":\"https:\/\/gregorydamy.niceavocats.fr\/it\/\",\"name\":\"Soci\u00e9t\u00e9 d&#039;avocats Damy\",\"description\":\"Justice - Confiance - Efficacit\u00e9\",\"publisher\":{\"@id\":\"https:\/\/gregorydamy.niceavocats.fr\/it\/#organization\"},\"potentialAction\":[{\"@type\":\"SearchAction\",\"target\":{\"@type\":\"EntryPoint\",\"urlTemplate\":\"https:\/\/gregorydamy.niceavocats.fr\/it\/?s={search_term_string}\"},\"query-input\":{\"@type\":\"PropertyValueSpecification\",\"valueRequired\":true,\"valueName\":\"search_term_string\"}}],\"inLanguage\":\"it-IT\"},{\"@type\":\"Organization\",\"@id\":\"https:\/\/gregorydamy.niceavocats.fr\/it\/#organization\",\"name\":\"Soci\u00e9t\u00e9 d'Avocats DAMY\",\"alternateName\":\"Gr\u00e9gory DAMY\",\"url\":\"https:\/\/gregorydamy.niceavocats.fr\/it\/\",\"logo\":{\"@type\":\"ImageObject\",\"inLanguage\":\"it-IT\",\"@id\":\"https:\/\/gregorydamy.niceavocats.fr\/it\/#\/schema\/logo\/image\/\",\"url\":\"https:\/\/gregorydamy.niceavocats.fr\/wp-content\/uploads\/2023\/04\/damylogo-1.png\",\"contentUrl\":\"https:\/\/gregorydamy.niceavocats.fr\/wp-content\/uploads\/2023\/04\/damylogo-1.png\",\"width\":1890,\"height\":1417,\"caption\":\"Soci\u00e9t\u00e9 d'Avocats DAMY\"},\"image\":{\"@id\":\"https:\/\/gregorydamy.niceavocats.fr\/it\/#\/schema\/logo\/image\/\"},\"sameAs\":[\"https:\/\/www.facebook.com\/niceavocats.fr\/\"]},{\"@type\":\"Person\",\"@id\":\"https:\/\/gregorydamy.niceavocats.fr\/it\/#\/schema\/person\/e040acb2856efaa1e114d0e7a92a3870\",\"name\":\"Kevin\",\"url\":\"https:\/\/gregorydamy.niceavocats.fr\/it\/author\/kevin\/\"}]}<\/script>\n<!-- \/ Yoast SEO plugin. -->","yoast_head_json":{"title":"La Corte d'appello di Aix-en-Provence sanziona un medico per negligenza medica - Soci\u00e9t\u00e9 d&#039;avocats Damy","description":"La Corte d'appello di Aix-en-Provence sanziona un medico per negligenza medica L'11 gennaio 2018, la Corte d'appello di Aix-en-Provence ha","robots":{"index":"index","follow":"follow","max-snippet":"max-snippet:-1","max-image-preview":"max-image-preview:large","max-video-preview":"max-video-preview:-1"},"canonical":"https:\/\/gregorydamy.niceavocats.fr\/it\/la-corte-dappello-di-aix-en-provence-sanziona-un-medico-per-negligenza-medica\/","og_locale":"it_IT","og_type":"article","og_title":"La Corte d'appello di Aix-en-Provence sanziona un medico per negligenza medica - Soci\u00e9t\u00e9 d&#039;avocats Damy","og_description":"La Corte d'appello di Aix-en-Provence sanziona un medico per negligenza medica L'11 gennaio 2018, la Corte d'appello di Aix-en-Provence ha","og_url":"https:\/\/gregorydamy.niceavocats.fr\/it\/la-corte-dappello-di-aix-en-provence-sanziona-un-medico-per-negligenza-medica\/","og_site_name":"Soci\u00e9t\u00e9 d&#039;avocats Damy","article_publisher":"https:\/\/www.facebook.com\/niceavocats.fr\/","article_published_time":"2018-01-25T11:50:09+00:00","article_modified_time":"2023-08-26T08:08:46+00:00","author":"Kevin","twitter_card":"summary_large_image","twitter_misc":{"Scritto da":"Kevin","Tempo di lettura stimato":"3 minuti"},"schema":{"@context":"https:\/\/schema.org","@graph":[{"@type":"Article","@id":"https:\/\/gregorydamy.niceavocats.fr\/it\/la-corte-dappello-di-aix-en-provence-sanziona-un-medico-per-negligenza-medica\/#article","isPartOf":{"@id":"https:\/\/gregorydamy.niceavocats.fr\/it\/la-corte-dappello-di-aix-en-provence-sanziona-un-medico-per-negligenza-medica\/"},"author":{"name":"Kevin","@id":"https:\/\/gregorydamy.niceavocats.fr\/it\/#\/schema\/person\/e040acb2856efaa1e114d0e7a92a3870"},"headline":"La Corte d&#8217;appello di Aix-en-Provence sanziona un medico per negligenza medica","datePublished":"2018-01-25T11:50:09+00:00","dateModified":"2023-08-26T08:08:46+00:00","mainEntityOfPage":{"@id":"https:\/\/gregorydamy.niceavocats.fr\/it\/la-corte-dappello-di-aix-en-provence-sanziona-un-medico-per-negligenza-medica\/"},"wordCount":796,"commentCount":0,"publisher":{"@id":"https:\/\/gregorydamy.niceavocats.fr\/it\/#organization"},"articleSection":["Diritto del danno alla persona"],"inLanguage":"it-IT","potentialAction":[{"@type":"CommentAction","name":"Comment","target":["https:\/\/gregorydamy.niceavocats.fr\/it\/la-corte-dappello-di-aix-en-provence-sanziona-un-medico-per-negligenza-medica\/#respond"]}]},{"@type":"WebPage","@id":"https:\/\/gregorydamy.niceavocats.fr\/it\/la-corte-dappello-di-aix-en-provence-sanziona-un-medico-per-negligenza-medica\/","url":"https:\/\/gregorydamy.niceavocats.fr\/it\/la-corte-dappello-di-aix-en-provence-sanziona-un-medico-per-negligenza-medica\/","name":"La Corte d'appello di Aix-en-Provence sanziona un medico per negligenza medica - Soci\u00e9t\u00e9 d&#039;avocats Damy","isPartOf":{"@id":"https:\/\/gregorydamy.niceavocats.fr\/it\/#website"},"datePublished":"2018-01-25T11:50:09+00:00","dateModified":"2023-08-26T08:08:46+00:00","description":"La Corte d'appello di Aix-en-Provence sanziona un medico per negligenza medica L'11 gennaio 2018, la Corte d'appello di Aix-en-Provence ha","breadcrumb":{"@id":"https:\/\/gregorydamy.niceavocats.fr\/it\/la-corte-dappello-di-aix-en-provence-sanziona-un-medico-per-negligenza-medica\/#breadcrumb"},"inLanguage":"it-IT","potentialAction":[{"@type":"ReadAction","target":["https:\/\/gregorydamy.niceavocats.fr\/it\/la-corte-dappello-di-aix-en-provence-sanziona-un-medico-per-negligenza-medica\/"]}]},{"@type":"BreadcrumbList","@id":"https:\/\/gregorydamy.niceavocats.fr\/it\/la-corte-dappello-di-aix-en-provence-sanziona-un-medico-per-negligenza-medica\/#breadcrumb","itemListElement":[{"@type":"ListItem","position":1,"name":"Accueil","item":"https:\/\/gregorydamy.niceavocats.fr\/it\/"},{"@type":"ListItem","position":2,"name":"La Corte d&rsquo;appello di Aix-en-Provence sanziona un medico per negligenza medica"}]},{"@type":"WebSite","@id":"https:\/\/gregorydamy.niceavocats.fr\/it\/#website","url":"https:\/\/gregorydamy.niceavocats.fr\/it\/","name":"Soci\u00e9t\u00e9 d&#039;avocats Damy","description":"Justice - Confiance - Efficacit\u00e9","publisher":{"@id":"https:\/\/gregorydamy.niceavocats.fr\/it\/#organization"},"potentialAction":[{"@type":"SearchAction","target":{"@type":"EntryPoint","urlTemplate":"https:\/\/gregorydamy.niceavocats.fr\/it\/?s={search_term_string}"},"query-input":{"@type":"PropertyValueSpecification","valueRequired":true,"valueName":"search_term_string"}}],"inLanguage":"it-IT"},{"@type":"Organization","@id":"https:\/\/gregorydamy.niceavocats.fr\/it\/#organization","name":"Soci\u00e9t\u00e9 d'Avocats DAMY","alternateName":"Gr\u00e9gory DAMY","url":"https:\/\/gregorydamy.niceavocats.fr\/it\/","logo":{"@type":"ImageObject","inLanguage":"it-IT","@id":"https:\/\/gregorydamy.niceavocats.fr\/it\/#\/schema\/logo\/image\/","url":"https:\/\/gregorydamy.niceavocats.fr\/wp-content\/uploads\/2023\/04\/damylogo-1.png","contentUrl":"https:\/\/gregorydamy.niceavocats.fr\/wp-content\/uploads\/2023\/04\/damylogo-1.png","width":1890,"height":1417,"caption":"Soci\u00e9t\u00e9 d'Avocats DAMY"},"image":{"@id":"https:\/\/gregorydamy.niceavocats.fr\/it\/#\/schema\/logo\/image\/"},"sameAs":["https:\/\/www.facebook.com\/niceavocats.fr\/"]},{"@type":"Person","@id":"https:\/\/gregorydamy.niceavocats.fr\/it\/#\/schema\/person\/e040acb2856efaa1e114d0e7a92a3870","name":"Kevin","url":"https:\/\/gregorydamy.niceavocats.fr\/it\/author\/kevin\/"}]}},"_links":{"self":[{"href":"https:\/\/gregorydamy.niceavocats.fr\/it\/wp-json\/wp\/v2\/posts\/1682","targetHints":{"allow":["GET"]}}],"collection":[{"href":"https:\/\/gregorydamy.niceavocats.fr\/it\/wp-json\/wp\/v2\/posts"}],"about":[{"href":"https:\/\/gregorydamy.niceavocats.fr\/it\/wp-json\/wp\/v2\/types\/post"}],"author":[{"embeddable":true,"href":"https:\/\/gregorydamy.niceavocats.fr\/it\/wp-json\/wp\/v2\/users\/2"}],"replies":[{"embeddable":true,"href":"https:\/\/gregorydamy.niceavocats.fr\/it\/wp-json\/wp\/v2\/comments?post=1682"}],"version-history":[{"count":0,"href":"https:\/\/gregorydamy.niceavocats.fr\/it\/wp-json\/wp\/v2\/posts\/1682\/revisions"}],"wp:attachment":[{"href":"https:\/\/gregorydamy.niceavocats.fr\/it\/wp-json\/wp\/v2\/media?parent=1682"}],"wp:term":[{"taxonomy":"category","embeddable":true,"href":"https:\/\/gregorydamy.niceavocats.fr\/it\/wp-json\/wp\/v2\/categories?post=1682"},{"taxonomy":"post_tag","embeddable":true,"href":"https:\/\/gregorydamy.niceavocats.fr\/it\/wp-json\/wp\/v2\/tags?post=1682"}],"curies":[{"name":"wp","href":"https:\/\/api.w.org\/{rel}","templated":true}]}}