{"id":1574,"date":"2018-09-07T13:05:05","date_gmt":"2018-09-07T13:05:05","guid":{"rendered":"https:\/\/gregorydamy.niceavocats.fr\/?p=1574"},"modified":"2023-09-02T06:58:13","modified_gmt":"2023-09-02T06:58:13","slug":"crediti-dimposta-e-calcolo-delle-imposte-sui-redditi","status":"publish","type":"post","link":"https:\/\/gregorydamy.niceavocats.fr\/it\/crediti-dimposta-e-calcolo-delle-imposte-sui-redditi\/","title":{"rendered":"Crediti d&#8217;imposta e calcolo delle imposte sui redditi"},"content":{"rendered":"<p>[et_pb_section fb_built=&#8221;1&#8243; admin_label=&#8221;section&#8221; _builder_version=&#8221;4.19.5&#8243; custom_margin=&#8221;||0px||false|false&#8221; custom_padding=&#8221;||0px||false|false&#8221; locked=&#8221;off&#8221; global_colors_info=&#8221;{}&#8221;][et_pb_row column_structure=&#8221;1_3,1_3,1_3&#8243; _builder_version=&#8221;4.19.5&#8243; _module_preset=&#8221;default&#8221; background_enable_mask_style=&#8221;on&#8221; background_mask_style=&#8221;wave&#8221; background_mask_color=&#8221;rgba(0,0,0,0.08)&#8221; custom_padding=&#8221;||6px|||&#8221; locked=&#8221;off&#8221; global_colors_info=&#8221;{}&#8221;][et_pb_column type=&#8221;1_3&#8243; _builder_version=&#8221;4.19.5&#8243; _module_preset=&#8221;default&#8221; global_colors_info=&#8221;{}&#8221;][\/et_pb_column][et_pb_column type=&#8221;1_3&#8243; _builder_version=&#8221;4.19.5&#8243; _module_preset=&#8221;default&#8221; global_colors_info=&#8221;{}&#8221;][\/et_pb_column][et_pb_column type=&#8221;1_3&#8243; _builder_version=&#8221;4.19.5&#8243; _module_preset=&#8221;default&#8221; global_colors_info=&#8221;{}&#8221;][et_pb_circle_counter title=&#8221;Tempo di lettura stimato (in minuti)&#8221; number=&#8221;1&#8243; percent_sign=&#8221;off&#8221; _builder_version=&#8221;4.19.5&#8243; _module_preset=&#8221;default&#8221; title_font=&#8221;Amiri||||||||&#8221; max_width=&#8221;137px&#8221; global_colors_info=&#8221;{}&#8221;][\/et_pb_circle_counter][\/et_pb_column][\/et_pb_row][et_pb_row _builder_version=&#8221;4.19.5&#8243; _module_preset=&#8221;default&#8221; custom_margin=&#8221;||0px||false|false&#8221; custom_padding=&#8221;||0px||false|false&#8221; global_colors_info=&#8221;{}&#8221;][et_pb_column type=&#8221;4_4&#8243; _builder_version=&#8221;4.19.5&#8243; _module_preset=&#8221;default&#8221; global_colors_info=&#8221;{}&#8221;][et_pb_divider _builder_version=&#8221;4.19.5&#8243; _module_preset=&#8221;default&#8221; global_colors_info=&#8221;{}&#8221;][\/et_pb_divider][et_pb_image src=&#8221;https:\/\/gregorydamy.niceavocats.fr\/wp-content\/uploads\/2023\/06\/tax-incentive-audit-benefit-cash-payment-income-concept-scaled.jpg&#8221; title_text=&#8221;Tax Incentive Audit Benefit Cash Payment Income Concept&#8221; _builder_version=&#8221;4.21.0&#8243; _module_preset=&#8221;default&#8221; hover_enabled=&#8221;0&#8243; global_colors_info=&#8221;{}&#8221; sticky_enabled=&#8221;0&#8243;][\/et_pb_image][\/et_pb_column][\/et_pb_row][et_pb_row admin_label=&#8221;row&#8221; _builder_version=&#8221;4.19.5&#8243; background_size=&#8221;initial&#8221; background_position=&#8221;top_left&#8221; background_repeat=&#8221;repeat&#8221; custom_margin=&#8221;||0px||false|false&#8221; custom_padding=&#8221;||0px||false|false&#8221; global_colors_info=&#8221;{}&#8221;][et_pb_column type=&#8221;4_4&#8243; _builder_version=&#8221;4.16&#8243; custom_padding=&#8221;|||&#8221; global_colors_info=&#8221;{}&#8221; custom_padding__hover=&#8221;|||&#8221;][et_pb_text admin_label=&#8221;Text&#8221; _builder_version=&#8221;4.21.0&#8243; text_font=&#8221;Amiri||||||||&#8221; header_font=&#8221;Amiri||||||||&#8221; header_2_font=&#8221;Amiri||||||||&#8221; background_size=&#8221;initial&#8221; background_position=&#8221;top_left&#8221; background_repeat=&#8221;repeat&#8221; hover_enabled=&#8221;0&#8243; global_colors_info=&#8221;{}&#8221; sticky_enabled=&#8221;0&#8243;]<\/p>\n<p><span>Credito d&#8217;imposta e calcolo dell&#8217;imposta sul reddito.\u00a0<\/span><a href=\"https:\/\/www.impots.gouv.fr\/particulier\/je-declare-mes-reductions-et-credits-dimpot\"><span>I crediti d&#8217;imposta<\/span><\/a><span>\u00a0e\u00a0la ritenuta d&#8217;acconto restano importanti nel calcolo dell&#8217;imposta sul reddito, anche se in Francia \u00e8 stata introdotta la ritenuta d&#8217;acconto nel 2019. Nell&#8217;ambito di queste regolarizzazione, abbiamo stabilito che a luglio 2019 pagheremo direttamente sul tuo conto bancario i crediti d&#8217;imposta accumulati nel 2018.<\/span><\/p>\n<p><span>Vorremmo sottolineare l&#8217;importanza dei crediti d&#8217;imposta nel calcolo dell&#8217;imposta sul reddito.\u00a0<span class=\"\">Tuttavia, per crediti d&#8217;imposta specifici, come l&#8217;assistenza all&#8217;infanzia per i bambini sotto i 6 anni, le spese EPHAD, le spese legate agli investimenti locativi, le donazioni ad associazioni e i servizi personali (come l&#8217;assunzione di personale domestico), pagheremo un acconto equivalente a 30 % del 60% del credito d&#8217;imposta che ti spetta a partire da gennaio 2019. \u00c8 importante notare che questo elenco non \u00e8 esaustivo e gli altri crediti d&#8217;imposta ti verranno pagati sei mesi dopo.\u00a0<\/span>Ci\u00f2 \u00e8 particolarmente importante per le persone che non sono soggette a imposta ma che possono beneficiare di crediti d\u2019imposta.<\/span><\/p>\n<p><span>Se appartieni a questa categoria e desideri evitare la detrazione nel 2019, dovevi dimostrare che il tuo reddito fiscale di riferimento era inferiore a 25.000 euro per singola unit\u00e0 e che non eri imponibile n\u00e9 nel 2017 n\u00e9 nel 2018. Questo sistema unico \u00e8 stato introdotto in atto per accogliere i soggetti non soggetti passivi e garantire loro il beneficio dei crediti d\u2019imposta a cui hanno diritto.<\/span><\/p>\n<p><span>I crediti d\u2019imposta svolgono un ruolo fondamentale nel ridurre il carico fiscale complessivo sugli individui, fornendo loro sgravi finanziari e incentivi per varie spese, come l\u2019assistenza all\u2019infanzia, l\u2019assistenza medica, gli investimenti locativi e i contributi di beneficenza.\u00a0Comprendere le regole specifiche e le scadenze di pagamento dei crediti d&#8217;imposta \u00e8 essenziale per gestire efficacemente le tue finanze e assicurarti di ricevere i benefici a cui hai diritto.<\/span><\/p>\n<p><span>Per assicurarti di ricevere i crediti d&#8217;imposta che ti spettano, ti consigliamo di rimanere informato su eventuali modifiche alle leggi e ai regolamenti fiscali.\u00a0<span class=\"\">Consultare un professionista fiscale o utilizzare le risorse online fornite dalle autorit\u00e0 fiscali pu\u00f2 aiutarti a orientarti nelle complessit\u00e0 del sistema di credito d&#8217;imposta e a prendere decisioni informate sulla tua pianificazione finanziaria.<\/span><\/span><\/p>\n<p><a href=\"https:\/\/gregorydamy.niceavocats.fr\/notre-equipe\/\"><span>Societ\u00e0 di avvocati DAMY<\/span><\/a><span>\u00a0.<\/span><\/p>\n<p>[\/et_pb_text][\/et_pb_column][\/et_pb_row][et_pb_row _builder_version=&#8221;4.19.5&#8243; _module_preset=&#8221;default&#8221; global_colors_info=&#8221;{}&#8221;][et_pb_column type=&#8221;4_4&#8243; _builder_version=&#8221;4.19.5&#8243; _module_preset=&#8221;default&#8221; global_colors_info=&#8221;{}&#8221;][et_pb_divider _builder_version=&#8221;4.19.5&#8243; _module_preset=&#8221;default&#8221; global_colors_info=&#8221;{}&#8221;][\/et_pb_divider][\/et_pb_column][\/et_pb_row][\/et_pb_section]<\/p>\n","protected":false},"excerpt":{"rendered":"<p>Credito d&#8217;imposta e calcolo dell&#8217;imposta sul reddito.\u00a0I crediti d&#8217;imposta\u00a0e\u00a0la ritenuta d&#8217;acconto restano importanti nel calcolo dell&#8217;imposta sul reddito, anche se in Francia \u00e8 stata introdotta la ritenuta d&#8217;acconto nel 2019. Nell&#8217;ambito di queste regolarizzazione, abbiamo stabilito che a luglio 2019 pagheremo direttamente sul tuo conto bancario i crediti d&#8217;imposta accumulati nel 2018. Vorremmo sottolineare l&#8217;importanza [&hellip;]<\/p>\n","protected":false},"author":2,"featured_media":34313,"comment_status":"open","ping_status":"open","sticky":false,"template":"","format":"standard","meta":{"_et_pb_use_builder":"on","_et_pb_old_content":"","_et_gb_content_width":"","footnotes":""},"categories":[327],"tags":[],"class_list":["post-1574","post","type-post","status-publish","format-standard","has-post-thumbnail","hentry","category-diritto-tributario"],"yoast_head":"<!-- This site is optimized with the Yoast SEO plugin v26.8 - https:\/\/yoast.com\/product\/yoast-seo-wordpress\/ -->\n<title>Crediti d&#039;imposta e calcolo delle imposte sui redditi - Soci\u00e9t\u00e9 d&#039;avocats Damy<\/title>\n<meta name=\"description\" content=\"Crediti d&#039;imposta e calcolo delle imposte sui redditi I crediti d&#039;imposta rimangono un fattore importante da considerare nel calcolo\" \/>\n<meta name=\"robots\" content=\"index, follow, max-snippet:-1, max-image-preview:large, max-video-preview:-1\" \/>\n<link rel=\"canonical\" href=\"https:\/\/gregorydamy.niceavocats.fr\/it\/crediti-dimposta-e-calcolo-delle-imposte-sui-redditi\/\" \/>\n<meta property=\"og:locale\" content=\"it_IT\" \/>\n<meta property=\"og:type\" content=\"article\" \/>\n<meta property=\"og:title\" content=\"Crediti d&#039;imposta e calcolo delle imposte sui redditi - Soci\u00e9t\u00e9 d&#039;avocats Damy\" \/>\n<meta property=\"og:description\" content=\"Crediti d&#039;imposta e calcolo delle imposte sui redditi I crediti d&#039;imposta rimangono un fattore importante da considerare nel calcolo\" \/>\n<meta property=\"og:url\" content=\"https:\/\/gregorydamy.niceavocats.fr\/it\/crediti-dimposta-e-calcolo-delle-imposte-sui-redditi\/\" \/>\n<meta property=\"og:site_name\" content=\"Soci\u00e9t\u00e9 d&#039;avocats Damy\" \/>\n<meta property=\"article:publisher\" content=\"https:\/\/www.facebook.com\/niceavocats.fr\/\" \/>\n<meta property=\"article:published_time\" content=\"2018-09-07T13:05:05+00:00\" \/>\n<meta property=\"article:modified_time\" content=\"2023-09-02T06:58:13+00:00\" \/>\n<meta property=\"og:image\" content=\"https:\/\/gregorydamy.niceavocats.fr\/wp-content\/uploads\/2023\/08\/contract-2779509_1280-2.png\" \/>\n\t<meta property=\"og:image:width\" content=\"1280\" \/>\n\t<meta property=\"og:image:height\" content=\"808\" \/>\n\t<meta property=\"og:image:type\" content=\"image\/png\" \/>\n<meta name=\"author\" content=\"Kevin\" \/>\n<meta name=\"twitter:card\" content=\"summary_large_image\" \/>\n<meta name=\"twitter:label1\" content=\"Scritto da\" \/>\n\t<meta name=\"twitter:data1\" content=\"Kevin\" \/>\n\t<meta name=\"twitter:label2\" content=\"Tempo di lettura stimato\" \/>\n\t<meta name=\"twitter:data2\" content=\"3 minuti\" \/>\n<script type=\"application\/ld+json\" class=\"yoast-schema-graph\">{\"@context\":\"https:\/\/schema.org\",\"@graph\":[{\"@type\":\"Article\",\"@id\":\"https:\/\/gregorydamy.niceavocats.fr\/it\/crediti-dimposta-e-calcolo-delle-imposte-sui-redditi\/#article\",\"isPartOf\":{\"@id\":\"https:\/\/gregorydamy.niceavocats.fr\/it\/crediti-dimposta-e-calcolo-delle-imposte-sui-redditi\/\"},\"author\":{\"name\":\"Kevin\",\"@id\":\"https:\/\/gregorydamy.niceavocats.fr\/it\/#\/schema\/person\/e040acb2856efaa1e114d0e7a92a3870\"},\"headline\":\"Crediti d&#8217;imposta e calcolo delle imposte sui redditi\",\"datePublished\":\"2018-09-07T13:05:05+00:00\",\"dateModified\":\"2023-09-02T06:58:13+00:00\",\"mainEntityOfPage\":{\"@id\":\"https:\/\/gregorydamy.niceavocats.fr\/it\/crediti-dimposta-e-calcolo-delle-imposte-sui-redditi\/\"},\"wordCount\":736,\"commentCount\":0,\"publisher\":{\"@id\":\"https:\/\/gregorydamy.niceavocats.fr\/it\/#organization\"},\"image\":{\"@id\":\"https:\/\/gregorydamy.niceavocats.fr\/it\/crediti-dimposta-e-calcolo-delle-imposte-sui-redditi\/#primaryimage\"},\"thumbnailUrl\":\"https:\/\/gregorydamy.niceavocats.fr\/wp-content\/uploads\/2023\/08\/contract-2779509_1280-2.png\",\"articleSection\":[\"Diritto tributario\"],\"inLanguage\":\"it-IT\",\"potentialAction\":[{\"@type\":\"CommentAction\",\"name\":\"Comment\",\"target\":[\"https:\/\/gregorydamy.niceavocats.fr\/it\/crediti-dimposta-e-calcolo-delle-imposte-sui-redditi\/#respond\"]}]},{\"@type\":\"WebPage\",\"@id\":\"https:\/\/gregorydamy.niceavocats.fr\/it\/crediti-dimposta-e-calcolo-delle-imposte-sui-redditi\/\",\"url\":\"https:\/\/gregorydamy.niceavocats.fr\/it\/crediti-dimposta-e-calcolo-delle-imposte-sui-redditi\/\",\"name\":\"Crediti d'imposta e calcolo delle imposte sui redditi - Soci\u00e9t\u00e9 d&#039;avocats Damy\",\"isPartOf\":{\"@id\":\"https:\/\/gregorydamy.niceavocats.fr\/it\/#website\"},\"primaryImageOfPage\":{\"@id\":\"https:\/\/gregorydamy.niceavocats.fr\/it\/crediti-dimposta-e-calcolo-delle-imposte-sui-redditi\/#primaryimage\"},\"image\":{\"@id\":\"https:\/\/gregorydamy.niceavocats.fr\/it\/crediti-dimposta-e-calcolo-delle-imposte-sui-redditi\/#primaryimage\"},\"thumbnailUrl\":\"https:\/\/gregorydamy.niceavocats.fr\/wp-content\/uploads\/2023\/08\/contract-2779509_1280-2.png\",\"datePublished\":\"2018-09-07T13:05:05+00:00\",\"dateModified\":\"2023-09-02T06:58:13+00:00\",\"description\":\"Crediti d'imposta e calcolo delle imposte sui redditi I crediti d'imposta rimangono un fattore importante da considerare nel calcolo\",\"breadcrumb\":{\"@id\":\"https:\/\/gregorydamy.niceavocats.fr\/it\/crediti-dimposta-e-calcolo-delle-imposte-sui-redditi\/#breadcrumb\"},\"inLanguage\":\"it-IT\",\"potentialAction\":[{\"@type\":\"ReadAction\",\"target\":[\"https:\/\/gregorydamy.niceavocats.fr\/it\/crediti-dimposta-e-calcolo-delle-imposte-sui-redditi\/\"]}]},{\"@type\":\"ImageObject\",\"inLanguage\":\"it-IT\",\"@id\":\"https:\/\/gregorydamy.niceavocats.fr\/it\/crediti-dimposta-e-calcolo-delle-imposte-sui-redditi\/#primaryimage\",\"url\":\"https:\/\/gregorydamy.niceavocats.fr\/wp-content\/uploads\/2023\/08\/contract-2779509_1280-2.png\",\"contentUrl\":\"https:\/\/gregorydamy.niceavocats.fr\/wp-content\/uploads\/2023\/08\/contract-2779509_1280-2.png\",\"width\":1280,\"height\":808,\"caption\":\"Cr\u00e9dit d'imp\u00f4t et calcul de l'imp\u00f4t sur le revenu\"},{\"@type\":\"BreadcrumbList\",\"@id\":\"https:\/\/gregorydamy.niceavocats.fr\/it\/crediti-dimposta-e-calcolo-delle-imposte-sui-redditi\/#breadcrumb\",\"itemListElement\":[{\"@type\":\"ListItem\",\"position\":1,\"name\":\"Accueil\",\"item\":\"https:\/\/gregorydamy.niceavocats.fr\/it\/\"},{\"@type\":\"ListItem\",\"position\":2,\"name\":\"Crediti d&rsquo;imposta e calcolo delle imposte sui redditi\"}]},{\"@type\":\"WebSite\",\"@id\":\"https:\/\/gregorydamy.niceavocats.fr\/it\/#website\",\"url\":\"https:\/\/gregorydamy.niceavocats.fr\/it\/\",\"name\":\"Soci\u00e9t\u00e9 d&#039;avocats Damy\",\"description\":\"Justice - Confiance - Efficacit\u00e9\",\"publisher\":{\"@id\":\"https:\/\/gregorydamy.niceavocats.fr\/it\/#organization\"},\"potentialAction\":[{\"@type\":\"SearchAction\",\"target\":{\"@type\":\"EntryPoint\",\"urlTemplate\":\"https:\/\/gregorydamy.niceavocats.fr\/it\/?s={search_term_string}\"},\"query-input\":{\"@type\":\"PropertyValueSpecification\",\"valueRequired\":true,\"valueName\":\"search_term_string\"}}],\"inLanguage\":\"it-IT\"},{\"@type\":\"Organization\",\"@id\":\"https:\/\/gregorydamy.niceavocats.fr\/it\/#organization\",\"name\":\"Soci\u00e9t\u00e9 d'Avocats DAMY\",\"alternateName\":\"Gr\u00e9gory DAMY\",\"url\":\"https:\/\/gregorydamy.niceavocats.fr\/it\/\",\"logo\":{\"@type\":\"ImageObject\",\"inLanguage\":\"it-IT\",\"@id\":\"https:\/\/gregorydamy.niceavocats.fr\/it\/#\/schema\/logo\/image\/\",\"url\":\"https:\/\/gregorydamy.niceavocats.fr\/wp-content\/uploads\/2023\/04\/damylogo-1.png\",\"contentUrl\":\"https:\/\/gregorydamy.niceavocats.fr\/wp-content\/uploads\/2023\/04\/damylogo-1.png\",\"width\":1890,\"height\":1417,\"caption\":\"Soci\u00e9t\u00e9 d'Avocats DAMY\"},\"image\":{\"@id\":\"https:\/\/gregorydamy.niceavocats.fr\/it\/#\/schema\/logo\/image\/\"},\"sameAs\":[\"https:\/\/www.facebook.com\/niceavocats.fr\/\"]},{\"@type\":\"Person\",\"@id\":\"https:\/\/gregorydamy.niceavocats.fr\/it\/#\/schema\/person\/e040acb2856efaa1e114d0e7a92a3870\",\"name\":\"Kevin\",\"url\":\"https:\/\/gregorydamy.niceavocats.fr\/it\/author\/kevin\/\"}]}<\/script>\n<!-- \/ Yoast SEO plugin. -->","yoast_head_json":{"title":"Crediti d'imposta e calcolo delle imposte sui redditi - Soci\u00e9t\u00e9 d&#039;avocats Damy","description":"Crediti d'imposta e calcolo delle imposte sui redditi I crediti d'imposta rimangono un fattore importante da considerare nel calcolo","robots":{"index":"index","follow":"follow","max-snippet":"max-snippet:-1","max-image-preview":"max-image-preview:large","max-video-preview":"max-video-preview:-1"},"canonical":"https:\/\/gregorydamy.niceavocats.fr\/it\/crediti-dimposta-e-calcolo-delle-imposte-sui-redditi\/","og_locale":"it_IT","og_type":"article","og_title":"Crediti d'imposta e calcolo delle imposte sui redditi - Soci\u00e9t\u00e9 d&#039;avocats Damy","og_description":"Crediti d'imposta e calcolo delle imposte sui redditi I crediti d'imposta rimangono un fattore importante da considerare nel calcolo","og_url":"https:\/\/gregorydamy.niceavocats.fr\/it\/crediti-dimposta-e-calcolo-delle-imposte-sui-redditi\/","og_site_name":"Soci\u00e9t\u00e9 d&#039;avocats Damy","article_publisher":"https:\/\/www.facebook.com\/niceavocats.fr\/","article_published_time":"2018-09-07T13:05:05+00:00","article_modified_time":"2023-09-02T06:58:13+00:00","og_image":[{"width":1280,"height":808,"url":"https:\/\/gregorydamy.niceavocats.fr\/wp-content\/uploads\/2023\/08\/contract-2779509_1280-2.png","type":"image\/png"}],"author":"Kevin","twitter_card":"summary_large_image","twitter_misc":{"Scritto da":"Kevin","Tempo di lettura stimato":"3 minuti"},"schema":{"@context":"https:\/\/schema.org","@graph":[{"@type":"Article","@id":"https:\/\/gregorydamy.niceavocats.fr\/it\/crediti-dimposta-e-calcolo-delle-imposte-sui-redditi\/#article","isPartOf":{"@id":"https:\/\/gregorydamy.niceavocats.fr\/it\/crediti-dimposta-e-calcolo-delle-imposte-sui-redditi\/"},"author":{"name":"Kevin","@id":"https:\/\/gregorydamy.niceavocats.fr\/it\/#\/schema\/person\/e040acb2856efaa1e114d0e7a92a3870"},"headline":"Crediti d&#8217;imposta e calcolo delle imposte sui redditi","datePublished":"2018-09-07T13:05:05+00:00","dateModified":"2023-09-02T06:58:13+00:00","mainEntityOfPage":{"@id":"https:\/\/gregorydamy.niceavocats.fr\/it\/crediti-dimposta-e-calcolo-delle-imposte-sui-redditi\/"},"wordCount":736,"commentCount":0,"publisher":{"@id":"https:\/\/gregorydamy.niceavocats.fr\/it\/#organization"},"image":{"@id":"https:\/\/gregorydamy.niceavocats.fr\/it\/crediti-dimposta-e-calcolo-delle-imposte-sui-redditi\/#primaryimage"},"thumbnailUrl":"https:\/\/gregorydamy.niceavocats.fr\/wp-content\/uploads\/2023\/08\/contract-2779509_1280-2.png","articleSection":["Diritto tributario"],"inLanguage":"it-IT","potentialAction":[{"@type":"CommentAction","name":"Comment","target":["https:\/\/gregorydamy.niceavocats.fr\/it\/crediti-dimposta-e-calcolo-delle-imposte-sui-redditi\/#respond"]}]},{"@type":"WebPage","@id":"https:\/\/gregorydamy.niceavocats.fr\/it\/crediti-dimposta-e-calcolo-delle-imposte-sui-redditi\/","url":"https:\/\/gregorydamy.niceavocats.fr\/it\/crediti-dimposta-e-calcolo-delle-imposte-sui-redditi\/","name":"Crediti d'imposta e calcolo delle imposte sui redditi - Soci\u00e9t\u00e9 d&#039;avocats Damy","isPartOf":{"@id":"https:\/\/gregorydamy.niceavocats.fr\/it\/#website"},"primaryImageOfPage":{"@id":"https:\/\/gregorydamy.niceavocats.fr\/it\/crediti-dimposta-e-calcolo-delle-imposte-sui-redditi\/#primaryimage"},"image":{"@id":"https:\/\/gregorydamy.niceavocats.fr\/it\/crediti-dimposta-e-calcolo-delle-imposte-sui-redditi\/#primaryimage"},"thumbnailUrl":"https:\/\/gregorydamy.niceavocats.fr\/wp-content\/uploads\/2023\/08\/contract-2779509_1280-2.png","datePublished":"2018-09-07T13:05:05+00:00","dateModified":"2023-09-02T06:58:13+00:00","description":"Crediti d'imposta e calcolo delle imposte sui redditi I crediti d'imposta rimangono un fattore importante da considerare nel calcolo","breadcrumb":{"@id":"https:\/\/gregorydamy.niceavocats.fr\/it\/crediti-dimposta-e-calcolo-delle-imposte-sui-redditi\/#breadcrumb"},"inLanguage":"it-IT","potentialAction":[{"@type":"ReadAction","target":["https:\/\/gregorydamy.niceavocats.fr\/it\/crediti-dimposta-e-calcolo-delle-imposte-sui-redditi\/"]}]},{"@type":"ImageObject","inLanguage":"it-IT","@id":"https:\/\/gregorydamy.niceavocats.fr\/it\/crediti-dimposta-e-calcolo-delle-imposte-sui-redditi\/#primaryimage","url":"https:\/\/gregorydamy.niceavocats.fr\/wp-content\/uploads\/2023\/08\/contract-2779509_1280-2.png","contentUrl":"https:\/\/gregorydamy.niceavocats.fr\/wp-content\/uploads\/2023\/08\/contract-2779509_1280-2.png","width":1280,"height":808,"caption":"Cr\u00e9dit d'imp\u00f4t et calcul de l'imp\u00f4t sur le revenu"},{"@type":"BreadcrumbList","@id":"https:\/\/gregorydamy.niceavocats.fr\/it\/crediti-dimposta-e-calcolo-delle-imposte-sui-redditi\/#breadcrumb","itemListElement":[{"@type":"ListItem","position":1,"name":"Accueil","item":"https:\/\/gregorydamy.niceavocats.fr\/it\/"},{"@type":"ListItem","position":2,"name":"Crediti d&rsquo;imposta e calcolo delle imposte sui redditi"}]},{"@type":"WebSite","@id":"https:\/\/gregorydamy.niceavocats.fr\/it\/#website","url":"https:\/\/gregorydamy.niceavocats.fr\/it\/","name":"Soci\u00e9t\u00e9 d&#039;avocats Damy","description":"Justice - Confiance - Efficacit\u00e9","publisher":{"@id":"https:\/\/gregorydamy.niceavocats.fr\/it\/#organization"},"potentialAction":[{"@type":"SearchAction","target":{"@type":"EntryPoint","urlTemplate":"https:\/\/gregorydamy.niceavocats.fr\/it\/?s={search_term_string}"},"query-input":{"@type":"PropertyValueSpecification","valueRequired":true,"valueName":"search_term_string"}}],"inLanguage":"it-IT"},{"@type":"Organization","@id":"https:\/\/gregorydamy.niceavocats.fr\/it\/#organization","name":"Soci\u00e9t\u00e9 d'Avocats DAMY","alternateName":"Gr\u00e9gory DAMY","url":"https:\/\/gregorydamy.niceavocats.fr\/it\/","logo":{"@type":"ImageObject","inLanguage":"it-IT","@id":"https:\/\/gregorydamy.niceavocats.fr\/it\/#\/schema\/logo\/image\/","url":"https:\/\/gregorydamy.niceavocats.fr\/wp-content\/uploads\/2023\/04\/damylogo-1.png","contentUrl":"https:\/\/gregorydamy.niceavocats.fr\/wp-content\/uploads\/2023\/04\/damylogo-1.png","width":1890,"height":1417,"caption":"Soci\u00e9t\u00e9 d'Avocats DAMY"},"image":{"@id":"https:\/\/gregorydamy.niceavocats.fr\/it\/#\/schema\/logo\/image\/"},"sameAs":["https:\/\/www.facebook.com\/niceavocats.fr\/"]},{"@type":"Person","@id":"https:\/\/gregorydamy.niceavocats.fr\/it\/#\/schema\/person\/e040acb2856efaa1e114d0e7a92a3870","name":"Kevin","url":"https:\/\/gregorydamy.niceavocats.fr\/it\/author\/kevin\/"}]}},"_links":{"self":[{"href":"https:\/\/gregorydamy.niceavocats.fr\/it\/wp-json\/wp\/v2\/posts\/1574","targetHints":{"allow":["GET"]}}],"collection":[{"href":"https:\/\/gregorydamy.niceavocats.fr\/it\/wp-json\/wp\/v2\/posts"}],"about":[{"href":"https:\/\/gregorydamy.niceavocats.fr\/it\/wp-json\/wp\/v2\/types\/post"}],"author":[{"embeddable":true,"href":"https:\/\/gregorydamy.niceavocats.fr\/it\/wp-json\/wp\/v2\/users\/2"}],"replies":[{"embeddable":true,"href":"https:\/\/gregorydamy.niceavocats.fr\/it\/wp-json\/wp\/v2\/comments?post=1574"}],"version-history":[{"count":0,"href":"https:\/\/gregorydamy.niceavocats.fr\/it\/wp-json\/wp\/v2\/posts\/1574\/revisions"}],"wp:featuredmedia":[{"embeddable":true,"href":"https:\/\/gregorydamy.niceavocats.fr\/it\/wp-json\/wp\/v2\/media\/34313"}],"wp:attachment":[{"href":"https:\/\/gregorydamy.niceavocats.fr\/it\/wp-json\/wp\/v2\/media?parent=1574"}],"wp:term":[{"taxonomy":"category","embeddable":true,"href":"https:\/\/gregorydamy.niceavocats.fr\/it\/wp-json\/wp\/v2\/categories?post=1574"},{"taxonomy":"post_tag","embeddable":true,"href":"https:\/\/gregorydamy.niceavocats.fr\/it\/wp-json\/wp\/v2\/tags?post=1574"}],"curies":[{"name":"wp","href":"https:\/\/api.w.org\/{rel}","templated":true}]}}