{"id":1362,"date":"2020-09-24T16:14:54","date_gmt":"2020-09-24T16:14:54","guid":{"rendered":"https:\/\/gregorydamy.niceavocats.fr\/?p=1362"},"modified":"2023-08-01T09:04:40","modified_gmt":"2023-08-01T09:04:40","slug":"impatto-del-covid-ristoratori","status":"publish","type":"post","link":"https:\/\/gregorydamy.niceavocats.fr\/it\/impatto-del-covid-ristoratori\/","title":{"rendered":"Impatto del COVID ristoratori"},"content":{"rendered":"<p>[et_pb_section fb_built=&#8221;1&#8243; _builder_version=&#8221;4.19.5&#8243; _module_preset=&#8221;default&#8221; custom_margin=&#8221;||0px||false|false&#8221; custom_padding=&#8221;||0px||false|false&#8221; locked=&#8221;off&#8221; global_colors_info=&#8221;{}&#8221;][et_pb_row column_structure=&#8221;1_3,1_3,1_3&#8243; _builder_version=&#8221;4.19.5&#8243; _module_preset=&#8221;default&#8221; background_enable_mask_style=&#8221;on&#8221; background_mask_style=&#8221;wave&#8221; background_mask_color=&#8221;rgba(0,0,0,0.08)&#8221; custom_padding=&#8221;0px||6px|||&#8221; locked=&#8221;off&#8221; global_colors_info=&#8221;{}&#8221;][et_pb_column type=&#8221;1_3&#8243; _builder_version=&#8221;4.19.5&#8243; _module_preset=&#8221;default&#8221; global_colors_info=&#8221;{}&#8221;][\/et_pb_column][et_pb_column type=&#8221;1_3&#8243; _builder_version=&#8221;4.19.5&#8243; _module_preset=&#8221;default&#8221; global_colors_info=&#8221;{}&#8221;][\/et_pb_column][et_pb_column type=&#8221;1_3&#8243; _builder_version=&#8221;4.19.5&#8243; _module_preset=&#8221;default&#8221; global_colors_info=&#8221;{}&#8221;][et_pb_circle_counter title=&#8221;Tempo di lettura stimato (in minuti)&#8221; number=&#8221;2&#8243; percent_sign=&#8221;off&#8221; _builder_version=&#8221;4.21.0&#8243; _module_preset=&#8221;default&#8221; title_font=&#8221;Amiri||||||||&#8221; max_width=&#8221;137px&#8221; custom_margin=&#8221;20px|auto|30px|auto|false|false&#8221; global_colors_info=&#8221;{}&#8221;][\/et_pb_circle_counter][\/et_pb_column][\/et_pb_row][et_pb_row _builder_version=&#8221;4.19.5&#8243; _module_preset=&#8221;default&#8221; custom_margin=&#8221;||0px||false|false&#8221; custom_padding=&#8221;||0px||false|false&#8221; global_colors_info=&#8221;{}&#8221;][et_pb_column type=&#8221;4_4&#8243; _builder_version=&#8221;4.19.5&#8243; _module_preset=&#8221;default&#8221; global_colors_info=&#8221;{}&#8221;][et_pb_divider _builder_version=&#8221;4.19.5&#8243; _module_preset=&#8221;default&#8221; global_colors_info=&#8221;{}&#8221;][\/et_pb_divider][et_pb_image src=&#8221;https:\/\/gregorydamy.niceavocats.fr\/wp-content\/uploads\/2023\/05\/happy-woman-making-order-while-talking-black-waitress-cafe-1.jpg&#8221; title_text=&#8221;happy-woman-making-order-while-talking-black-waitress-cafe (1)&#8221; _builder_version=&#8221;4.21.0&#8243; _module_preset=&#8221;default&#8221; global_colors_info=&#8221;{}&#8221;][\/et_pb_image][et_pb_text _builder_version=&#8221;4.21.0&#8243; _module_preset=&#8221;default&#8221; text_font=&#8221;Amiri||||||||&#8221; header_2_font=&#8221;Amiri||||||||&#8221; hover_enabled=&#8221;0&#8243; global_colors_info=&#8221;{}&#8221; sticky_enabled=&#8221;0&#8243;]<\/p>\n<h2><span>In cinque decisioni, pronunciate il\u00a0<\/span><a href=\"https:\/\/www.google.com\/url?sa=t&amp;rct=j&amp;q=&amp;esrc=s&amp;source=web&amp;cd=&amp;ved=2ahUKEwjEp5OC866AAxWTm_0HHZekDKoQFnoECC0QAQ&amp;url=https%3A%2F%2Fwww.courdecassation.fr%2Fdecision%2Fexport%2F5fca86212cdb6e76e45d5d58%2F1&amp;usg=AOvVaw2PzQhe0uHn7p5Cb7mKJUFy&amp;opi=89978449\"><span>17 september 2020<\/span><\/a><span>\u00a0, il tribunale commercial di Parigi ha ordinato alla company di assicurazioni AXA di risarcire diversi ristoratori per le perdite operative derivanti dalla loro chiusura amministrativa.<\/span><\/h2>\n<h2>\u00a0<\/h2>\n<h2>\u00a0<\/h2>\n<h2>\u00a0<\/h2>\n<h2><span>Il rifiuto di AXA di risarcire i ristoratori per le perdite di esercizio<\/span><\/h2>\n<p><span>AXA ha rifiutato qualsiasi risarcimento, come molti altri assicuratori.\u00a0<\/span><\/p>\n<p><span>Per i non addetti ai lavori, la lettura dei contratti pu\u00f2 lasciare perplessi e, naturally, AXA ha rifiutato diguarantee la perdita utilizzando una clausola di esclusione.<\/span><\/p>\n<p><span>I giudici non si sono sbagliati e hanno concordato con i restauratori.<\/span><\/p>\n<p><span>Queste decisioni dimostrano che abbiamo fatto bene ad assegnare gli assicuratori e che le aziende non devono rinunciare a questa battaglia.<\/span><\/p>\n<p><span>Come avvocati specializzati, vi suggeriamo di studiare i vostri contratti assicurativi per indicare se i casi potranno prosperare in tribunale.<\/span><\/p>\n<p><span><span class=\"VIpgJd-yAWNEb-VIpgJd-fmcmS-sn54Q\">Per quanto riguarda i casi giudicati a settembre 2020, i contratti menzionavano che le perdite operative a seguito della chiusura amministrativa sono coperte.<\/span><\/span><\/p>\n<h2><span>Analisi dei contratti assicurativi e dei procedimenti giudiziari<\/span><\/h2>\n<p><span>Tuttavia, dal 15 marzo 2020, in applicazione del decreto 14 marzo 2020 recante diverse misure relative al contrasto alla diffusione del virus covid-19, i ristoratori sono stati costretti a chiudere al pubblico i propri esercizi.<\/span><\/p>\n<p><span>Le condizioni speciali dei contratti assicurativi multirischio professionali IARD AXA France prevedevano un&#8217;estensione della copertura per &#8220;perdita operativa a seguito di chiusura amministrativa&#8221; cos\u00ec formulata:<\/span><\/p>\n<p><span>\u201cLa garanzia \u00e8 estesa alle perdite di esercizio derivanti dalla chiusura temporanea totale o parziale dello stabilimento assicurato, quando ricorrono le seguenti due condizioni:<\/span><\/p>\n<p><span>1. La decisione di chiusura \u00e8 stata presa da un&#8217;autorit\u00e0 amministrativa competente, esterna all&#8217;assicurato<\/span><\/p>\n<p><span>2. La decisione di chiudere \u00e8 conseguenza di una malattia contagiosa, a<\/span><\/p>\n<p><span>omicidio, suicidio, epidemia o avvelenamento.\u00a0\u00bb<\/span><\/p>\n<p><span>Va notato qui che l&#8217;epidemia \u00e8 definita, nel dizionario dell&#8217;Accademia<\/span><\/p>\n<p><span>francese, come segue:<\/span><\/p>\n<p><span>\u201cComparsa e diffusione di una malattia contagiosa che colpisce sia, in una data regione, un gran numero di individui, sia, per metonimia, questa stessa malattia.\u00a0\u00bb<\/span><\/p>\n<p><span>Il decreto ministeriale 14 marzo 2020 che dispone la chiusura dei &#8220;luoghi aperti al pubblico non indispensabili alla vita della Nazione&#8221; \u00e8 stato assunto nell&#8217;ambito della lotta alla diffusione del virus covid 19.<\/span><\/p>\n<p>&nbsp;<\/p>\n<h2><span>Sentenza del tribunale: nullit\u00e0 della clausola di esclusione di AXA<\/span><\/h2>\n<p><span>La diffusione del virus covid 19, data la sua velocit\u00e0 e il suo sviluppo all&#8217;interno della popolazione, ma anche le misure adottate per contrastarla, rientra senza dubbio nella definizione di epidemia.<\/span><\/p>\n<p><span>Pertanto, la decisione di chiusura imposta alle societ\u00e0 francesi \u00e8 stata effettivamente la conseguenza di un&#8217;epidemia.<\/span><\/p>\n<p><span>Nel tentativo di eludere i propri obblighi, la compagnia assicurativa AXA France IARD si \u00e8 avvalsa di una clausola contrattuale di esclusione applicabile al rischio di epidemie.<\/span><\/p>\n<p><span>Per essere esecutiva, tale clausola deve essere redatta in termini chiari e precise che non richiedano ambiguit\u00e0.<\/span><\/p>\n<p><span>Inoltre, la clausola di esclusione deve essere limitata, il che signifiea che deve circoscritere il rischio garantieo e non essere generale.<\/span><\/p>\n<p><span>Tuttavia, nel caso di specie, la clausola contestata non era born formal born limitativa in quanto born chiara born precise ed era generale.<\/span><\/p>\n<p><span>Peggio ancora, l&#8217;interpretazione che AXA FRANCE IARD intendeva rendere invalida la garanzia concessa del suo conteto.<\/span><\/p>\n<p><span>Infatti, l&#8217;esclusione di garanzia invocata da AXA FRANCE IARD era cos\u00ec formulata:<\/span><\/p>\n<p><span>\u201cSound excluded:<\/span><\/p>\n<p><span>\u2013 Perdite di esercizio, quando, alla data del provvedimento di chiusura, almeno un altro stabilimento, qualunque ne sia la natura e l&#8217;attivit\u00e0, \u00e8 oggetto, nello stesso territorio dipartimentale di quello dello stabilimento assicurato, di un provvedimento amministrativo di chiusura, per lo stesso motivo.\u00a0\u00bb<\/span><\/p>\n<p><span>Secondo AXA FRANCE IARD, questa clausola di esclusione era applicabile al rischio epidemico.<\/span><\/p>\n<p><span>Tale interpretazione avrebbe avuto l&#8217;effetto di svuotare di sostanza la garanzia sottoscritta e avrebbe quindi l&#8217;effetto di neutralizzare la clausola contestata.<\/span><\/p>\n<p><span>Tuttavia, ai sensi dell&#8217;articolo L.113-1 del Codice delle assicurazioni, la Corte di cassazione esclude la validit\u00e0 delle clausole di esclusione che hanno l&#8217;effetto di privarne la validit\u00e0 della garanzia:<\/span><\/p>\n<p><span>&#8220;Nel decidere in tal senso, senza esaminare se l&#8217;esclusione prevista slab condizioni generali di contratto non privasse di ogni oggetto la copertura di responsabilit\u00e0 civil professionale stipulata dal (riparatore) per la sua attivit\u00e0 di &#8220;riparatore a domicilio o presso l&#8217;indirizzo di he laughed,<\/span><\/p>\n<p><span>risoluzione dei problemi di macchine edili e macchine agricole&#8221;, la Corte d&#8217;appello ha privato la sua decisione di base giuridica in relazione all&#8217;articolo L. 113-1 del codice delle assicurazioni.\u00a0&#8220;<\/span><\/p>\n<p><span>(2a civ., 20 March 2008, n\u00b006-11763)<\/span><\/p>\n<p><span>La stessa soluzione \u00e8 stata resa quando la clausola di esclusione ha svuotato l&#8217;estensione della garanzia della sua sostanza:<\/span><\/p>\n<p><span>&#8220;Che con tale sentenza, mentre la pattuita esclusione svuotava di sostanza la garanzia estesa, la Corte d&#8217;Appello ha violato il predetto testo&#8221;<\/span><\/p>\n<p><span>(2nd civ., 9 February 2012, n\u00b010-31057)<\/span><\/p>\n<p><a href=\"https:\/\/gregorydamy.niceavocats.fr\/droit-commercial-et-des-societes\/\"><span>In<\/span><\/a><span>\u00a0questo caso, AXA FRANCE IARD ha sostenuto che l&#8217;ipotesi di perdite operative a seguito di una chiusura amministrativa per epidemia sarebbe esclusa se la chiusura riguardasse altri \u201cstabilimenti\u201d sul territorio dipartimentale.\u00a0.<\/span><\/p>\n<p><span>Ma il rischio di epidemia, per sua natura, riguarda una determinata regione e un gran numero di individui, e non pu\u00f2 quindi essere coperto escludendo i casi in cui questa epidemia colpirebbe un altro \u201cstabilimento\u201d nella stessa citt\u00e0.<\/span><\/p>\n<p><span>Per essere qualificata come tale, l&#8217;epidemia deve diffondersi rapidamente e colpire una popolazione numerosa su un vasto territorio, che quindi supera necessariamente le persone presenti in un singolo ristorante.<\/span><\/p>\n<p><span>Pertanto, \u00e8 del tutto impossibile e fittizio prevedere che in un contesto epidemico, un singolo &#8220;stabilimento&#8221; sull&#8217;insieme di un dipartimento possa essere soggetto a chiusura amministrativa.<\/span><\/p>\n<p><span>L&#8217;assicuratore non pu\u00f2, da un lato, impegnarsi a guarentee le perdite di esercizio derivanti da una decisione di chiusura a seguito di un&#8217;epidemia e, dall&#8217;altro, applicare un&#8217;esclusione che abbia l&#8217;effetto di privare sistematicamente l&#8217;application di questa stessa garanzia.<\/span><\/p>\n<p><span>La clausola di esclusione era quindi destinata ad applicarsi solo per rivelare una violazione<\/span><\/p>\n<p><span>dimost principi di buona fede e coerenza da parte degli assicuratori.<\/span><\/p>\n<p><span>\u00c8 in questo senso che il Tribunale commercial di Parigi ha stabilito, in cinque sentenze nel merito del September 17, 2020:<\/span><\/p>\n<p><span>\u201cPremesso che la presente polizza \u00e8 un contratto di adesione di cui il convenuto \u00e8 estensore ed unico responsabile della formulazione e delle garanzie offerte;\u00a0che ovviamente ha scelto di compensare la perdita di attivit\u00e0 a seguito di una chiusura amministrativa in caso di epidemia che, per definizione, difficilmente riguarder\u00e0 un solo stabilimento nello stesso territorio;\u00a0che la clausola di esclusione della garanzia (&#8230;) rende la garanzia inefficace in questo caso, che svuota cos\u00ec la garanzia concessa del suo contenuto,<\/span><\/p>\n<p><span><span class=\"\">La corte dice &#8230; che l&#8217;imputato deve indennizzare l&#8217;assicurato contro l&#8217;interruzione dell&#8217;attivit\u00e0.\u00a0<\/span>\u00bb<\/span><\/p>\n<p><span>(Tribunale commerciale di Parigi, 17\/09\/2020, n\u00b0 2020022816, 2020022819, 2020022823, 2020022825 e 2020022826)<\/span><\/p>\n<p>&nbsp;<\/p>\n<p>[\/et_pb_text][\/et_pb_column][\/et_pb_row][et_pb_row _builder_version=&#8221;4.19.5&#8243; _module_preset=&#8221;default&#8221; global_colors_info=&#8221;{}&#8221;][et_pb_column type=&#8221;4_4&#8243; _builder_version=&#8221;4.19.5&#8243; _module_preset=&#8221;default&#8221; global_colors_info=&#8221;{}&#8221;][\/et_pb_column][\/et_pb_row][et_pb_row _builder_version=&#8221;4.19.5&#8243; _module_preset=&#8221;default&#8221; custom_margin=&#8221;||0px||false|false&#8221; custom_padding=&#8221;||0px||false|false&#8221; global_colors_info=&#8221;{}&#8221;][et_pb_column type=&#8221;4_4&#8243; _builder_version=&#8221;4.19.5&#8243; _module_preset=&#8221;default&#8221; global_colors_info=&#8221;{}&#8221;][et_pb_divider _builder_version=&#8221;4.19.5&#8243; _module_preset=&#8221;default&#8221; global_colors_info=&#8221;{}&#8221;][\/et_pb_divider][\/et_pb_column][\/et_pb_row][\/et_pb_section]<\/p>\n","protected":false},"excerpt":{"rendered":"<p>In cinque decisioni, pronunciate il\u00a017 september 2020\u00a0, il tribunale commercial di Parigi ha ordinato alla company di assicurazioni AXA di risarcire diversi ristoratori per le perdite operative derivanti dalla loro chiusura amministrativa. \u00a0 \u00a0 \u00a0 Il rifiuto di AXA di risarcire i ristoratori per le perdite di esercizio AXA ha rifiutato qualsiasi risarcimento, come molti [&hellip;]<\/p>\n","protected":false},"author":2,"featured_media":0,"comment_status":"open","ping_status":"open","sticky":false,"template":"","format":"standard","meta":{"_et_pb_use_builder":"on","_et_pb_old_content":"","_et_gb_content_width":"","footnotes":""},"categories":[320],"tags":[],"class_list":["post-1362","post","type-post","status-publish","format-standard","hentry","category-diritto-assicurativo"],"yoast_head":"<!-- This site is optimized with the Yoast SEO plugin v26.8 - https:\/\/yoast.com\/product\/yoast-seo-wordpress\/ -->\n<title>Impatto del COVID ristoratori - Soci\u00e9t\u00e9 d&#039;avocats Damy<\/title>\n<meta name=\"description\" content=\"Impatto del COVID ristoratori, il tribunale commerciale di Parigi ha ordinato alla compagnia di assicurazioni AXA di risarcirne diversi\" \/>\n<meta name=\"robots\" content=\"index, follow, max-snippet:-1, max-image-preview:large, max-video-preview:-1\" \/>\n<link rel=\"canonical\" href=\"https:\/\/gregorydamy.niceavocats.fr\/it\/impatto-del-covid-ristoratori\/\" \/>\n<meta property=\"og:locale\" content=\"it_IT\" \/>\n<meta property=\"og:type\" content=\"article\" \/>\n<meta property=\"og:title\" content=\"Impatto del COVID ristoratori - Soci\u00e9t\u00e9 d&#039;avocats Damy\" \/>\n<meta property=\"og:description\" content=\"Impatto del COVID ristoratori, il tribunale commerciale di Parigi ha ordinato alla compagnia di assicurazioni AXA di risarcirne diversi\" \/>\n<meta property=\"og:url\" content=\"https:\/\/gregorydamy.niceavocats.fr\/it\/impatto-del-covid-ristoratori\/\" \/>\n<meta property=\"og:site_name\" content=\"Soci\u00e9t\u00e9 d&#039;avocats Damy\" \/>\n<meta property=\"article:publisher\" content=\"https:\/\/www.facebook.com\/niceavocats.fr\/\" \/>\n<meta property=\"article:published_time\" content=\"2020-09-24T16:14:54+00:00\" \/>\n<meta property=\"article:modified_time\" content=\"2023-08-01T09:04:40+00:00\" \/>\n<meta name=\"author\" content=\"Kevin\" \/>\n<meta name=\"twitter:card\" content=\"summary_large_image\" \/>\n<meta name=\"twitter:label1\" content=\"Scritto da\" \/>\n\t<meta name=\"twitter:data1\" content=\"Kevin\" \/>\n\t<meta name=\"twitter:label2\" content=\"Tempo di lettura stimato\" \/>\n\t<meta name=\"twitter:data2\" content=\"6 minuti\" \/>\n<script type=\"application\/ld+json\" class=\"yoast-schema-graph\">{\"@context\":\"https:\/\/schema.org\",\"@graph\":[{\"@type\":\"Article\",\"@id\":\"https:\/\/gregorydamy.niceavocats.fr\/it\/impatto-del-covid-ristoratori\/#article\",\"isPartOf\":{\"@id\":\"https:\/\/gregorydamy.niceavocats.fr\/it\/impatto-del-covid-ristoratori\/\"},\"author\":{\"name\":\"Kevin\",\"@id\":\"https:\/\/gregorydamy.niceavocats.fr\/it\/#\/schema\/person\/e040acb2856efaa1e114d0e7a92a3870\"},\"headline\":\"Impatto del COVID ristoratori\",\"datePublished\":\"2020-09-24T16:14:54+00:00\",\"dateModified\":\"2023-08-01T09:04:40+00:00\",\"mainEntityOfPage\":{\"@id\":\"https:\/\/gregorydamy.niceavocats.fr\/it\/impatto-del-covid-ristoratori\/\"},\"wordCount\":1406,\"commentCount\":0,\"publisher\":{\"@id\":\"https:\/\/gregorydamy.niceavocats.fr\/it\/#organization\"},\"articleSection\":[\"Diritto assicurativo\"],\"inLanguage\":\"it-IT\",\"potentialAction\":[{\"@type\":\"CommentAction\",\"name\":\"Comment\",\"target\":[\"https:\/\/gregorydamy.niceavocats.fr\/it\/impatto-del-covid-ristoratori\/#respond\"]}]},{\"@type\":\"WebPage\",\"@id\":\"https:\/\/gregorydamy.niceavocats.fr\/it\/impatto-del-covid-ristoratori\/\",\"url\":\"https:\/\/gregorydamy.niceavocats.fr\/it\/impatto-del-covid-ristoratori\/\",\"name\":\"Impatto del COVID ristoratori - Soci\u00e9t\u00e9 d&#039;avocats Damy\",\"isPartOf\":{\"@id\":\"https:\/\/gregorydamy.niceavocats.fr\/it\/#website\"},\"datePublished\":\"2020-09-24T16:14:54+00:00\",\"dateModified\":\"2023-08-01T09:04:40+00:00\",\"description\":\"Impatto del COVID ristoratori, il tribunale commerciale di Parigi ha ordinato alla compagnia di assicurazioni AXA di risarcirne diversi\",\"breadcrumb\":{\"@id\":\"https:\/\/gregorydamy.niceavocats.fr\/it\/impatto-del-covid-ristoratori\/#breadcrumb\"},\"inLanguage\":\"it-IT\",\"potentialAction\":[{\"@type\":\"ReadAction\",\"target\":[\"https:\/\/gregorydamy.niceavocats.fr\/it\/impatto-del-covid-ristoratori\/\"]}]},{\"@type\":\"BreadcrumbList\",\"@id\":\"https:\/\/gregorydamy.niceavocats.fr\/it\/impatto-del-covid-ristoratori\/#breadcrumb\",\"itemListElement\":[{\"@type\":\"ListItem\",\"position\":1,\"name\":\"Accueil\",\"item\":\"https:\/\/gregorydamy.niceavocats.fr\/it\/\"},{\"@type\":\"ListItem\",\"position\":2,\"name\":\"Impatto del COVID ristoratori\"}]},{\"@type\":\"WebSite\",\"@id\":\"https:\/\/gregorydamy.niceavocats.fr\/it\/#website\",\"url\":\"https:\/\/gregorydamy.niceavocats.fr\/it\/\",\"name\":\"Soci\u00e9t\u00e9 d&#039;avocats Damy\",\"description\":\"Justice - Confiance - Efficacit\u00e9\",\"publisher\":{\"@id\":\"https:\/\/gregorydamy.niceavocats.fr\/it\/#organization\"},\"potentialAction\":[{\"@type\":\"SearchAction\",\"target\":{\"@type\":\"EntryPoint\",\"urlTemplate\":\"https:\/\/gregorydamy.niceavocats.fr\/it\/?s={search_term_string}\"},\"query-input\":{\"@type\":\"PropertyValueSpecification\",\"valueRequired\":true,\"valueName\":\"search_term_string\"}}],\"inLanguage\":\"it-IT\"},{\"@type\":\"Organization\",\"@id\":\"https:\/\/gregorydamy.niceavocats.fr\/it\/#organization\",\"name\":\"Soci\u00e9t\u00e9 d'Avocats DAMY\",\"alternateName\":\"Gr\u00e9gory DAMY\",\"url\":\"https:\/\/gregorydamy.niceavocats.fr\/it\/\",\"logo\":{\"@type\":\"ImageObject\",\"inLanguage\":\"it-IT\",\"@id\":\"https:\/\/gregorydamy.niceavocats.fr\/it\/#\/schema\/logo\/image\/\",\"url\":\"https:\/\/gregorydamy.niceavocats.fr\/wp-content\/uploads\/2023\/04\/damylogo-1.png\",\"contentUrl\":\"https:\/\/gregorydamy.niceavocats.fr\/wp-content\/uploads\/2023\/04\/damylogo-1.png\",\"width\":1890,\"height\":1417,\"caption\":\"Soci\u00e9t\u00e9 d'Avocats DAMY\"},\"image\":{\"@id\":\"https:\/\/gregorydamy.niceavocats.fr\/it\/#\/schema\/logo\/image\/\"},\"sameAs\":[\"https:\/\/www.facebook.com\/niceavocats.fr\/\"]},{\"@type\":\"Person\",\"@id\":\"https:\/\/gregorydamy.niceavocats.fr\/it\/#\/schema\/person\/e040acb2856efaa1e114d0e7a92a3870\",\"name\":\"Kevin\",\"url\":\"https:\/\/gregorydamy.niceavocats.fr\/it\/author\/kevin\/\"}]}<\/script>\n<!-- \/ Yoast SEO plugin. -->","yoast_head_json":{"title":"Impatto del COVID ristoratori - Soci\u00e9t\u00e9 d&#039;avocats Damy","description":"Impatto del COVID ristoratori, il tribunale commerciale di Parigi ha ordinato alla compagnia di assicurazioni AXA di risarcirne diversi","robots":{"index":"index","follow":"follow","max-snippet":"max-snippet:-1","max-image-preview":"max-image-preview:large","max-video-preview":"max-video-preview:-1"},"canonical":"https:\/\/gregorydamy.niceavocats.fr\/it\/impatto-del-covid-ristoratori\/","og_locale":"it_IT","og_type":"article","og_title":"Impatto del COVID ristoratori - Soci\u00e9t\u00e9 d&#039;avocats Damy","og_description":"Impatto del COVID ristoratori, il tribunale commerciale di Parigi ha ordinato alla compagnia di assicurazioni AXA di risarcirne diversi","og_url":"https:\/\/gregorydamy.niceavocats.fr\/it\/impatto-del-covid-ristoratori\/","og_site_name":"Soci\u00e9t\u00e9 d&#039;avocats Damy","article_publisher":"https:\/\/www.facebook.com\/niceavocats.fr\/","article_published_time":"2020-09-24T16:14:54+00:00","article_modified_time":"2023-08-01T09:04:40+00:00","author":"Kevin","twitter_card":"summary_large_image","twitter_misc":{"Scritto da":"Kevin","Tempo di lettura stimato":"6 minuti"},"schema":{"@context":"https:\/\/schema.org","@graph":[{"@type":"Article","@id":"https:\/\/gregorydamy.niceavocats.fr\/it\/impatto-del-covid-ristoratori\/#article","isPartOf":{"@id":"https:\/\/gregorydamy.niceavocats.fr\/it\/impatto-del-covid-ristoratori\/"},"author":{"name":"Kevin","@id":"https:\/\/gregorydamy.niceavocats.fr\/it\/#\/schema\/person\/e040acb2856efaa1e114d0e7a92a3870"},"headline":"Impatto del COVID ristoratori","datePublished":"2020-09-24T16:14:54+00:00","dateModified":"2023-08-01T09:04:40+00:00","mainEntityOfPage":{"@id":"https:\/\/gregorydamy.niceavocats.fr\/it\/impatto-del-covid-ristoratori\/"},"wordCount":1406,"commentCount":0,"publisher":{"@id":"https:\/\/gregorydamy.niceavocats.fr\/it\/#organization"},"articleSection":["Diritto assicurativo"],"inLanguage":"it-IT","potentialAction":[{"@type":"CommentAction","name":"Comment","target":["https:\/\/gregorydamy.niceavocats.fr\/it\/impatto-del-covid-ristoratori\/#respond"]}]},{"@type":"WebPage","@id":"https:\/\/gregorydamy.niceavocats.fr\/it\/impatto-del-covid-ristoratori\/","url":"https:\/\/gregorydamy.niceavocats.fr\/it\/impatto-del-covid-ristoratori\/","name":"Impatto del COVID ristoratori - Soci\u00e9t\u00e9 d&#039;avocats Damy","isPartOf":{"@id":"https:\/\/gregorydamy.niceavocats.fr\/it\/#website"},"datePublished":"2020-09-24T16:14:54+00:00","dateModified":"2023-08-01T09:04:40+00:00","description":"Impatto del COVID ristoratori, il tribunale commerciale di Parigi ha ordinato alla compagnia di assicurazioni AXA di risarcirne diversi","breadcrumb":{"@id":"https:\/\/gregorydamy.niceavocats.fr\/it\/impatto-del-covid-ristoratori\/#breadcrumb"},"inLanguage":"it-IT","potentialAction":[{"@type":"ReadAction","target":["https:\/\/gregorydamy.niceavocats.fr\/it\/impatto-del-covid-ristoratori\/"]}]},{"@type":"BreadcrumbList","@id":"https:\/\/gregorydamy.niceavocats.fr\/it\/impatto-del-covid-ristoratori\/#breadcrumb","itemListElement":[{"@type":"ListItem","position":1,"name":"Accueil","item":"https:\/\/gregorydamy.niceavocats.fr\/it\/"},{"@type":"ListItem","position":2,"name":"Impatto del COVID ristoratori"}]},{"@type":"WebSite","@id":"https:\/\/gregorydamy.niceavocats.fr\/it\/#website","url":"https:\/\/gregorydamy.niceavocats.fr\/it\/","name":"Soci\u00e9t\u00e9 d&#039;avocats Damy","description":"Justice - Confiance - Efficacit\u00e9","publisher":{"@id":"https:\/\/gregorydamy.niceavocats.fr\/it\/#organization"},"potentialAction":[{"@type":"SearchAction","target":{"@type":"EntryPoint","urlTemplate":"https:\/\/gregorydamy.niceavocats.fr\/it\/?s={search_term_string}"},"query-input":{"@type":"PropertyValueSpecification","valueRequired":true,"valueName":"search_term_string"}}],"inLanguage":"it-IT"},{"@type":"Organization","@id":"https:\/\/gregorydamy.niceavocats.fr\/it\/#organization","name":"Soci\u00e9t\u00e9 d'Avocats DAMY","alternateName":"Gr\u00e9gory DAMY","url":"https:\/\/gregorydamy.niceavocats.fr\/it\/","logo":{"@type":"ImageObject","inLanguage":"it-IT","@id":"https:\/\/gregorydamy.niceavocats.fr\/it\/#\/schema\/logo\/image\/","url":"https:\/\/gregorydamy.niceavocats.fr\/wp-content\/uploads\/2023\/04\/damylogo-1.png","contentUrl":"https:\/\/gregorydamy.niceavocats.fr\/wp-content\/uploads\/2023\/04\/damylogo-1.png","width":1890,"height":1417,"caption":"Soci\u00e9t\u00e9 d'Avocats DAMY"},"image":{"@id":"https:\/\/gregorydamy.niceavocats.fr\/it\/#\/schema\/logo\/image\/"},"sameAs":["https:\/\/www.facebook.com\/niceavocats.fr\/"]},{"@type":"Person","@id":"https:\/\/gregorydamy.niceavocats.fr\/it\/#\/schema\/person\/e040acb2856efaa1e114d0e7a92a3870","name":"Kevin","url":"https:\/\/gregorydamy.niceavocats.fr\/it\/author\/kevin\/"}]}},"_links":{"self":[{"href":"https:\/\/gregorydamy.niceavocats.fr\/it\/wp-json\/wp\/v2\/posts\/1362","targetHints":{"allow":["GET"]}}],"collection":[{"href":"https:\/\/gregorydamy.niceavocats.fr\/it\/wp-json\/wp\/v2\/posts"}],"about":[{"href":"https:\/\/gregorydamy.niceavocats.fr\/it\/wp-json\/wp\/v2\/types\/post"}],"author":[{"embeddable":true,"href":"https:\/\/gregorydamy.niceavocats.fr\/it\/wp-json\/wp\/v2\/users\/2"}],"replies":[{"embeddable":true,"href":"https:\/\/gregorydamy.niceavocats.fr\/it\/wp-json\/wp\/v2\/comments?post=1362"}],"version-history":[{"count":0,"href":"https:\/\/gregorydamy.niceavocats.fr\/it\/wp-json\/wp\/v2\/posts\/1362\/revisions"}],"wp:attachment":[{"href":"https:\/\/gregorydamy.niceavocats.fr\/it\/wp-json\/wp\/v2\/media?parent=1362"}],"wp:term":[{"taxonomy":"category","embeddable":true,"href":"https:\/\/gregorydamy.niceavocats.fr\/it\/wp-json\/wp\/v2\/categories?post=1362"},{"taxonomy":"post_tag","embeddable":true,"href":"https:\/\/gregorydamy.niceavocats.fr\/it\/wp-json\/wp\/v2\/tags?post=1362"}],"curies":[{"name":"wp","href":"https:\/\/api.w.org\/{rel}","templated":true}]}}